{"id":53850,"date":"2022-01-04T05:11:25","date_gmt":"2022-01-04T09:11:25","guid":{"rendered":"https:\/\/www.eldiario.net\/portal\/?p=53850"},"modified":"2022-01-04T05:11:25","modified_gmt":"2022-01-04T09:11:25","slug":"portugal-registra-su-mayor-cifra-de-hospitalizados-por-covid-19","status":"publish","type":"post","link":"https:\/\/www.eldiario.net\/portal\/2022\/01\/04\/portugal-registra-su-mayor-cifra-de-hospitalizados-por-covid-19\/","title":{"rendered":"Portugal registra su mayor cifra  de hospitalizados por covid-19"},"content":{"rendered":"<p>Lisboa.- Portugal confirm\u00f3 ayer el ingreso de otras 86 personas aquejadas de coronavirus en los hospitales del pa\u00eds, su mayor cifra diaria desde el 8 de febrero de 2021, cuando se dio entrada a 96 pacientes, por lo que el total asciende ya a 1.167, de las cuales 147 est\u00e1n en unidades de cuidados intensivos.<\/p>\n<p>En las \u00faltimas 24 horas, no obstante, se ha registrado un descenso de nuevos casos de coronavirus, con 10.554 positivos frente a los m\u00e1s de 30.000 que se diagnosticaron el pasado viernes, aunque, por otra parte, se trata de una din\u00e1mica frecuente cada lunes debido el menor n\u00famero de pruebas que se realizan los fines de semana.<\/p>\n<p>En total, son 1.434.570 los casos registrados en Portugal hasta el momento, de los cuales 19.000 han acabado en deceso, despu\u00e9s de los diez confirmado este lunes. Por otro parte, hay 1.207.711 personas que han logrado superar la enfermedad, mientras que 207.859 positivos siguen activos.<\/p>\n<p>Seg\u00fan detalla el \u00faltimo bolet\u00edn de la Direcci\u00f3n General de Salud (DGS), Lisboa suma el 41 por ciento de los nuevos casos reportados a nivel nacional, con otros 4.328 positivos; seguido de la zona Norte, con 4.025 contagios, lo que significa el 38 por ciento del total. Madeira, con 636, es el territorio insular m\u00e1s afectado.<\/p>\n<p>La situaci\u00f3n de la pandemia sigue disparada en Portugal, que se hunde un poco m\u00e1s en zona roja de su sem\u00e1foro epidemiol\u00f3gico, seg\u00fan la actualizaci\u00f3n m\u00e1s reciente de la matriz de riesgo difundida por la DGS este lunes.<\/p>\n<p>As\u00ed, la incidencia ha subido a 1.805,2 casos por cada 100.000 habitantes a catorce d\u00edas a nivel nacional, cifra que sube 1.817,3 casos si solo se tiene en cuenta el territorio peninsular &#8211;lo que supone un aumento en m\u00e1s de 700 positivos con respecto al balance del pasado viernes&#8211;; mientras que el \u00edndice de transmisibilidad es de 1,43. (Europa Press)<\/p>\n","protected":false},"excerpt":{"rendered":"<p>Lisboa.- Portugal confirm\u00f3 ayer el ingreso de otras 86 personas aquejadas de coronavirus en los hospitales del pa\u00eds, su mayor cifra diaria desde el 8 de febrero de 2021, cuando se dio entrada a 96 pacientes, por lo que el total asciende ya a 1.167, de las cuales 147 est\u00e1n en unidades de cuidados intensivos. [&hellip;]<\/p>\n","protected":false},"author":1,"featured_media":53851,"comment_status":"closed","ping_status":"closed","sticky":false,"template":"","format":"standard","meta":{"_acf_changed":false,"footnotes":""},"categories":[3],"tags":[],"class_list":["post-53850","post","type-post","status-publish","format-standard","has-post-thumbnail","category-internacional"],"acf":{"antetitulo":""},"yoast_head":"<!-- This site is optimized with the Yoast SEO plugin v28.4 - https:\/\/yoast.com\/product\/yoast-seo-wordpress\/ -->\n<title>Portugal registra su mayor cifra de hospitalizados por covid-19 - El Diario - Bolivia<\/title>\n<meta name=\"robots\" content=\"index, follow, max-snippet:-1, max-image-preview:large, max-video-preview:-1\" \/>\n<link rel=\"canonical\" href=\"https:\/\/www.eldiario.net\/portal\/2022\/01\/04\/portugal-registra-su-mayor-cifra-de-hospitalizados-por-covid-19\/\" \/>\n<meta property=\"og:locale\" content=\"es_ES\" \/>\n<meta property=\"og:type\" content=\"article\" \/>\n<meta property=\"og:title\" content=\"Portugal registra su mayor cifra de hospitalizados por covid-19 - El Diario - Bolivia\" \/>\n<meta property=\"og:description\" content=\"Lisboa.- Portugal confirm\u00f3 ayer el ingreso de otras 86 personas aquejadas de coronavirus en los hospitales del pa\u00eds, su mayor cifra diaria desde el 8 de febrero de 2021, cuando se dio entrada a 96 pacientes, por lo que el total asciende ya a 1.167, de las cuales 147 est\u00e1n en unidades de cuidados intensivos. [&hellip;]\" \/>\n<meta property=\"og:url\" content=\"https:\/\/www.eldiario.net\/portal\/2022\/01\/04\/portugal-registra-su-mayor-cifra-de-hospitalizados-por-covid-19\/\" \/>\n<meta property=\"og:site_name\" content=\"El Diario - Bolivia\" \/>\n<meta property=\"article:publisher\" content=\"https:\/\/www.facebook.com\/eldiario.bolivia\/\" \/>\n<meta property=\"article:published_time\" content=\"2022-01-04T09:11:25+00:00\" \/>\n<meta name=\"author\" content=\"Jeanette\" \/>\n<meta name=\"twitter:card\" content=\"summary_large_image\" \/>\n<meta name=\"twitter:creator\" content=\"@eldiario_net\" \/>\n<meta name=\"twitter:site\" content=\"@eldiario_net\" \/>\n<meta name=\"twitter:label1\" content=\"Escrito por\" \/>\n\t<meta name=\"twitter:data1\" content=\"Jeanette\" \/>\n\t<meta name=\"twitter:label2\" content=\"Tiempo de lectura\" \/>\n\t<meta name=\"twitter:data2\" content=\"2 minutos\" \/>\n<script type=\"application\/ld+json\" class=\"yoast-schema-graph\">{\"@context\":\"https:\\\/\\\/schema.org\",\"@graph\":[{\"@type\":\"Article\",\"@id\":\"https:\\\/\\\/www.eldiario.net\\\/portal\\\/2022\\\/01\\\/04\\\/portugal-registra-su-mayor-cifra-de-hospitalizados-por-covid-19\\\/#article\",\"isPartOf\":{\"@id\":\"https:\\\/\\\/www.eldiario.net\\\/portal\\\/2022\\\/01\\\/04\\\/portugal-registra-su-mayor-cifra-de-hospitalizados-por-covid-19\\\/\"},\"author\":{\"name\":\"Jeanette\",\"@id\":\"https:\\\/\\\/www.eldiario.net\\\/portal\\\/#\\\/schema\\\/person\\\/2c57cf2b7a7ae032e449e4c9b1019eac\"},\"headline\":\"Portugal registra su mayor cifra de hospitalizados por covid-19\",\"datePublished\":\"2022-01-04T09:11:25+00:00\",\"mainEntityOfPage\":{\"@id\":\"https:\\\/\\\/www.eldiario.net\\\/portal\\\/2022\\\/01\\\/04\\\/portugal-registra-su-mayor-cifra-de-hospitalizados-por-covid-19\\\/\"},\"wordCount\":317,\"publisher\":{\"@id\":\"https:\\\/\\\/www.eldiario.net\\\/portal\\\/#organization\"},\"image\":{\"@id\":\"https:\\\/\\\/www.eldiario.net\\\/portal\\\/2022\\\/01\\\/04\\\/portugal-registra-su-mayor-cifra-de-hospitalizados-por-covid-19\\\/#primaryimage\"},\"thumbnailUrl\":\"\",\"articleSection\":[\"Internacional\"],\"inLanguage\":\"es\"},{\"@type\":\"WebPage\",\"@id\":\"https:\\\/\\\/www.eldiario.net\\\/portal\\\/2022\\\/01\\\/04\\\/portugal-registra-su-mayor-cifra-de-hospitalizados-por-covid-19\\\/\",\"url\":\"https:\\\/\\\/www.eldiario.net\\\/portal\\\/2022\\\/01\\\/04\\\/portugal-registra-su-mayor-cifra-de-hospitalizados-por-covid-19\\\/\",\"name\":\"Portugal registra su mayor cifra de hospitalizados por covid-19 - El Diario - Bolivia\",\"isPartOf\":{\"@id\":\"https:\\\/\\\/www.eldiario.net\\\/portal\\\/#website\"},\"primaryImageOfPage\":{\"@id\":\"https:\\\/\\\/www.eldiario.net\\\/portal\\\/2022\\\/01\\\/04\\\/portugal-registra-su-mayor-cifra-de-hospitalizados-por-covid-19\\\/#primaryimage\"},\"image\":{\"@id\":\"https:\\\/\\\/www.eldiario.net\\\/portal\\\/2022\\\/01\\\/04\\\/portugal-registra-su-mayor-cifra-de-hospitalizados-por-covid-19\\\/#primaryimage\"},\"thumbnailUrl\":\"\",\"datePublished\":\"2022-01-04T09:11:25+00:00\",\"breadcrumb\":{\"@id\":\"https:\\\/\\\/www.eldiario.net\\\/portal\\\/2022\\\/01\\\/04\\\/portugal-registra-su-mayor-cifra-de-hospitalizados-por-covid-19\\\/#breadcrumb\"},\"inLanguage\":\"es\",\"potentialAction\":[{\"@type\":\"ReadAction\",\"target\":[\"https:\\\/\\\/www.eldiario.net\\\/portal\\\/2022\\\/01\\\/04\\\/portugal-registra-su-mayor-cifra-de-hospitalizados-por-covid-19\\\/\"]}]},{\"@type\":\"ImageObject\",\"inLanguage\":\"es\",\"@id\":\"https:\\\/\\\/www.eldiario.net\\\/portal\\\/2022\\\/01\\\/04\\\/portugal-registra-su-mayor-cifra-de-hospitalizados-por-covid-19\\\/#primaryimage\",\"url\":\"\",\"contentUrl\":\"\"},{\"@type\":\"BreadcrumbList\",\"@id\":\"https:\\\/\\\/www.eldiario.net\\\/portal\\\/2022\\\/01\\\/04\\\/portugal-registra-su-mayor-cifra-de-hospitalizados-por-covid-19\\\/#breadcrumb\",\"itemListElement\":[{\"@type\":\"ListItem\",\"position\":1,\"name\":\"Portada\",\"item\":\"https:\\\/\\\/www.eldiario.net\\\/portal\\\/\"},{\"@type\":\"ListItem\",\"position\":2,\"name\":\"Portugal registra su mayor cifra de hospitalizados por covid-19\"}]},{\"@type\":\"WebSite\",\"@id\":\"https:\\\/\\\/www.eldiario.net\\\/portal\\\/#website\",\"url\":\"https:\\\/\\\/www.eldiario.net\\\/portal\\\/\",\"name\":\"El Diario - Decano de la prensa nacional\",\"description\":\"El Diario - Decano de la prensa nacional\",\"publisher\":{\"@id\":\"https:\\\/\\\/www.eldiario.net\\\/portal\\\/#organization\"},\"potentialAction\":[{\"@type\":\"SearchAction\",\"target\":{\"@type\":\"EntryPoint\",\"urlTemplate\":\"https:\\\/\\\/www.eldiario.net\\\/portal\\\/?s={search_term_string}\"},\"query-input\":{\"@type\":\"PropertyValueSpecification\",\"valueRequired\":true,\"valueName\":\"search_term_string\"}}],\"inLanguage\":\"es\"},{\"@type\":\"Organization\",\"@id\":\"https:\\\/\\\/www.eldiario.net\\\/portal\\\/#organization\",\"name\":\"El Diario - Decano de la prensa nacional\",\"url\":\"https:\\\/\\\/www.eldiario.net\\\/portal\\\/\",\"logo\":{\"@type\":\"ImageObject\",\"inLanguage\":\"es\",\"@id\":\"https:\\\/\\\/www.eldiario.net\\\/portal\\\/#\\\/schema\\\/logo\\\/image\\\/\",\"url\":\"https:\\\/\\\/www.eldiario.net\\\/portal\\\/wp-content\\\/uploads\\\/2023\\\/07\\\/logo_ED.jpg\",\"contentUrl\":\"https:\\\/\\\/www.eldiario.net\\\/portal\\\/wp-content\\\/uploads\\\/2023\\\/07\\\/logo_ED.jpg\",\"width\":272,\"height\":52,\"caption\":\"El Diario - Decano de la prensa nacional\"},\"image\":{\"@id\":\"https:\\\/\\\/www.eldiario.net\\\/portal\\\/#\\\/schema\\\/logo\\\/image\\\/\"},\"sameAs\":[\"https:\\\/\\\/www.facebook.com\\\/eldiario.bolivia\\\/\",\"https:\\\/\\\/x.com\\\/eldiario_net\"]},{\"@type\":\"Person\",\"@id\":\"https:\\\/\\\/www.eldiario.net\\\/portal\\\/#\\\/schema\\\/person\\\/2c57cf2b7a7ae032e449e4c9b1019eac\",\"name\":\"Jeanette\",\"image\":{\"@type\":\"ImageObject\",\"inLanguage\":\"es\",\"@id\":\"https:\\\/\\\/secure.gravatar.com\\\/avatar\\\/3ea2118a5f7dad2b7138b1187a6b7ee55f160b9968b66013c3a3ef39dd7e5798?s=96&d=mm&r=g\",\"url\":\"https:\\\/\\\/secure.gravatar.com\\\/avatar\\\/3ea2118a5f7dad2b7138b1187a6b7ee55f160b9968b66013c3a3ef39dd7e5798?s=96&d=mm&r=g\",\"contentUrl\":\"https:\\\/\\\/secure.gravatar.com\\\/avatar\\\/3ea2118a5f7dad2b7138b1187a6b7ee55f160b9968b66013c3a3ef39dd7e5798?s=96&d=mm&r=g\",\"caption\":\"Jeanette\"},\"sameAs\":[\"https:\\\/\\\/www.eldiario.net\\\/portal\"],\"url\":\"https:\\\/\\\/www.eldiario.net\\\/portal\\\/author\\\/jeanette\\\/\"}]}<\/script>\n<!-- \/ Yoast SEO plugin. -->","yoast_head_json":{"title":"Portugal registra su mayor cifra de hospitalizados por covid-19 - El Diario - Bolivia","robots":{"index":"index","follow":"follow","max-snippet":"max-snippet:-1","max-image-preview":"max-image-preview:large","max-video-preview":"max-video-preview:-1"},"canonical":"https:\/\/www.eldiario.net\/portal\/2022\/01\/04\/portugal-registra-su-mayor-cifra-de-hospitalizados-por-covid-19\/","og_locale":"es_ES","og_type":"article","og_title":"Portugal registra su mayor cifra de hospitalizados por covid-19 - El Diario - Bolivia","og_description":"Lisboa.- Portugal confirm\u00f3 ayer el ingreso de otras 86 personas aquejadas de coronavirus en los hospitales del pa\u00eds, su mayor cifra diaria desde el 8 de febrero de 2021, cuando se dio entrada a 96 pacientes, por lo que el total asciende ya a 1.167, de las cuales 147 est\u00e1n en unidades de cuidados intensivos. [&hellip;]","og_url":"https:\/\/www.eldiario.net\/portal\/2022\/01\/04\/portugal-registra-su-mayor-cifra-de-hospitalizados-por-covid-19\/","og_site_name":"El Diario - Bolivia","article_publisher":"https:\/\/www.facebook.com\/eldiario.bolivia\/","article_published_time":"2022-01-04T09:11:25+00:00","author":"Jeanette","twitter_card":"summary_large_image","twitter_creator":"@eldiario_net","twitter_site":"@eldiario_net","twitter_misc":{"Escrito por":"Jeanette","Tiempo de lectura":"2 minutos"},"schema":{"@context":"https:\/\/schema.org","@graph":[{"@type":"Article","@id":"https:\/\/www.eldiario.net\/portal\/2022\/01\/04\/portugal-registra-su-mayor-cifra-de-hospitalizados-por-covid-19\/#article","isPartOf":{"@id":"https:\/\/www.eldiario.net\/portal\/2022\/01\/04\/portugal-registra-su-mayor-cifra-de-hospitalizados-por-covid-19\/"},"author":{"name":"Jeanette","@id":"https:\/\/www.eldiario.net\/portal\/#\/schema\/person\/2c57cf2b7a7ae032e449e4c9b1019eac"},"headline":"Portugal registra su mayor cifra de hospitalizados por covid-19","datePublished":"2022-01-04T09:11:25+00:00","mainEntityOfPage":{"@id":"https:\/\/www.eldiario.net\/portal\/2022\/01\/04\/portugal-registra-su-mayor-cifra-de-hospitalizados-por-covid-19\/"},"wordCount":317,"publisher":{"@id":"https:\/\/www.eldiario.net\/portal\/#organization"},"image":{"@id":"https:\/\/www.eldiario.net\/portal\/2022\/01\/04\/portugal-registra-su-mayor-cifra-de-hospitalizados-por-covid-19\/#primaryimage"},"thumbnailUrl":"","articleSection":["Internacional"],"inLanguage":"es"},{"@type":"WebPage","@id":"https:\/\/www.eldiario.net\/portal\/2022\/01\/04\/portugal-registra-su-mayor-cifra-de-hospitalizados-por-covid-19\/","url":"https:\/\/www.eldiario.net\/portal\/2022\/01\/04\/portugal-registra-su-mayor-cifra-de-hospitalizados-por-covid-19\/","name":"Portugal registra su mayor cifra de hospitalizados por covid-19 - El Diario - Bolivia","isPartOf":{"@id":"https:\/\/www.eldiario.net\/portal\/#website"},"primaryImageOfPage":{"@id":"https:\/\/www.eldiario.net\/portal\/2022\/01\/04\/portugal-registra-su-mayor-cifra-de-hospitalizados-por-covid-19\/#primaryimage"},"image":{"@id":"https:\/\/www.eldiario.net\/portal\/2022\/01\/04\/portugal-registra-su-mayor-cifra-de-hospitalizados-por-covid-19\/#primaryimage"},"thumbnailUrl":"","datePublished":"2022-01-04T09:11:25+00:00","breadcrumb":{"@id":"https:\/\/www.eldiario.net\/portal\/2022\/01\/04\/portugal-registra-su-mayor-cifra-de-hospitalizados-por-covid-19\/#breadcrumb"},"inLanguage":"es","potentialAction":[{"@type":"ReadAction","target":["https:\/\/www.eldiario.net\/portal\/2022\/01\/04\/portugal-registra-su-mayor-cifra-de-hospitalizados-por-covid-19\/"]}]},{"@type":"ImageObject","inLanguage":"es","@id":"https:\/\/www.eldiario.net\/portal\/2022\/01\/04\/portugal-registra-su-mayor-cifra-de-hospitalizados-por-covid-19\/#primaryimage","url":"","contentUrl":""},{"@type":"BreadcrumbList","@id":"https:\/\/www.eldiario.net\/portal\/2022\/01\/04\/portugal-registra-su-mayor-cifra-de-hospitalizados-por-covid-19\/#breadcrumb","itemListElement":[{"@type":"ListItem","position":1,"name":"Portada","item":"https:\/\/www.eldiario.net\/portal\/"},{"@type":"ListItem","position":2,"name":"Portugal registra su mayor cifra de hospitalizados por covid-19"}]},{"@type":"WebSite","@id":"https:\/\/www.eldiario.net\/portal\/#website","url":"https:\/\/www.eldiario.net\/portal\/","name":"El Diario - Decano de la prensa nacional","description":"El Diario - Decano de la prensa nacional","publisher":{"@id":"https:\/\/www.eldiario.net\/portal\/#organization"},"potentialAction":[{"@type":"SearchAction","target":{"@type":"EntryPoint","urlTemplate":"https:\/\/www.eldiario.net\/portal\/?s={search_term_string}"},"query-input":{"@type":"PropertyValueSpecification","valueRequired":true,"valueName":"search_term_string"}}],"inLanguage":"es"},{"@type":"Organization","@id":"https:\/\/www.eldiario.net\/portal\/#organization","name":"El Diario - Decano de la prensa nacional","url":"https:\/\/www.eldiario.net\/portal\/","logo":{"@type":"ImageObject","inLanguage":"es","@id":"https:\/\/www.eldiario.net\/portal\/#\/schema\/logo\/image\/","url":"https:\/\/www.eldiario.net\/portal\/wp-content\/uploads\/2023\/07\/logo_ED.jpg","contentUrl":"https:\/\/www.eldiario.net\/portal\/wp-content\/uploads\/2023\/07\/logo_ED.jpg","width":272,"height":52,"caption":"El Diario - Decano de la prensa nacional"},"image":{"@id":"https:\/\/www.eldiario.net\/portal\/#\/schema\/logo\/image\/"},"sameAs":["https:\/\/www.facebook.com\/eldiario.bolivia\/","https:\/\/x.com\/eldiario_net"]},{"@type":"Person","@id":"https:\/\/www.eldiario.net\/portal\/#\/schema\/person\/2c57cf2b7a7ae032e449e4c9b1019eac","name":"Jeanette","image":{"@type":"ImageObject","inLanguage":"es","@id":"https:\/\/secure.gravatar.com\/avatar\/3ea2118a5f7dad2b7138b1187a6b7ee55f160b9968b66013c3a3ef39dd7e5798?s=96&d=mm&r=g","url":"https:\/\/secure.gravatar.com\/avatar\/3ea2118a5f7dad2b7138b1187a6b7ee55f160b9968b66013c3a3ef39dd7e5798?s=96&d=mm&r=g","contentUrl":"https:\/\/secure.gravatar.com\/avatar\/3ea2118a5f7dad2b7138b1187a6b7ee55f160b9968b66013c3a3ef39dd7e5798?s=96&d=mm&r=g","caption":"Jeanette"},"sameAs":["https:\/\/www.eldiario.net\/portal"],"url":"https:\/\/www.eldiario.net\/portal\/author\/jeanette\/"}]}},"_links":{"self":[{"href":"https:\/\/www.eldiario.net\/portal\/wp-json\/wp\/v2\/posts\/53850","targetHints":{"allow":["GET"]}}],"collection":[{"href":"https:\/\/www.eldiario.net\/portal\/wp-json\/wp\/v2\/posts"}],"about":[{"href":"https:\/\/www.eldiario.net\/portal\/wp-json\/wp\/v2\/types\/post"}],"author":[{"embeddable":true,"href":"https:\/\/www.eldiario.net\/portal\/wp-json\/wp\/v2\/users\/1"}],"replies":[{"embeddable":true,"href":"https:\/\/www.eldiario.net\/portal\/wp-json\/wp\/v2\/comments?post=53850"}],"version-history":[{"count":0,"href":"https:\/\/www.eldiario.net\/portal\/wp-json\/wp\/v2\/posts\/53850\/revisions"}],"wp:attachment":[{"href":"https:\/\/www.eldiario.net\/portal\/wp-json\/wp\/v2\/media?parent=53850"}],"wp:term":[{"taxonomy":"category","embeddable":true,"href":"https:\/\/www.eldiario.net\/portal\/wp-json\/wp\/v2\/categories?post=53850"},{"taxonomy":"post_tag","embeddable":true,"href":"https:\/\/www.eldiario.net\/portal\/wp-json\/wp\/v2\/tags?post=53850"}],"curies":[{"name":"wp","href":"https:\/\/api.w.org\/{rel}","templated":true}]}}