{"id":53844,"date":"2022-01-04T05:08:49","date_gmt":"2022-01-04T09:08:49","guid":{"rendered":"https:\/\/www.eldiario.net\/portal\/?p=53844"},"modified":"2022-01-04T05:08:49","modified_gmt":"2022-01-04T09:08:49","slug":"bolsonaro-es-hospitalizado-por-obstruccion-intestinal","status":"publish","type":"post","link":"https:\/\/www.eldiario.net\/portal\/2022\/01\/04\/bolsonaro-es-hospitalizado-por-obstruccion-intestinal\/","title":{"rendered":"Bolsonaro es hospitalizado  por obstrucci\u00f3n intestinal"},"content":{"rendered":"<p>Sao Paulo.- El presidente de Brasil, Jair Bolsonaro, fue hospitalizado ayer con una obstrucci\u00f3n intestinal y podr\u00eda tener que ser operado, en la \u00faltima complicaci\u00f3n derivada de un apu\u00f1alamiento que sufri\u00f3 en 2018.<\/p>\n<p>Bolsonaro dijo que comenz\u00f3 a sentirse mal en la tarde del domingo, despu\u00e9s del almuerzo, y que los m\u00e9dicos le insertaron una sonda nasog\u00e1strica.<\/p>\n<p>\u00abSe llevar\u00e1n a cabo m\u00e1s pruebas para una potencial cirug\u00eda por una obstrucci\u00f3n interna en la regi\u00f3n abdominal\u00bb, public\u00f3 Bolsonaro en Twitter, junto con una foto suya con el pulgar en alto en su cama del hospital.<\/p>\n<p>Bolsonaro dijo que se trata de la segunda hospitalizaci\u00f3n \u00abcon los mismos s\u00edntomas\u00bb desde que fue apu\u00f1alado durante un acto de campa\u00f1a en septiembre de 2018 y sometido a una serie de operaciones de urgencia.<\/p>\n<p>El hospital Vila Nova Star de Sao Paulo confirm\u00f3 en un comunicado que el mandatario fue ingresado en las primeras horas del lunes por una obstrucci\u00f3n intestinal.<\/p>\n<p>\u00abSe encuentra estable, sometido a tratamiento y ser\u00e1 reevaluado esta ma\u00f1ana por el equipo del doctor Antonio Luiz de Vasconcellos Macedo. Por el momento no hay previsi\u00f3n sobre cu\u00e1ndo podr\u00e1 ser dado de alta\u00bb, indic\u00f3.<\/p>\n<p>La cadena de televisi\u00f3n brasile\u00f1a Globo mostr\u00f3 im\u00e1genes de Bolsonaro, que hab\u00eda estado de vacaciones en el estado sure\u00f1o de Santa Catarina, bajando las escaleras del avi\u00f3n presidencial tras aterrizar en Sao Paulo hacia la 01:30 (0430 GMT) de la madrugada.<\/p>\n<p>En julio de 2021 fue llevado al hospital Vila Nova Star debido a una obstrucci\u00f3n intestinal tras sufrir hipo cr\u00f3nico.<\/p>\n<p>El ultraderechista Bolsonaro lleva en el poder desde 2019 y planea presentarse a la reelecci\u00f3n en una votaci\u00f3n prevista para octubre de este a\u00f1o. (Reuters)<\/p>\n<p>&nbsp;<\/p>\n","protected":false},"excerpt":{"rendered":"<p>Sao Paulo.- El presidente de Brasil, Jair Bolsonaro, fue hospitalizado ayer con una obstrucci\u00f3n intestinal y podr\u00eda tener que ser operado, en la \u00faltima complicaci\u00f3n derivada de un apu\u00f1alamiento que sufri\u00f3 en 2018. Bolsonaro dijo que comenz\u00f3 a sentirse mal en la tarde del domingo, despu\u00e9s del almuerzo, y que los m\u00e9dicos le insertaron una [&hellip;]<\/p>\n","protected":false},"author":1,"featured_media":53845,"comment_status":"closed","ping_status":"closed","sticky":false,"template":"","format":"standard","meta":{"_acf_changed":false,"footnotes":""},"categories":[3],"tags":[],"class_list":["post-53844","post","type-post","status-publish","format-standard","has-post-thumbnail","category-internacional"],"acf":{"antetitulo":""},"yoast_head":"<!-- This site is optimized with the Yoast SEO plugin v28.4 - https:\/\/yoast.com\/product\/yoast-seo-wordpress\/ -->\n<title>Bolsonaro es hospitalizado por obstrucci\u00f3n intestinal - El Diario - Bolivia<\/title>\n<meta name=\"robots\" content=\"index, follow, max-snippet:-1, max-image-preview:large, max-video-preview:-1\" \/>\n<link rel=\"canonical\" href=\"https:\/\/www.eldiario.net\/portal\/2022\/01\/04\/bolsonaro-es-hospitalizado-por-obstruccion-intestinal\/\" \/>\n<meta property=\"og:locale\" content=\"es_ES\" \/>\n<meta property=\"og:type\" content=\"article\" \/>\n<meta property=\"og:title\" content=\"Bolsonaro es hospitalizado por obstrucci\u00f3n intestinal - El Diario - Bolivia\" \/>\n<meta property=\"og:description\" content=\"Sao Paulo.- El presidente de Brasil, Jair Bolsonaro, fue hospitalizado ayer con una obstrucci\u00f3n intestinal y podr\u00eda tener que ser operado, en la \u00faltima complicaci\u00f3n derivada de un apu\u00f1alamiento que sufri\u00f3 en 2018. Bolsonaro dijo que comenz\u00f3 a sentirse mal en la tarde del domingo, despu\u00e9s del almuerzo, y que los m\u00e9dicos le insertaron una [&hellip;]\" \/>\n<meta property=\"og:url\" content=\"https:\/\/www.eldiario.net\/portal\/2022\/01\/04\/bolsonaro-es-hospitalizado-por-obstruccion-intestinal\/\" \/>\n<meta property=\"og:site_name\" content=\"El Diario - Bolivia\" \/>\n<meta property=\"article:publisher\" content=\"https:\/\/www.facebook.com\/eldiario.bolivia\/\" \/>\n<meta property=\"article:published_time\" content=\"2022-01-04T09:08:49+00:00\" \/>\n<meta name=\"author\" content=\"Jeanette\" \/>\n<meta name=\"twitter:card\" content=\"summary_large_image\" \/>\n<meta name=\"twitter:creator\" content=\"@eldiario_net\" \/>\n<meta name=\"twitter:site\" content=\"@eldiario_net\" \/>\n<meta name=\"twitter:label1\" content=\"Escrito por\" \/>\n\t<meta name=\"twitter:data1\" content=\"Jeanette\" \/>\n\t<meta name=\"twitter:label2\" content=\"Tiempo de lectura\" \/>\n\t<meta name=\"twitter:data2\" content=\"2 minutos\" \/>\n<script type=\"application\/ld+json\" class=\"yoast-schema-graph\">{\"@context\":\"https:\\\/\\\/schema.org\",\"@graph\":[{\"@type\":\"Article\",\"@id\":\"https:\\\/\\\/www.eldiario.net\\\/portal\\\/2022\\\/01\\\/04\\\/bolsonaro-es-hospitalizado-por-obstruccion-intestinal\\\/#article\",\"isPartOf\":{\"@id\":\"https:\\\/\\\/www.eldiario.net\\\/portal\\\/2022\\\/01\\\/04\\\/bolsonaro-es-hospitalizado-por-obstruccion-intestinal\\\/\"},\"author\":{\"name\":\"Jeanette\",\"@id\":\"https:\\\/\\\/www.eldiario.net\\\/portal\\\/#\\\/schema\\\/person\\\/2c57cf2b7a7ae032e449e4c9b1019eac\"},\"headline\":\"Bolsonaro es hospitalizado por obstrucci\u00f3n intestinal\",\"datePublished\":\"2022-01-04T09:08:49+00:00\",\"mainEntityOfPage\":{\"@id\":\"https:\\\/\\\/www.eldiario.net\\\/portal\\\/2022\\\/01\\\/04\\\/bolsonaro-es-hospitalizado-por-obstruccion-intestinal\\\/\"},\"wordCount\":311,\"publisher\":{\"@id\":\"https:\\\/\\\/www.eldiario.net\\\/portal\\\/#organization\"},\"image\":{\"@id\":\"https:\\\/\\\/www.eldiario.net\\\/portal\\\/2022\\\/01\\\/04\\\/bolsonaro-es-hospitalizado-por-obstruccion-intestinal\\\/#primaryimage\"},\"thumbnailUrl\":\"\",\"articleSection\":[\"Internacional\"],\"inLanguage\":\"es\"},{\"@type\":\"WebPage\",\"@id\":\"https:\\\/\\\/www.eldiario.net\\\/portal\\\/2022\\\/01\\\/04\\\/bolsonaro-es-hospitalizado-por-obstruccion-intestinal\\\/\",\"url\":\"https:\\\/\\\/www.eldiario.net\\\/portal\\\/2022\\\/01\\\/04\\\/bolsonaro-es-hospitalizado-por-obstruccion-intestinal\\\/\",\"name\":\"Bolsonaro es hospitalizado por obstrucci\u00f3n intestinal - El Diario - Bolivia\",\"isPartOf\":{\"@id\":\"https:\\\/\\\/www.eldiario.net\\\/portal\\\/#website\"},\"primaryImageOfPage\":{\"@id\":\"https:\\\/\\\/www.eldiario.net\\\/portal\\\/2022\\\/01\\\/04\\\/bolsonaro-es-hospitalizado-por-obstruccion-intestinal\\\/#primaryimage\"},\"image\":{\"@id\":\"https:\\\/\\\/www.eldiario.net\\\/portal\\\/2022\\\/01\\\/04\\\/bolsonaro-es-hospitalizado-por-obstruccion-intestinal\\\/#primaryimage\"},\"thumbnailUrl\":\"\",\"datePublished\":\"2022-01-04T09:08:49+00:00\",\"breadcrumb\":{\"@id\":\"https:\\\/\\\/www.eldiario.net\\\/portal\\\/2022\\\/01\\\/04\\\/bolsonaro-es-hospitalizado-por-obstruccion-intestinal\\\/#breadcrumb\"},\"inLanguage\":\"es\",\"potentialAction\":[{\"@type\":\"ReadAction\",\"target\":[\"https:\\\/\\\/www.eldiario.net\\\/portal\\\/2022\\\/01\\\/04\\\/bolsonaro-es-hospitalizado-por-obstruccion-intestinal\\\/\"]}]},{\"@type\":\"ImageObject\",\"inLanguage\":\"es\",\"@id\":\"https:\\\/\\\/www.eldiario.net\\\/portal\\\/2022\\\/01\\\/04\\\/bolsonaro-es-hospitalizado-por-obstruccion-intestinal\\\/#primaryimage\",\"url\":\"\",\"contentUrl\":\"\"},{\"@type\":\"BreadcrumbList\",\"@id\":\"https:\\\/\\\/www.eldiario.net\\\/portal\\\/2022\\\/01\\\/04\\\/bolsonaro-es-hospitalizado-por-obstruccion-intestinal\\\/#breadcrumb\",\"itemListElement\":[{\"@type\":\"ListItem\",\"position\":1,\"name\":\"Portada\",\"item\":\"https:\\\/\\\/www.eldiario.net\\\/portal\\\/\"},{\"@type\":\"ListItem\",\"position\":2,\"name\":\"Bolsonaro es hospitalizado por obstrucci\u00f3n intestinal\"}]},{\"@type\":\"WebSite\",\"@id\":\"https:\\\/\\\/www.eldiario.net\\\/portal\\\/#website\",\"url\":\"https:\\\/\\\/www.eldiario.net\\\/portal\\\/\",\"name\":\"El Diario - Decano de la prensa nacional\",\"description\":\"El Diario - Decano de la prensa nacional\",\"publisher\":{\"@id\":\"https:\\\/\\\/www.eldiario.net\\\/portal\\\/#organization\"},\"potentialAction\":[{\"@type\":\"SearchAction\",\"target\":{\"@type\":\"EntryPoint\",\"urlTemplate\":\"https:\\\/\\\/www.eldiario.net\\\/portal\\\/?s={search_term_string}\"},\"query-input\":{\"@type\":\"PropertyValueSpecification\",\"valueRequired\":true,\"valueName\":\"search_term_string\"}}],\"inLanguage\":\"es\"},{\"@type\":\"Organization\",\"@id\":\"https:\\\/\\\/www.eldiario.net\\\/portal\\\/#organization\",\"name\":\"El Diario - Decano de la prensa nacional\",\"url\":\"https:\\\/\\\/www.eldiario.net\\\/portal\\\/\",\"logo\":{\"@type\":\"ImageObject\",\"inLanguage\":\"es\",\"@id\":\"https:\\\/\\\/www.eldiario.net\\\/portal\\\/#\\\/schema\\\/logo\\\/image\\\/\",\"url\":\"https:\\\/\\\/www.eldiario.net\\\/portal\\\/wp-content\\\/uploads\\\/2023\\\/07\\\/logo_ED.jpg\",\"contentUrl\":\"https:\\\/\\\/www.eldiario.net\\\/portal\\\/wp-content\\\/uploads\\\/2023\\\/07\\\/logo_ED.jpg\",\"width\":272,\"height\":52,\"caption\":\"El Diario - Decano de la prensa nacional\"},\"image\":{\"@id\":\"https:\\\/\\\/www.eldiario.net\\\/portal\\\/#\\\/schema\\\/logo\\\/image\\\/\"},\"sameAs\":[\"https:\\\/\\\/www.facebook.com\\\/eldiario.bolivia\\\/\",\"https:\\\/\\\/x.com\\\/eldiario_net\"]},{\"@type\":\"Person\",\"@id\":\"https:\\\/\\\/www.eldiario.net\\\/portal\\\/#\\\/schema\\\/person\\\/2c57cf2b7a7ae032e449e4c9b1019eac\",\"name\":\"Jeanette\",\"image\":{\"@type\":\"ImageObject\",\"inLanguage\":\"es\",\"@id\":\"https:\\\/\\\/secure.gravatar.com\\\/avatar\\\/3ea2118a5f7dad2b7138b1187a6b7ee55f160b9968b66013c3a3ef39dd7e5798?s=96&d=mm&r=g\",\"url\":\"https:\\\/\\\/secure.gravatar.com\\\/avatar\\\/3ea2118a5f7dad2b7138b1187a6b7ee55f160b9968b66013c3a3ef39dd7e5798?s=96&d=mm&r=g\",\"contentUrl\":\"https:\\\/\\\/secure.gravatar.com\\\/avatar\\\/3ea2118a5f7dad2b7138b1187a6b7ee55f160b9968b66013c3a3ef39dd7e5798?s=96&d=mm&r=g\",\"caption\":\"Jeanette\"},\"sameAs\":[\"https:\\\/\\\/www.eldiario.net\\\/portal\"],\"url\":\"https:\\\/\\\/www.eldiario.net\\\/portal\\\/author\\\/jeanette\\\/\"}]}<\/script>\n<!-- \/ Yoast SEO plugin. -->","yoast_head_json":{"title":"Bolsonaro es hospitalizado por obstrucci\u00f3n intestinal - El Diario - Bolivia","robots":{"index":"index","follow":"follow","max-snippet":"max-snippet:-1","max-image-preview":"max-image-preview:large","max-video-preview":"max-video-preview:-1"},"canonical":"https:\/\/www.eldiario.net\/portal\/2022\/01\/04\/bolsonaro-es-hospitalizado-por-obstruccion-intestinal\/","og_locale":"es_ES","og_type":"article","og_title":"Bolsonaro es hospitalizado por obstrucci\u00f3n intestinal - El Diario - Bolivia","og_description":"Sao Paulo.- El presidente de Brasil, Jair Bolsonaro, fue hospitalizado ayer con una obstrucci\u00f3n intestinal y podr\u00eda tener que ser operado, en la \u00faltima complicaci\u00f3n derivada de un apu\u00f1alamiento que sufri\u00f3 en 2018. Bolsonaro dijo que comenz\u00f3 a sentirse mal en la tarde del domingo, despu\u00e9s del almuerzo, y que los m\u00e9dicos le insertaron una [&hellip;]","og_url":"https:\/\/www.eldiario.net\/portal\/2022\/01\/04\/bolsonaro-es-hospitalizado-por-obstruccion-intestinal\/","og_site_name":"El Diario - Bolivia","article_publisher":"https:\/\/www.facebook.com\/eldiario.bolivia\/","article_published_time":"2022-01-04T09:08:49+00:00","author":"Jeanette","twitter_card":"summary_large_image","twitter_creator":"@eldiario_net","twitter_site":"@eldiario_net","twitter_misc":{"Escrito por":"Jeanette","Tiempo de lectura":"2 minutos"},"schema":{"@context":"https:\/\/schema.org","@graph":[{"@type":"Article","@id":"https:\/\/www.eldiario.net\/portal\/2022\/01\/04\/bolsonaro-es-hospitalizado-por-obstruccion-intestinal\/#article","isPartOf":{"@id":"https:\/\/www.eldiario.net\/portal\/2022\/01\/04\/bolsonaro-es-hospitalizado-por-obstruccion-intestinal\/"},"author":{"name":"Jeanette","@id":"https:\/\/www.eldiario.net\/portal\/#\/schema\/person\/2c57cf2b7a7ae032e449e4c9b1019eac"},"headline":"Bolsonaro es hospitalizado por obstrucci\u00f3n intestinal","datePublished":"2022-01-04T09:08:49+00:00","mainEntityOfPage":{"@id":"https:\/\/www.eldiario.net\/portal\/2022\/01\/04\/bolsonaro-es-hospitalizado-por-obstruccion-intestinal\/"},"wordCount":311,"publisher":{"@id":"https:\/\/www.eldiario.net\/portal\/#organization"},"image":{"@id":"https:\/\/www.eldiario.net\/portal\/2022\/01\/04\/bolsonaro-es-hospitalizado-por-obstruccion-intestinal\/#primaryimage"},"thumbnailUrl":"","articleSection":["Internacional"],"inLanguage":"es"},{"@type":"WebPage","@id":"https:\/\/www.eldiario.net\/portal\/2022\/01\/04\/bolsonaro-es-hospitalizado-por-obstruccion-intestinal\/","url":"https:\/\/www.eldiario.net\/portal\/2022\/01\/04\/bolsonaro-es-hospitalizado-por-obstruccion-intestinal\/","name":"Bolsonaro es hospitalizado por obstrucci\u00f3n intestinal - El Diario - Bolivia","isPartOf":{"@id":"https:\/\/www.eldiario.net\/portal\/#website"},"primaryImageOfPage":{"@id":"https:\/\/www.eldiario.net\/portal\/2022\/01\/04\/bolsonaro-es-hospitalizado-por-obstruccion-intestinal\/#primaryimage"},"image":{"@id":"https:\/\/www.eldiario.net\/portal\/2022\/01\/04\/bolsonaro-es-hospitalizado-por-obstruccion-intestinal\/#primaryimage"},"thumbnailUrl":"","datePublished":"2022-01-04T09:08:49+00:00","breadcrumb":{"@id":"https:\/\/www.eldiario.net\/portal\/2022\/01\/04\/bolsonaro-es-hospitalizado-por-obstruccion-intestinal\/#breadcrumb"},"inLanguage":"es","potentialAction":[{"@type":"ReadAction","target":["https:\/\/www.eldiario.net\/portal\/2022\/01\/04\/bolsonaro-es-hospitalizado-por-obstruccion-intestinal\/"]}]},{"@type":"ImageObject","inLanguage":"es","@id":"https:\/\/www.eldiario.net\/portal\/2022\/01\/04\/bolsonaro-es-hospitalizado-por-obstruccion-intestinal\/#primaryimage","url":"","contentUrl":""},{"@type":"BreadcrumbList","@id":"https:\/\/www.eldiario.net\/portal\/2022\/01\/04\/bolsonaro-es-hospitalizado-por-obstruccion-intestinal\/#breadcrumb","itemListElement":[{"@type":"ListItem","position":1,"name":"Portada","item":"https:\/\/www.eldiario.net\/portal\/"},{"@type":"ListItem","position":2,"name":"Bolsonaro es hospitalizado por obstrucci\u00f3n intestinal"}]},{"@type":"WebSite","@id":"https:\/\/www.eldiario.net\/portal\/#website","url":"https:\/\/www.eldiario.net\/portal\/","name":"El Diario - Decano de la prensa nacional","description":"El Diario - Decano de la prensa nacional","publisher":{"@id":"https:\/\/www.eldiario.net\/portal\/#organization"},"potentialAction":[{"@type":"SearchAction","target":{"@type":"EntryPoint","urlTemplate":"https:\/\/www.eldiario.net\/portal\/?s={search_term_string}"},"query-input":{"@type":"PropertyValueSpecification","valueRequired":true,"valueName":"search_term_string"}}],"inLanguage":"es"},{"@type":"Organization","@id":"https:\/\/www.eldiario.net\/portal\/#organization","name":"El Diario - Decano de la prensa nacional","url":"https:\/\/www.eldiario.net\/portal\/","logo":{"@type":"ImageObject","inLanguage":"es","@id":"https:\/\/www.eldiario.net\/portal\/#\/schema\/logo\/image\/","url":"https:\/\/www.eldiario.net\/portal\/wp-content\/uploads\/2023\/07\/logo_ED.jpg","contentUrl":"https:\/\/www.eldiario.net\/portal\/wp-content\/uploads\/2023\/07\/logo_ED.jpg","width":272,"height":52,"caption":"El Diario - Decano de la prensa nacional"},"image":{"@id":"https:\/\/www.eldiario.net\/portal\/#\/schema\/logo\/image\/"},"sameAs":["https:\/\/www.facebook.com\/eldiario.bolivia\/","https:\/\/x.com\/eldiario_net"]},{"@type":"Person","@id":"https:\/\/www.eldiario.net\/portal\/#\/schema\/person\/2c57cf2b7a7ae032e449e4c9b1019eac","name":"Jeanette","image":{"@type":"ImageObject","inLanguage":"es","@id":"https:\/\/secure.gravatar.com\/avatar\/3ea2118a5f7dad2b7138b1187a6b7ee55f160b9968b66013c3a3ef39dd7e5798?s=96&d=mm&r=g","url":"https:\/\/secure.gravatar.com\/avatar\/3ea2118a5f7dad2b7138b1187a6b7ee55f160b9968b66013c3a3ef39dd7e5798?s=96&d=mm&r=g","contentUrl":"https:\/\/secure.gravatar.com\/avatar\/3ea2118a5f7dad2b7138b1187a6b7ee55f160b9968b66013c3a3ef39dd7e5798?s=96&d=mm&r=g","caption":"Jeanette"},"sameAs":["https:\/\/www.eldiario.net\/portal"],"url":"https:\/\/www.eldiario.net\/portal\/author\/jeanette\/"}]}},"_links":{"self":[{"href":"https:\/\/www.eldiario.net\/portal\/wp-json\/wp\/v2\/posts\/53844","targetHints":{"allow":["GET"]}}],"collection":[{"href":"https:\/\/www.eldiario.net\/portal\/wp-json\/wp\/v2\/posts"}],"about":[{"href":"https:\/\/www.eldiario.net\/portal\/wp-json\/wp\/v2\/types\/post"}],"author":[{"embeddable":true,"href":"https:\/\/www.eldiario.net\/portal\/wp-json\/wp\/v2\/users\/1"}],"replies":[{"embeddable":true,"href":"https:\/\/www.eldiario.net\/portal\/wp-json\/wp\/v2\/comments?post=53844"}],"version-history":[{"count":0,"href":"https:\/\/www.eldiario.net\/portal\/wp-json\/wp\/v2\/posts\/53844\/revisions"}],"wp:attachment":[{"href":"https:\/\/www.eldiario.net\/portal\/wp-json\/wp\/v2\/media?parent=53844"}],"wp:term":[{"taxonomy":"category","embeddable":true,"href":"https:\/\/www.eldiario.net\/portal\/wp-json\/wp\/v2\/categories?post=53844"},{"taxonomy":"post_tag","embeddable":true,"href":"https:\/\/www.eldiario.net\/portal\/wp-json\/wp\/v2\/tags?post=53844"}],"curies":[{"name":"wp","href":"https:\/\/api.w.org\/{rel}","templated":true}]}}