{"id":53834,"date":"2022-01-04T05:03:37","date_gmt":"2022-01-04T09:03:37","guid":{"rendered":"https:\/\/www.eldiario.net\/portal\/?p=53834"},"modified":"2022-01-04T05:03:37","modified_gmt":"2022-01-04T09:03:37","slug":"evaluacion-al-gabinete-del-presidente-arce","status":"publish","type":"post","link":"https:\/\/www.eldiario.net\/portal\/2022\/01\/04\/evaluacion-al-gabinete-del-presidente-arce\/","title":{"rendered":"Evaluaci\u00f3n al Gabinete del presidente Arce"},"content":{"rendered":"<p><strong>\u00c1REA POLITICA: MUCHA CONFRONTACI\u00d3N, POCA GESTI\u00d3N<\/strong><\/p>\n<p>&nbsp;<\/p>\n<ol>\n<li>Este mes habr\u00e1 novedad en el Gabinete Arce, quien fue permisivo \u2013o dejado\u2013 con ministros, viceministros, directores y gerentes de entidades y empresas (YPFB, Comibol y otros). Evaluemos, pues, sus debilidades. A Edmundo Novillo (Defensa) le cuesta desprenderse de Evo, y asiste a reuniones reservadas con cocaleros.<\/li>\n<li>Rogelio Mayta (Canciller) tiene a\u00fan influencia de Evo por los embajadores H\u00e9ctor Arce (OEA) y Diego Pary (ONU), m\u00e1s su poca presencia en casos: Palestina, democracia Latinoamericana y otros. Nela Prada (Presidencia) se disculp\u00f3 ante El Alto por la Ley 1386 que afectaba a los gremiales; ella es pariente del s\u00e1dico Banzer, NO sabe de las v\u00edctimas de las dictaduras, ni de \u00abVerdad, Justicia, Reparaci\u00f3n y No repetici\u00f3n\u00bb que Bolivia necesita. Protege a cientos de militares y paramilitares golpistas de 1964 a 1982 y desacata las leyes 2640 y 879.<\/li>\n<li>Eduardo del Castillo (Gobierno) no dialoga, s\u00ed inflama la confrontaci\u00f3n. \u00abReconoci\u00f3\u00bb a un sector de Adepcoca (que no es su funci\u00f3n) mientras aumentaba la violencia. Iv\u00e1n Lima, autor del fracasado C\u00f3digo Sistema Penal (Ley 1005 abrogada) juega a juez y carcelero (no son su funci\u00f3n) y aumenta la prolongada crisis del sistema judicial.<\/li>\n<\/ol>\n<p><strong>\u00a0<\/strong><\/p>\n<p><strong>\u00c1REA ECON\u00d3MICA: LA REACTIVACI\u00d3N NI ASOMA<\/strong><\/p>\n<ol start=\"4\">\n<li>Los ministros que deben liderar la reactivaci\u00f3n son inocuos y se aplazaron igual que directores de YPFB, Vinto, Comibol, EMAPA y otros. La ejecuci\u00f3n presupuestaria media en esos 6 ministerios, a octubre 2021 es 37,7%, muy pobre para mover la industria constructora que genera empleo y mueve comercio. \u00c9dgar Monta\u00f1o (Obras P\u00fablicas) habla mucho, no impuls\u00f3 obras y se distrajo con Aasana y sus antecesores. F\u00e9lix Villavicencio (Miner\u00eda) desoye a los cooperativistas con su proyecto Ley del Oro y nadie sabe c\u00f3mo estar\u00e1n: Comibol, Vinto u otras empresas.<\/li>\n<li>Franklin Molina (Hidrocarburos) se port\u00f3 como \u00abmudo\u00bb ante riesgos en exportaci\u00f3n de gas a Argentina por su campo Vaca Muerta, o la exploraci\u00f3n de gas y petr\u00f3leo. Tal vez su criterio sea: Soy t\u00e9cnico, no pol\u00edtico, y a octubre ejecut\u00f3 44% de presupuesto. Con N\u00e9stor Huanca (Desarrollo Productivo) Bolivia no ve reactivaci\u00f3n del aparato productivo; NO puede impulsar a la micro industria y, a doce a\u00f1os de vigencia de la Constituci\u00f3n, la econom\u00eda plural a\u00fan es sue\u00f1o; ejecut\u00f3 43,8% del presupuesto.<\/li>\n<li>Felima Mendoza (Planificaci\u00f3n) es responsable del Censo 2022 pero call\u00f3 y fue denunciada por presunta prepotencia y maltrato. As\u00ed, Bolivia repetir\u00eda el fracas\u00f3 del Censo 2012 que provoc\u00f3 la penosa renuncia del director INE, Laruta. Desarrollo Rural es ministerio qhencha (yeta), pasaron: Edwin C\u00e1ceres (destituido) y Edwin Characayo (detenido), el actual Remmy Gonzales fue testigo mudo de c\u00f3mo paramilitares (o narcos) operan impunes en San Juli\u00e1n (Las Londras), donde periodistas y polic\u00edas fueron secuestrados por encapuchados. Marcelo Montenegro (Econom\u00eda) quiso hacer aprobar el Proyecto 218 mintiendo a El Alto \u2013cuya econom\u00eda se basa en la informalidad\u2013 que reaccion\u00f3 y le hizo retroceder.<\/li>\n<\/ol>\n<p>&nbsp;<\/p>\n<p><strong>\u00c1REA SOCIAL: DESEMPLEO Y CORRUPCI\u00d3N CRECIENTES<\/strong><\/p>\n<ol start=\"7\">\n<li>Patricia Navia (Trabajo) parece despistada. Seg\u00fan CEDLA con base en Encuestas INE, los profesionales desempleados son 251.084 15%; Precariedad laboral extrema en j\u00f3venes a 2019: 379.245 personas, 71%; Desempleo abierto juvenil a: 2019 15%. Peor a\u00fan, el misterioso \u00abPrograma de Apoyo al Empleo\u00bb niega informaci\u00f3n y duplica esfuerzos, y recursos, con el \u00abPlan de Empleo\u00bb del Ministerio de Planificaci\u00f3n.<\/li>\n<li>A Jeyson Auza (Salud) el Covid-19 lo tiene \u00abasustado\u00bb y prefiere laboratorios extranjeros; la CNS sigue siendo \u00abCaja de Pandora\u00bb. Juan Santos (Medio Ambiente) juega con EPSAS y dedica tiempo a pugnas internas y lenocinios en lugar de ejecutar obras con EMAGUA; ejecuci\u00f3n presupuestaria a octubre: 54,4%.<\/li>\n<li>Sabina Orellana (Culturas) hizo nada ante prevalentes casos de violencia machista extrema. Adri\u00e1n Quelca (Educaci\u00f3n) estuvo un a\u00f1o, se dedic\u00f3 a traficar ex\u00e1menes de ascenso de autoridades, y renunci\u00f3 cuando fue detenido. Fue id\u00e9ntico a su antecesor, el ultra dogm\u00e1tico estalinista Roberto Aguilar, ambos del PCB.<\/li>\n<\/ol>\n<p>&nbsp;<\/p>\n<ol start=\"10\">\n<li><strong> CONCLUSIONES<\/strong><\/li>\n<li>a) Las quejas de Evo (Opini\u00f3n 30-12-21) sobre el Gabinete Arce solo confirman la ineficiencia gubernamental que probamos con la ejecuci\u00f3n presupuestaria media de 49,3% (EL DIARIO 31-10-21).<\/li>\n<li>b) Arce fue timado por sus ministros. Debiera a cambiar a varios y dar ultim\u00e1tum al resto: Son eficientes o se van. Es inaceptable revertir dinero cuando Bolivia requiere: inversi\u00f3n, industria y empleo.<\/li>\n<li>c) Con respeto, sugerimos al Presidente leer \u2013y aplicar\u2013 las recetas de nuestro libro \u00abGesti\u00f3n y Administraci\u00f3n P\u00fablica Estrat\u00e9gica\u00bb (2021).<\/li>\n<li>d) Los otros \u00d3rganos estatales: Tribunales: Constitucional, Supremo de Justicia, y Agroambiental; Parlamento, Tribunales Electorales, Defensor del Pueblo, Fiscal\u00eda y otros tambi\u00e9n deben ser evaluados, igual que alcald\u00edas, gobernaciones y universidades. Eso haremos.<\/li>\n<\/ol>\n<p>&nbsp;<\/p>\n<p><em>Edgar Ramos Andrade, Comunicador e Investigador Social, es co-autor de \u00abGesti\u00f3n y Administraci\u00f3n P\u00fablica Estrat\u00e9gica. El modelo Gobernaci\u00f3n La Paz 2015-2020\u00bb (2021) entre otros libros.<\/em><\/p>\n<p><em>ElitCom es un equipo de indagaci\u00f3n cr\u00edtica de nuestra realidad.<\/em><\/p>\n<p>&nbsp;<\/p>\n<p>edgar.elalto@gmail.com<\/p>\n","protected":false},"excerpt":{"rendered":"<p>\u00c1REA POLITICA: MUCHA CONFRONTACI\u00d3N, POCA GESTI\u00d3N &nbsp; Este mes habr\u00e1 novedad en el Gabinete Arce, quien fue permisivo \u2013o dejado\u2013 con ministros, viceministros, directores y gerentes de entidades y empresas (YPFB, Comibol y otros). Evaluemos, pues, sus debilidades. A Edmundo Novillo (Defensa) le cuesta desprenderse de Evo, y asiste a reuniones reservadas con cocaleros. Rogelio [&hellip;]<\/p>\n","protected":false},"author":1,"featured_media":0,"comment_status":"closed","ping_status":"closed","sticky":false,"template":"","format":"standard","meta":{"_acf_changed":false,"footnotes":""},"categories":[9],"tags":[],"class_list":["post-53834","post","type-post","status-publish","format-standard","category-opinion"],"acf":{"antetitulo":""},"yoast_head":"<!-- This site is optimized with the Yoast SEO plugin v28.4 - https:\/\/yoast.com\/product\/yoast-seo-wordpress\/ -->\n<title>Evaluaci\u00f3n al Gabinete del presidente Arce - El Diario - Bolivia<\/title>\n<meta name=\"robots\" content=\"index, follow, max-snippet:-1, max-image-preview:large, max-video-preview:-1\" \/>\n<link rel=\"canonical\" href=\"https:\/\/www.eldiario.net\/portal\/2022\/01\/04\/evaluacion-al-gabinete-del-presidente-arce\/\" \/>\n<meta property=\"og:locale\" content=\"es_ES\" \/>\n<meta property=\"og:type\" content=\"article\" \/>\n<meta property=\"og:title\" content=\"Evaluaci\u00f3n al Gabinete del presidente Arce - El Diario - Bolivia\" \/>\n<meta property=\"og:description\" content=\"\u00c1REA POLITICA: MUCHA CONFRONTACI\u00d3N, POCA GESTI\u00d3N &nbsp; Este mes habr\u00e1 novedad en el Gabinete Arce, quien fue permisivo \u2013o dejado\u2013 con ministros, viceministros, directores y gerentes de entidades y empresas (YPFB, Comibol y otros). Evaluemos, pues, sus debilidades. A Edmundo Novillo (Defensa) le cuesta desprenderse de Evo, y asiste a reuniones reservadas con cocaleros. Rogelio [&hellip;]\" \/>\n<meta property=\"og:url\" content=\"https:\/\/www.eldiario.net\/portal\/2022\/01\/04\/evaluacion-al-gabinete-del-presidente-arce\/\" \/>\n<meta property=\"og:site_name\" content=\"El Diario - Bolivia\" \/>\n<meta property=\"article:publisher\" content=\"https:\/\/www.facebook.com\/eldiario.bolivia\/\" \/>\n<meta property=\"article:published_time\" content=\"2022-01-04T09:03:37+00:00\" \/>\n<meta name=\"author\" content=\"Jeanette\" \/>\n<meta name=\"twitter:card\" content=\"summary_large_image\" \/>\n<meta name=\"twitter:creator\" content=\"@eldiario_net\" \/>\n<meta name=\"twitter:site\" content=\"@eldiario_net\" \/>\n<meta name=\"twitter:label1\" content=\"Escrito por\" \/>\n\t<meta name=\"twitter:data1\" content=\"Jeanette\" \/>\n\t<meta name=\"twitter:label2\" content=\"Tiempo de lectura\" \/>\n\t<meta name=\"twitter:data2\" content=\"4 minutos\" \/>\n<script type=\"application\/ld+json\" class=\"yoast-schema-graph\">{\"@context\":\"https:\\\/\\\/schema.org\",\"@graph\":[{\"@type\":\"Article\",\"@id\":\"https:\\\/\\\/www.eldiario.net\\\/portal\\\/2022\\\/01\\\/04\\\/evaluacion-al-gabinete-del-presidente-arce\\\/#article\",\"isPartOf\":{\"@id\":\"https:\\\/\\\/www.eldiario.net\\\/portal\\\/2022\\\/01\\\/04\\\/evaluacion-al-gabinete-del-presidente-arce\\\/\"},\"author\":{\"name\":\"Jeanette\",\"@id\":\"https:\\\/\\\/www.eldiario.net\\\/portal\\\/#\\\/schema\\\/person\\\/2c57cf2b7a7ae032e449e4c9b1019eac\"},\"headline\":\"Evaluaci\u00f3n al Gabinete del presidente Arce\",\"datePublished\":\"2022-01-04T09:03:37+00:00\",\"mainEntityOfPage\":{\"@id\":\"https:\\\/\\\/www.eldiario.net\\\/portal\\\/2022\\\/01\\\/04\\\/evaluacion-al-gabinete-del-presidente-arce\\\/\"},\"wordCount\":849,\"publisher\":{\"@id\":\"https:\\\/\\\/www.eldiario.net\\\/portal\\\/#organization\"},\"articleSection\":[\"Opini\u00f3n\"],\"inLanguage\":\"es\"},{\"@type\":\"WebPage\",\"@id\":\"https:\\\/\\\/www.eldiario.net\\\/portal\\\/2022\\\/01\\\/04\\\/evaluacion-al-gabinete-del-presidente-arce\\\/\",\"url\":\"https:\\\/\\\/www.eldiario.net\\\/portal\\\/2022\\\/01\\\/04\\\/evaluacion-al-gabinete-del-presidente-arce\\\/\",\"name\":\"Evaluaci\u00f3n al Gabinete del presidente Arce - El Diario - Bolivia\",\"isPartOf\":{\"@id\":\"https:\\\/\\\/www.eldiario.net\\\/portal\\\/#website\"},\"datePublished\":\"2022-01-04T09:03:37+00:00\",\"breadcrumb\":{\"@id\":\"https:\\\/\\\/www.eldiario.net\\\/portal\\\/2022\\\/01\\\/04\\\/evaluacion-al-gabinete-del-presidente-arce\\\/#breadcrumb\"},\"inLanguage\":\"es\",\"potentialAction\":[{\"@type\":\"ReadAction\",\"target\":[\"https:\\\/\\\/www.eldiario.net\\\/portal\\\/2022\\\/01\\\/04\\\/evaluacion-al-gabinete-del-presidente-arce\\\/\"]}]},{\"@type\":\"BreadcrumbList\",\"@id\":\"https:\\\/\\\/www.eldiario.net\\\/portal\\\/2022\\\/01\\\/04\\\/evaluacion-al-gabinete-del-presidente-arce\\\/#breadcrumb\",\"itemListElement\":[{\"@type\":\"ListItem\",\"position\":1,\"name\":\"Portada\",\"item\":\"https:\\\/\\\/www.eldiario.net\\\/portal\\\/\"},{\"@type\":\"ListItem\",\"position\":2,\"name\":\"Evaluaci\u00f3n al Gabinete del presidente Arce\"}]},{\"@type\":\"WebSite\",\"@id\":\"https:\\\/\\\/www.eldiario.net\\\/portal\\\/#website\",\"url\":\"https:\\\/\\\/www.eldiario.net\\\/portal\\\/\",\"name\":\"El Diario - Decano de la prensa nacional\",\"description\":\"El Diario - Decano de la prensa nacional\",\"publisher\":{\"@id\":\"https:\\\/\\\/www.eldiario.net\\\/portal\\\/#organization\"},\"potentialAction\":[{\"@type\":\"SearchAction\",\"target\":{\"@type\":\"EntryPoint\",\"urlTemplate\":\"https:\\\/\\\/www.eldiario.net\\\/portal\\\/?s={search_term_string}\"},\"query-input\":{\"@type\":\"PropertyValueSpecification\",\"valueRequired\":true,\"valueName\":\"search_term_string\"}}],\"inLanguage\":\"es\"},{\"@type\":\"Organization\",\"@id\":\"https:\\\/\\\/www.eldiario.net\\\/portal\\\/#organization\",\"name\":\"El Diario - Decano de la prensa nacional\",\"url\":\"https:\\\/\\\/www.eldiario.net\\\/portal\\\/\",\"logo\":{\"@type\":\"ImageObject\",\"inLanguage\":\"es\",\"@id\":\"https:\\\/\\\/www.eldiario.net\\\/portal\\\/#\\\/schema\\\/logo\\\/image\\\/\",\"url\":\"https:\\\/\\\/www.eldiario.net\\\/portal\\\/wp-content\\\/uploads\\\/2023\\\/07\\\/logo_ED.jpg\",\"contentUrl\":\"https:\\\/\\\/www.eldiario.net\\\/portal\\\/wp-content\\\/uploads\\\/2023\\\/07\\\/logo_ED.jpg\",\"width\":272,\"height\":52,\"caption\":\"El Diario - Decano de la prensa nacional\"},\"image\":{\"@id\":\"https:\\\/\\\/www.eldiario.net\\\/portal\\\/#\\\/schema\\\/logo\\\/image\\\/\"},\"sameAs\":[\"https:\\\/\\\/www.facebook.com\\\/eldiario.bolivia\\\/\",\"https:\\\/\\\/x.com\\\/eldiario_net\"]},{\"@type\":\"Person\",\"@id\":\"https:\\\/\\\/www.eldiario.net\\\/portal\\\/#\\\/schema\\\/person\\\/2c57cf2b7a7ae032e449e4c9b1019eac\",\"name\":\"Jeanette\",\"image\":{\"@type\":\"ImageObject\",\"inLanguage\":\"es\",\"@id\":\"https:\\\/\\\/secure.gravatar.com\\\/avatar\\\/3ea2118a5f7dad2b7138b1187a6b7ee55f160b9968b66013c3a3ef39dd7e5798?s=96&d=mm&r=g\",\"url\":\"https:\\\/\\\/secure.gravatar.com\\\/avatar\\\/3ea2118a5f7dad2b7138b1187a6b7ee55f160b9968b66013c3a3ef39dd7e5798?s=96&d=mm&r=g\",\"contentUrl\":\"https:\\\/\\\/secure.gravatar.com\\\/avatar\\\/3ea2118a5f7dad2b7138b1187a6b7ee55f160b9968b66013c3a3ef39dd7e5798?s=96&d=mm&r=g\",\"caption\":\"Jeanette\"},\"sameAs\":[\"https:\\\/\\\/www.eldiario.net\\\/portal\"],\"url\":\"https:\\\/\\\/www.eldiario.net\\\/portal\\\/author\\\/jeanette\\\/\"}]}<\/script>\n<!-- \/ Yoast SEO plugin. -->","yoast_head_json":{"title":"Evaluaci\u00f3n al Gabinete del presidente Arce - El Diario - Bolivia","robots":{"index":"index","follow":"follow","max-snippet":"max-snippet:-1","max-image-preview":"max-image-preview:large","max-video-preview":"max-video-preview:-1"},"canonical":"https:\/\/www.eldiario.net\/portal\/2022\/01\/04\/evaluacion-al-gabinete-del-presidente-arce\/","og_locale":"es_ES","og_type":"article","og_title":"Evaluaci\u00f3n al Gabinete del presidente Arce - El Diario - Bolivia","og_description":"\u00c1REA POLITICA: MUCHA CONFRONTACI\u00d3N, POCA GESTI\u00d3N &nbsp; Este mes habr\u00e1 novedad en el Gabinete Arce, quien fue permisivo \u2013o dejado\u2013 con ministros, viceministros, directores y gerentes de entidades y empresas (YPFB, Comibol y otros). Evaluemos, pues, sus debilidades. A Edmundo Novillo (Defensa) le cuesta desprenderse de Evo, y asiste a reuniones reservadas con cocaleros. Rogelio [&hellip;]","og_url":"https:\/\/www.eldiario.net\/portal\/2022\/01\/04\/evaluacion-al-gabinete-del-presidente-arce\/","og_site_name":"El Diario - Bolivia","article_publisher":"https:\/\/www.facebook.com\/eldiario.bolivia\/","article_published_time":"2022-01-04T09:03:37+00:00","author":"Jeanette","twitter_card":"summary_large_image","twitter_creator":"@eldiario_net","twitter_site":"@eldiario_net","twitter_misc":{"Escrito por":"Jeanette","Tiempo de lectura":"4 minutos"},"schema":{"@context":"https:\/\/schema.org","@graph":[{"@type":"Article","@id":"https:\/\/www.eldiario.net\/portal\/2022\/01\/04\/evaluacion-al-gabinete-del-presidente-arce\/#article","isPartOf":{"@id":"https:\/\/www.eldiario.net\/portal\/2022\/01\/04\/evaluacion-al-gabinete-del-presidente-arce\/"},"author":{"name":"Jeanette","@id":"https:\/\/www.eldiario.net\/portal\/#\/schema\/person\/2c57cf2b7a7ae032e449e4c9b1019eac"},"headline":"Evaluaci\u00f3n al Gabinete del presidente Arce","datePublished":"2022-01-04T09:03:37+00:00","mainEntityOfPage":{"@id":"https:\/\/www.eldiario.net\/portal\/2022\/01\/04\/evaluacion-al-gabinete-del-presidente-arce\/"},"wordCount":849,"publisher":{"@id":"https:\/\/www.eldiario.net\/portal\/#organization"},"articleSection":["Opini\u00f3n"],"inLanguage":"es"},{"@type":"WebPage","@id":"https:\/\/www.eldiario.net\/portal\/2022\/01\/04\/evaluacion-al-gabinete-del-presidente-arce\/","url":"https:\/\/www.eldiario.net\/portal\/2022\/01\/04\/evaluacion-al-gabinete-del-presidente-arce\/","name":"Evaluaci\u00f3n al Gabinete del presidente Arce - El Diario - Bolivia","isPartOf":{"@id":"https:\/\/www.eldiario.net\/portal\/#website"},"datePublished":"2022-01-04T09:03:37+00:00","breadcrumb":{"@id":"https:\/\/www.eldiario.net\/portal\/2022\/01\/04\/evaluacion-al-gabinete-del-presidente-arce\/#breadcrumb"},"inLanguage":"es","potentialAction":[{"@type":"ReadAction","target":["https:\/\/www.eldiario.net\/portal\/2022\/01\/04\/evaluacion-al-gabinete-del-presidente-arce\/"]}]},{"@type":"BreadcrumbList","@id":"https:\/\/www.eldiario.net\/portal\/2022\/01\/04\/evaluacion-al-gabinete-del-presidente-arce\/#breadcrumb","itemListElement":[{"@type":"ListItem","position":1,"name":"Portada","item":"https:\/\/www.eldiario.net\/portal\/"},{"@type":"ListItem","position":2,"name":"Evaluaci\u00f3n al Gabinete del presidente Arce"}]},{"@type":"WebSite","@id":"https:\/\/www.eldiario.net\/portal\/#website","url":"https:\/\/www.eldiario.net\/portal\/","name":"El Diario - Decano de la prensa nacional","description":"El Diario - Decano de la prensa nacional","publisher":{"@id":"https:\/\/www.eldiario.net\/portal\/#organization"},"potentialAction":[{"@type":"SearchAction","target":{"@type":"EntryPoint","urlTemplate":"https:\/\/www.eldiario.net\/portal\/?s={search_term_string}"},"query-input":{"@type":"PropertyValueSpecification","valueRequired":true,"valueName":"search_term_string"}}],"inLanguage":"es"},{"@type":"Organization","@id":"https:\/\/www.eldiario.net\/portal\/#organization","name":"El Diario - Decano de la prensa nacional","url":"https:\/\/www.eldiario.net\/portal\/","logo":{"@type":"ImageObject","inLanguage":"es","@id":"https:\/\/www.eldiario.net\/portal\/#\/schema\/logo\/image\/","url":"https:\/\/www.eldiario.net\/portal\/wp-content\/uploads\/2023\/07\/logo_ED.jpg","contentUrl":"https:\/\/www.eldiario.net\/portal\/wp-content\/uploads\/2023\/07\/logo_ED.jpg","width":272,"height":52,"caption":"El Diario - Decano de la prensa nacional"},"image":{"@id":"https:\/\/www.eldiario.net\/portal\/#\/schema\/logo\/image\/"},"sameAs":["https:\/\/www.facebook.com\/eldiario.bolivia\/","https:\/\/x.com\/eldiario_net"]},{"@type":"Person","@id":"https:\/\/www.eldiario.net\/portal\/#\/schema\/person\/2c57cf2b7a7ae032e449e4c9b1019eac","name":"Jeanette","image":{"@type":"ImageObject","inLanguage":"es","@id":"https:\/\/secure.gravatar.com\/avatar\/3ea2118a5f7dad2b7138b1187a6b7ee55f160b9968b66013c3a3ef39dd7e5798?s=96&d=mm&r=g","url":"https:\/\/secure.gravatar.com\/avatar\/3ea2118a5f7dad2b7138b1187a6b7ee55f160b9968b66013c3a3ef39dd7e5798?s=96&d=mm&r=g","contentUrl":"https:\/\/secure.gravatar.com\/avatar\/3ea2118a5f7dad2b7138b1187a6b7ee55f160b9968b66013c3a3ef39dd7e5798?s=96&d=mm&r=g","caption":"Jeanette"},"sameAs":["https:\/\/www.eldiario.net\/portal"],"url":"https:\/\/www.eldiario.net\/portal\/author\/jeanette\/"}]}},"_links":{"self":[{"href":"https:\/\/www.eldiario.net\/portal\/wp-json\/wp\/v2\/posts\/53834","targetHints":{"allow":["GET"]}}],"collection":[{"href":"https:\/\/www.eldiario.net\/portal\/wp-json\/wp\/v2\/posts"}],"about":[{"href":"https:\/\/www.eldiario.net\/portal\/wp-json\/wp\/v2\/types\/post"}],"author":[{"embeddable":true,"href":"https:\/\/www.eldiario.net\/portal\/wp-json\/wp\/v2\/users\/1"}],"replies":[{"embeddable":true,"href":"https:\/\/www.eldiario.net\/portal\/wp-json\/wp\/v2\/comments?post=53834"}],"version-history":[{"count":0,"href":"https:\/\/www.eldiario.net\/portal\/wp-json\/wp\/v2\/posts\/53834\/revisions"}],"wp:attachment":[{"href":"https:\/\/www.eldiario.net\/portal\/wp-json\/wp\/v2\/media?parent=53834"}],"wp:term":[{"taxonomy":"category","embeddable":true,"href":"https:\/\/www.eldiario.net\/portal\/wp-json\/wp\/v2\/categories?post=53834"},{"taxonomy":"post_tag","embeddable":true,"href":"https:\/\/www.eldiario.net\/portal\/wp-json\/wp\/v2\/tags?post=53834"}],"curies":[{"name":"wp","href":"https:\/\/api.w.org\/{rel}","templated":true}]}}