{"id":53832,"date":"2022-01-04T05:02:43","date_gmt":"2022-01-04T09:02:43","guid":{"rendered":"https:\/\/www.eldiario.net\/portal\/?p=53832"},"modified":"2022-01-04T05:02:43","modified_gmt":"2022-01-04T09:02:43","slug":"a-80-anos-de-la-muerte-de-stefan-zweig","status":"publish","type":"post","link":"https:\/\/www.eldiario.net\/portal\/2022\/01\/04\/a-80-anos-de-la-muerte-de-stefan-zweig\/","title":{"rendered":"A 80 a\u00f1os de la muerte de Stefan Zweig"},"content":{"rendered":"<p>Despu\u00e9s de leer varias de las obras del insigne Stefan Zweig, no podr\u00eda sino dedicar unas l\u00edneas al c\u00e9lebre escritor austroh\u00fangaro, del que su gloria no ha perdurado sino en los primeros a\u00f1os del siglo pasado.<\/p>\n<p>Es probable que muchos lectores, incluso los que leen mucho y buenos libros, no tengan conocimiento de la trayectoria en el campo literario de quien, a lo largo de toda su obra, hizo un paneg\u00edrico de la cultura europea. Stefan Zweig fue un activista jud\u00edo por la paz en el mundo que jam\u00e1s comprendi\u00f3, y nunca pudo aprobar, las ambiciones pol\u00edticas, ideol\u00f3gicas y expansionistas de los gobernantes del mundo.<\/p>\n<p>Hizo de la literatura un canto a la belleza y a la vida. No fue el \u00fanico, pero pocos como \u00e9l incursionaron en g\u00e9neros tan variados como la poes\u00eda, la novela, el drama, el periodismo, el ensayo y fue un conspicuo historiador. Existe unanimidad en los cr\u00edticos sobre que su obra cumbre fue \u201c<em>Momentos estelares de la humanidad<\/em>\u201d, que indudablemente es una joya de las letras. Con refinada t\u00e9cnica y preciosismo gramatical, Zweig hace una \u201ccatalogaci\u00f3n\u201d novelada de los momentos que, hasta la \u00e9poca de su publicaci\u00f3n, fueron los m\u00e1s extraordinarios que el convulsionado mundo experiment\u00f3. Desde la \u00e9pica toma de Constantinopla por causa de minucias que determinaron tal hecho trascendental, hasta la hist\u00f3rica instalaci\u00f3n del tel\u00e9grafo entre Europa y Am\u00e9rica del norte.<\/p>\n<p>En fin, \u201c<em>Momentos estelares de la humanidad<\/em>\u201d es uno m\u00e1s del preciado inventario bibliogr\u00e1fico de Zweig. Pero el libro contiene hechos (por lo menos hasta entonces) in\u00e9ditos y contados en el estilo y talante del gran autor, como el descubrimiento del Pac\u00edfico y otros sucesos yuxtapuestos entre s\u00ed por la impronta de todos ellos, a pesar de la distancia cronol\u00f3gica de sus acaecimientos.<\/p>\n<p>En un art\u00edculo independiente del presente, expres\u00e9 que Stefan Zweig es un aventajado escritor y que injustamente su trascendencia no ha superado los a\u00f1os que han seguido a su fallecimiento, ni siquiera la gloria que merec\u00eda le dur\u00f3 toda su vida. Y es que el ego\u00edsmo propio de la naturaleza humana, determin\u00f3 que, por su condici\u00f3n racial jud\u00eda, aunque no religiosa, fuera proscrito de su propia patria que despu\u00e9s de la Gran Guerra vio desaparecer de la geograf\u00eda. Su dolor le hizo sentirse un ser de ninguna parte y forastero en todas.<\/p>\n<p>Todos sus relatos son magistrales, pero desde mi punto de vista, con anterioridad expres\u00e9 y hoy refrendo, que Stefan Zweig es a la biogr\u00e1fica, lo que William Shakespeare es a la tragedia. Y es que haber le\u00eddo \u201c<em>El mundo de ayer<\/em>\u201d, que es una autobiograf\u00eda conmovedora, me hizo reflexionar sobre los valores del g\u00e9nero humano; y en lo que al ilustre hombre se refiere, no haber incurrido en osad\u00eda ninguna, porque salvando las distancias del autor de \u201c<em>Hamlet<\/em>\u201d con quien es motivo de esta nota que no tiene caracter\u00edsticas eleg\u00edacas, aunque bien merecidas tiene, no tengo evidencia de haber experimentado personalmente virtudes literarias y humanas que superen integralmente la descripci\u00f3n de una vida, mucho menos cuando se hace un retrato de la propia existencia, como lo hace este jud\u00edo, ciudadano del mundo que entre los a\u00f1os 20 y 30 del Siglo XX ha tenido tanta influencia en los c\u00edrculos\u00a0 no solo art\u00edsticos o literarios de la \u00e9poca, sino aun en los pol\u00edticos de Europa, pese a su declarado apartidismo. Su \u00fanica bandera fue la paz.<\/p>\n<p>En pocas semanas m\u00e1s se cumplir\u00e1n 80 a\u00f1os de su partida a una esfera distinta. Le\u00ed dos veces esa apolog\u00eda de la cultura austriaca con un matiz laudatorio hacia su Viena natal. Y sostengo que otorgarle el t\u00edtulo de maestro del g\u00e9nero biogr\u00e1fico no es hiperb\u00f3lico, porque narraciones de su propia vida, de la que resalta sobre todo el contexto hist\u00f3rico, primero de absoluta paz y prosperidad de su tierra culta, pero discriminadora, y de la tragedia luego con el estallido de una guerra que demoli\u00f3 su propia voluntad de vivir, queda reafirmado con el halo que, con \u201c<em>Mar\u00eda Antonieta<\/em>\u201d y \u201c<em>Mar\u00eda Estuardo<\/em>\u201d entre otras biograf\u00edas, rodea al prodigio narrativo de su autor.<\/p>\n<p>&nbsp;<\/p>\n<p><em>Augusto Vera Riveros es jurista y escritor.<\/em><\/p>\n","protected":false},"excerpt":{"rendered":"<p>Despu\u00e9s de leer varias de las obras del insigne Stefan Zweig, no podr\u00eda sino dedicar unas l\u00edneas al c\u00e9lebre escritor austroh\u00fangaro, del que su gloria no ha perdurado sino en los primeros a\u00f1os del siglo pasado. Es probable que muchos lectores, incluso los que leen mucho y buenos libros, no tengan conocimiento de la trayectoria [&hellip;]<\/p>\n","protected":false},"author":1,"featured_media":7684,"comment_status":"closed","ping_status":"closed","sticky":false,"template":"","format":"standard","meta":{"_acf_changed":false,"footnotes":""},"categories":[9],"tags":[],"class_list":["post-53832","post","type-post","status-publish","format-standard","has-post-thumbnail","category-opinion"],"acf":{"antetitulo":""},"yoast_head":"<!-- This site is optimized with the Yoast SEO plugin v28.4 - https:\/\/yoast.com\/product\/yoast-seo-wordpress\/ -->\n<title>A 80 a\u00f1os de la muerte de Stefan Zweig - El Diario - Bolivia<\/title>\n<meta name=\"robots\" content=\"index, follow, max-snippet:-1, max-image-preview:large, max-video-preview:-1\" \/>\n<link rel=\"canonical\" href=\"https:\/\/www.eldiario.net\/portal\/2022\/01\/04\/a-80-anos-de-la-muerte-de-stefan-zweig\/\" \/>\n<meta property=\"og:locale\" content=\"es_ES\" \/>\n<meta property=\"og:type\" content=\"article\" \/>\n<meta property=\"og:title\" content=\"A 80 a\u00f1os de la muerte de Stefan Zweig - El Diario - Bolivia\" \/>\n<meta property=\"og:description\" content=\"Despu\u00e9s de leer varias de las obras del insigne Stefan Zweig, no podr\u00eda sino dedicar unas l\u00edneas al c\u00e9lebre escritor austroh\u00fangaro, del que su gloria no ha perdurado sino en los primeros a\u00f1os del siglo pasado. Es probable que muchos lectores, incluso los que leen mucho y buenos libros, no tengan conocimiento de la trayectoria [&hellip;]\" \/>\n<meta property=\"og:url\" content=\"https:\/\/www.eldiario.net\/portal\/2022\/01\/04\/a-80-anos-de-la-muerte-de-stefan-zweig\/\" \/>\n<meta property=\"og:site_name\" content=\"El Diario - Bolivia\" \/>\n<meta property=\"article:publisher\" content=\"https:\/\/www.facebook.com\/eldiario.bolivia\/\" \/>\n<meta property=\"article:published_time\" content=\"2022-01-04T09:02:43+00:00\" \/>\n<meta property=\"og:image\" content=\"https:\/\/www.eldiario.net\/portal\/wp-content\/uploads\/2021\/06\/Augusto-Vera-Riveros.jpg\" \/>\n\t<meta property=\"og:image:width\" content=\"1\" \/>\n\t<meta property=\"og:image:height\" content=\"1\" \/>\n\t<meta property=\"og:image:type\" content=\"image\/jpeg\" \/>\n<meta name=\"author\" content=\"Jeanette\" \/>\n<meta name=\"twitter:card\" content=\"summary_large_image\" \/>\n<meta name=\"twitter:creator\" content=\"@eldiario_net\" \/>\n<meta name=\"twitter:site\" content=\"@eldiario_net\" \/>\n<meta name=\"twitter:label1\" content=\"Escrito por\" \/>\n\t<meta name=\"twitter:data1\" content=\"Jeanette\" \/>\n\t<meta name=\"twitter:label2\" content=\"Tiempo de lectura\" \/>\n\t<meta name=\"twitter:data2\" content=\"4 minutos\" \/>\n<script type=\"application\/ld+json\" class=\"yoast-schema-graph\">{\"@context\":\"https:\\\/\\\/schema.org\",\"@graph\":[{\"@type\":\"Article\",\"@id\":\"https:\\\/\\\/www.eldiario.net\\\/portal\\\/2022\\\/01\\\/04\\\/a-80-anos-de-la-muerte-de-stefan-zweig\\\/#article\",\"isPartOf\":{\"@id\":\"https:\\\/\\\/www.eldiario.net\\\/portal\\\/2022\\\/01\\\/04\\\/a-80-anos-de-la-muerte-de-stefan-zweig\\\/\"},\"author\":{\"name\":\"Jeanette\",\"@id\":\"https:\\\/\\\/www.eldiario.net\\\/portal\\\/#\\\/schema\\\/person\\\/2c57cf2b7a7ae032e449e4c9b1019eac\"},\"headline\":\"A 80 a\u00f1os de la muerte de Stefan Zweig\",\"datePublished\":\"2022-01-04T09:02:43+00:00\",\"mainEntityOfPage\":{\"@id\":\"https:\\\/\\\/www.eldiario.net\\\/portal\\\/2022\\\/01\\\/04\\\/a-80-anos-de-la-muerte-de-stefan-zweig\\\/\"},\"wordCount\":745,\"publisher\":{\"@id\":\"https:\\\/\\\/www.eldiario.net\\\/portal\\\/#organization\"},\"image\":{\"@id\":\"https:\\\/\\\/www.eldiario.net\\\/portal\\\/2022\\\/01\\\/04\\\/a-80-anos-de-la-muerte-de-stefan-zweig\\\/#primaryimage\"},\"thumbnailUrl\":\"https:\\\/\\\/www.eldiario.net\\\/portal\\\/wp-content\\\/uploads\\\/2021\\\/06\\\/Augusto-Vera-Riveros.jpg\",\"articleSection\":[\"Opini\u00f3n\"],\"inLanguage\":\"es\"},{\"@type\":\"WebPage\",\"@id\":\"https:\\\/\\\/www.eldiario.net\\\/portal\\\/2022\\\/01\\\/04\\\/a-80-anos-de-la-muerte-de-stefan-zweig\\\/\",\"url\":\"https:\\\/\\\/www.eldiario.net\\\/portal\\\/2022\\\/01\\\/04\\\/a-80-anos-de-la-muerte-de-stefan-zweig\\\/\",\"name\":\"A 80 a\u00f1os de la muerte de Stefan Zweig - El Diario - Bolivia\",\"isPartOf\":{\"@id\":\"https:\\\/\\\/www.eldiario.net\\\/portal\\\/#website\"},\"primaryImageOfPage\":{\"@id\":\"https:\\\/\\\/www.eldiario.net\\\/portal\\\/2022\\\/01\\\/04\\\/a-80-anos-de-la-muerte-de-stefan-zweig\\\/#primaryimage\"},\"image\":{\"@id\":\"https:\\\/\\\/www.eldiario.net\\\/portal\\\/2022\\\/01\\\/04\\\/a-80-anos-de-la-muerte-de-stefan-zweig\\\/#primaryimage\"},\"thumbnailUrl\":\"https:\\\/\\\/www.eldiario.net\\\/portal\\\/wp-content\\\/uploads\\\/2021\\\/06\\\/Augusto-Vera-Riveros.jpg\",\"datePublished\":\"2022-01-04T09:02:43+00:00\",\"breadcrumb\":{\"@id\":\"https:\\\/\\\/www.eldiario.net\\\/portal\\\/2022\\\/01\\\/04\\\/a-80-anos-de-la-muerte-de-stefan-zweig\\\/#breadcrumb\"},\"inLanguage\":\"es\",\"potentialAction\":[{\"@type\":\"ReadAction\",\"target\":[\"https:\\\/\\\/www.eldiario.net\\\/portal\\\/2022\\\/01\\\/04\\\/a-80-anos-de-la-muerte-de-stefan-zweig\\\/\"]}]},{\"@type\":\"ImageObject\",\"inLanguage\":\"es\",\"@id\":\"https:\\\/\\\/www.eldiario.net\\\/portal\\\/2022\\\/01\\\/04\\\/a-80-anos-de-la-muerte-de-stefan-zweig\\\/#primaryimage\",\"url\":\"https:\\\/\\\/www.eldiario.net\\\/portal\\\/wp-content\\\/uploads\\\/2021\\\/06\\\/Augusto-Vera-Riveros.jpg\",\"contentUrl\":\"https:\\\/\\\/www.eldiario.net\\\/portal\\\/wp-content\\\/uploads\\\/2021\\\/06\\\/Augusto-Vera-Riveros.jpg\"},{\"@type\":\"BreadcrumbList\",\"@id\":\"https:\\\/\\\/www.eldiario.net\\\/portal\\\/2022\\\/01\\\/04\\\/a-80-anos-de-la-muerte-de-stefan-zweig\\\/#breadcrumb\",\"itemListElement\":[{\"@type\":\"ListItem\",\"position\":1,\"name\":\"Portada\",\"item\":\"https:\\\/\\\/www.eldiario.net\\\/portal\\\/\"},{\"@type\":\"ListItem\",\"position\":2,\"name\":\"A 80 a\u00f1os de la muerte de Stefan Zweig\"}]},{\"@type\":\"WebSite\",\"@id\":\"https:\\\/\\\/www.eldiario.net\\\/portal\\\/#website\",\"url\":\"https:\\\/\\\/www.eldiario.net\\\/portal\\\/\",\"name\":\"El Diario - Decano de la prensa nacional\",\"description\":\"El Diario - Decano de la prensa nacional\",\"publisher\":{\"@id\":\"https:\\\/\\\/www.eldiario.net\\\/portal\\\/#organization\"},\"potentialAction\":[{\"@type\":\"SearchAction\",\"target\":{\"@type\":\"EntryPoint\",\"urlTemplate\":\"https:\\\/\\\/www.eldiario.net\\\/portal\\\/?s={search_term_string}\"},\"query-input\":{\"@type\":\"PropertyValueSpecification\",\"valueRequired\":true,\"valueName\":\"search_term_string\"}}],\"inLanguage\":\"es\"},{\"@type\":\"Organization\",\"@id\":\"https:\\\/\\\/www.eldiario.net\\\/portal\\\/#organization\",\"name\":\"El Diario - Decano de la prensa nacional\",\"url\":\"https:\\\/\\\/www.eldiario.net\\\/portal\\\/\",\"logo\":{\"@type\":\"ImageObject\",\"inLanguage\":\"es\",\"@id\":\"https:\\\/\\\/www.eldiario.net\\\/portal\\\/#\\\/schema\\\/logo\\\/image\\\/\",\"url\":\"https:\\\/\\\/www.eldiario.net\\\/portal\\\/wp-content\\\/uploads\\\/2023\\\/07\\\/logo_ED.jpg\",\"contentUrl\":\"https:\\\/\\\/www.eldiario.net\\\/portal\\\/wp-content\\\/uploads\\\/2023\\\/07\\\/logo_ED.jpg\",\"width\":272,\"height\":52,\"caption\":\"El Diario - Decano de la prensa nacional\"},\"image\":{\"@id\":\"https:\\\/\\\/www.eldiario.net\\\/portal\\\/#\\\/schema\\\/logo\\\/image\\\/\"},\"sameAs\":[\"https:\\\/\\\/www.facebook.com\\\/eldiario.bolivia\\\/\",\"https:\\\/\\\/x.com\\\/eldiario_net\"]},{\"@type\":\"Person\",\"@id\":\"https:\\\/\\\/www.eldiario.net\\\/portal\\\/#\\\/schema\\\/person\\\/2c57cf2b7a7ae032e449e4c9b1019eac\",\"name\":\"Jeanette\",\"image\":{\"@type\":\"ImageObject\",\"inLanguage\":\"es\",\"@id\":\"https:\\\/\\\/secure.gravatar.com\\\/avatar\\\/3ea2118a5f7dad2b7138b1187a6b7ee55f160b9968b66013c3a3ef39dd7e5798?s=96&d=mm&r=g\",\"url\":\"https:\\\/\\\/secure.gravatar.com\\\/avatar\\\/3ea2118a5f7dad2b7138b1187a6b7ee55f160b9968b66013c3a3ef39dd7e5798?s=96&d=mm&r=g\",\"contentUrl\":\"https:\\\/\\\/secure.gravatar.com\\\/avatar\\\/3ea2118a5f7dad2b7138b1187a6b7ee55f160b9968b66013c3a3ef39dd7e5798?s=96&d=mm&r=g\",\"caption\":\"Jeanette\"},\"sameAs\":[\"https:\\\/\\\/www.eldiario.net\\\/portal\"],\"url\":\"https:\\\/\\\/www.eldiario.net\\\/portal\\\/author\\\/jeanette\\\/\"}]}<\/script>\n<!-- \/ Yoast SEO plugin. -->","yoast_head_json":{"title":"A 80 a\u00f1os de la muerte de Stefan Zweig - El Diario - Bolivia","robots":{"index":"index","follow":"follow","max-snippet":"max-snippet:-1","max-image-preview":"max-image-preview:large","max-video-preview":"max-video-preview:-1"},"canonical":"https:\/\/www.eldiario.net\/portal\/2022\/01\/04\/a-80-anos-de-la-muerte-de-stefan-zweig\/","og_locale":"es_ES","og_type":"article","og_title":"A 80 a\u00f1os de la muerte de Stefan Zweig - El Diario - Bolivia","og_description":"Despu\u00e9s de leer varias de las obras del insigne Stefan Zweig, no podr\u00eda sino dedicar unas l\u00edneas al c\u00e9lebre escritor austroh\u00fangaro, del que su gloria no ha perdurado sino en los primeros a\u00f1os del siglo pasado. Es probable que muchos lectores, incluso los que leen mucho y buenos libros, no tengan conocimiento de la trayectoria [&hellip;]","og_url":"https:\/\/www.eldiario.net\/portal\/2022\/01\/04\/a-80-anos-de-la-muerte-de-stefan-zweig\/","og_site_name":"El Diario - Bolivia","article_publisher":"https:\/\/www.facebook.com\/eldiario.bolivia\/","article_published_time":"2022-01-04T09:02:43+00:00","og_image":[{"url":"https:\/\/www.eldiario.net\/portal\/wp-content\/uploads\/2021\/06\/Augusto-Vera-Riveros.jpg","width":1,"height":1,"type":"image\/jpeg"}],"author":"Jeanette","twitter_card":"summary_large_image","twitter_creator":"@eldiario_net","twitter_site":"@eldiario_net","twitter_misc":{"Escrito por":"Jeanette","Tiempo de lectura":"4 minutos"},"schema":{"@context":"https:\/\/schema.org","@graph":[{"@type":"Article","@id":"https:\/\/www.eldiario.net\/portal\/2022\/01\/04\/a-80-anos-de-la-muerte-de-stefan-zweig\/#article","isPartOf":{"@id":"https:\/\/www.eldiario.net\/portal\/2022\/01\/04\/a-80-anos-de-la-muerte-de-stefan-zweig\/"},"author":{"name":"Jeanette","@id":"https:\/\/www.eldiario.net\/portal\/#\/schema\/person\/2c57cf2b7a7ae032e449e4c9b1019eac"},"headline":"A 80 a\u00f1os de la muerte de Stefan Zweig","datePublished":"2022-01-04T09:02:43+00:00","mainEntityOfPage":{"@id":"https:\/\/www.eldiario.net\/portal\/2022\/01\/04\/a-80-anos-de-la-muerte-de-stefan-zweig\/"},"wordCount":745,"publisher":{"@id":"https:\/\/www.eldiario.net\/portal\/#organization"},"image":{"@id":"https:\/\/www.eldiario.net\/portal\/2022\/01\/04\/a-80-anos-de-la-muerte-de-stefan-zweig\/#primaryimage"},"thumbnailUrl":"https:\/\/www.eldiario.net\/portal\/wp-content\/uploads\/2021\/06\/Augusto-Vera-Riveros.jpg","articleSection":["Opini\u00f3n"],"inLanguage":"es"},{"@type":"WebPage","@id":"https:\/\/www.eldiario.net\/portal\/2022\/01\/04\/a-80-anos-de-la-muerte-de-stefan-zweig\/","url":"https:\/\/www.eldiario.net\/portal\/2022\/01\/04\/a-80-anos-de-la-muerte-de-stefan-zweig\/","name":"A 80 a\u00f1os de la muerte de Stefan Zweig - El Diario - Bolivia","isPartOf":{"@id":"https:\/\/www.eldiario.net\/portal\/#website"},"primaryImageOfPage":{"@id":"https:\/\/www.eldiario.net\/portal\/2022\/01\/04\/a-80-anos-de-la-muerte-de-stefan-zweig\/#primaryimage"},"image":{"@id":"https:\/\/www.eldiario.net\/portal\/2022\/01\/04\/a-80-anos-de-la-muerte-de-stefan-zweig\/#primaryimage"},"thumbnailUrl":"https:\/\/www.eldiario.net\/portal\/wp-content\/uploads\/2021\/06\/Augusto-Vera-Riveros.jpg","datePublished":"2022-01-04T09:02:43+00:00","breadcrumb":{"@id":"https:\/\/www.eldiario.net\/portal\/2022\/01\/04\/a-80-anos-de-la-muerte-de-stefan-zweig\/#breadcrumb"},"inLanguage":"es","potentialAction":[{"@type":"ReadAction","target":["https:\/\/www.eldiario.net\/portal\/2022\/01\/04\/a-80-anos-de-la-muerte-de-stefan-zweig\/"]}]},{"@type":"ImageObject","inLanguage":"es","@id":"https:\/\/www.eldiario.net\/portal\/2022\/01\/04\/a-80-anos-de-la-muerte-de-stefan-zweig\/#primaryimage","url":"https:\/\/www.eldiario.net\/portal\/wp-content\/uploads\/2021\/06\/Augusto-Vera-Riveros.jpg","contentUrl":"https:\/\/www.eldiario.net\/portal\/wp-content\/uploads\/2021\/06\/Augusto-Vera-Riveros.jpg"},{"@type":"BreadcrumbList","@id":"https:\/\/www.eldiario.net\/portal\/2022\/01\/04\/a-80-anos-de-la-muerte-de-stefan-zweig\/#breadcrumb","itemListElement":[{"@type":"ListItem","position":1,"name":"Portada","item":"https:\/\/www.eldiario.net\/portal\/"},{"@type":"ListItem","position":2,"name":"A 80 a\u00f1os de la muerte de Stefan Zweig"}]},{"@type":"WebSite","@id":"https:\/\/www.eldiario.net\/portal\/#website","url":"https:\/\/www.eldiario.net\/portal\/","name":"El Diario - Decano de la prensa nacional","description":"El Diario - Decano de la prensa nacional","publisher":{"@id":"https:\/\/www.eldiario.net\/portal\/#organization"},"potentialAction":[{"@type":"SearchAction","target":{"@type":"EntryPoint","urlTemplate":"https:\/\/www.eldiario.net\/portal\/?s={search_term_string}"},"query-input":{"@type":"PropertyValueSpecification","valueRequired":true,"valueName":"search_term_string"}}],"inLanguage":"es"},{"@type":"Organization","@id":"https:\/\/www.eldiario.net\/portal\/#organization","name":"El Diario - Decano de la prensa nacional","url":"https:\/\/www.eldiario.net\/portal\/","logo":{"@type":"ImageObject","inLanguage":"es","@id":"https:\/\/www.eldiario.net\/portal\/#\/schema\/logo\/image\/","url":"https:\/\/www.eldiario.net\/portal\/wp-content\/uploads\/2023\/07\/logo_ED.jpg","contentUrl":"https:\/\/www.eldiario.net\/portal\/wp-content\/uploads\/2023\/07\/logo_ED.jpg","width":272,"height":52,"caption":"El Diario - Decano de la prensa nacional"},"image":{"@id":"https:\/\/www.eldiario.net\/portal\/#\/schema\/logo\/image\/"},"sameAs":["https:\/\/www.facebook.com\/eldiario.bolivia\/","https:\/\/x.com\/eldiario_net"]},{"@type":"Person","@id":"https:\/\/www.eldiario.net\/portal\/#\/schema\/person\/2c57cf2b7a7ae032e449e4c9b1019eac","name":"Jeanette","image":{"@type":"ImageObject","inLanguage":"es","@id":"https:\/\/secure.gravatar.com\/avatar\/3ea2118a5f7dad2b7138b1187a6b7ee55f160b9968b66013c3a3ef39dd7e5798?s=96&d=mm&r=g","url":"https:\/\/secure.gravatar.com\/avatar\/3ea2118a5f7dad2b7138b1187a6b7ee55f160b9968b66013c3a3ef39dd7e5798?s=96&d=mm&r=g","contentUrl":"https:\/\/secure.gravatar.com\/avatar\/3ea2118a5f7dad2b7138b1187a6b7ee55f160b9968b66013c3a3ef39dd7e5798?s=96&d=mm&r=g","caption":"Jeanette"},"sameAs":["https:\/\/www.eldiario.net\/portal"],"url":"https:\/\/www.eldiario.net\/portal\/author\/jeanette\/"}]}},"_links":{"self":[{"href":"https:\/\/www.eldiario.net\/portal\/wp-json\/wp\/v2\/posts\/53832","targetHints":{"allow":["GET"]}}],"collection":[{"href":"https:\/\/www.eldiario.net\/portal\/wp-json\/wp\/v2\/posts"}],"about":[{"href":"https:\/\/www.eldiario.net\/portal\/wp-json\/wp\/v2\/types\/post"}],"author":[{"embeddable":true,"href":"https:\/\/www.eldiario.net\/portal\/wp-json\/wp\/v2\/users\/1"}],"replies":[{"embeddable":true,"href":"https:\/\/www.eldiario.net\/portal\/wp-json\/wp\/v2\/comments?post=53832"}],"version-history":[{"count":0,"href":"https:\/\/www.eldiario.net\/portal\/wp-json\/wp\/v2\/posts\/53832\/revisions"}],"wp:featuredmedia":[{"embeddable":true,"href":"https:\/\/www.eldiario.net\/portal\/wp-json\/wp\/v2\/media\/7684"}],"wp:attachment":[{"href":"https:\/\/www.eldiario.net\/portal\/wp-json\/wp\/v2\/media?parent=53832"}],"wp:term":[{"taxonomy":"category","embeddable":true,"href":"https:\/\/www.eldiario.net\/portal\/wp-json\/wp\/v2\/categories?post=53832"},{"taxonomy":"post_tag","embeddable":true,"href":"https:\/\/www.eldiario.net\/portal\/wp-json\/wp\/v2\/tags?post=53832"}],"curies":[{"name":"wp","href":"https:\/\/api.w.org\/{rel}","templated":true}]}}