{"id":53830,"date":"2022-01-04T05:01:33","date_gmt":"2022-01-04T09:01:33","guid":{"rendered":"https:\/\/www.eldiario.net\/portal\/?p=53830"},"modified":"2022-01-04T05:01:33","modified_gmt":"2022-01-04T09:01:33","slug":"obligar-a-tener-carnet-de-vacunacion-es-inconstitucional-como-todo-con-el-gobierno-dictador","status":"publish","type":"post","link":"https:\/\/www.eldiario.net\/portal\/2022\/01\/04\/obligar-a-tener-carnet-de-vacunacion-es-inconstitucional-como-todo-con-el-gobierno-dictador\/","title":{"rendered":"Obligar a tener carnet de vacunaci\u00f3n es inconstitucional, como todo con el gobierno dictador"},"content":{"rendered":"<p>La Constituci\u00f3n Pol\u00edtica del Estado establece en el Art\u00edculo 35.II que \u201cEl sistema de salud es \u00fanico e incluye a la medicina tradicional de las naciones y pueblos ind\u00edgena originario campesinos\u201d. Seg\u00fan el Art\u00edculo 44. II, \u201cNinguna persona ser\u00e1 sometida a experimentos cient\u00edficos sin su consentimiento\u201d. Todos sabemos que la vacuna contra el Coronavirus es experimental, por tanto, NO pueden OBLIGAR a vacunarse porque as\u00ed determina la Norma Suprema. Pero ahora con el DS 4661, emitido por aguantArce, OBLIGAN a portar certificado de vacuna o hacerse PCR costoso, para realizar cualquier tr\u00e1mite.<\/p>\n<p>El Art. 410.II manifiesta que \u201cLa Constituci\u00f3n es la norma suprema del ordenamiento jur\u00eddico boliviano y goza de primac\u00eda frente a cualquier otra disposici\u00f3n normativa\u2026 La aplicaci\u00f3n de las normas jur\u00eddicas se regir\u00e1 por la siguiente jerarqu\u00eda, de acuerdo con las competencias de las entidades territoriales: 1. Constituci\u00f3n Pol\u00edtica del Estado. 2. Los tratados internacionales. 3. Las leyes nacionales, los estatutos auton\u00f3micos, las cartas org\u00e1nicas y el resto de legislaci\u00f3n departamental, municipal e ind\u00edgena. 4. Los decretos, reglamentos y dem\u00e1s resoluciones emanadas de los \u00f3rganos ejecutivos correspondientes\u201d.<\/p>\n<p>El C\u00f3digo Nuremberg de 1947 define que \u201cEl consentimiento voluntario del sujeto humano es absolutamente esencial, sin impedimento alguno de fuerza, fraude, enga\u00f1o, intimidaci\u00f3n o promesa o cualquier otra forma de coacci\u00f3n o amenaza; y deber\u00e1 tener informaci\u00f3n y conocimiento suficientes de los elementos del correspondiente experimento, de modo que pueda entender lo que decide, antes de aceptar una respuesta afirmativa por parte de un sujeto experimental\u201d. De acuerdo con el Tratado de Helsinki, \u201cEl principio b\u00e1sico es el RESPETO por el individuo, su derecho a la autodeterminaci\u00f3n y derecho a tomar decisiones una vez que se le ha informado claramente los pros y contras, riesgos y beneficios de su participaci\u00f3n o no en un estudio de investigaci\u00f3n m\u00e9dica\u201d. La Declaraci\u00f3n Universal sobre Bi\u00f3tica y Derechos Humanos de Unesco y otros garantizan la libre determinaci\u00f3n de consentir en la investigaci\u00f3n m\u00e9dica.<\/p>\n<p>La Organizaci\u00f3n Mundial de la Salud (OMS) no aprueba que la vacunaci\u00f3n contra la Covid-19 sea obligatoria, aunque s\u00ed defiende la importancia de inmunizarse. El Director de la OMS en Europa, Hans Kluge, pidi\u00f3 ser \u00abmuy prudentes\u00bb antes de adoptar medidas discriminatorias contra los no vacunados, que podr\u00edan aumentar las tensiones internas y afectar a la salud mental. Si bien reconoci\u00f3 que \u201cse trata de decisiones de cada pa\u00eds\u201d, considera que el uso de mascarillas, la ventilaci\u00f3n y hacerse test de forma regular deber\u00edan ser \u00abest\u00e1ndares\u00bb en todas las escuelas primarias y la vacunaci\u00f3n de ni\u00f1os deber\u00eda ser \u00abdiscutida y considerada\u00bb a nivel nacional.<\/p>\n<p>La Ley de Medicina Tradicional en el Art. 15 (Voluntariedad) expresa que \u201cLa inmunizaci\u00f3n tendr\u00e1 car\u00e1cter voluntario y se aplicar\u00e1 previo consentimiento informado\u201d. En el caso de menores de edad, se deber\u00e1 contar con la autorizaci\u00f3n del padre o madre, tutor legal, o responsables de centros de acogida. La Ley 459 de Medicina Tradicional garantiza a los m\u00e9dicos tradicionales curar con las yerbas naturales.<\/p>\n<p>En Bolivia el Tribunal de Garant\u00edas, de la Sala Constitucional Primera, ha denegado la custodia y rechaz\u00f3 la propuesta de Acci\u00f3n Popular de la Alcald\u00eda de La Paz de PEDIR certificado de vacunaci\u00f3n obligatoria contra la Covid-19 para acceder a espacios p\u00fablicos, eventos y hacer tr\u00e1mites en instituciones. Y ha exhortado al Gobierno Central que, en coordinaci\u00f3n con los gobiernos subnacionales, se proyecte y programe pol\u00edticas necesarias. Por tanto, es jurisprudencia que debe ser acatada por todos los servidores, porque el pueblo les paga sus salarios.<\/p>\n<p>Exigimos respeto a la CPE, a los art\u00edculos que garantizan la libertad de decisi\u00f3n. NO M\u00c1S autoritarismo del gobierno, que obliga a presentar carnet de vacunaci\u00f3n, violando la Constituci\u00f3n que garantiza la libertad de decisi\u00f3n, y criminalizando a las personas que no se vacunen con el experimento sanitario.<\/p>\n<p>&nbsp;<\/p>\n<p><em>Ang\u00e9lica Siles Parrado, Abogada, ex Asamble\u00edsta Constituyente.<\/em><\/p>\n","protected":false},"excerpt":{"rendered":"<p>La Constituci\u00f3n Pol\u00edtica del Estado establece en el Art\u00edculo 35.II que \u201cEl sistema de salud es \u00fanico e incluye a la medicina tradicional de las naciones y pueblos ind\u00edgena originario campesinos\u201d. Seg\u00fan el Art\u00edculo 44. II, \u201cNinguna persona ser\u00e1 sometida a experimentos cient\u00edficos sin su consentimiento\u201d. Todos sabemos que la vacuna contra el Coronavirus es [&hellip;]<\/p>\n","protected":false},"author":1,"featured_media":2714,"comment_status":"closed","ping_status":"closed","sticky":false,"template":"","format":"standard","meta":{"_acf_changed":false,"footnotes":""},"categories":[9],"tags":[],"class_list":["post-53830","post","type-post","status-publish","format-standard","has-post-thumbnail","category-opinion"],"acf":{"antetitulo":""},"yoast_head":"<!-- This site is optimized with the Yoast SEO plugin v28.4 - https:\/\/yoast.com\/product\/yoast-seo-wordpress\/ -->\n<title>Obligar a tener carnet de vacunaci\u00f3n es inconstitucional, como todo con el gobierno dictador - El Diario - Bolivia<\/title>\n<meta name=\"robots\" content=\"index, follow, max-snippet:-1, max-image-preview:large, max-video-preview:-1\" \/>\n<link rel=\"canonical\" href=\"https:\/\/www.eldiario.net\/portal\/2022\/01\/04\/obligar-a-tener-carnet-de-vacunacion-es-inconstitucional-como-todo-con-el-gobierno-dictador\/\" \/>\n<meta property=\"og:locale\" content=\"es_ES\" \/>\n<meta property=\"og:type\" content=\"article\" \/>\n<meta property=\"og:title\" content=\"Obligar a tener carnet de vacunaci\u00f3n es inconstitucional, como todo con el gobierno dictador - El Diario - Bolivia\" \/>\n<meta property=\"og:description\" content=\"La Constituci\u00f3n Pol\u00edtica del Estado establece en el Art\u00edculo 35.II que \u201cEl sistema de salud es \u00fanico e incluye a la medicina tradicional de las naciones y pueblos ind\u00edgena originario campesinos\u201d. Seg\u00fan el Art\u00edculo 44. II, \u201cNinguna persona ser\u00e1 sometida a experimentos cient\u00edficos sin su consentimiento\u201d. Todos sabemos que la vacuna contra el Coronavirus es [&hellip;]\" \/>\n<meta property=\"og:url\" content=\"https:\/\/www.eldiario.net\/portal\/2022\/01\/04\/obligar-a-tener-carnet-de-vacunacion-es-inconstitucional-como-todo-con-el-gobierno-dictador\/\" \/>\n<meta property=\"og:site_name\" content=\"El Diario - Bolivia\" \/>\n<meta property=\"article:publisher\" content=\"https:\/\/www.facebook.com\/eldiario.bolivia\/\" \/>\n<meta property=\"article:published_time\" content=\"2022-01-04T09:01:33+00:00\" \/>\n<meta property=\"og:image\" content=\"https:\/\/www.eldiario.net\/portal\/wp-content\/uploads\/2021\/04\/angelica_siles-1.jpg\" \/>\n\t<meta property=\"og:image:width\" content=\"1200\" \/>\n\t<meta property=\"og:image:height\" content=\"628\" \/>\n\t<meta property=\"og:image:type\" content=\"image\/jpeg\" \/>\n<meta name=\"author\" content=\"Jeanette\" \/>\n<meta name=\"twitter:card\" content=\"summary_large_image\" \/>\n<meta name=\"twitter:creator\" content=\"@eldiario_net\" \/>\n<meta name=\"twitter:site\" content=\"@eldiario_net\" \/>\n<meta name=\"twitter:label1\" content=\"Escrito por\" \/>\n\t<meta name=\"twitter:data1\" content=\"Jeanette\" \/>\n\t<meta name=\"twitter:label2\" content=\"Tiempo de lectura\" \/>\n\t<meta name=\"twitter:data2\" content=\"3 minutos\" \/>\n<script type=\"application\/ld+json\" class=\"yoast-schema-graph\">{\"@context\":\"https:\\\/\\\/schema.org\",\"@graph\":[{\"@type\":\"Article\",\"@id\":\"https:\\\/\\\/www.eldiario.net\\\/portal\\\/2022\\\/01\\\/04\\\/obligar-a-tener-carnet-de-vacunacion-es-inconstitucional-como-todo-con-el-gobierno-dictador\\\/#article\",\"isPartOf\":{\"@id\":\"https:\\\/\\\/www.eldiario.net\\\/portal\\\/2022\\\/01\\\/04\\\/obligar-a-tener-carnet-de-vacunacion-es-inconstitucional-como-todo-con-el-gobierno-dictador\\\/\"},\"author\":{\"name\":\"Jeanette\",\"@id\":\"https:\\\/\\\/www.eldiario.net\\\/portal\\\/#\\\/schema\\\/person\\\/2c57cf2b7a7ae032e449e4c9b1019eac\"},\"headline\":\"Obligar a tener carnet de vacunaci\u00f3n es inconstitucional, como todo con el gobierno dictador\",\"datePublished\":\"2022-01-04T09:01:33+00:00\",\"mainEntityOfPage\":{\"@id\":\"https:\\\/\\\/www.eldiario.net\\\/portal\\\/2022\\\/01\\\/04\\\/obligar-a-tener-carnet-de-vacunacion-es-inconstitucional-como-todo-con-el-gobierno-dictador\\\/\"},\"wordCount\":703,\"publisher\":{\"@id\":\"https:\\\/\\\/www.eldiario.net\\\/portal\\\/#organization\"},\"image\":{\"@id\":\"https:\\\/\\\/www.eldiario.net\\\/portal\\\/2022\\\/01\\\/04\\\/obligar-a-tener-carnet-de-vacunacion-es-inconstitucional-como-todo-con-el-gobierno-dictador\\\/#primaryimage\"},\"thumbnailUrl\":\"https:\\\/\\\/www.eldiario.net\\\/portal\\\/wp-content\\\/uploads\\\/2021\\\/04\\\/angelica_siles-1.jpg\",\"articleSection\":[\"Opini\u00f3n\"],\"inLanguage\":\"es\"},{\"@type\":\"WebPage\",\"@id\":\"https:\\\/\\\/www.eldiario.net\\\/portal\\\/2022\\\/01\\\/04\\\/obligar-a-tener-carnet-de-vacunacion-es-inconstitucional-como-todo-con-el-gobierno-dictador\\\/\",\"url\":\"https:\\\/\\\/www.eldiario.net\\\/portal\\\/2022\\\/01\\\/04\\\/obligar-a-tener-carnet-de-vacunacion-es-inconstitucional-como-todo-con-el-gobierno-dictador\\\/\",\"name\":\"Obligar a tener carnet de vacunaci\u00f3n es inconstitucional, como todo con el gobierno dictador - El Diario - Bolivia\",\"isPartOf\":{\"@id\":\"https:\\\/\\\/www.eldiario.net\\\/portal\\\/#website\"},\"primaryImageOfPage\":{\"@id\":\"https:\\\/\\\/www.eldiario.net\\\/portal\\\/2022\\\/01\\\/04\\\/obligar-a-tener-carnet-de-vacunacion-es-inconstitucional-como-todo-con-el-gobierno-dictador\\\/#primaryimage\"},\"image\":{\"@id\":\"https:\\\/\\\/www.eldiario.net\\\/portal\\\/2022\\\/01\\\/04\\\/obligar-a-tener-carnet-de-vacunacion-es-inconstitucional-como-todo-con-el-gobierno-dictador\\\/#primaryimage\"},\"thumbnailUrl\":\"https:\\\/\\\/www.eldiario.net\\\/portal\\\/wp-content\\\/uploads\\\/2021\\\/04\\\/angelica_siles-1.jpg\",\"datePublished\":\"2022-01-04T09:01:33+00:00\",\"breadcrumb\":{\"@id\":\"https:\\\/\\\/www.eldiario.net\\\/portal\\\/2022\\\/01\\\/04\\\/obligar-a-tener-carnet-de-vacunacion-es-inconstitucional-como-todo-con-el-gobierno-dictador\\\/#breadcrumb\"},\"inLanguage\":\"es\",\"potentialAction\":[{\"@type\":\"ReadAction\",\"target\":[\"https:\\\/\\\/www.eldiario.net\\\/portal\\\/2022\\\/01\\\/04\\\/obligar-a-tener-carnet-de-vacunacion-es-inconstitucional-como-todo-con-el-gobierno-dictador\\\/\"]}]},{\"@type\":\"ImageObject\",\"inLanguage\":\"es\",\"@id\":\"https:\\\/\\\/www.eldiario.net\\\/portal\\\/2022\\\/01\\\/04\\\/obligar-a-tener-carnet-de-vacunacion-es-inconstitucional-como-todo-con-el-gobierno-dictador\\\/#primaryimage\",\"url\":\"https:\\\/\\\/www.eldiario.net\\\/portal\\\/wp-content\\\/uploads\\\/2021\\\/04\\\/angelica_siles-1.jpg\",\"contentUrl\":\"https:\\\/\\\/www.eldiario.net\\\/portal\\\/wp-content\\\/uploads\\\/2021\\\/04\\\/angelica_siles-1.jpg\",\"width\":1200,\"height\":628},{\"@type\":\"BreadcrumbList\",\"@id\":\"https:\\\/\\\/www.eldiario.net\\\/portal\\\/2022\\\/01\\\/04\\\/obligar-a-tener-carnet-de-vacunacion-es-inconstitucional-como-todo-con-el-gobierno-dictador\\\/#breadcrumb\",\"itemListElement\":[{\"@type\":\"ListItem\",\"position\":1,\"name\":\"Portada\",\"item\":\"https:\\\/\\\/www.eldiario.net\\\/portal\\\/\"},{\"@type\":\"ListItem\",\"position\":2,\"name\":\"Obligar a tener carnet de vacunaci\u00f3n es inconstitucional, como todo con el gobierno dictador\"}]},{\"@type\":\"WebSite\",\"@id\":\"https:\\\/\\\/www.eldiario.net\\\/portal\\\/#website\",\"url\":\"https:\\\/\\\/www.eldiario.net\\\/portal\\\/\",\"name\":\"El Diario - Decano de la prensa nacional\",\"description\":\"El Diario - Decano de la prensa nacional\",\"publisher\":{\"@id\":\"https:\\\/\\\/www.eldiario.net\\\/portal\\\/#organization\"},\"potentialAction\":[{\"@type\":\"SearchAction\",\"target\":{\"@type\":\"EntryPoint\",\"urlTemplate\":\"https:\\\/\\\/www.eldiario.net\\\/portal\\\/?s={search_term_string}\"},\"query-input\":{\"@type\":\"PropertyValueSpecification\",\"valueRequired\":true,\"valueName\":\"search_term_string\"}}],\"inLanguage\":\"es\"},{\"@type\":\"Organization\",\"@id\":\"https:\\\/\\\/www.eldiario.net\\\/portal\\\/#organization\",\"name\":\"El Diario - Decano de la prensa nacional\",\"url\":\"https:\\\/\\\/www.eldiario.net\\\/portal\\\/\",\"logo\":{\"@type\":\"ImageObject\",\"inLanguage\":\"es\",\"@id\":\"https:\\\/\\\/www.eldiario.net\\\/portal\\\/#\\\/schema\\\/logo\\\/image\\\/\",\"url\":\"https:\\\/\\\/www.eldiario.net\\\/portal\\\/wp-content\\\/uploads\\\/2023\\\/07\\\/logo_ED.jpg\",\"contentUrl\":\"https:\\\/\\\/www.eldiario.net\\\/portal\\\/wp-content\\\/uploads\\\/2023\\\/07\\\/logo_ED.jpg\",\"width\":272,\"height\":52,\"caption\":\"El Diario - Decano de la prensa nacional\"},\"image\":{\"@id\":\"https:\\\/\\\/www.eldiario.net\\\/portal\\\/#\\\/schema\\\/logo\\\/image\\\/\"},\"sameAs\":[\"https:\\\/\\\/www.facebook.com\\\/eldiario.bolivia\\\/\",\"https:\\\/\\\/x.com\\\/eldiario_net\"]},{\"@type\":\"Person\",\"@id\":\"https:\\\/\\\/www.eldiario.net\\\/portal\\\/#\\\/schema\\\/person\\\/2c57cf2b7a7ae032e449e4c9b1019eac\",\"name\":\"Jeanette\",\"image\":{\"@type\":\"ImageObject\",\"inLanguage\":\"es\",\"@id\":\"https:\\\/\\\/secure.gravatar.com\\\/avatar\\\/3ea2118a5f7dad2b7138b1187a6b7ee55f160b9968b66013c3a3ef39dd7e5798?s=96&d=mm&r=g\",\"url\":\"https:\\\/\\\/secure.gravatar.com\\\/avatar\\\/3ea2118a5f7dad2b7138b1187a6b7ee55f160b9968b66013c3a3ef39dd7e5798?s=96&d=mm&r=g\",\"contentUrl\":\"https:\\\/\\\/secure.gravatar.com\\\/avatar\\\/3ea2118a5f7dad2b7138b1187a6b7ee55f160b9968b66013c3a3ef39dd7e5798?s=96&d=mm&r=g\",\"caption\":\"Jeanette\"},\"sameAs\":[\"https:\\\/\\\/www.eldiario.net\\\/portal\"],\"url\":\"https:\\\/\\\/www.eldiario.net\\\/portal\\\/author\\\/jeanette\\\/\"}]}<\/script>\n<!-- \/ Yoast SEO plugin. -->","yoast_head_json":{"title":"Obligar a tener carnet de vacunaci\u00f3n es inconstitucional, como todo con el gobierno dictador - El Diario - Bolivia","robots":{"index":"index","follow":"follow","max-snippet":"max-snippet:-1","max-image-preview":"max-image-preview:large","max-video-preview":"max-video-preview:-1"},"canonical":"https:\/\/www.eldiario.net\/portal\/2022\/01\/04\/obligar-a-tener-carnet-de-vacunacion-es-inconstitucional-como-todo-con-el-gobierno-dictador\/","og_locale":"es_ES","og_type":"article","og_title":"Obligar a tener carnet de vacunaci\u00f3n es inconstitucional, como todo con el gobierno dictador - El Diario - Bolivia","og_description":"La Constituci\u00f3n Pol\u00edtica del Estado establece en el Art\u00edculo 35.II que \u201cEl sistema de salud es \u00fanico e incluye a la medicina tradicional de las naciones y pueblos ind\u00edgena originario campesinos\u201d. Seg\u00fan el Art\u00edculo 44. II, \u201cNinguna persona ser\u00e1 sometida a experimentos cient\u00edficos sin su consentimiento\u201d. Todos sabemos que la vacuna contra el Coronavirus es [&hellip;]","og_url":"https:\/\/www.eldiario.net\/portal\/2022\/01\/04\/obligar-a-tener-carnet-de-vacunacion-es-inconstitucional-como-todo-con-el-gobierno-dictador\/","og_site_name":"El Diario - Bolivia","article_publisher":"https:\/\/www.facebook.com\/eldiario.bolivia\/","article_published_time":"2022-01-04T09:01:33+00:00","og_image":[{"width":1200,"height":628,"url":"https:\/\/www.eldiario.net\/portal\/wp-content\/uploads\/2021\/04\/angelica_siles-1.jpg","type":"image\/jpeg"}],"author":"Jeanette","twitter_card":"summary_large_image","twitter_creator":"@eldiario_net","twitter_site":"@eldiario_net","twitter_misc":{"Escrito por":"Jeanette","Tiempo de lectura":"3 minutos"},"schema":{"@context":"https:\/\/schema.org","@graph":[{"@type":"Article","@id":"https:\/\/www.eldiario.net\/portal\/2022\/01\/04\/obligar-a-tener-carnet-de-vacunacion-es-inconstitucional-como-todo-con-el-gobierno-dictador\/#article","isPartOf":{"@id":"https:\/\/www.eldiario.net\/portal\/2022\/01\/04\/obligar-a-tener-carnet-de-vacunacion-es-inconstitucional-como-todo-con-el-gobierno-dictador\/"},"author":{"name":"Jeanette","@id":"https:\/\/www.eldiario.net\/portal\/#\/schema\/person\/2c57cf2b7a7ae032e449e4c9b1019eac"},"headline":"Obligar a tener carnet de vacunaci\u00f3n es inconstitucional, como todo con el gobierno dictador","datePublished":"2022-01-04T09:01:33+00:00","mainEntityOfPage":{"@id":"https:\/\/www.eldiario.net\/portal\/2022\/01\/04\/obligar-a-tener-carnet-de-vacunacion-es-inconstitucional-como-todo-con-el-gobierno-dictador\/"},"wordCount":703,"publisher":{"@id":"https:\/\/www.eldiario.net\/portal\/#organization"},"image":{"@id":"https:\/\/www.eldiario.net\/portal\/2022\/01\/04\/obligar-a-tener-carnet-de-vacunacion-es-inconstitucional-como-todo-con-el-gobierno-dictador\/#primaryimage"},"thumbnailUrl":"https:\/\/www.eldiario.net\/portal\/wp-content\/uploads\/2021\/04\/angelica_siles-1.jpg","articleSection":["Opini\u00f3n"],"inLanguage":"es"},{"@type":"WebPage","@id":"https:\/\/www.eldiario.net\/portal\/2022\/01\/04\/obligar-a-tener-carnet-de-vacunacion-es-inconstitucional-como-todo-con-el-gobierno-dictador\/","url":"https:\/\/www.eldiario.net\/portal\/2022\/01\/04\/obligar-a-tener-carnet-de-vacunacion-es-inconstitucional-como-todo-con-el-gobierno-dictador\/","name":"Obligar a tener carnet de vacunaci\u00f3n es inconstitucional, como todo con el gobierno dictador - El Diario - Bolivia","isPartOf":{"@id":"https:\/\/www.eldiario.net\/portal\/#website"},"primaryImageOfPage":{"@id":"https:\/\/www.eldiario.net\/portal\/2022\/01\/04\/obligar-a-tener-carnet-de-vacunacion-es-inconstitucional-como-todo-con-el-gobierno-dictador\/#primaryimage"},"image":{"@id":"https:\/\/www.eldiario.net\/portal\/2022\/01\/04\/obligar-a-tener-carnet-de-vacunacion-es-inconstitucional-como-todo-con-el-gobierno-dictador\/#primaryimage"},"thumbnailUrl":"https:\/\/www.eldiario.net\/portal\/wp-content\/uploads\/2021\/04\/angelica_siles-1.jpg","datePublished":"2022-01-04T09:01:33+00:00","breadcrumb":{"@id":"https:\/\/www.eldiario.net\/portal\/2022\/01\/04\/obligar-a-tener-carnet-de-vacunacion-es-inconstitucional-como-todo-con-el-gobierno-dictador\/#breadcrumb"},"inLanguage":"es","potentialAction":[{"@type":"ReadAction","target":["https:\/\/www.eldiario.net\/portal\/2022\/01\/04\/obligar-a-tener-carnet-de-vacunacion-es-inconstitucional-como-todo-con-el-gobierno-dictador\/"]}]},{"@type":"ImageObject","inLanguage":"es","@id":"https:\/\/www.eldiario.net\/portal\/2022\/01\/04\/obligar-a-tener-carnet-de-vacunacion-es-inconstitucional-como-todo-con-el-gobierno-dictador\/#primaryimage","url":"https:\/\/www.eldiario.net\/portal\/wp-content\/uploads\/2021\/04\/angelica_siles-1.jpg","contentUrl":"https:\/\/www.eldiario.net\/portal\/wp-content\/uploads\/2021\/04\/angelica_siles-1.jpg","width":1200,"height":628},{"@type":"BreadcrumbList","@id":"https:\/\/www.eldiario.net\/portal\/2022\/01\/04\/obligar-a-tener-carnet-de-vacunacion-es-inconstitucional-como-todo-con-el-gobierno-dictador\/#breadcrumb","itemListElement":[{"@type":"ListItem","position":1,"name":"Portada","item":"https:\/\/www.eldiario.net\/portal\/"},{"@type":"ListItem","position":2,"name":"Obligar a tener carnet de vacunaci\u00f3n es inconstitucional, como todo con el gobierno dictador"}]},{"@type":"WebSite","@id":"https:\/\/www.eldiario.net\/portal\/#website","url":"https:\/\/www.eldiario.net\/portal\/","name":"El Diario - Decano de la prensa nacional","description":"El Diario - Decano de la prensa nacional","publisher":{"@id":"https:\/\/www.eldiario.net\/portal\/#organization"},"potentialAction":[{"@type":"SearchAction","target":{"@type":"EntryPoint","urlTemplate":"https:\/\/www.eldiario.net\/portal\/?s={search_term_string}"},"query-input":{"@type":"PropertyValueSpecification","valueRequired":true,"valueName":"search_term_string"}}],"inLanguage":"es"},{"@type":"Organization","@id":"https:\/\/www.eldiario.net\/portal\/#organization","name":"El Diario - Decano de la prensa nacional","url":"https:\/\/www.eldiario.net\/portal\/","logo":{"@type":"ImageObject","inLanguage":"es","@id":"https:\/\/www.eldiario.net\/portal\/#\/schema\/logo\/image\/","url":"https:\/\/www.eldiario.net\/portal\/wp-content\/uploads\/2023\/07\/logo_ED.jpg","contentUrl":"https:\/\/www.eldiario.net\/portal\/wp-content\/uploads\/2023\/07\/logo_ED.jpg","width":272,"height":52,"caption":"El Diario - Decano de la prensa nacional"},"image":{"@id":"https:\/\/www.eldiario.net\/portal\/#\/schema\/logo\/image\/"},"sameAs":["https:\/\/www.facebook.com\/eldiario.bolivia\/","https:\/\/x.com\/eldiario_net"]},{"@type":"Person","@id":"https:\/\/www.eldiario.net\/portal\/#\/schema\/person\/2c57cf2b7a7ae032e449e4c9b1019eac","name":"Jeanette","image":{"@type":"ImageObject","inLanguage":"es","@id":"https:\/\/secure.gravatar.com\/avatar\/3ea2118a5f7dad2b7138b1187a6b7ee55f160b9968b66013c3a3ef39dd7e5798?s=96&d=mm&r=g","url":"https:\/\/secure.gravatar.com\/avatar\/3ea2118a5f7dad2b7138b1187a6b7ee55f160b9968b66013c3a3ef39dd7e5798?s=96&d=mm&r=g","contentUrl":"https:\/\/secure.gravatar.com\/avatar\/3ea2118a5f7dad2b7138b1187a6b7ee55f160b9968b66013c3a3ef39dd7e5798?s=96&d=mm&r=g","caption":"Jeanette"},"sameAs":["https:\/\/www.eldiario.net\/portal"],"url":"https:\/\/www.eldiario.net\/portal\/author\/jeanette\/"}]}},"_links":{"self":[{"href":"https:\/\/www.eldiario.net\/portal\/wp-json\/wp\/v2\/posts\/53830","targetHints":{"allow":["GET"]}}],"collection":[{"href":"https:\/\/www.eldiario.net\/portal\/wp-json\/wp\/v2\/posts"}],"about":[{"href":"https:\/\/www.eldiario.net\/portal\/wp-json\/wp\/v2\/types\/post"}],"author":[{"embeddable":true,"href":"https:\/\/www.eldiario.net\/portal\/wp-json\/wp\/v2\/users\/1"}],"replies":[{"embeddable":true,"href":"https:\/\/www.eldiario.net\/portal\/wp-json\/wp\/v2\/comments?post=53830"}],"version-history":[{"count":0,"href":"https:\/\/www.eldiario.net\/portal\/wp-json\/wp\/v2\/posts\/53830\/revisions"}],"wp:featuredmedia":[{"embeddable":true,"href":"https:\/\/www.eldiario.net\/portal\/wp-json\/wp\/v2\/media\/2714"}],"wp:attachment":[{"href":"https:\/\/www.eldiario.net\/portal\/wp-json\/wp\/v2\/media?parent=53830"}],"wp:term":[{"taxonomy":"category","embeddable":true,"href":"https:\/\/www.eldiario.net\/portal\/wp-json\/wp\/v2\/categories?post=53830"},{"taxonomy":"post_tag","embeddable":true,"href":"https:\/\/www.eldiario.net\/portal\/wp-json\/wp\/v2\/tags?post=53830"}],"curies":[{"name":"wp","href":"https:\/\/api.w.org\/{rel}","templated":true}]}}