{"id":53828,"date":"2022-01-04T05:00:35","date_gmt":"2022-01-04T09:00:35","guid":{"rendered":"https:\/\/www.eldiario.net\/portal\/?p=53828"},"modified":"2022-01-04T05:00:35","modified_gmt":"2022-01-04T09:00:35","slug":"importancia-de-la-resolucion-ministerial-001-2022","status":"publish","type":"post","link":"https:\/\/www.eldiario.net\/portal\/2022\/01\/04\/importancia-de-la-resolucion-ministerial-001-2022\/","title":{"rendered":"Importancia de la Resoluci\u00f3n Ministerial 001\/2022"},"content":{"rendered":"<p>En educaci\u00f3n, \u00bfqu\u00e9 es y cu\u00e1l es la importancia de la Resoluci\u00f3n Ministerial 001\/2022? \u201cEs un instrumento administrativo que norma los procedimientos de planificaci\u00f3n, organizaci\u00f3n, ejecuci\u00f3n, seguimiento y evaluaci\u00f3n de las actividades educativas, correspondiente a una gesti\u00f3n educativa\u201d. S\u00ed, es una norma administrativa que rige el funcionamiento de los subsistemas de Educaci\u00f3n Regular, Alternativa y Especial y Superior de Formaci\u00f3n Profesional del Sistema Educativo.<\/p>\n<p>Desde la vigencia de la Ley 070 de la Educaci\u00f3n (2010); las resoluciones ministeriales han seguido un camino constante y recurrente con un mismo contenido repetitivo. Por ello, los directores de unidades educativas y distritales comentaban en sus consejos t\u00e9cnicos: \u201cTodo es lo mismo, la misma cantaleta, nada cambi\u00f3\u201d. Pero ahora las cosas son muy distintas, porque los procesos de ense\u00f1anza y aprendizaje cambiaron absolutamente con la presencia del coronavirus chino y sus variantes vertiginosas.<\/p>\n<p>Cambios que deben estar inmersos en el documento normativo, referidos esencialmente a los procesos de inscripci\u00f3n de los estudiantes de los primeros cursos de nivel inicial, primario y secundario; que se los puede realizar mediante Internet, para evitar inmensas filas de padres de familia en las puertas de las escuelas, corriendo riesgos de contagio, resfr\u00edo, lluvia; porque hasta el momento existe gente que no recibi\u00f3 alguna dosis de vacuna contra el Covid-19, por resistencia a la inmunizaci\u00f3n colectiva y otros prejuicios.<\/p>\n<p>En la resoluci\u00f3n tambi\u00e9n establecer\u00e1n la modalidad de aprendizaje que se adoptar\u00e1 este a\u00f1o: a distancia, semipresencial y presencial. Adem\u00e1s, exigir\u00e1 a los gobiernos municipales cumplimiento de sus responsabilidades: instalaci\u00f3n de c\u00e1maras de desinfecci\u00f3n, dotaci\u00f3n de barbijos, entrega de alcohol en gel, jab\u00f3n a los estudiantes y docentes para combatir el contagio. Es decir, efectuar con anticipaci\u00f3n refacciones de la infraestructura escolar antes de iniciar clases.<\/p>\n<p>No faltar\u00e1n orientaciones a los estudiantes y docentes, sobre la continuidad del uso de las medidas de bioseguridad dentro y fuera del aula, distanciamiento social, aunque la tendencia \u00faltima es pasar clases presenciales; porque qui\u00e9rase o no reconocer, la escuela es un espacio de concentraci\u00f3n y aglomeraci\u00f3n masiva de estudiantes, docentes y padres de familia. L\u00f3gicamente, los ni\u00f1os peque\u00f1os en su inocencia no comprenden a cabalidad los peligros de las aglomeraciones locales.<\/p>\n<p>Los planes curriculares y sistema de evaluaci\u00f3n educativa que desarrollar\u00e1n los docentes, que sugerimos desde EL DIARIO, deben ser reajustados ante la coyuntura educativa que viven los estudiantes, para salir de la pr\u00e1ctica \u201cburocr\u00e1tica\u201d en la que est\u00e1 sumida la educaci\u00f3n. As\u00ed se podr\u00e1 superar las dificultades de aprendizaje que fueron ocasionadas por la pandemia en las gestiones pasadas. Orientar a los docentes de aula y \u00e1reas t\u00e9cnicas en la dosificaci\u00f3n selectiva de contenidos curriculares para cada curso y nivel en los textos de apoyo.<\/p>\n<p>Que \u00edtems de docentes que se acogen a la jubilaci\u00f3n no sean prohibidos en su fraccionamiento, como ocurr\u00eda en las anteriores resoluciones; levantar esa restricci\u00f3n permitir\u00e1 crear m\u00e1s \u00edtems y espacios de trabajo docente. Las compulsas de m\u00e9ritos docente y administrativo, considerados inconstitucionales, se convirtieron en fuente de corrupci\u00f3n y exclusi\u00f3n de docentes reci\u00e9n egresados de las Escuelas Superiores de Formaci\u00f3n Maestros en esta \u00faltima d\u00e9cada. Quienes deben designar a los maestros en \u00edtems ac\u00e9falos, son los directores distritales de educaci\u00f3n.<\/p>\n<p>Como ver\u00e1n, en estas pocas l\u00edneas queda demostrada la importancia que tiene la Resoluci\u00f3n Ministerial 001\/2022 en el sistema educativo, porque establece lineamientos generales de car\u00e1cter administrativo para inicio de las actividades educativas, desarrollo de los procesos de aprendizaje, enfoque de los contenidos curriculares, evaluaci\u00f3n institucional y cierre de la gesti\u00f3n escolar; debiendo merecer siempre estos aspectos consenso y concertaci\u00f3n con los actores del quehacer educativo: maestros y directores.<\/p>\n","protected":false},"excerpt":{"rendered":"<p>En educaci\u00f3n, \u00bfqu\u00e9 es y cu\u00e1l es la importancia de la Resoluci\u00f3n Ministerial 001\/2022? \u201cEs un instrumento administrativo que norma los procedimientos de planificaci\u00f3n, organizaci\u00f3n, ejecuci\u00f3n, seguimiento y evaluaci\u00f3n de las actividades educativas, correspondiente a una gesti\u00f3n educativa\u201d. S\u00ed, es una norma administrativa que rige el funcionamiento de los subsistemas de Educaci\u00f3n Regular, Alternativa y [&hellip;]<\/p>\n","protected":false},"author":1,"featured_media":47214,"comment_status":"closed","ping_status":"closed","sticky":false,"template":"","format":"standard","meta":{"_acf_changed":false,"footnotes":""},"categories":[9],"tags":[],"class_list":["post-53828","post","type-post","status-publish","format-standard","has-post-thumbnail","category-opinion"],"acf":{"antetitulo":""},"yoast_head":"<!-- This site is optimized with the Yoast SEO plugin v28.4 - https:\/\/yoast.com\/product\/yoast-seo-wordpress\/ -->\n<title>Importancia de la Resoluci\u00f3n Ministerial 001\/2022 - El Diario - Bolivia<\/title>\n<meta name=\"robots\" content=\"index, follow, max-snippet:-1, max-image-preview:large, max-video-preview:-1\" \/>\n<link rel=\"canonical\" href=\"https:\/\/www.eldiario.net\/portal\/2022\/01\/04\/importancia-de-la-resolucion-ministerial-001-2022\/\" \/>\n<meta property=\"og:locale\" content=\"es_ES\" \/>\n<meta property=\"og:type\" content=\"article\" \/>\n<meta property=\"og:title\" content=\"Importancia de la Resoluci\u00f3n Ministerial 001\/2022 - El Diario - Bolivia\" \/>\n<meta property=\"og:description\" content=\"En educaci\u00f3n, \u00bfqu\u00e9 es y cu\u00e1l es la importancia de la Resoluci\u00f3n Ministerial 001\/2022? \u201cEs un instrumento administrativo que norma los procedimientos de planificaci\u00f3n, organizaci\u00f3n, ejecuci\u00f3n, seguimiento y evaluaci\u00f3n de las actividades educativas, correspondiente a una gesti\u00f3n educativa\u201d. S\u00ed, es una norma administrativa que rige el funcionamiento de los subsistemas de Educaci\u00f3n Regular, Alternativa y [&hellip;]\" \/>\n<meta property=\"og:url\" content=\"https:\/\/www.eldiario.net\/portal\/2022\/01\/04\/importancia-de-la-resolucion-ministerial-001-2022\/\" \/>\n<meta property=\"og:site_name\" content=\"El Diario - Bolivia\" \/>\n<meta property=\"article:publisher\" content=\"https:\/\/www.facebook.com\/eldiario.bolivia\/\" \/>\n<meta property=\"article:published_time\" content=\"2022-01-04T09:00:35+00:00\" \/>\n<meta name=\"author\" content=\"Jeanette\" \/>\n<meta name=\"twitter:card\" content=\"summary_large_image\" \/>\n<meta name=\"twitter:creator\" content=\"@eldiario_net\" \/>\n<meta name=\"twitter:site\" content=\"@eldiario_net\" \/>\n<meta name=\"twitter:label1\" content=\"Escrito por\" \/>\n\t<meta name=\"twitter:data1\" content=\"Jeanette\" \/>\n\t<meta name=\"twitter:label2\" content=\"Tiempo de lectura\" \/>\n\t<meta name=\"twitter:data2\" content=\"3 minutos\" \/>\n<script type=\"application\/ld+json\" class=\"yoast-schema-graph\">{\"@context\":\"https:\\\/\\\/schema.org\",\"@graph\":[{\"@type\":\"Article\",\"@id\":\"https:\\\/\\\/www.eldiario.net\\\/portal\\\/2022\\\/01\\\/04\\\/importancia-de-la-resolucion-ministerial-001-2022\\\/#article\",\"isPartOf\":{\"@id\":\"https:\\\/\\\/www.eldiario.net\\\/portal\\\/2022\\\/01\\\/04\\\/importancia-de-la-resolucion-ministerial-001-2022\\\/\"},\"author\":{\"name\":\"Jeanette\",\"@id\":\"https:\\\/\\\/www.eldiario.net\\\/portal\\\/#\\\/schema\\\/person\\\/2c57cf2b7a7ae032e449e4c9b1019eac\"},\"headline\":\"Importancia de la Resoluci\u00f3n Ministerial 001\\\/2022\",\"datePublished\":\"2022-01-04T09:00:35+00:00\",\"mainEntityOfPage\":{\"@id\":\"https:\\\/\\\/www.eldiario.net\\\/portal\\\/2022\\\/01\\\/04\\\/importancia-de-la-resolucion-ministerial-001-2022\\\/\"},\"wordCount\":655,\"publisher\":{\"@id\":\"https:\\\/\\\/www.eldiario.net\\\/portal\\\/#organization\"},\"image\":{\"@id\":\"https:\\\/\\\/www.eldiario.net\\\/portal\\\/2022\\\/01\\\/04\\\/importancia-de-la-resolucion-ministerial-001-2022\\\/#primaryimage\"},\"thumbnailUrl\":\"\",\"articleSection\":[\"Opini\u00f3n\"],\"inLanguage\":\"es\"},{\"@type\":\"WebPage\",\"@id\":\"https:\\\/\\\/www.eldiario.net\\\/portal\\\/2022\\\/01\\\/04\\\/importancia-de-la-resolucion-ministerial-001-2022\\\/\",\"url\":\"https:\\\/\\\/www.eldiario.net\\\/portal\\\/2022\\\/01\\\/04\\\/importancia-de-la-resolucion-ministerial-001-2022\\\/\",\"name\":\"Importancia de la Resoluci\u00f3n Ministerial 001\\\/2022 - El Diario - Bolivia\",\"isPartOf\":{\"@id\":\"https:\\\/\\\/www.eldiario.net\\\/portal\\\/#website\"},\"primaryImageOfPage\":{\"@id\":\"https:\\\/\\\/www.eldiario.net\\\/portal\\\/2022\\\/01\\\/04\\\/importancia-de-la-resolucion-ministerial-001-2022\\\/#primaryimage\"},\"image\":{\"@id\":\"https:\\\/\\\/www.eldiario.net\\\/portal\\\/2022\\\/01\\\/04\\\/importancia-de-la-resolucion-ministerial-001-2022\\\/#primaryimage\"},\"thumbnailUrl\":\"\",\"datePublished\":\"2022-01-04T09:00:35+00:00\",\"breadcrumb\":{\"@id\":\"https:\\\/\\\/www.eldiario.net\\\/portal\\\/2022\\\/01\\\/04\\\/importancia-de-la-resolucion-ministerial-001-2022\\\/#breadcrumb\"},\"inLanguage\":\"es\",\"potentialAction\":[{\"@type\":\"ReadAction\",\"target\":[\"https:\\\/\\\/www.eldiario.net\\\/portal\\\/2022\\\/01\\\/04\\\/importancia-de-la-resolucion-ministerial-001-2022\\\/\"]}]},{\"@type\":\"ImageObject\",\"inLanguage\":\"es\",\"@id\":\"https:\\\/\\\/www.eldiario.net\\\/portal\\\/2022\\\/01\\\/04\\\/importancia-de-la-resolucion-ministerial-001-2022\\\/#primaryimage\",\"url\":\"\",\"contentUrl\":\"\"},{\"@type\":\"BreadcrumbList\",\"@id\":\"https:\\\/\\\/www.eldiario.net\\\/portal\\\/2022\\\/01\\\/04\\\/importancia-de-la-resolucion-ministerial-001-2022\\\/#breadcrumb\",\"itemListElement\":[{\"@type\":\"ListItem\",\"position\":1,\"name\":\"Portada\",\"item\":\"https:\\\/\\\/www.eldiario.net\\\/portal\\\/\"},{\"@type\":\"ListItem\",\"position\":2,\"name\":\"Importancia de la Resoluci\u00f3n Ministerial 001\\\/2022\"}]},{\"@type\":\"WebSite\",\"@id\":\"https:\\\/\\\/www.eldiario.net\\\/portal\\\/#website\",\"url\":\"https:\\\/\\\/www.eldiario.net\\\/portal\\\/\",\"name\":\"El Diario - Decano de la prensa nacional\",\"description\":\"El Diario - Decano de la prensa nacional\",\"publisher\":{\"@id\":\"https:\\\/\\\/www.eldiario.net\\\/portal\\\/#organization\"},\"potentialAction\":[{\"@type\":\"SearchAction\",\"target\":{\"@type\":\"EntryPoint\",\"urlTemplate\":\"https:\\\/\\\/www.eldiario.net\\\/portal\\\/?s={search_term_string}\"},\"query-input\":{\"@type\":\"PropertyValueSpecification\",\"valueRequired\":true,\"valueName\":\"search_term_string\"}}],\"inLanguage\":\"es\"},{\"@type\":\"Organization\",\"@id\":\"https:\\\/\\\/www.eldiario.net\\\/portal\\\/#organization\",\"name\":\"El Diario - Decano de la prensa nacional\",\"url\":\"https:\\\/\\\/www.eldiario.net\\\/portal\\\/\",\"logo\":{\"@type\":\"ImageObject\",\"inLanguage\":\"es\",\"@id\":\"https:\\\/\\\/www.eldiario.net\\\/portal\\\/#\\\/schema\\\/logo\\\/image\\\/\",\"url\":\"https:\\\/\\\/www.eldiario.net\\\/portal\\\/wp-content\\\/uploads\\\/2023\\\/07\\\/logo_ED.jpg\",\"contentUrl\":\"https:\\\/\\\/www.eldiario.net\\\/portal\\\/wp-content\\\/uploads\\\/2023\\\/07\\\/logo_ED.jpg\",\"width\":272,\"height\":52,\"caption\":\"El Diario - Decano de la prensa nacional\"},\"image\":{\"@id\":\"https:\\\/\\\/www.eldiario.net\\\/portal\\\/#\\\/schema\\\/logo\\\/image\\\/\"},\"sameAs\":[\"https:\\\/\\\/www.facebook.com\\\/eldiario.bolivia\\\/\",\"https:\\\/\\\/x.com\\\/eldiario_net\"]},{\"@type\":\"Person\",\"@id\":\"https:\\\/\\\/www.eldiario.net\\\/portal\\\/#\\\/schema\\\/person\\\/2c57cf2b7a7ae032e449e4c9b1019eac\",\"name\":\"Jeanette\",\"image\":{\"@type\":\"ImageObject\",\"inLanguage\":\"es\",\"@id\":\"https:\\\/\\\/secure.gravatar.com\\\/avatar\\\/3ea2118a5f7dad2b7138b1187a6b7ee55f160b9968b66013c3a3ef39dd7e5798?s=96&d=mm&r=g\",\"url\":\"https:\\\/\\\/secure.gravatar.com\\\/avatar\\\/3ea2118a5f7dad2b7138b1187a6b7ee55f160b9968b66013c3a3ef39dd7e5798?s=96&d=mm&r=g\",\"contentUrl\":\"https:\\\/\\\/secure.gravatar.com\\\/avatar\\\/3ea2118a5f7dad2b7138b1187a6b7ee55f160b9968b66013c3a3ef39dd7e5798?s=96&d=mm&r=g\",\"caption\":\"Jeanette\"},\"sameAs\":[\"https:\\\/\\\/www.eldiario.net\\\/portal\"],\"url\":\"https:\\\/\\\/www.eldiario.net\\\/portal\\\/author\\\/jeanette\\\/\"}]}<\/script>\n<!-- \/ Yoast SEO plugin. -->","yoast_head_json":{"title":"Importancia de la Resoluci\u00f3n Ministerial 001\/2022 - El Diario - Bolivia","robots":{"index":"index","follow":"follow","max-snippet":"max-snippet:-1","max-image-preview":"max-image-preview:large","max-video-preview":"max-video-preview:-1"},"canonical":"https:\/\/www.eldiario.net\/portal\/2022\/01\/04\/importancia-de-la-resolucion-ministerial-001-2022\/","og_locale":"es_ES","og_type":"article","og_title":"Importancia de la Resoluci\u00f3n Ministerial 001\/2022 - El Diario - Bolivia","og_description":"En educaci\u00f3n, \u00bfqu\u00e9 es y cu\u00e1l es la importancia de la Resoluci\u00f3n Ministerial 001\/2022? \u201cEs un instrumento administrativo que norma los procedimientos de planificaci\u00f3n, organizaci\u00f3n, ejecuci\u00f3n, seguimiento y evaluaci\u00f3n de las actividades educativas, correspondiente a una gesti\u00f3n educativa\u201d. S\u00ed, es una norma administrativa que rige el funcionamiento de los subsistemas de Educaci\u00f3n Regular, Alternativa y [&hellip;]","og_url":"https:\/\/www.eldiario.net\/portal\/2022\/01\/04\/importancia-de-la-resolucion-ministerial-001-2022\/","og_site_name":"El Diario - Bolivia","article_publisher":"https:\/\/www.facebook.com\/eldiario.bolivia\/","article_published_time":"2022-01-04T09:00:35+00:00","author":"Jeanette","twitter_card":"summary_large_image","twitter_creator":"@eldiario_net","twitter_site":"@eldiario_net","twitter_misc":{"Escrito por":"Jeanette","Tiempo de lectura":"3 minutos"},"schema":{"@context":"https:\/\/schema.org","@graph":[{"@type":"Article","@id":"https:\/\/www.eldiario.net\/portal\/2022\/01\/04\/importancia-de-la-resolucion-ministerial-001-2022\/#article","isPartOf":{"@id":"https:\/\/www.eldiario.net\/portal\/2022\/01\/04\/importancia-de-la-resolucion-ministerial-001-2022\/"},"author":{"name":"Jeanette","@id":"https:\/\/www.eldiario.net\/portal\/#\/schema\/person\/2c57cf2b7a7ae032e449e4c9b1019eac"},"headline":"Importancia de la Resoluci\u00f3n Ministerial 001\/2022","datePublished":"2022-01-04T09:00:35+00:00","mainEntityOfPage":{"@id":"https:\/\/www.eldiario.net\/portal\/2022\/01\/04\/importancia-de-la-resolucion-ministerial-001-2022\/"},"wordCount":655,"publisher":{"@id":"https:\/\/www.eldiario.net\/portal\/#organization"},"image":{"@id":"https:\/\/www.eldiario.net\/portal\/2022\/01\/04\/importancia-de-la-resolucion-ministerial-001-2022\/#primaryimage"},"thumbnailUrl":"","articleSection":["Opini\u00f3n"],"inLanguage":"es"},{"@type":"WebPage","@id":"https:\/\/www.eldiario.net\/portal\/2022\/01\/04\/importancia-de-la-resolucion-ministerial-001-2022\/","url":"https:\/\/www.eldiario.net\/portal\/2022\/01\/04\/importancia-de-la-resolucion-ministerial-001-2022\/","name":"Importancia de la Resoluci\u00f3n Ministerial 001\/2022 - El Diario - Bolivia","isPartOf":{"@id":"https:\/\/www.eldiario.net\/portal\/#website"},"primaryImageOfPage":{"@id":"https:\/\/www.eldiario.net\/portal\/2022\/01\/04\/importancia-de-la-resolucion-ministerial-001-2022\/#primaryimage"},"image":{"@id":"https:\/\/www.eldiario.net\/portal\/2022\/01\/04\/importancia-de-la-resolucion-ministerial-001-2022\/#primaryimage"},"thumbnailUrl":"","datePublished":"2022-01-04T09:00:35+00:00","breadcrumb":{"@id":"https:\/\/www.eldiario.net\/portal\/2022\/01\/04\/importancia-de-la-resolucion-ministerial-001-2022\/#breadcrumb"},"inLanguage":"es","potentialAction":[{"@type":"ReadAction","target":["https:\/\/www.eldiario.net\/portal\/2022\/01\/04\/importancia-de-la-resolucion-ministerial-001-2022\/"]}]},{"@type":"ImageObject","inLanguage":"es","@id":"https:\/\/www.eldiario.net\/portal\/2022\/01\/04\/importancia-de-la-resolucion-ministerial-001-2022\/#primaryimage","url":"","contentUrl":""},{"@type":"BreadcrumbList","@id":"https:\/\/www.eldiario.net\/portal\/2022\/01\/04\/importancia-de-la-resolucion-ministerial-001-2022\/#breadcrumb","itemListElement":[{"@type":"ListItem","position":1,"name":"Portada","item":"https:\/\/www.eldiario.net\/portal\/"},{"@type":"ListItem","position":2,"name":"Importancia de la Resoluci\u00f3n Ministerial 001\/2022"}]},{"@type":"WebSite","@id":"https:\/\/www.eldiario.net\/portal\/#website","url":"https:\/\/www.eldiario.net\/portal\/","name":"El Diario - Decano de la prensa nacional","description":"El Diario - Decano de la prensa nacional","publisher":{"@id":"https:\/\/www.eldiario.net\/portal\/#organization"},"potentialAction":[{"@type":"SearchAction","target":{"@type":"EntryPoint","urlTemplate":"https:\/\/www.eldiario.net\/portal\/?s={search_term_string}"},"query-input":{"@type":"PropertyValueSpecification","valueRequired":true,"valueName":"search_term_string"}}],"inLanguage":"es"},{"@type":"Organization","@id":"https:\/\/www.eldiario.net\/portal\/#organization","name":"El Diario - Decano de la prensa nacional","url":"https:\/\/www.eldiario.net\/portal\/","logo":{"@type":"ImageObject","inLanguage":"es","@id":"https:\/\/www.eldiario.net\/portal\/#\/schema\/logo\/image\/","url":"https:\/\/www.eldiario.net\/portal\/wp-content\/uploads\/2023\/07\/logo_ED.jpg","contentUrl":"https:\/\/www.eldiario.net\/portal\/wp-content\/uploads\/2023\/07\/logo_ED.jpg","width":272,"height":52,"caption":"El Diario - Decano de la prensa nacional"},"image":{"@id":"https:\/\/www.eldiario.net\/portal\/#\/schema\/logo\/image\/"},"sameAs":["https:\/\/www.facebook.com\/eldiario.bolivia\/","https:\/\/x.com\/eldiario_net"]},{"@type":"Person","@id":"https:\/\/www.eldiario.net\/portal\/#\/schema\/person\/2c57cf2b7a7ae032e449e4c9b1019eac","name":"Jeanette","image":{"@type":"ImageObject","inLanguage":"es","@id":"https:\/\/secure.gravatar.com\/avatar\/3ea2118a5f7dad2b7138b1187a6b7ee55f160b9968b66013c3a3ef39dd7e5798?s=96&d=mm&r=g","url":"https:\/\/secure.gravatar.com\/avatar\/3ea2118a5f7dad2b7138b1187a6b7ee55f160b9968b66013c3a3ef39dd7e5798?s=96&d=mm&r=g","contentUrl":"https:\/\/secure.gravatar.com\/avatar\/3ea2118a5f7dad2b7138b1187a6b7ee55f160b9968b66013c3a3ef39dd7e5798?s=96&d=mm&r=g","caption":"Jeanette"},"sameAs":["https:\/\/www.eldiario.net\/portal"],"url":"https:\/\/www.eldiario.net\/portal\/author\/jeanette\/"}]}},"_links":{"self":[{"href":"https:\/\/www.eldiario.net\/portal\/wp-json\/wp\/v2\/posts\/53828","targetHints":{"allow":["GET"]}}],"collection":[{"href":"https:\/\/www.eldiario.net\/portal\/wp-json\/wp\/v2\/posts"}],"about":[{"href":"https:\/\/www.eldiario.net\/portal\/wp-json\/wp\/v2\/types\/post"}],"author":[{"embeddable":true,"href":"https:\/\/www.eldiario.net\/portal\/wp-json\/wp\/v2\/users\/1"}],"replies":[{"embeddable":true,"href":"https:\/\/www.eldiario.net\/portal\/wp-json\/wp\/v2\/comments?post=53828"}],"version-history":[{"count":0,"href":"https:\/\/www.eldiario.net\/portal\/wp-json\/wp\/v2\/posts\/53828\/revisions"}],"wp:attachment":[{"href":"https:\/\/www.eldiario.net\/portal\/wp-json\/wp\/v2\/media?parent=53828"}],"wp:term":[{"taxonomy":"category","embeddable":true,"href":"https:\/\/www.eldiario.net\/portal\/wp-json\/wp\/v2\/categories?post=53828"},{"taxonomy":"post_tag","embeddable":true,"href":"https:\/\/www.eldiario.net\/portal\/wp-json\/wp\/v2\/tags?post=53828"}],"curies":[{"name":"wp","href":"https:\/\/api.w.org\/{rel}","templated":true}]}}