{"id":5337,"date":"2021-05-21T06:18:57","date_gmt":"2021-05-21T10:18:57","guid":{"rendered":"https:\/\/www.eldiario.net\/portal\/?p=5337"},"modified":"2021-05-21T06:18:57","modified_gmt":"2021-05-21T10:18:57","slug":"condena-la-sip-ataque-contra-la-prensa-en-peru","status":"publish","type":"post","link":"https:\/\/www.eldiario.net\/portal\/2021\/05\/21\/condena-la-sip-ataque-contra-la-prensa-en-peru\/","title":{"rendered":"Condena la SIP ataque  contra la prensa en Per\u00fa"},"content":{"rendered":"<p class=\"v1MsoNormal\">Miami (20 de mayo de 2021).- La Sociedad Interamericana de Prensa (SIP) conden\u00f3 el ataque contra un equipo de prensa en Per\u00fa. La organizaci\u00f3n inst\u00f3 a las autoridades a investigar con celeridad y profundidad los hechos y se\u00f1alar a los responsables.<\/p>\n<p class=\"v1MsoNormal\">Un grupo de simpatizantes del candidato presidencial Pedro Castillo, del partido Per\u00fa Libre, atac\u00f3 a periodistas de Canal N. La agresi\u00f3n ocurri\u00f3 ayer en Ayacucho, mientras el equipo period\u00edstico cubr\u00eda un mitin de Castillo, quien aspira a ganar la presidencia durante la segunda vuelta electoral del 6 de junio. Castillo dijo durante un discurso que revelar\u00eda \u00abcu\u00e1nto ganan los que conducen los programas de televisi\u00f3n y qui\u00e9n les paga\u00bb. Luego, el maestro de ceremonias se refiri\u00f3 a los periodistas presentes como \u00abprensa mermelera\u00bb (que acepta soborno). La periodista Stefanie Medina fue agredida de una patada y el camar\u00f3grafo Carlos Brown, fue golpeado con un palo.<\/p>\n<p class=\"v1MsoNormal\">El presidente de la SIP, Jorge Canahuati, conden\u00f3 el hecho de violencia y record\u00f3 que \u00abCastillo viene ejerciendo una campa\u00f1a de estigmatizaci\u00f3n contra periodistas y medios\u00bb. Agreg\u00f3 que desde la SIP se viene advirtiendo sobre la tendencia de pol\u00edticos de muchos pa\u00edses a exhibir conductas y actitudes anti prensa. \u00abLamentablemente somos testigos de la violencia f\u00edsica que generan estos insultos de parte de personas que, por su calidad de participar en elecciones democr\u00e1ticas, deber\u00edan tener pleno respeto por las libertades de prensa y de expresi\u00f3n\u00bb.<\/p>\n<p class=\"v1MsoNormal\">El presidente de la Comisi\u00f3n de Libertad de Prensa e Informaci\u00f3n de la SIP, Carlos Jornet, agreg\u00f3 que \u00abesta agresi\u00f3n contra los periodistas es un mal indicio de la relaci\u00f3n de Castillo y su grupo de campa\u00f1a con la prensa y sobre lo que podr\u00eda pasar en Per\u00fa en la eventualidad de que el candidato gane las elecciones\u00bb.<\/p>\n<p class=\"v1MsoNormal\">Canahuati, CEO de Grupo Opsa, de Honduras, y Jornet, de La Voz del Interior, Argentina, recordaron que la Declaraci\u00f3n de Principios sobre Libertad de Expresi\u00f3n de la Comisi\u00f3n Interamericana de Derechos Humanos y la Declaraci\u00f3n de Chapultepec de la SIP convocan a los gobiernos a investigar y castigar los hechos violentos contra la prensa, sobre la que estipulan es una de las piedras angulares de una sociedad democr\u00e1tica.<\/p>\n<p class=\"v1MsoNormal\">La SIP es una organizaci\u00f3n sin fines de lucro dedicada a la defensa y promoci\u00f3n de la libertad de prensa y de expresi\u00f3n en las Am\u00e9ricas. Est\u00e1 compuesta por m\u00e1s de 1.300 publicaciones del hemisferio occidental; y tiene sede en Miami, Florida, Estados Unidos.<\/p>\n","protected":false},"excerpt":{"rendered":"<p>Miami (20 de mayo de 2021).- La Sociedad Interamericana de Prensa (SIP) conden\u00f3 el ataque contra un equipo de prensa en Per\u00fa. La organizaci\u00f3n inst\u00f3 a las autoridades a investigar con celeridad y profundidad los hechos y se\u00f1alar a los responsables. Un grupo de simpatizantes del candidato presidencial Pedro Castillo, del partido Per\u00fa Libre, atac\u00f3 [&hellip;]<\/p>\n","protected":false},"author":1,"featured_media":5338,"comment_status":"closed","ping_status":"closed","sticky":false,"template":"","format":"standard","meta":{"_acf_changed":false,"footnotes":""},"categories":[14],"tags":[],"class_list":["post-5337","post","type-post","status-publish","format-standard","has-post-thumbnail","category-politica"],"acf":{"antetitulo":""},"yoast_head":"<!-- This site is optimized with the Yoast SEO plugin v28.3 - https:\/\/yoast.com\/product\/yoast-seo-wordpress\/ -->\n<title>Condena la SIP ataque contra la prensa en Per\u00fa - El Diario - Bolivia<\/title>\n<meta name=\"robots\" content=\"index, follow, max-snippet:-1, max-image-preview:large, max-video-preview:-1\" \/>\n<link rel=\"canonical\" href=\"https:\/\/www.eldiario.net\/portal\/2021\/05\/21\/condena-la-sip-ataque-contra-la-prensa-en-peru\/\" \/>\n<meta property=\"og:locale\" content=\"es_ES\" \/>\n<meta property=\"og:type\" content=\"article\" \/>\n<meta property=\"og:title\" content=\"Condena la SIP ataque contra la prensa en Per\u00fa - El Diario - Bolivia\" \/>\n<meta property=\"og:description\" content=\"Miami (20 de mayo de 2021).- La Sociedad Interamericana de Prensa (SIP) conden\u00f3 el ataque contra un equipo de prensa en Per\u00fa. La organizaci\u00f3n inst\u00f3 a las autoridades a investigar con celeridad y profundidad los hechos y se\u00f1alar a los responsables. Un grupo de simpatizantes del candidato presidencial Pedro Castillo, del partido Per\u00fa Libre, atac\u00f3 [&hellip;]\" \/>\n<meta property=\"og:url\" content=\"https:\/\/www.eldiario.net\/portal\/2021\/05\/21\/condena-la-sip-ataque-contra-la-prensa-en-peru\/\" \/>\n<meta property=\"og:site_name\" content=\"El Diario - Bolivia\" \/>\n<meta property=\"article:publisher\" content=\"https:\/\/www.facebook.com\/eldiario.bolivia\/\" \/>\n<meta property=\"article:published_time\" content=\"2021-05-21T10:18:57+00:00\" \/>\n<meta property=\"og:image\" content=\"https:\/\/www.eldiario.net\/portal\/wp-content\/uploads\/2021\/05\/periodista-agredida.jpg\" \/>\n\t<meta property=\"og:image:width\" content=\"822\" \/>\n\t<meta property=\"og:image:height\" content=\"462\" \/>\n\t<meta property=\"og:image:type\" content=\"image\/jpeg\" \/>\n<meta name=\"author\" content=\"Jeanette\" \/>\n<meta name=\"twitter:card\" content=\"summary_large_image\" \/>\n<meta name=\"twitter:creator\" content=\"@eldiario_net\" \/>\n<meta name=\"twitter:site\" content=\"@eldiario_net\" \/>\n<meta name=\"twitter:label1\" content=\"Escrito por\" \/>\n\t<meta name=\"twitter:data1\" content=\"Jeanette\" \/>\n\t<meta name=\"twitter:label2\" content=\"Tiempo de lectura\" \/>\n\t<meta name=\"twitter:data2\" content=\"2 minutos\" \/>\n<script type=\"application\/ld+json\" class=\"yoast-schema-graph\">{\"@context\":\"https:\\\/\\\/schema.org\",\"@graph\":[{\"@type\":\"Article\",\"@id\":\"https:\\\/\\\/www.eldiario.net\\\/portal\\\/2021\\\/05\\\/21\\\/condena-la-sip-ataque-contra-la-prensa-en-peru\\\/#article\",\"isPartOf\":{\"@id\":\"https:\\\/\\\/www.eldiario.net\\\/portal\\\/2021\\\/05\\\/21\\\/condena-la-sip-ataque-contra-la-prensa-en-peru\\\/\"},\"author\":{\"name\":\"Jeanette\",\"@id\":\"https:\\\/\\\/www.eldiario.net\\\/portal\\\/#\\\/schema\\\/person\\\/f46445640444750d7d753ccd04ae01b7\"},\"headline\":\"Condena la SIP ataque contra la prensa en Per\u00fa\",\"datePublished\":\"2021-05-21T10:18:57+00:00\",\"mainEntityOfPage\":{\"@id\":\"https:\\\/\\\/www.eldiario.net\\\/portal\\\/2021\\\/05\\\/21\\\/condena-la-sip-ataque-contra-la-prensa-en-peru\\\/\"},\"wordCount\":441,\"publisher\":{\"@id\":\"https:\\\/\\\/www.eldiario.net\\\/portal\\\/#organization\"},\"image\":{\"@id\":\"https:\\\/\\\/www.eldiario.net\\\/portal\\\/2021\\\/05\\\/21\\\/condena-la-sip-ataque-contra-la-prensa-en-peru\\\/#primaryimage\"},\"thumbnailUrl\":\"https:\\\/\\\/www.eldiario.net\\\/portal\\\/wp-content\\\/uploads\\\/2021\\\/05\\\/periodista-agredida.jpg\",\"articleSection\":[\"Pol\u00edtica\"],\"inLanguage\":\"es\"},{\"@type\":\"WebPage\",\"@id\":\"https:\\\/\\\/www.eldiario.net\\\/portal\\\/2021\\\/05\\\/21\\\/condena-la-sip-ataque-contra-la-prensa-en-peru\\\/\",\"url\":\"https:\\\/\\\/www.eldiario.net\\\/portal\\\/2021\\\/05\\\/21\\\/condena-la-sip-ataque-contra-la-prensa-en-peru\\\/\",\"name\":\"Condena la SIP ataque contra la prensa en Per\u00fa - El Diario - Bolivia\",\"isPartOf\":{\"@id\":\"https:\\\/\\\/www.eldiario.net\\\/portal\\\/#website\"},\"primaryImageOfPage\":{\"@id\":\"https:\\\/\\\/www.eldiario.net\\\/portal\\\/2021\\\/05\\\/21\\\/condena-la-sip-ataque-contra-la-prensa-en-peru\\\/#primaryimage\"},\"image\":{\"@id\":\"https:\\\/\\\/www.eldiario.net\\\/portal\\\/2021\\\/05\\\/21\\\/condena-la-sip-ataque-contra-la-prensa-en-peru\\\/#primaryimage\"},\"thumbnailUrl\":\"https:\\\/\\\/www.eldiario.net\\\/portal\\\/wp-content\\\/uploads\\\/2021\\\/05\\\/periodista-agredida.jpg\",\"datePublished\":\"2021-05-21T10:18:57+00:00\",\"breadcrumb\":{\"@id\":\"https:\\\/\\\/www.eldiario.net\\\/portal\\\/2021\\\/05\\\/21\\\/condena-la-sip-ataque-contra-la-prensa-en-peru\\\/#breadcrumb\"},\"inLanguage\":\"es\",\"potentialAction\":[{\"@type\":\"ReadAction\",\"target\":[\"https:\\\/\\\/www.eldiario.net\\\/portal\\\/2021\\\/05\\\/21\\\/condena-la-sip-ataque-contra-la-prensa-en-peru\\\/\"]}]},{\"@type\":\"ImageObject\",\"inLanguage\":\"es\",\"@id\":\"https:\\\/\\\/www.eldiario.net\\\/portal\\\/2021\\\/05\\\/21\\\/condena-la-sip-ataque-contra-la-prensa-en-peru\\\/#primaryimage\",\"url\":\"https:\\\/\\\/www.eldiario.net\\\/portal\\\/wp-content\\\/uploads\\\/2021\\\/05\\\/periodista-agredida.jpg\",\"contentUrl\":\"https:\\\/\\\/www.eldiario.net\\\/portal\\\/wp-content\\\/uploads\\\/2021\\\/05\\\/periodista-agredida.jpg\",\"width\":822,\"height\":462},{\"@type\":\"BreadcrumbList\",\"@id\":\"https:\\\/\\\/www.eldiario.net\\\/portal\\\/2021\\\/05\\\/21\\\/condena-la-sip-ataque-contra-la-prensa-en-peru\\\/#breadcrumb\",\"itemListElement\":[{\"@type\":\"ListItem\",\"position\":1,\"name\":\"Portada\",\"item\":\"https:\\\/\\\/www.eldiario.net\\\/portal\\\/\"},{\"@type\":\"ListItem\",\"position\":2,\"name\":\"Condena la SIP ataque contra la prensa en Per\u00fa\"}]},{\"@type\":\"WebSite\",\"@id\":\"https:\\\/\\\/www.eldiario.net\\\/portal\\\/#website\",\"url\":\"https:\\\/\\\/www.eldiario.net\\\/portal\\\/\",\"name\":\"El Diario - Decano de la prensa nacional\",\"description\":\"El Diario - Decano de la prensa nacional\",\"publisher\":{\"@id\":\"https:\\\/\\\/www.eldiario.net\\\/portal\\\/#organization\"},\"potentialAction\":[{\"@type\":\"SearchAction\",\"target\":{\"@type\":\"EntryPoint\",\"urlTemplate\":\"https:\\\/\\\/www.eldiario.net\\\/portal\\\/?s={search_term_string}\"},\"query-input\":{\"@type\":\"PropertyValueSpecification\",\"valueRequired\":true,\"valueName\":\"search_term_string\"}}],\"inLanguage\":\"es\"},{\"@type\":\"Organization\",\"@id\":\"https:\\\/\\\/www.eldiario.net\\\/portal\\\/#organization\",\"name\":\"El Diario - Decano de la prensa nacional\",\"url\":\"https:\\\/\\\/www.eldiario.net\\\/portal\\\/\",\"logo\":{\"@type\":\"ImageObject\",\"inLanguage\":\"es\",\"@id\":\"https:\\\/\\\/www.eldiario.net\\\/portal\\\/#\\\/schema\\\/logo\\\/image\\\/\",\"url\":\"https:\\\/\\\/www.eldiario.net\\\/portal\\\/wp-content\\\/uploads\\\/2023\\\/07\\\/logo_ED.jpg\",\"contentUrl\":\"https:\\\/\\\/www.eldiario.net\\\/portal\\\/wp-content\\\/uploads\\\/2023\\\/07\\\/logo_ED.jpg\",\"width\":272,\"height\":52,\"caption\":\"El Diario - Decano de la prensa nacional\"},\"image\":{\"@id\":\"https:\\\/\\\/www.eldiario.net\\\/portal\\\/#\\\/schema\\\/logo\\\/image\\\/\"},\"sameAs\":[\"https:\\\/\\\/www.facebook.com\\\/eldiario.bolivia\\\/\",\"https:\\\/\\\/x.com\\\/eldiario_net\"]},{\"@type\":\"Person\",\"@id\":\"https:\\\/\\\/www.eldiario.net\\\/portal\\\/#\\\/schema\\\/person\\\/f46445640444750d7d753ccd04ae01b7\",\"name\":\"Jeanette\",\"image\":{\"@type\":\"ImageObject\",\"inLanguage\":\"es\",\"@id\":\"https:\\\/\\\/secure.gravatar.com\\\/avatar\\\/3ea2118a5f7dad2b7138b1187a6b7ee55f160b9968b66013c3a3ef39dd7e5798?s=96&d=mm&r=g\",\"url\":\"https:\\\/\\\/secure.gravatar.com\\\/avatar\\\/3ea2118a5f7dad2b7138b1187a6b7ee55f160b9968b66013c3a3ef39dd7e5798?s=96&d=mm&r=g\",\"contentUrl\":\"https:\\\/\\\/secure.gravatar.com\\\/avatar\\\/3ea2118a5f7dad2b7138b1187a6b7ee55f160b9968b66013c3a3ef39dd7e5798?s=96&d=mm&r=g\",\"caption\":\"Jeanette\"},\"sameAs\":[\"https:\\\/\\\/www.eldiario.net\\\/portal\"],\"url\":\"https:\\\/\\\/www.eldiario.net\\\/portal\\\/author\\\/jeanette\\\/\"}]}<\/script>\n<!-- \/ Yoast SEO plugin. -->","yoast_head_json":{"title":"Condena la SIP ataque contra la prensa en Per\u00fa - El Diario - Bolivia","robots":{"index":"index","follow":"follow","max-snippet":"max-snippet:-1","max-image-preview":"max-image-preview:large","max-video-preview":"max-video-preview:-1"},"canonical":"https:\/\/www.eldiario.net\/portal\/2021\/05\/21\/condena-la-sip-ataque-contra-la-prensa-en-peru\/","og_locale":"es_ES","og_type":"article","og_title":"Condena la SIP ataque contra la prensa en Per\u00fa - El Diario - Bolivia","og_description":"Miami (20 de mayo de 2021).- La Sociedad Interamericana de Prensa (SIP) conden\u00f3 el ataque contra un equipo de prensa en Per\u00fa. La organizaci\u00f3n inst\u00f3 a las autoridades a investigar con celeridad y profundidad los hechos y se\u00f1alar a los responsables. Un grupo de simpatizantes del candidato presidencial Pedro Castillo, del partido Per\u00fa Libre, atac\u00f3 [&hellip;]","og_url":"https:\/\/www.eldiario.net\/portal\/2021\/05\/21\/condena-la-sip-ataque-contra-la-prensa-en-peru\/","og_site_name":"El Diario - Bolivia","article_publisher":"https:\/\/www.facebook.com\/eldiario.bolivia\/","article_published_time":"2021-05-21T10:18:57+00:00","og_image":[{"width":822,"height":462,"url":"https:\/\/www.eldiario.net\/portal\/wp-content\/uploads\/2021\/05\/periodista-agredida.jpg","type":"image\/jpeg"}],"author":"Jeanette","twitter_card":"summary_large_image","twitter_creator":"@eldiario_net","twitter_site":"@eldiario_net","twitter_misc":{"Escrito por":"Jeanette","Tiempo de lectura":"2 minutos"},"schema":{"@context":"https:\/\/schema.org","@graph":[{"@type":"Article","@id":"https:\/\/www.eldiario.net\/portal\/2021\/05\/21\/condena-la-sip-ataque-contra-la-prensa-en-peru\/#article","isPartOf":{"@id":"https:\/\/www.eldiario.net\/portal\/2021\/05\/21\/condena-la-sip-ataque-contra-la-prensa-en-peru\/"},"author":{"name":"Jeanette","@id":"https:\/\/www.eldiario.net\/portal\/#\/schema\/person\/f46445640444750d7d753ccd04ae01b7"},"headline":"Condena la SIP ataque contra la prensa en Per\u00fa","datePublished":"2021-05-21T10:18:57+00:00","mainEntityOfPage":{"@id":"https:\/\/www.eldiario.net\/portal\/2021\/05\/21\/condena-la-sip-ataque-contra-la-prensa-en-peru\/"},"wordCount":441,"publisher":{"@id":"https:\/\/www.eldiario.net\/portal\/#organization"},"image":{"@id":"https:\/\/www.eldiario.net\/portal\/2021\/05\/21\/condena-la-sip-ataque-contra-la-prensa-en-peru\/#primaryimage"},"thumbnailUrl":"https:\/\/www.eldiario.net\/portal\/wp-content\/uploads\/2021\/05\/periodista-agredida.jpg","articleSection":["Pol\u00edtica"],"inLanguage":"es"},{"@type":"WebPage","@id":"https:\/\/www.eldiario.net\/portal\/2021\/05\/21\/condena-la-sip-ataque-contra-la-prensa-en-peru\/","url":"https:\/\/www.eldiario.net\/portal\/2021\/05\/21\/condena-la-sip-ataque-contra-la-prensa-en-peru\/","name":"Condena la SIP ataque contra la prensa en Per\u00fa - El Diario - Bolivia","isPartOf":{"@id":"https:\/\/www.eldiario.net\/portal\/#website"},"primaryImageOfPage":{"@id":"https:\/\/www.eldiario.net\/portal\/2021\/05\/21\/condena-la-sip-ataque-contra-la-prensa-en-peru\/#primaryimage"},"image":{"@id":"https:\/\/www.eldiario.net\/portal\/2021\/05\/21\/condena-la-sip-ataque-contra-la-prensa-en-peru\/#primaryimage"},"thumbnailUrl":"https:\/\/www.eldiario.net\/portal\/wp-content\/uploads\/2021\/05\/periodista-agredida.jpg","datePublished":"2021-05-21T10:18:57+00:00","breadcrumb":{"@id":"https:\/\/www.eldiario.net\/portal\/2021\/05\/21\/condena-la-sip-ataque-contra-la-prensa-en-peru\/#breadcrumb"},"inLanguage":"es","potentialAction":[{"@type":"ReadAction","target":["https:\/\/www.eldiario.net\/portal\/2021\/05\/21\/condena-la-sip-ataque-contra-la-prensa-en-peru\/"]}]},{"@type":"ImageObject","inLanguage":"es","@id":"https:\/\/www.eldiario.net\/portal\/2021\/05\/21\/condena-la-sip-ataque-contra-la-prensa-en-peru\/#primaryimage","url":"https:\/\/www.eldiario.net\/portal\/wp-content\/uploads\/2021\/05\/periodista-agredida.jpg","contentUrl":"https:\/\/www.eldiario.net\/portal\/wp-content\/uploads\/2021\/05\/periodista-agredida.jpg","width":822,"height":462},{"@type":"BreadcrumbList","@id":"https:\/\/www.eldiario.net\/portal\/2021\/05\/21\/condena-la-sip-ataque-contra-la-prensa-en-peru\/#breadcrumb","itemListElement":[{"@type":"ListItem","position":1,"name":"Portada","item":"https:\/\/www.eldiario.net\/portal\/"},{"@type":"ListItem","position":2,"name":"Condena la SIP ataque contra la prensa en Per\u00fa"}]},{"@type":"WebSite","@id":"https:\/\/www.eldiario.net\/portal\/#website","url":"https:\/\/www.eldiario.net\/portal\/","name":"El Diario - Decano de la prensa nacional","description":"El Diario - Decano de la prensa nacional","publisher":{"@id":"https:\/\/www.eldiario.net\/portal\/#organization"},"potentialAction":[{"@type":"SearchAction","target":{"@type":"EntryPoint","urlTemplate":"https:\/\/www.eldiario.net\/portal\/?s={search_term_string}"},"query-input":{"@type":"PropertyValueSpecification","valueRequired":true,"valueName":"search_term_string"}}],"inLanguage":"es"},{"@type":"Organization","@id":"https:\/\/www.eldiario.net\/portal\/#organization","name":"El Diario - Decano de la prensa nacional","url":"https:\/\/www.eldiario.net\/portal\/","logo":{"@type":"ImageObject","inLanguage":"es","@id":"https:\/\/www.eldiario.net\/portal\/#\/schema\/logo\/image\/","url":"https:\/\/www.eldiario.net\/portal\/wp-content\/uploads\/2023\/07\/logo_ED.jpg","contentUrl":"https:\/\/www.eldiario.net\/portal\/wp-content\/uploads\/2023\/07\/logo_ED.jpg","width":272,"height":52,"caption":"El Diario - Decano de la prensa nacional"},"image":{"@id":"https:\/\/www.eldiario.net\/portal\/#\/schema\/logo\/image\/"},"sameAs":["https:\/\/www.facebook.com\/eldiario.bolivia\/","https:\/\/x.com\/eldiario_net"]},{"@type":"Person","@id":"https:\/\/www.eldiario.net\/portal\/#\/schema\/person\/f46445640444750d7d753ccd04ae01b7","name":"Jeanette","image":{"@type":"ImageObject","inLanguage":"es","@id":"https:\/\/secure.gravatar.com\/avatar\/3ea2118a5f7dad2b7138b1187a6b7ee55f160b9968b66013c3a3ef39dd7e5798?s=96&d=mm&r=g","url":"https:\/\/secure.gravatar.com\/avatar\/3ea2118a5f7dad2b7138b1187a6b7ee55f160b9968b66013c3a3ef39dd7e5798?s=96&d=mm&r=g","contentUrl":"https:\/\/secure.gravatar.com\/avatar\/3ea2118a5f7dad2b7138b1187a6b7ee55f160b9968b66013c3a3ef39dd7e5798?s=96&d=mm&r=g","caption":"Jeanette"},"sameAs":["https:\/\/www.eldiario.net\/portal"],"url":"https:\/\/www.eldiario.net\/portal\/author\/jeanette\/"}]}},"_links":{"self":[{"href":"https:\/\/www.eldiario.net\/portal\/wp-json\/wp\/v2\/posts\/5337","targetHints":{"allow":["GET"]}}],"collection":[{"href":"https:\/\/www.eldiario.net\/portal\/wp-json\/wp\/v2\/posts"}],"about":[{"href":"https:\/\/www.eldiario.net\/portal\/wp-json\/wp\/v2\/types\/post"}],"author":[{"embeddable":true,"href":"https:\/\/www.eldiario.net\/portal\/wp-json\/wp\/v2\/users\/1"}],"replies":[{"embeddable":true,"href":"https:\/\/www.eldiario.net\/portal\/wp-json\/wp\/v2\/comments?post=5337"}],"version-history":[{"count":0,"href":"https:\/\/www.eldiario.net\/portal\/wp-json\/wp\/v2\/posts\/5337\/revisions"}],"wp:featuredmedia":[{"embeddable":true,"href":"https:\/\/www.eldiario.net\/portal\/wp-json\/wp\/v2\/media\/5338"}],"wp:attachment":[{"href":"https:\/\/www.eldiario.net\/portal\/wp-json\/wp\/v2\/media?parent=5337"}],"wp:term":[{"taxonomy":"category","embeddable":true,"href":"https:\/\/www.eldiario.net\/portal\/wp-json\/wp\/v2\/categories?post=5337"},{"taxonomy":"post_tag","embeddable":true,"href":"https:\/\/www.eldiario.net\/portal\/wp-json\/wp\/v2\/tags?post=5337"}],"curies":[{"name":"wp","href":"https:\/\/api.w.org\/{rel}","templated":true}]}}