{"id":5313,"date":"2021-05-21T06:19:49","date_gmt":"2021-05-21T10:19:49","guid":{"rendered":"https:\/\/www.eldiario.net\/portal\/?p=5313"},"modified":"2021-05-21T06:19:49","modified_gmt":"2021-05-21T10:19:49","slug":"bolivia-y-mexico-suprimen-pedido-de-visas-desde-el-lunes","status":"publish","type":"post","link":"https:\/\/www.eldiario.net\/portal\/2021\/05\/21\/bolivia-y-mexico-suprimen-pedido-de-visas-desde-el-lunes\/","title":{"rendered":"Bolivia y M\u00e9xico suprimen  pedido de visas desde el lunes"},"content":{"rendered":"<p>En ceremonia de intercambio de notas diplom\u00e1ticas entre los gobiernos de Bolivia y M\u00e9xico, realizada en instalaciones de la Canciller\u00eda del Estado, ambos pa\u00edses anunciaron la supresi\u00f3n de la presentaci\u00f3n de visas para sus ciudadanos. Este acuerdo entrar\u00e1 en vigencia a partir del pr\u00f3ximo lunes.<br \/>\nEl acuerdo contempla la supresi\u00f3n de visas para viajeros de ambos pa\u00edses a partir del pr\u00f3ximo lunes 24 de mayo. La modalidad fue oficializada con el intercambio de notas diplom\u00e1ticas entre ambos Estados. En la presente disposici\u00f3n tambi\u00e9n se ampl\u00eda la estad\u00eda para ciudadanos mexicanos en Bolivia hasta 180 d\u00edas, en el marco de la reciprocidad entre ambos naciones.<br \/>\nEl ministro de Relaciones Exteriores del Estado boliviano, Rogelio Mayta, destac\u00f3 el trabajo realizado por representantes diplom\u00e1ticos de ambos pa\u00edses se\u00f1alando que estas nuevas medidas, beneficiar\u00e1n a ambos pueblos y fortalecer\u00e1n las relaciones entre sus habitantes.<br \/>\n\u201cValoramos el trabajo conjunto de Bolivia y M\u00e9xico. Desde el 24 de mayo ambos pa\u00edses adoptamos medidas en beneficio de nuestros pueblos bajo el principio de reciprocidad y las buenas relaciones de dos pa\u00edses hermanos\u201d, dijo.<br \/>\nPor su parte, la embajadora de M\u00e9xico en Bolivia, Mar\u00eda Teresa Mercado, indic\u00f3 que con este acuerdo se debe celebrar la integraci\u00f3n de ambos pa\u00edses y el inicio de un mejor relacionamiento para beneficio mutuo.<br \/>\n\u201cHoy es para M\u00e9xico en lo general, y para m\u00ed en lo particular, un motivo de celebraci\u00f3n, la entrada en vigor de la supresi\u00f3n de visas para nacionales bolivianos que deseen ingresar a M\u00e9xico acompa\u00f1ado de una equiparaci\u00f3n de los permisos de estancia para mexicanos que quieran visitar Bolivia\u201d, refiri\u00f3 la diplom\u00e1tica.<br \/>\nAdem\u00e1s, sostuvo que este acuerdo permitir\u00e1 que m\u00e1s ciudadanos de ambos pa\u00edses puedan estrechar lazos de amistad mutuos, adem\u00e1s de una integraci\u00f3n cultural para ambas naciones.<\/p>\n","protected":false},"excerpt":{"rendered":"<p>En ceremonia de intercambio de notas diplom\u00e1ticas entre los gobiernos de Bolivia y M\u00e9xico, realizada en instalaciones de la Canciller\u00eda del Estado, ambos pa\u00edses anunciaron la supresi\u00f3n de la presentaci\u00f3n de visas para sus ciudadanos. Este acuerdo entrar\u00e1 en vigencia a partir del pr\u00f3ximo lunes. El acuerdo contempla la supresi\u00f3n de visas para viajeros de [&hellip;]<\/p>\n","protected":false},"author":1,"featured_media":5314,"comment_status":"closed","ping_status":"closed","sticky":false,"template":"","format":"standard","meta":{"_acf_changed":false,"footnotes":""},"categories":[14],"tags":[],"class_list":["post-5313","post","type-post","status-publish","format-standard","has-post-thumbnail","category-politica"],"acf":{"antetitulo":""},"yoast_head":"<!-- This site is optimized with the Yoast SEO plugin v28.3 - https:\/\/yoast.com\/product\/yoast-seo-wordpress\/ -->\n<title>Bolivia y M\u00e9xico suprimen pedido de visas desde el lunes - El Diario - Bolivia<\/title>\n<meta name=\"robots\" content=\"index, follow, max-snippet:-1, max-image-preview:large, max-video-preview:-1\" \/>\n<link rel=\"canonical\" href=\"https:\/\/www.eldiario.net\/portal\/2021\/05\/21\/bolivia-y-mexico-suprimen-pedido-de-visas-desde-el-lunes\/\" \/>\n<meta property=\"og:locale\" content=\"es_ES\" \/>\n<meta property=\"og:type\" content=\"article\" \/>\n<meta property=\"og:title\" content=\"Bolivia y M\u00e9xico suprimen pedido de visas desde el lunes - El Diario - Bolivia\" \/>\n<meta property=\"og:description\" content=\"En ceremonia de intercambio de notas diplom\u00e1ticas entre los gobiernos de Bolivia y M\u00e9xico, realizada en instalaciones de la Canciller\u00eda del Estado, ambos pa\u00edses anunciaron la supresi\u00f3n de la presentaci\u00f3n de visas para sus ciudadanos. Este acuerdo entrar\u00e1 en vigencia a partir del pr\u00f3ximo lunes. El acuerdo contempla la supresi\u00f3n de visas para viajeros de [&hellip;]\" \/>\n<meta property=\"og:url\" content=\"https:\/\/www.eldiario.net\/portal\/2021\/05\/21\/bolivia-y-mexico-suprimen-pedido-de-visas-desde-el-lunes\/\" \/>\n<meta property=\"og:site_name\" content=\"El Diario - Bolivia\" \/>\n<meta property=\"article:publisher\" content=\"https:\/\/www.facebook.com\/eldiario.bolivia\/\" \/>\n<meta property=\"article:published_time\" content=\"2021-05-21T10:19:49+00:00\" \/>\n<meta name=\"author\" content=\"Jeanette\" \/>\n<meta name=\"twitter:card\" content=\"summary_large_image\" \/>\n<meta name=\"twitter:creator\" content=\"@eldiario_net\" \/>\n<meta name=\"twitter:site\" content=\"@eldiario_net\" \/>\n<meta name=\"twitter:label1\" content=\"Escrito por\" \/>\n\t<meta name=\"twitter:data1\" content=\"Jeanette\" \/>\n\t<meta name=\"twitter:label2\" content=\"Tiempo de lectura\" \/>\n\t<meta name=\"twitter:data2\" content=\"2 minutos\" \/>\n<script type=\"application\/ld+json\" class=\"yoast-schema-graph\">{\"@context\":\"https:\\\/\\\/schema.org\",\"@graph\":[{\"@type\":\"Article\",\"@id\":\"https:\\\/\\\/www.eldiario.net\\\/portal\\\/2021\\\/05\\\/21\\\/bolivia-y-mexico-suprimen-pedido-de-visas-desde-el-lunes\\\/#article\",\"isPartOf\":{\"@id\":\"https:\\\/\\\/www.eldiario.net\\\/portal\\\/2021\\\/05\\\/21\\\/bolivia-y-mexico-suprimen-pedido-de-visas-desde-el-lunes\\\/\"},\"author\":{\"name\":\"Jeanette\",\"@id\":\"https:\\\/\\\/www.eldiario.net\\\/portal\\\/#\\\/schema\\\/person\\\/f46445640444750d7d753ccd04ae01b7\"},\"headline\":\"Bolivia y M\u00e9xico suprimen pedido de visas desde el lunes\",\"datePublished\":\"2021-05-21T10:19:49+00:00\",\"mainEntityOfPage\":{\"@id\":\"https:\\\/\\\/www.eldiario.net\\\/portal\\\/2021\\\/05\\\/21\\\/bolivia-y-mexico-suprimen-pedido-de-visas-desde-el-lunes\\\/\"},\"wordCount\":337,\"publisher\":{\"@id\":\"https:\\\/\\\/www.eldiario.net\\\/portal\\\/#organization\"},\"image\":{\"@id\":\"https:\\\/\\\/www.eldiario.net\\\/portal\\\/2021\\\/05\\\/21\\\/bolivia-y-mexico-suprimen-pedido-de-visas-desde-el-lunes\\\/#primaryimage\"},\"thumbnailUrl\":\"\",\"articleSection\":[\"Pol\u00edtica\"],\"inLanguage\":\"es\"},{\"@type\":\"WebPage\",\"@id\":\"https:\\\/\\\/www.eldiario.net\\\/portal\\\/2021\\\/05\\\/21\\\/bolivia-y-mexico-suprimen-pedido-de-visas-desde-el-lunes\\\/\",\"url\":\"https:\\\/\\\/www.eldiario.net\\\/portal\\\/2021\\\/05\\\/21\\\/bolivia-y-mexico-suprimen-pedido-de-visas-desde-el-lunes\\\/\",\"name\":\"Bolivia y M\u00e9xico suprimen pedido de visas desde el lunes - El Diario - Bolivia\",\"isPartOf\":{\"@id\":\"https:\\\/\\\/www.eldiario.net\\\/portal\\\/#website\"},\"primaryImageOfPage\":{\"@id\":\"https:\\\/\\\/www.eldiario.net\\\/portal\\\/2021\\\/05\\\/21\\\/bolivia-y-mexico-suprimen-pedido-de-visas-desde-el-lunes\\\/#primaryimage\"},\"image\":{\"@id\":\"https:\\\/\\\/www.eldiario.net\\\/portal\\\/2021\\\/05\\\/21\\\/bolivia-y-mexico-suprimen-pedido-de-visas-desde-el-lunes\\\/#primaryimage\"},\"thumbnailUrl\":\"\",\"datePublished\":\"2021-05-21T10:19:49+00:00\",\"breadcrumb\":{\"@id\":\"https:\\\/\\\/www.eldiario.net\\\/portal\\\/2021\\\/05\\\/21\\\/bolivia-y-mexico-suprimen-pedido-de-visas-desde-el-lunes\\\/#breadcrumb\"},\"inLanguage\":\"es\",\"potentialAction\":[{\"@type\":\"ReadAction\",\"target\":[\"https:\\\/\\\/www.eldiario.net\\\/portal\\\/2021\\\/05\\\/21\\\/bolivia-y-mexico-suprimen-pedido-de-visas-desde-el-lunes\\\/\"]}]},{\"@type\":\"ImageObject\",\"inLanguage\":\"es\",\"@id\":\"https:\\\/\\\/www.eldiario.net\\\/portal\\\/2021\\\/05\\\/21\\\/bolivia-y-mexico-suprimen-pedido-de-visas-desde-el-lunes\\\/#primaryimage\",\"url\":\"\",\"contentUrl\":\"\"},{\"@type\":\"BreadcrumbList\",\"@id\":\"https:\\\/\\\/www.eldiario.net\\\/portal\\\/2021\\\/05\\\/21\\\/bolivia-y-mexico-suprimen-pedido-de-visas-desde-el-lunes\\\/#breadcrumb\",\"itemListElement\":[{\"@type\":\"ListItem\",\"position\":1,\"name\":\"Portada\",\"item\":\"https:\\\/\\\/www.eldiario.net\\\/portal\\\/\"},{\"@type\":\"ListItem\",\"position\":2,\"name\":\"Bolivia y M\u00e9xico suprimen pedido de visas desde el lunes\"}]},{\"@type\":\"WebSite\",\"@id\":\"https:\\\/\\\/www.eldiario.net\\\/portal\\\/#website\",\"url\":\"https:\\\/\\\/www.eldiario.net\\\/portal\\\/\",\"name\":\"El Diario - Decano de la prensa nacional\",\"description\":\"El Diario - Decano de la prensa nacional\",\"publisher\":{\"@id\":\"https:\\\/\\\/www.eldiario.net\\\/portal\\\/#organization\"},\"potentialAction\":[{\"@type\":\"SearchAction\",\"target\":{\"@type\":\"EntryPoint\",\"urlTemplate\":\"https:\\\/\\\/www.eldiario.net\\\/portal\\\/?s={search_term_string}\"},\"query-input\":{\"@type\":\"PropertyValueSpecification\",\"valueRequired\":true,\"valueName\":\"search_term_string\"}}],\"inLanguage\":\"es\"},{\"@type\":\"Organization\",\"@id\":\"https:\\\/\\\/www.eldiario.net\\\/portal\\\/#organization\",\"name\":\"El Diario - Decano de la prensa nacional\",\"url\":\"https:\\\/\\\/www.eldiario.net\\\/portal\\\/\",\"logo\":{\"@type\":\"ImageObject\",\"inLanguage\":\"es\",\"@id\":\"https:\\\/\\\/www.eldiario.net\\\/portal\\\/#\\\/schema\\\/logo\\\/image\\\/\",\"url\":\"https:\\\/\\\/www.eldiario.net\\\/portal\\\/wp-content\\\/uploads\\\/2023\\\/07\\\/logo_ED.jpg\",\"contentUrl\":\"https:\\\/\\\/www.eldiario.net\\\/portal\\\/wp-content\\\/uploads\\\/2023\\\/07\\\/logo_ED.jpg\",\"width\":272,\"height\":52,\"caption\":\"El Diario - Decano de la prensa nacional\"},\"image\":{\"@id\":\"https:\\\/\\\/www.eldiario.net\\\/portal\\\/#\\\/schema\\\/logo\\\/image\\\/\"},\"sameAs\":[\"https:\\\/\\\/www.facebook.com\\\/eldiario.bolivia\\\/\",\"https:\\\/\\\/x.com\\\/eldiario_net\"]},{\"@type\":\"Person\",\"@id\":\"https:\\\/\\\/www.eldiario.net\\\/portal\\\/#\\\/schema\\\/person\\\/f46445640444750d7d753ccd04ae01b7\",\"name\":\"Jeanette\",\"image\":{\"@type\":\"ImageObject\",\"inLanguage\":\"es\",\"@id\":\"https:\\\/\\\/secure.gravatar.com\\\/avatar\\\/3ea2118a5f7dad2b7138b1187a6b7ee55f160b9968b66013c3a3ef39dd7e5798?s=96&d=mm&r=g\",\"url\":\"https:\\\/\\\/secure.gravatar.com\\\/avatar\\\/3ea2118a5f7dad2b7138b1187a6b7ee55f160b9968b66013c3a3ef39dd7e5798?s=96&d=mm&r=g\",\"contentUrl\":\"https:\\\/\\\/secure.gravatar.com\\\/avatar\\\/3ea2118a5f7dad2b7138b1187a6b7ee55f160b9968b66013c3a3ef39dd7e5798?s=96&d=mm&r=g\",\"caption\":\"Jeanette\"},\"sameAs\":[\"https:\\\/\\\/www.eldiario.net\\\/portal\"],\"url\":\"https:\\\/\\\/www.eldiario.net\\\/portal\\\/author\\\/jeanette\\\/\"}]}<\/script>\n<!-- \/ Yoast SEO plugin. -->","yoast_head_json":{"title":"Bolivia y M\u00e9xico suprimen pedido de visas desde el lunes - El Diario - Bolivia","robots":{"index":"index","follow":"follow","max-snippet":"max-snippet:-1","max-image-preview":"max-image-preview:large","max-video-preview":"max-video-preview:-1"},"canonical":"https:\/\/www.eldiario.net\/portal\/2021\/05\/21\/bolivia-y-mexico-suprimen-pedido-de-visas-desde-el-lunes\/","og_locale":"es_ES","og_type":"article","og_title":"Bolivia y M\u00e9xico suprimen pedido de visas desde el lunes - El Diario - Bolivia","og_description":"En ceremonia de intercambio de notas diplom\u00e1ticas entre los gobiernos de Bolivia y M\u00e9xico, realizada en instalaciones de la Canciller\u00eda del Estado, ambos pa\u00edses anunciaron la supresi\u00f3n de la presentaci\u00f3n de visas para sus ciudadanos. Este acuerdo entrar\u00e1 en vigencia a partir del pr\u00f3ximo lunes. El acuerdo contempla la supresi\u00f3n de visas para viajeros de [&hellip;]","og_url":"https:\/\/www.eldiario.net\/portal\/2021\/05\/21\/bolivia-y-mexico-suprimen-pedido-de-visas-desde-el-lunes\/","og_site_name":"El Diario - Bolivia","article_publisher":"https:\/\/www.facebook.com\/eldiario.bolivia\/","article_published_time":"2021-05-21T10:19:49+00:00","author":"Jeanette","twitter_card":"summary_large_image","twitter_creator":"@eldiario_net","twitter_site":"@eldiario_net","twitter_misc":{"Escrito por":"Jeanette","Tiempo de lectura":"2 minutos"},"schema":{"@context":"https:\/\/schema.org","@graph":[{"@type":"Article","@id":"https:\/\/www.eldiario.net\/portal\/2021\/05\/21\/bolivia-y-mexico-suprimen-pedido-de-visas-desde-el-lunes\/#article","isPartOf":{"@id":"https:\/\/www.eldiario.net\/portal\/2021\/05\/21\/bolivia-y-mexico-suprimen-pedido-de-visas-desde-el-lunes\/"},"author":{"name":"Jeanette","@id":"https:\/\/www.eldiario.net\/portal\/#\/schema\/person\/f46445640444750d7d753ccd04ae01b7"},"headline":"Bolivia y M\u00e9xico suprimen pedido de visas desde el lunes","datePublished":"2021-05-21T10:19:49+00:00","mainEntityOfPage":{"@id":"https:\/\/www.eldiario.net\/portal\/2021\/05\/21\/bolivia-y-mexico-suprimen-pedido-de-visas-desde-el-lunes\/"},"wordCount":337,"publisher":{"@id":"https:\/\/www.eldiario.net\/portal\/#organization"},"image":{"@id":"https:\/\/www.eldiario.net\/portal\/2021\/05\/21\/bolivia-y-mexico-suprimen-pedido-de-visas-desde-el-lunes\/#primaryimage"},"thumbnailUrl":"","articleSection":["Pol\u00edtica"],"inLanguage":"es"},{"@type":"WebPage","@id":"https:\/\/www.eldiario.net\/portal\/2021\/05\/21\/bolivia-y-mexico-suprimen-pedido-de-visas-desde-el-lunes\/","url":"https:\/\/www.eldiario.net\/portal\/2021\/05\/21\/bolivia-y-mexico-suprimen-pedido-de-visas-desde-el-lunes\/","name":"Bolivia y M\u00e9xico suprimen pedido de visas desde el lunes - El Diario - Bolivia","isPartOf":{"@id":"https:\/\/www.eldiario.net\/portal\/#website"},"primaryImageOfPage":{"@id":"https:\/\/www.eldiario.net\/portal\/2021\/05\/21\/bolivia-y-mexico-suprimen-pedido-de-visas-desde-el-lunes\/#primaryimage"},"image":{"@id":"https:\/\/www.eldiario.net\/portal\/2021\/05\/21\/bolivia-y-mexico-suprimen-pedido-de-visas-desde-el-lunes\/#primaryimage"},"thumbnailUrl":"","datePublished":"2021-05-21T10:19:49+00:00","breadcrumb":{"@id":"https:\/\/www.eldiario.net\/portal\/2021\/05\/21\/bolivia-y-mexico-suprimen-pedido-de-visas-desde-el-lunes\/#breadcrumb"},"inLanguage":"es","potentialAction":[{"@type":"ReadAction","target":["https:\/\/www.eldiario.net\/portal\/2021\/05\/21\/bolivia-y-mexico-suprimen-pedido-de-visas-desde-el-lunes\/"]}]},{"@type":"ImageObject","inLanguage":"es","@id":"https:\/\/www.eldiario.net\/portal\/2021\/05\/21\/bolivia-y-mexico-suprimen-pedido-de-visas-desde-el-lunes\/#primaryimage","url":"","contentUrl":""},{"@type":"BreadcrumbList","@id":"https:\/\/www.eldiario.net\/portal\/2021\/05\/21\/bolivia-y-mexico-suprimen-pedido-de-visas-desde-el-lunes\/#breadcrumb","itemListElement":[{"@type":"ListItem","position":1,"name":"Portada","item":"https:\/\/www.eldiario.net\/portal\/"},{"@type":"ListItem","position":2,"name":"Bolivia y M\u00e9xico suprimen pedido de visas desde el lunes"}]},{"@type":"WebSite","@id":"https:\/\/www.eldiario.net\/portal\/#website","url":"https:\/\/www.eldiario.net\/portal\/","name":"El Diario - Decano de la prensa nacional","description":"El Diario - Decano de la prensa nacional","publisher":{"@id":"https:\/\/www.eldiario.net\/portal\/#organization"},"potentialAction":[{"@type":"SearchAction","target":{"@type":"EntryPoint","urlTemplate":"https:\/\/www.eldiario.net\/portal\/?s={search_term_string}"},"query-input":{"@type":"PropertyValueSpecification","valueRequired":true,"valueName":"search_term_string"}}],"inLanguage":"es"},{"@type":"Organization","@id":"https:\/\/www.eldiario.net\/portal\/#organization","name":"El Diario - Decano de la prensa nacional","url":"https:\/\/www.eldiario.net\/portal\/","logo":{"@type":"ImageObject","inLanguage":"es","@id":"https:\/\/www.eldiario.net\/portal\/#\/schema\/logo\/image\/","url":"https:\/\/www.eldiario.net\/portal\/wp-content\/uploads\/2023\/07\/logo_ED.jpg","contentUrl":"https:\/\/www.eldiario.net\/portal\/wp-content\/uploads\/2023\/07\/logo_ED.jpg","width":272,"height":52,"caption":"El Diario - Decano de la prensa nacional"},"image":{"@id":"https:\/\/www.eldiario.net\/portal\/#\/schema\/logo\/image\/"},"sameAs":["https:\/\/www.facebook.com\/eldiario.bolivia\/","https:\/\/x.com\/eldiario_net"]},{"@type":"Person","@id":"https:\/\/www.eldiario.net\/portal\/#\/schema\/person\/f46445640444750d7d753ccd04ae01b7","name":"Jeanette","image":{"@type":"ImageObject","inLanguage":"es","@id":"https:\/\/secure.gravatar.com\/avatar\/3ea2118a5f7dad2b7138b1187a6b7ee55f160b9968b66013c3a3ef39dd7e5798?s=96&d=mm&r=g","url":"https:\/\/secure.gravatar.com\/avatar\/3ea2118a5f7dad2b7138b1187a6b7ee55f160b9968b66013c3a3ef39dd7e5798?s=96&d=mm&r=g","contentUrl":"https:\/\/secure.gravatar.com\/avatar\/3ea2118a5f7dad2b7138b1187a6b7ee55f160b9968b66013c3a3ef39dd7e5798?s=96&d=mm&r=g","caption":"Jeanette"},"sameAs":["https:\/\/www.eldiario.net\/portal"],"url":"https:\/\/www.eldiario.net\/portal\/author\/jeanette\/"}]}},"_links":{"self":[{"href":"https:\/\/www.eldiario.net\/portal\/wp-json\/wp\/v2\/posts\/5313","targetHints":{"allow":["GET"]}}],"collection":[{"href":"https:\/\/www.eldiario.net\/portal\/wp-json\/wp\/v2\/posts"}],"about":[{"href":"https:\/\/www.eldiario.net\/portal\/wp-json\/wp\/v2\/types\/post"}],"author":[{"embeddable":true,"href":"https:\/\/www.eldiario.net\/portal\/wp-json\/wp\/v2\/users\/1"}],"replies":[{"embeddable":true,"href":"https:\/\/www.eldiario.net\/portal\/wp-json\/wp\/v2\/comments?post=5313"}],"version-history":[{"count":0,"href":"https:\/\/www.eldiario.net\/portal\/wp-json\/wp\/v2\/posts\/5313\/revisions"}],"wp:attachment":[{"href":"https:\/\/www.eldiario.net\/portal\/wp-json\/wp\/v2\/media?parent=5313"}],"wp:term":[{"taxonomy":"category","embeddable":true,"href":"https:\/\/www.eldiario.net\/portal\/wp-json\/wp\/v2\/categories?post=5313"},{"taxonomy":"post_tag","embeddable":true,"href":"https:\/\/www.eldiario.net\/portal\/wp-json\/wp\/v2\/tags?post=5313"}],"curies":[{"name":"wp","href":"https:\/\/api.w.org\/{rel}","templated":true}]}}