{"id":5310,"date":"2021-05-21T06:18:48","date_gmt":"2021-05-21T10:18:48","guid":{"rendered":"https:\/\/www.eldiario.net\/portal\/?p=5310"},"modified":"2021-05-21T06:18:48","modified_gmt":"2021-05-21T10:18:48","slug":"mesa-insta-a-la-poblacion-a-optar-por-la-inmunizacion","status":"publish","type":"post","link":"https:\/\/www.eldiario.net\/portal\/2021\/05\/21\/mesa-insta-a-la-poblacion-a-optar-por-la-inmunizacion\/","title":{"rendered":"Mesa insta a la poblaci\u00f3n a  optar por la inmunizaci\u00f3n"},"content":{"rendered":"<p>Ante la poca concurrencia de ciudadanos a los centros de vacunaci\u00f3n, el expresidente de Bolivia, Carlos Mesa Gisbert, inst\u00f3 a la ciudadan\u00eda a optar por la inmunizaci\u00f3n porque este es un derecho de todos los ciudadanos y al mismo tiempo una responsabilidad con la comunidad, por lo que pidi\u00f3 no hacer caso a versiones que niegan la efectividad de las dosis.<br \/>\nEl exmandatario llam\u00f3 a la ciudadan\u00eda a acudir a los centros de vacunaci\u00f3n para recibir la dosis de inmunizante, pues este acto se convierte en una acci\u00f3n de responsabilidad de cada persona para con su entorno.<br \/>\n\u201cMientras no estemos protegidos todos, nadie estar\u00e1 a salvo. La vacuna es un derecho, pero tambi\u00e9n una responsabilidad con nosotros, nuestra familia y nuestra comunidad\u201d, manifest\u00f3 Mesa en un mensaje emitido desde sus redes sociales.<br \/>\nHasta el d\u00eda de ayer, 952.000 personas hab\u00edan recibido una dosis de la vacuna y apenas 294.279 ambas dosis, mientras el pa\u00eds necesita vacunar a cerca de 7.5 millones de personas con ambas, lo que significa que hasta ahora tan solo el 4 % de la poblaci\u00f3n meta est\u00e1 inmunizada, mientras los casos de contagios aumentan por la tercera ola.<br \/>\nPese a esta situaci\u00f3n, en los pasados d\u00edas, varios reportes de medios mostraban que, pese a la disponibilidad de vacunas, en algunos lugares la asistencia de la gente es mucho menor que la esperada.<br \/>\n\u201cNo hay que escuchar a quienes est\u00e1n poniendo en duda la vacuna. No hay que hacer caso a los negacionistas; los hechos aqu\u00ed y en todo el mundo demuestran que ese es el mejor camino para resolver una crisis que nos tiene por ahora acorralados\u201d, afirm\u00f3 el expresidente.<br \/>\nEl pasado 19 de abril, la bancada de Comunidad Ciudadana propuso al gobierno un plan de seis puntos, en los que se pide declarar prioridad nacional y de inter\u00e9s p\u00fablico el proceso de vacunaci\u00f3n, incluyendo las gestiones de adquisici\u00f3n, almacenamiento, planificaci\u00f3n, distribuci\u00f3n, aplicaci\u00f3n, seguimiento y monitoreo.<br \/>\nAsimismo, se demand\u00f3 autorizar expresamente a las Entidades Territoriales Aut\u00f3nomas proceder a la adquisici\u00f3n de vacunas en el mercado externo, lo que se deber\u00e1 coordinar con el Ministerio de Salud, para garantizar la calidad y la razonabilidad de los precios y el transporte.<br \/>\nEl Gobierno nacional debe garantizar la gratuidad de las vacunas para los ciudadanos de Bolivia, se indic\u00f3.<\/p>\n","protected":false},"excerpt":{"rendered":"<p>Ante la poca concurrencia de ciudadanos a los centros de vacunaci\u00f3n, el expresidente de Bolivia, Carlos Mesa Gisbert, inst\u00f3 a la ciudadan\u00eda a optar por la inmunizaci\u00f3n porque este es un derecho de todos los ciudadanos y al mismo tiempo una responsabilidad con la comunidad, por lo que pidi\u00f3 no hacer caso a versiones que [&hellip;]<\/p>\n","protected":false},"author":1,"featured_media":5311,"comment_status":"closed","ping_status":"closed","sticky":false,"template":"","format":"standard","meta":{"_acf_changed":false,"footnotes":""},"categories":[14],"tags":[],"class_list":["post-5310","post","type-post","status-publish","format-standard","has-post-thumbnail","category-politica"],"acf":{"antetitulo":""},"yoast_head":"<!-- This site is optimized with the Yoast SEO plugin v28.3 - https:\/\/yoast.com\/product\/yoast-seo-wordpress\/ -->\n<title>Mesa insta a la poblaci\u00f3n a optar por la inmunizaci\u00f3n - El Diario - Bolivia<\/title>\n<meta name=\"robots\" content=\"index, follow, max-snippet:-1, max-image-preview:large, max-video-preview:-1\" \/>\n<link rel=\"canonical\" href=\"https:\/\/www.eldiario.net\/portal\/2021\/05\/21\/mesa-insta-a-la-poblacion-a-optar-por-la-inmunizacion\/\" \/>\n<meta property=\"og:locale\" content=\"es_ES\" \/>\n<meta property=\"og:type\" content=\"article\" \/>\n<meta property=\"og:title\" content=\"Mesa insta a la poblaci\u00f3n a optar por la inmunizaci\u00f3n - El Diario - Bolivia\" \/>\n<meta property=\"og:description\" content=\"Ante la poca concurrencia de ciudadanos a los centros de vacunaci\u00f3n, el expresidente de Bolivia, Carlos Mesa Gisbert, inst\u00f3 a la ciudadan\u00eda a optar por la inmunizaci\u00f3n porque este es un derecho de todos los ciudadanos y al mismo tiempo una responsabilidad con la comunidad, por lo que pidi\u00f3 no hacer caso a versiones que [&hellip;]\" \/>\n<meta property=\"og:url\" content=\"https:\/\/www.eldiario.net\/portal\/2021\/05\/21\/mesa-insta-a-la-poblacion-a-optar-por-la-inmunizacion\/\" \/>\n<meta property=\"og:site_name\" content=\"El Diario - Bolivia\" \/>\n<meta property=\"article:publisher\" content=\"https:\/\/www.facebook.com\/eldiario.bolivia\/\" \/>\n<meta property=\"article:published_time\" content=\"2021-05-21T10:18:48+00:00\" \/>\n<meta name=\"author\" content=\"Jeanette\" \/>\n<meta name=\"twitter:card\" content=\"summary_large_image\" \/>\n<meta name=\"twitter:creator\" content=\"@eldiario_net\" \/>\n<meta name=\"twitter:site\" content=\"@eldiario_net\" \/>\n<meta name=\"twitter:label1\" content=\"Escrito por\" \/>\n\t<meta name=\"twitter:data1\" content=\"Jeanette\" \/>\n\t<meta name=\"twitter:label2\" content=\"Tiempo de lectura\" \/>\n\t<meta name=\"twitter:data2\" content=\"2 minutos\" \/>\n<script type=\"application\/ld+json\" class=\"yoast-schema-graph\">{\"@context\":\"https:\\\/\\\/schema.org\",\"@graph\":[{\"@type\":\"Article\",\"@id\":\"https:\\\/\\\/www.eldiario.net\\\/portal\\\/2021\\\/05\\\/21\\\/mesa-insta-a-la-poblacion-a-optar-por-la-inmunizacion\\\/#article\",\"isPartOf\":{\"@id\":\"https:\\\/\\\/www.eldiario.net\\\/portal\\\/2021\\\/05\\\/21\\\/mesa-insta-a-la-poblacion-a-optar-por-la-inmunizacion\\\/\"},\"author\":{\"name\":\"Jeanette\",\"@id\":\"https:\\\/\\\/www.eldiario.net\\\/portal\\\/#\\\/schema\\\/person\\\/f46445640444750d7d753ccd04ae01b7\"},\"headline\":\"Mesa insta a la poblaci\u00f3n a optar por la inmunizaci\u00f3n\",\"datePublished\":\"2021-05-21T10:18:48+00:00\",\"mainEntityOfPage\":{\"@id\":\"https:\\\/\\\/www.eldiario.net\\\/portal\\\/2021\\\/05\\\/21\\\/mesa-insta-a-la-poblacion-a-optar-por-la-inmunizacion\\\/\"},\"wordCount\":409,\"publisher\":{\"@id\":\"https:\\\/\\\/www.eldiario.net\\\/portal\\\/#organization\"},\"image\":{\"@id\":\"https:\\\/\\\/www.eldiario.net\\\/portal\\\/2021\\\/05\\\/21\\\/mesa-insta-a-la-poblacion-a-optar-por-la-inmunizacion\\\/#primaryimage\"},\"thumbnailUrl\":\"\",\"articleSection\":[\"Pol\u00edtica\"],\"inLanguage\":\"es\"},{\"@type\":\"WebPage\",\"@id\":\"https:\\\/\\\/www.eldiario.net\\\/portal\\\/2021\\\/05\\\/21\\\/mesa-insta-a-la-poblacion-a-optar-por-la-inmunizacion\\\/\",\"url\":\"https:\\\/\\\/www.eldiario.net\\\/portal\\\/2021\\\/05\\\/21\\\/mesa-insta-a-la-poblacion-a-optar-por-la-inmunizacion\\\/\",\"name\":\"Mesa insta a la poblaci\u00f3n a optar por la inmunizaci\u00f3n - El Diario - Bolivia\",\"isPartOf\":{\"@id\":\"https:\\\/\\\/www.eldiario.net\\\/portal\\\/#website\"},\"primaryImageOfPage\":{\"@id\":\"https:\\\/\\\/www.eldiario.net\\\/portal\\\/2021\\\/05\\\/21\\\/mesa-insta-a-la-poblacion-a-optar-por-la-inmunizacion\\\/#primaryimage\"},\"image\":{\"@id\":\"https:\\\/\\\/www.eldiario.net\\\/portal\\\/2021\\\/05\\\/21\\\/mesa-insta-a-la-poblacion-a-optar-por-la-inmunizacion\\\/#primaryimage\"},\"thumbnailUrl\":\"\",\"datePublished\":\"2021-05-21T10:18:48+00:00\",\"breadcrumb\":{\"@id\":\"https:\\\/\\\/www.eldiario.net\\\/portal\\\/2021\\\/05\\\/21\\\/mesa-insta-a-la-poblacion-a-optar-por-la-inmunizacion\\\/#breadcrumb\"},\"inLanguage\":\"es\",\"potentialAction\":[{\"@type\":\"ReadAction\",\"target\":[\"https:\\\/\\\/www.eldiario.net\\\/portal\\\/2021\\\/05\\\/21\\\/mesa-insta-a-la-poblacion-a-optar-por-la-inmunizacion\\\/\"]}]},{\"@type\":\"ImageObject\",\"inLanguage\":\"es\",\"@id\":\"https:\\\/\\\/www.eldiario.net\\\/portal\\\/2021\\\/05\\\/21\\\/mesa-insta-a-la-poblacion-a-optar-por-la-inmunizacion\\\/#primaryimage\",\"url\":\"\",\"contentUrl\":\"\"},{\"@type\":\"BreadcrumbList\",\"@id\":\"https:\\\/\\\/www.eldiario.net\\\/portal\\\/2021\\\/05\\\/21\\\/mesa-insta-a-la-poblacion-a-optar-por-la-inmunizacion\\\/#breadcrumb\",\"itemListElement\":[{\"@type\":\"ListItem\",\"position\":1,\"name\":\"Portada\",\"item\":\"https:\\\/\\\/www.eldiario.net\\\/portal\\\/\"},{\"@type\":\"ListItem\",\"position\":2,\"name\":\"Mesa insta a la poblaci\u00f3n a optar por la inmunizaci\u00f3n\"}]},{\"@type\":\"WebSite\",\"@id\":\"https:\\\/\\\/www.eldiario.net\\\/portal\\\/#website\",\"url\":\"https:\\\/\\\/www.eldiario.net\\\/portal\\\/\",\"name\":\"El Diario - Decano de la prensa nacional\",\"description\":\"El Diario - Decano de la prensa nacional\",\"publisher\":{\"@id\":\"https:\\\/\\\/www.eldiario.net\\\/portal\\\/#organization\"},\"potentialAction\":[{\"@type\":\"SearchAction\",\"target\":{\"@type\":\"EntryPoint\",\"urlTemplate\":\"https:\\\/\\\/www.eldiario.net\\\/portal\\\/?s={search_term_string}\"},\"query-input\":{\"@type\":\"PropertyValueSpecification\",\"valueRequired\":true,\"valueName\":\"search_term_string\"}}],\"inLanguage\":\"es\"},{\"@type\":\"Organization\",\"@id\":\"https:\\\/\\\/www.eldiario.net\\\/portal\\\/#organization\",\"name\":\"El Diario - Decano de la prensa nacional\",\"url\":\"https:\\\/\\\/www.eldiario.net\\\/portal\\\/\",\"logo\":{\"@type\":\"ImageObject\",\"inLanguage\":\"es\",\"@id\":\"https:\\\/\\\/www.eldiario.net\\\/portal\\\/#\\\/schema\\\/logo\\\/image\\\/\",\"url\":\"https:\\\/\\\/www.eldiario.net\\\/portal\\\/wp-content\\\/uploads\\\/2023\\\/07\\\/logo_ED.jpg\",\"contentUrl\":\"https:\\\/\\\/www.eldiario.net\\\/portal\\\/wp-content\\\/uploads\\\/2023\\\/07\\\/logo_ED.jpg\",\"width\":272,\"height\":52,\"caption\":\"El Diario - Decano de la prensa nacional\"},\"image\":{\"@id\":\"https:\\\/\\\/www.eldiario.net\\\/portal\\\/#\\\/schema\\\/logo\\\/image\\\/\"},\"sameAs\":[\"https:\\\/\\\/www.facebook.com\\\/eldiario.bolivia\\\/\",\"https:\\\/\\\/x.com\\\/eldiario_net\"]},{\"@type\":\"Person\",\"@id\":\"https:\\\/\\\/www.eldiario.net\\\/portal\\\/#\\\/schema\\\/person\\\/f46445640444750d7d753ccd04ae01b7\",\"name\":\"Jeanette\",\"image\":{\"@type\":\"ImageObject\",\"inLanguage\":\"es\",\"@id\":\"https:\\\/\\\/secure.gravatar.com\\\/avatar\\\/3ea2118a5f7dad2b7138b1187a6b7ee55f160b9968b66013c3a3ef39dd7e5798?s=96&d=mm&r=g\",\"url\":\"https:\\\/\\\/secure.gravatar.com\\\/avatar\\\/3ea2118a5f7dad2b7138b1187a6b7ee55f160b9968b66013c3a3ef39dd7e5798?s=96&d=mm&r=g\",\"contentUrl\":\"https:\\\/\\\/secure.gravatar.com\\\/avatar\\\/3ea2118a5f7dad2b7138b1187a6b7ee55f160b9968b66013c3a3ef39dd7e5798?s=96&d=mm&r=g\",\"caption\":\"Jeanette\"},\"sameAs\":[\"https:\\\/\\\/www.eldiario.net\\\/portal\"],\"url\":\"https:\\\/\\\/www.eldiario.net\\\/portal\\\/author\\\/jeanette\\\/\"}]}<\/script>\n<!-- \/ Yoast SEO plugin. -->","yoast_head_json":{"title":"Mesa insta a la poblaci\u00f3n a optar por la inmunizaci\u00f3n - El Diario - Bolivia","robots":{"index":"index","follow":"follow","max-snippet":"max-snippet:-1","max-image-preview":"max-image-preview:large","max-video-preview":"max-video-preview:-1"},"canonical":"https:\/\/www.eldiario.net\/portal\/2021\/05\/21\/mesa-insta-a-la-poblacion-a-optar-por-la-inmunizacion\/","og_locale":"es_ES","og_type":"article","og_title":"Mesa insta a la poblaci\u00f3n a optar por la inmunizaci\u00f3n - El Diario - Bolivia","og_description":"Ante la poca concurrencia de ciudadanos a los centros de vacunaci\u00f3n, el expresidente de Bolivia, Carlos Mesa Gisbert, inst\u00f3 a la ciudadan\u00eda a optar por la inmunizaci\u00f3n porque este es un derecho de todos los ciudadanos y al mismo tiempo una responsabilidad con la comunidad, por lo que pidi\u00f3 no hacer caso a versiones que [&hellip;]","og_url":"https:\/\/www.eldiario.net\/portal\/2021\/05\/21\/mesa-insta-a-la-poblacion-a-optar-por-la-inmunizacion\/","og_site_name":"El Diario - Bolivia","article_publisher":"https:\/\/www.facebook.com\/eldiario.bolivia\/","article_published_time":"2021-05-21T10:18:48+00:00","author":"Jeanette","twitter_card":"summary_large_image","twitter_creator":"@eldiario_net","twitter_site":"@eldiario_net","twitter_misc":{"Escrito por":"Jeanette","Tiempo de lectura":"2 minutos"},"schema":{"@context":"https:\/\/schema.org","@graph":[{"@type":"Article","@id":"https:\/\/www.eldiario.net\/portal\/2021\/05\/21\/mesa-insta-a-la-poblacion-a-optar-por-la-inmunizacion\/#article","isPartOf":{"@id":"https:\/\/www.eldiario.net\/portal\/2021\/05\/21\/mesa-insta-a-la-poblacion-a-optar-por-la-inmunizacion\/"},"author":{"name":"Jeanette","@id":"https:\/\/www.eldiario.net\/portal\/#\/schema\/person\/f46445640444750d7d753ccd04ae01b7"},"headline":"Mesa insta a la poblaci\u00f3n a optar por la inmunizaci\u00f3n","datePublished":"2021-05-21T10:18:48+00:00","mainEntityOfPage":{"@id":"https:\/\/www.eldiario.net\/portal\/2021\/05\/21\/mesa-insta-a-la-poblacion-a-optar-por-la-inmunizacion\/"},"wordCount":409,"publisher":{"@id":"https:\/\/www.eldiario.net\/portal\/#organization"},"image":{"@id":"https:\/\/www.eldiario.net\/portal\/2021\/05\/21\/mesa-insta-a-la-poblacion-a-optar-por-la-inmunizacion\/#primaryimage"},"thumbnailUrl":"","articleSection":["Pol\u00edtica"],"inLanguage":"es"},{"@type":"WebPage","@id":"https:\/\/www.eldiario.net\/portal\/2021\/05\/21\/mesa-insta-a-la-poblacion-a-optar-por-la-inmunizacion\/","url":"https:\/\/www.eldiario.net\/portal\/2021\/05\/21\/mesa-insta-a-la-poblacion-a-optar-por-la-inmunizacion\/","name":"Mesa insta a la poblaci\u00f3n a optar por la inmunizaci\u00f3n - El Diario - Bolivia","isPartOf":{"@id":"https:\/\/www.eldiario.net\/portal\/#website"},"primaryImageOfPage":{"@id":"https:\/\/www.eldiario.net\/portal\/2021\/05\/21\/mesa-insta-a-la-poblacion-a-optar-por-la-inmunizacion\/#primaryimage"},"image":{"@id":"https:\/\/www.eldiario.net\/portal\/2021\/05\/21\/mesa-insta-a-la-poblacion-a-optar-por-la-inmunizacion\/#primaryimage"},"thumbnailUrl":"","datePublished":"2021-05-21T10:18:48+00:00","breadcrumb":{"@id":"https:\/\/www.eldiario.net\/portal\/2021\/05\/21\/mesa-insta-a-la-poblacion-a-optar-por-la-inmunizacion\/#breadcrumb"},"inLanguage":"es","potentialAction":[{"@type":"ReadAction","target":["https:\/\/www.eldiario.net\/portal\/2021\/05\/21\/mesa-insta-a-la-poblacion-a-optar-por-la-inmunizacion\/"]}]},{"@type":"ImageObject","inLanguage":"es","@id":"https:\/\/www.eldiario.net\/portal\/2021\/05\/21\/mesa-insta-a-la-poblacion-a-optar-por-la-inmunizacion\/#primaryimage","url":"","contentUrl":""},{"@type":"BreadcrumbList","@id":"https:\/\/www.eldiario.net\/portal\/2021\/05\/21\/mesa-insta-a-la-poblacion-a-optar-por-la-inmunizacion\/#breadcrumb","itemListElement":[{"@type":"ListItem","position":1,"name":"Portada","item":"https:\/\/www.eldiario.net\/portal\/"},{"@type":"ListItem","position":2,"name":"Mesa insta a la poblaci\u00f3n a optar por la inmunizaci\u00f3n"}]},{"@type":"WebSite","@id":"https:\/\/www.eldiario.net\/portal\/#website","url":"https:\/\/www.eldiario.net\/portal\/","name":"El Diario - Decano de la prensa nacional","description":"El Diario - Decano de la prensa nacional","publisher":{"@id":"https:\/\/www.eldiario.net\/portal\/#organization"},"potentialAction":[{"@type":"SearchAction","target":{"@type":"EntryPoint","urlTemplate":"https:\/\/www.eldiario.net\/portal\/?s={search_term_string}"},"query-input":{"@type":"PropertyValueSpecification","valueRequired":true,"valueName":"search_term_string"}}],"inLanguage":"es"},{"@type":"Organization","@id":"https:\/\/www.eldiario.net\/portal\/#organization","name":"El Diario - Decano de la prensa nacional","url":"https:\/\/www.eldiario.net\/portal\/","logo":{"@type":"ImageObject","inLanguage":"es","@id":"https:\/\/www.eldiario.net\/portal\/#\/schema\/logo\/image\/","url":"https:\/\/www.eldiario.net\/portal\/wp-content\/uploads\/2023\/07\/logo_ED.jpg","contentUrl":"https:\/\/www.eldiario.net\/portal\/wp-content\/uploads\/2023\/07\/logo_ED.jpg","width":272,"height":52,"caption":"El Diario - Decano de la prensa nacional"},"image":{"@id":"https:\/\/www.eldiario.net\/portal\/#\/schema\/logo\/image\/"},"sameAs":["https:\/\/www.facebook.com\/eldiario.bolivia\/","https:\/\/x.com\/eldiario_net"]},{"@type":"Person","@id":"https:\/\/www.eldiario.net\/portal\/#\/schema\/person\/f46445640444750d7d753ccd04ae01b7","name":"Jeanette","image":{"@type":"ImageObject","inLanguage":"es","@id":"https:\/\/secure.gravatar.com\/avatar\/3ea2118a5f7dad2b7138b1187a6b7ee55f160b9968b66013c3a3ef39dd7e5798?s=96&d=mm&r=g","url":"https:\/\/secure.gravatar.com\/avatar\/3ea2118a5f7dad2b7138b1187a6b7ee55f160b9968b66013c3a3ef39dd7e5798?s=96&d=mm&r=g","contentUrl":"https:\/\/secure.gravatar.com\/avatar\/3ea2118a5f7dad2b7138b1187a6b7ee55f160b9968b66013c3a3ef39dd7e5798?s=96&d=mm&r=g","caption":"Jeanette"},"sameAs":["https:\/\/www.eldiario.net\/portal"],"url":"https:\/\/www.eldiario.net\/portal\/author\/jeanette\/"}]}},"_links":{"self":[{"href":"https:\/\/www.eldiario.net\/portal\/wp-json\/wp\/v2\/posts\/5310","targetHints":{"allow":["GET"]}}],"collection":[{"href":"https:\/\/www.eldiario.net\/portal\/wp-json\/wp\/v2\/posts"}],"about":[{"href":"https:\/\/www.eldiario.net\/portal\/wp-json\/wp\/v2\/types\/post"}],"author":[{"embeddable":true,"href":"https:\/\/www.eldiario.net\/portal\/wp-json\/wp\/v2\/users\/1"}],"replies":[{"embeddable":true,"href":"https:\/\/www.eldiario.net\/portal\/wp-json\/wp\/v2\/comments?post=5310"}],"version-history":[{"count":0,"href":"https:\/\/www.eldiario.net\/portal\/wp-json\/wp\/v2\/posts\/5310\/revisions"}],"wp:attachment":[{"href":"https:\/\/www.eldiario.net\/portal\/wp-json\/wp\/v2\/media?parent=5310"}],"wp:term":[{"taxonomy":"category","embeddable":true,"href":"https:\/\/www.eldiario.net\/portal\/wp-json\/wp\/v2\/categories?post=5310"},{"taxonomy":"post_tag","embeddable":true,"href":"https:\/\/www.eldiario.net\/portal\/wp-json\/wp\/v2\/tags?post=5310"}],"curies":[{"name":"wp","href":"https:\/\/api.w.org\/{rel}","templated":true}]}}