{"id":5307,"date":"2021-05-21T06:17:41","date_gmt":"2021-05-21T10:17:41","guid":{"rendered":"https:\/\/www.eldiario.net\/portal\/?p=5307"},"modified":"2021-05-21T06:17:41","modified_gmt":"2021-05-21T10:17:41","slug":"diputado-denuncia-presunto-desvio-de-recursos-de-afp-para-gasto-corriente","status":"publish","type":"post","link":"https:\/\/www.eldiario.net\/portal\/2021\/05\/21\/diputado-denuncia-presunto-desvio-de-recursos-de-afp-para-gasto-corriente\/","title":{"rendered":"Diputado denuncia presunto desv\u00edo de   recursos de AFP para gasto corriente"},"content":{"rendered":"<p>Ante la constante postergaci\u00f3n en el tratamiento del proyecto de ley para la devoluci\u00f3n de aportes a las AFP en beneficio de exaportantes, el diputado por comunidad ciudadana (CC), Miguel Roca, denunci\u00f3 que estos recursos son desviados por el gobierno del Movimiento al Socialismo (MAS) para el pago de lujos y gasto corriente.<br \/>\nRoca se\u00f1al\u00f3 que los recursos de las AFP cuyo tratamiento para su devoluci\u00f3n a los aportantes como una medida para paliar la crisis econ\u00f3mica y el desempleo por el que atraviesan miles de familias a nivel nacional es constantemente dilatado por el Gobierno, esto se debe a que dichos fondos se est\u00e1n desviando para el pago de sueldos y otros gastos del Estado.<br \/>\nSostuvo que esa es la principal causa para que una posible ley que libere estos recursos a favor de sus beneficiarios sea constantemente postergada.<br \/>\n\u201cLo que est\u00e1 pasando es bien simple, el Gobierno no quiere devolver su dinero a los trabajadores, a m\u00e1s de un mill\u00f3n y medio de familias desempleadas y que ha hecho aportes a lo largo de estos \u00faltimos a\u00f1os, porque se est\u00e1 gastando su dinero en pagar sueldos, lujos, pasajes, vi\u00e1ticos y veh\u00edculos, b\u00e1sicamente a su militancia masista\u201d, indic\u00f3 el legislador.<br \/>\nPrecis\u00f3 que solo en los primeros meses de esta gesti\u00f3n, ya se han utilizado 3.6 millones en gasto corriente; adem\u00e1s, se maneja el discurso de que no existen recursos suficientes para efectuar la devoluci\u00f3n de este dinero a sus leg\u00edtimos due\u00f1os, fruto de sus aportes.<br \/>\n\u201cSolamente en el primer trimestre de este a\u00f1o, el Gobierno ya se ha sacado m\u00e1s de 3.600 millones de bolivianos de las AFP, es decir el Gobierno le dice a la poblaci\u00f3n, al trabajador desempleado ,que no se puede devolver porque no hay plata, pero utiliza su plata para financiar su gasto de despilfarro\u201d, manifest\u00f3 Roca.<br \/>\nDesde el oficialismo, el diputado Daniel Rojas responsabiliz\u00f3 por estas condiciones al gobierno de transici\u00f3n y se\u00f1al\u00f3 que en caso de que estas denuncias fueran comprobadas, se proceder\u00eda con el apoyo a la determinaci\u00f3n, por tratarse de una respuesta para la actual situaci\u00f3n de la econom\u00eda nacional.<br \/>\n\u201cSi es que fuera esa situaci\u00f3n, bueno apoyar\u00edamos porque el r\u00e9gimen de A\u00f1ez nos ha dejado en un desfalco econ\u00f3mico tremendo\u201d, dijo.<\/p>\n","protected":false},"excerpt":{"rendered":"<p>Ante la constante postergaci\u00f3n en el tratamiento del proyecto de ley para la devoluci\u00f3n de aportes a las AFP en beneficio de exaportantes, el diputado por comunidad ciudadana (CC), Miguel Roca, denunci\u00f3 que estos recursos son desviados por el gobierno del Movimiento al Socialismo (MAS) para el pago de lujos y gasto corriente. Roca se\u00f1al\u00f3 [&hellip;]<\/p>\n","protected":false},"author":1,"featured_media":5308,"comment_status":"closed","ping_status":"closed","sticky":false,"template":"","format":"standard","meta":{"_acf_changed":false,"footnotes":""},"categories":[14],"tags":[],"class_list":["post-5307","post","type-post","status-publish","format-standard","has-post-thumbnail","category-politica"],"acf":{"antetitulo":""},"yoast_head":"<!-- This site is optimized with the Yoast SEO plugin v28.3 - https:\/\/yoast.com\/product\/yoast-seo-wordpress\/ -->\n<title>Diputado denuncia presunto desv\u00edo de  recursos de AFP para gasto corriente - El Diario - Bolivia<\/title>\n<meta name=\"robots\" content=\"index, follow, max-snippet:-1, max-image-preview:large, max-video-preview:-1\" \/>\n<link rel=\"canonical\" href=\"https:\/\/www.eldiario.net\/portal\/2021\/05\/21\/diputado-denuncia-presunto-desvio-de-recursos-de-afp-para-gasto-corriente\/\" \/>\n<meta property=\"og:locale\" content=\"es_ES\" \/>\n<meta property=\"og:type\" content=\"article\" \/>\n<meta property=\"og:title\" content=\"Diputado denuncia presunto desv\u00edo de  recursos de AFP para gasto corriente - El Diario - Bolivia\" \/>\n<meta property=\"og:description\" content=\"Ante la constante postergaci\u00f3n en el tratamiento del proyecto de ley para la devoluci\u00f3n de aportes a las AFP en beneficio de exaportantes, el diputado por comunidad ciudadana (CC), Miguel Roca, denunci\u00f3 que estos recursos son desviados por el gobierno del Movimiento al Socialismo (MAS) para el pago de lujos y gasto corriente. Roca se\u00f1al\u00f3 [&hellip;]\" \/>\n<meta property=\"og:url\" content=\"https:\/\/www.eldiario.net\/portal\/2021\/05\/21\/diputado-denuncia-presunto-desvio-de-recursos-de-afp-para-gasto-corriente\/\" \/>\n<meta property=\"og:site_name\" content=\"El Diario - Bolivia\" \/>\n<meta property=\"article:publisher\" content=\"https:\/\/www.facebook.com\/eldiario.bolivia\/\" \/>\n<meta property=\"article:published_time\" content=\"2021-05-21T10:17:41+00:00\" \/>\n<meta name=\"author\" content=\"Jeanette\" \/>\n<meta name=\"twitter:card\" content=\"summary_large_image\" \/>\n<meta name=\"twitter:creator\" content=\"@eldiario_net\" \/>\n<meta name=\"twitter:site\" content=\"@eldiario_net\" \/>\n<meta name=\"twitter:label1\" content=\"Escrito por\" \/>\n\t<meta name=\"twitter:data1\" content=\"Jeanette\" \/>\n\t<meta name=\"twitter:label2\" content=\"Tiempo de lectura\" \/>\n\t<meta name=\"twitter:data2\" content=\"2 minutos\" \/>\n<script type=\"application\/ld+json\" class=\"yoast-schema-graph\">{\"@context\":\"https:\\\/\\\/schema.org\",\"@graph\":[{\"@type\":\"Article\",\"@id\":\"https:\\\/\\\/www.eldiario.net\\\/portal\\\/2021\\\/05\\\/21\\\/diputado-denuncia-presunto-desvio-de-recursos-de-afp-para-gasto-corriente\\\/#article\",\"isPartOf\":{\"@id\":\"https:\\\/\\\/www.eldiario.net\\\/portal\\\/2021\\\/05\\\/21\\\/diputado-denuncia-presunto-desvio-de-recursos-de-afp-para-gasto-corriente\\\/\"},\"author\":{\"name\":\"Jeanette\",\"@id\":\"https:\\\/\\\/www.eldiario.net\\\/portal\\\/#\\\/schema\\\/person\\\/f46445640444750d7d753ccd04ae01b7\"},\"headline\":\"Diputado denuncia presunto desv\u00edo de recursos de AFP para gasto corriente\",\"datePublished\":\"2021-05-21T10:17:41+00:00\",\"mainEntityOfPage\":{\"@id\":\"https:\\\/\\\/www.eldiario.net\\\/portal\\\/2021\\\/05\\\/21\\\/diputado-denuncia-presunto-desvio-de-recursos-de-afp-para-gasto-corriente\\\/\"},\"wordCount\":412,\"publisher\":{\"@id\":\"https:\\\/\\\/www.eldiario.net\\\/portal\\\/#organization\"},\"image\":{\"@id\":\"https:\\\/\\\/www.eldiario.net\\\/portal\\\/2021\\\/05\\\/21\\\/diputado-denuncia-presunto-desvio-de-recursos-de-afp-para-gasto-corriente\\\/#primaryimage\"},\"thumbnailUrl\":\"\",\"articleSection\":[\"Pol\u00edtica\"],\"inLanguage\":\"es\"},{\"@type\":\"WebPage\",\"@id\":\"https:\\\/\\\/www.eldiario.net\\\/portal\\\/2021\\\/05\\\/21\\\/diputado-denuncia-presunto-desvio-de-recursos-de-afp-para-gasto-corriente\\\/\",\"url\":\"https:\\\/\\\/www.eldiario.net\\\/portal\\\/2021\\\/05\\\/21\\\/diputado-denuncia-presunto-desvio-de-recursos-de-afp-para-gasto-corriente\\\/\",\"name\":\"Diputado denuncia presunto desv\u00edo de recursos de AFP para gasto corriente - El Diario - Bolivia\",\"isPartOf\":{\"@id\":\"https:\\\/\\\/www.eldiario.net\\\/portal\\\/#website\"},\"primaryImageOfPage\":{\"@id\":\"https:\\\/\\\/www.eldiario.net\\\/portal\\\/2021\\\/05\\\/21\\\/diputado-denuncia-presunto-desvio-de-recursos-de-afp-para-gasto-corriente\\\/#primaryimage\"},\"image\":{\"@id\":\"https:\\\/\\\/www.eldiario.net\\\/portal\\\/2021\\\/05\\\/21\\\/diputado-denuncia-presunto-desvio-de-recursos-de-afp-para-gasto-corriente\\\/#primaryimage\"},\"thumbnailUrl\":\"\",\"datePublished\":\"2021-05-21T10:17:41+00:00\",\"breadcrumb\":{\"@id\":\"https:\\\/\\\/www.eldiario.net\\\/portal\\\/2021\\\/05\\\/21\\\/diputado-denuncia-presunto-desvio-de-recursos-de-afp-para-gasto-corriente\\\/#breadcrumb\"},\"inLanguage\":\"es\",\"potentialAction\":[{\"@type\":\"ReadAction\",\"target\":[\"https:\\\/\\\/www.eldiario.net\\\/portal\\\/2021\\\/05\\\/21\\\/diputado-denuncia-presunto-desvio-de-recursos-de-afp-para-gasto-corriente\\\/\"]}]},{\"@type\":\"ImageObject\",\"inLanguage\":\"es\",\"@id\":\"https:\\\/\\\/www.eldiario.net\\\/portal\\\/2021\\\/05\\\/21\\\/diputado-denuncia-presunto-desvio-de-recursos-de-afp-para-gasto-corriente\\\/#primaryimage\",\"url\":\"\",\"contentUrl\":\"\"},{\"@type\":\"BreadcrumbList\",\"@id\":\"https:\\\/\\\/www.eldiario.net\\\/portal\\\/2021\\\/05\\\/21\\\/diputado-denuncia-presunto-desvio-de-recursos-de-afp-para-gasto-corriente\\\/#breadcrumb\",\"itemListElement\":[{\"@type\":\"ListItem\",\"position\":1,\"name\":\"Portada\",\"item\":\"https:\\\/\\\/www.eldiario.net\\\/portal\\\/\"},{\"@type\":\"ListItem\",\"position\":2,\"name\":\"Diputado denuncia presunto desv\u00edo de recursos de AFP para gasto corriente\"}]},{\"@type\":\"WebSite\",\"@id\":\"https:\\\/\\\/www.eldiario.net\\\/portal\\\/#website\",\"url\":\"https:\\\/\\\/www.eldiario.net\\\/portal\\\/\",\"name\":\"El Diario - Decano de la prensa nacional\",\"description\":\"El Diario - Decano de la prensa nacional\",\"publisher\":{\"@id\":\"https:\\\/\\\/www.eldiario.net\\\/portal\\\/#organization\"},\"potentialAction\":[{\"@type\":\"SearchAction\",\"target\":{\"@type\":\"EntryPoint\",\"urlTemplate\":\"https:\\\/\\\/www.eldiario.net\\\/portal\\\/?s={search_term_string}\"},\"query-input\":{\"@type\":\"PropertyValueSpecification\",\"valueRequired\":true,\"valueName\":\"search_term_string\"}}],\"inLanguage\":\"es\"},{\"@type\":\"Organization\",\"@id\":\"https:\\\/\\\/www.eldiario.net\\\/portal\\\/#organization\",\"name\":\"El Diario - Decano de la prensa nacional\",\"url\":\"https:\\\/\\\/www.eldiario.net\\\/portal\\\/\",\"logo\":{\"@type\":\"ImageObject\",\"inLanguage\":\"es\",\"@id\":\"https:\\\/\\\/www.eldiario.net\\\/portal\\\/#\\\/schema\\\/logo\\\/image\\\/\",\"url\":\"https:\\\/\\\/www.eldiario.net\\\/portal\\\/wp-content\\\/uploads\\\/2023\\\/07\\\/logo_ED.jpg\",\"contentUrl\":\"https:\\\/\\\/www.eldiario.net\\\/portal\\\/wp-content\\\/uploads\\\/2023\\\/07\\\/logo_ED.jpg\",\"width\":272,\"height\":52,\"caption\":\"El Diario - Decano de la prensa nacional\"},\"image\":{\"@id\":\"https:\\\/\\\/www.eldiario.net\\\/portal\\\/#\\\/schema\\\/logo\\\/image\\\/\"},\"sameAs\":[\"https:\\\/\\\/www.facebook.com\\\/eldiario.bolivia\\\/\",\"https:\\\/\\\/x.com\\\/eldiario_net\"]},{\"@type\":\"Person\",\"@id\":\"https:\\\/\\\/www.eldiario.net\\\/portal\\\/#\\\/schema\\\/person\\\/f46445640444750d7d753ccd04ae01b7\",\"name\":\"Jeanette\",\"image\":{\"@type\":\"ImageObject\",\"inLanguage\":\"es\",\"@id\":\"https:\\\/\\\/secure.gravatar.com\\\/avatar\\\/3ea2118a5f7dad2b7138b1187a6b7ee55f160b9968b66013c3a3ef39dd7e5798?s=96&d=mm&r=g\",\"url\":\"https:\\\/\\\/secure.gravatar.com\\\/avatar\\\/3ea2118a5f7dad2b7138b1187a6b7ee55f160b9968b66013c3a3ef39dd7e5798?s=96&d=mm&r=g\",\"contentUrl\":\"https:\\\/\\\/secure.gravatar.com\\\/avatar\\\/3ea2118a5f7dad2b7138b1187a6b7ee55f160b9968b66013c3a3ef39dd7e5798?s=96&d=mm&r=g\",\"caption\":\"Jeanette\"},\"sameAs\":[\"https:\\\/\\\/www.eldiario.net\\\/portal\"],\"url\":\"https:\\\/\\\/www.eldiario.net\\\/portal\\\/author\\\/jeanette\\\/\"}]}<\/script>\n<!-- \/ Yoast SEO plugin. -->","yoast_head_json":{"title":"Diputado denuncia presunto desv\u00edo de  recursos de AFP para gasto corriente - El Diario - Bolivia","robots":{"index":"index","follow":"follow","max-snippet":"max-snippet:-1","max-image-preview":"max-image-preview:large","max-video-preview":"max-video-preview:-1"},"canonical":"https:\/\/www.eldiario.net\/portal\/2021\/05\/21\/diputado-denuncia-presunto-desvio-de-recursos-de-afp-para-gasto-corriente\/","og_locale":"es_ES","og_type":"article","og_title":"Diputado denuncia presunto desv\u00edo de  recursos de AFP para gasto corriente - El Diario - Bolivia","og_description":"Ante la constante postergaci\u00f3n en el tratamiento del proyecto de ley para la devoluci\u00f3n de aportes a las AFP en beneficio de exaportantes, el diputado por comunidad ciudadana (CC), Miguel Roca, denunci\u00f3 que estos recursos son desviados por el gobierno del Movimiento al Socialismo (MAS) para el pago de lujos y gasto corriente. Roca se\u00f1al\u00f3 [&hellip;]","og_url":"https:\/\/www.eldiario.net\/portal\/2021\/05\/21\/diputado-denuncia-presunto-desvio-de-recursos-de-afp-para-gasto-corriente\/","og_site_name":"El Diario - Bolivia","article_publisher":"https:\/\/www.facebook.com\/eldiario.bolivia\/","article_published_time":"2021-05-21T10:17:41+00:00","author":"Jeanette","twitter_card":"summary_large_image","twitter_creator":"@eldiario_net","twitter_site":"@eldiario_net","twitter_misc":{"Escrito por":"Jeanette","Tiempo de lectura":"2 minutos"},"schema":{"@context":"https:\/\/schema.org","@graph":[{"@type":"Article","@id":"https:\/\/www.eldiario.net\/portal\/2021\/05\/21\/diputado-denuncia-presunto-desvio-de-recursos-de-afp-para-gasto-corriente\/#article","isPartOf":{"@id":"https:\/\/www.eldiario.net\/portal\/2021\/05\/21\/diputado-denuncia-presunto-desvio-de-recursos-de-afp-para-gasto-corriente\/"},"author":{"name":"Jeanette","@id":"https:\/\/www.eldiario.net\/portal\/#\/schema\/person\/f46445640444750d7d753ccd04ae01b7"},"headline":"Diputado denuncia presunto desv\u00edo de recursos de AFP para gasto corriente","datePublished":"2021-05-21T10:17:41+00:00","mainEntityOfPage":{"@id":"https:\/\/www.eldiario.net\/portal\/2021\/05\/21\/diputado-denuncia-presunto-desvio-de-recursos-de-afp-para-gasto-corriente\/"},"wordCount":412,"publisher":{"@id":"https:\/\/www.eldiario.net\/portal\/#organization"},"image":{"@id":"https:\/\/www.eldiario.net\/portal\/2021\/05\/21\/diputado-denuncia-presunto-desvio-de-recursos-de-afp-para-gasto-corriente\/#primaryimage"},"thumbnailUrl":"","articleSection":["Pol\u00edtica"],"inLanguage":"es"},{"@type":"WebPage","@id":"https:\/\/www.eldiario.net\/portal\/2021\/05\/21\/diputado-denuncia-presunto-desvio-de-recursos-de-afp-para-gasto-corriente\/","url":"https:\/\/www.eldiario.net\/portal\/2021\/05\/21\/diputado-denuncia-presunto-desvio-de-recursos-de-afp-para-gasto-corriente\/","name":"Diputado denuncia presunto desv\u00edo de recursos de AFP para gasto corriente - El Diario - Bolivia","isPartOf":{"@id":"https:\/\/www.eldiario.net\/portal\/#website"},"primaryImageOfPage":{"@id":"https:\/\/www.eldiario.net\/portal\/2021\/05\/21\/diputado-denuncia-presunto-desvio-de-recursos-de-afp-para-gasto-corriente\/#primaryimage"},"image":{"@id":"https:\/\/www.eldiario.net\/portal\/2021\/05\/21\/diputado-denuncia-presunto-desvio-de-recursos-de-afp-para-gasto-corriente\/#primaryimage"},"thumbnailUrl":"","datePublished":"2021-05-21T10:17:41+00:00","breadcrumb":{"@id":"https:\/\/www.eldiario.net\/portal\/2021\/05\/21\/diputado-denuncia-presunto-desvio-de-recursos-de-afp-para-gasto-corriente\/#breadcrumb"},"inLanguage":"es","potentialAction":[{"@type":"ReadAction","target":["https:\/\/www.eldiario.net\/portal\/2021\/05\/21\/diputado-denuncia-presunto-desvio-de-recursos-de-afp-para-gasto-corriente\/"]}]},{"@type":"ImageObject","inLanguage":"es","@id":"https:\/\/www.eldiario.net\/portal\/2021\/05\/21\/diputado-denuncia-presunto-desvio-de-recursos-de-afp-para-gasto-corriente\/#primaryimage","url":"","contentUrl":""},{"@type":"BreadcrumbList","@id":"https:\/\/www.eldiario.net\/portal\/2021\/05\/21\/diputado-denuncia-presunto-desvio-de-recursos-de-afp-para-gasto-corriente\/#breadcrumb","itemListElement":[{"@type":"ListItem","position":1,"name":"Portada","item":"https:\/\/www.eldiario.net\/portal\/"},{"@type":"ListItem","position":2,"name":"Diputado denuncia presunto desv\u00edo de recursos de AFP para gasto corriente"}]},{"@type":"WebSite","@id":"https:\/\/www.eldiario.net\/portal\/#website","url":"https:\/\/www.eldiario.net\/portal\/","name":"El Diario - Decano de la prensa nacional","description":"El Diario - Decano de la prensa nacional","publisher":{"@id":"https:\/\/www.eldiario.net\/portal\/#organization"},"potentialAction":[{"@type":"SearchAction","target":{"@type":"EntryPoint","urlTemplate":"https:\/\/www.eldiario.net\/portal\/?s={search_term_string}"},"query-input":{"@type":"PropertyValueSpecification","valueRequired":true,"valueName":"search_term_string"}}],"inLanguage":"es"},{"@type":"Organization","@id":"https:\/\/www.eldiario.net\/portal\/#organization","name":"El Diario - Decano de la prensa nacional","url":"https:\/\/www.eldiario.net\/portal\/","logo":{"@type":"ImageObject","inLanguage":"es","@id":"https:\/\/www.eldiario.net\/portal\/#\/schema\/logo\/image\/","url":"https:\/\/www.eldiario.net\/portal\/wp-content\/uploads\/2023\/07\/logo_ED.jpg","contentUrl":"https:\/\/www.eldiario.net\/portal\/wp-content\/uploads\/2023\/07\/logo_ED.jpg","width":272,"height":52,"caption":"El Diario - Decano de la prensa nacional"},"image":{"@id":"https:\/\/www.eldiario.net\/portal\/#\/schema\/logo\/image\/"},"sameAs":["https:\/\/www.facebook.com\/eldiario.bolivia\/","https:\/\/x.com\/eldiario_net"]},{"@type":"Person","@id":"https:\/\/www.eldiario.net\/portal\/#\/schema\/person\/f46445640444750d7d753ccd04ae01b7","name":"Jeanette","image":{"@type":"ImageObject","inLanguage":"es","@id":"https:\/\/secure.gravatar.com\/avatar\/3ea2118a5f7dad2b7138b1187a6b7ee55f160b9968b66013c3a3ef39dd7e5798?s=96&d=mm&r=g","url":"https:\/\/secure.gravatar.com\/avatar\/3ea2118a5f7dad2b7138b1187a6b7ee55f160b9968b66013c3a3ef39dd7e5798?s=96&d=mm&r=g","contentUrl":"https:\/\/secure.gravatar.com\/avatar\/3ea2118a5f7dad2b7138b1187a6b7ee55f160b9968b66013c3a3ef39dd7e5798?s=96&d=mm&r=g","caption":"Jeanette"},"sameAs":["https:\/\/www.eldiario.net\/portal"],"url":"https:\/\/www.eldiario.net\/portal\/author\/jeanette\/"}]}},"_links":{"self":[{"href":"https:\/\/www.eldiario.net\/portal\/wp-json\/wp\/v2\/posts\/5307","targetHints":{"allow":["GET"]}}],"collection":[{"href":"https:\/\/www.eldiario.net\/portal\/wp-json\/wp\/v2\/posts"}],"about":[{"href":"https:\/\/www.eldiario.net\/portal\/wp-json\/wp\/v2\/types\/post"}],"author":[{"embeddable":true,"href":"https:\/\/www.eldiario.net\/portal\/wp-json\/wp\/v2\/users\/1"}],"replies":[{"embeddable":true,"href":"https:\/\/www.eldiario.net\/portal\/wp-json\/wp\/v2\/comments?post=5307"}],"version-history":[{"count":0,"href":"https:\/\/www.eldiario.net\/portal\/wp-json\/wp\/v2\/posts\/5307\/revisions"}],"wp:attachment":[{"href":"https:\/\/www.eldiario.net\/portal\/wp-json\/wp\/v2\/media?parent=5307"}],"wp:term":[{"taxonomy":"category","embeddable":true,"href":"https:\/\/www.eldiario.net\/portal\/wp-json\/wp\/v2\/categories?post=5307"},{"taxonomy":"post_tag","embeddable":true,"href":"https:\/\/www.eldiario.net\/portal\/wp-json\/wp\/v2\/tags?post=5307"}],"curies":[{"name":"wp","href":"https:\/\/api.w.org\/{rel}","templated":true}]}}