{"id":5300,"date":"2021-05-21T06:14:01","date_gmt":"2021-05-21T10:14:01","guid":{"rendered":"https:\/\/www.eldiario.net\/portal\/?p=5300"},"modified":"2021-05-21T06:14:01","modified_gmt":"2021-05-21T10:14:01","slug":"la-discriminacion-atentado-contra-los-derechos-humanos","status":"publish","type":"post","link":"https:\/\/www.eldiario.net\/portal\/2021\/05\/21\/la-discriminacion-atentado-contra-los-derechos-humanos\/","title":{"rendered":"La discriminaci\u00f3n, atentado contra los derechos humanos"},"content":{"rendered":"<p>En varios pa\u00edses se acostumbra \u201cfestejar\u201d o recordar, como festejo, el \u201cD\u00eda de la Discriminaci\u00f3n\u201d, una fecha que de ninguna manera deb\u00eda conmemorarse porque la discriminaci\u00f3n, del tipo que sea, es causa o motivo de dolor, angustias, recuerdos ingratos, ofensas y desesperanzas para much\u00edsimas personas y hasta pueblos.<br \/>\nLa discriminaci\u00f3n es un hecho contrario a principios de bien, de caridad, de bienaventuranzas, de amor y consideraci\u00f3n y respeto por los derechos del pr\u00f3jimo. Todos los d\u00edas deber\u00edan ser para reconocer que todos los seres humanos son merecedores de amor, consideraci\u00f3n y respeto; reconocer que todos, sin distinci\u00f3n alguna, tienen los mismos derechos, las mismas libertades y los mismos dones que Dios ha creado en todos y para todos. En cierta oportunidad, el Papa Juan Pablo II dijo que la discriminaci\u00f3n es una plaga que existe en varios pa\u00edses y muchas veces \u201cbajo formas particularmente crueles\u201d. Dijo que es preciso afirmar con mucha fuerza que todos los hombres son hijos de Dios y hermanos entre ellos, y gozan de igual dignidad y derechos\u201d.<br \/>\nEs sabido que en la humanidad muchos de los grandes conflictos se han debido a la discriminaci\u00f3n que se hizo de los hombres; en la mayor\u00eda de los casos, por sus caracter\u00edsticas raciales, por la creencia absurda de que quienes \u201cno son blancos\u201d son de inferior categor\u00eda o condici\u00f3n social o no est\u00e1n dotados para beneficiarse con los progresos que alcanz\u00f3 el hombre u ocupan un lugar secundario en una escala de valores. Sin remontarse mucho en la historia, se podr\u00eda recordar lo ocurrido en la Segunda Guerra Mundial que ha cegado millones de vidas bajo el criminal argumento de que hab\u00eda \u201crazas inferiores\u201d.<br \/>\nHoy ocurre que en varios pa\u00edses ricos y desarrollados se discrimina a los hombres s\u00f3lo por el color de su piel, en la salud, la educaci\u00f3n, beneficios de empleos y percepci\u00f3n de sueldos. En la mayor parte del mundo se habla de la dignidad y derechos del ser humano, de las condiciones dignas en que debe vivir, de que debe gozar de todos los beneficios del desarrollo y el progreso; pero, la realidad se muestra muy diferente por las mismas discriminaciones que hacen gobernantes y personas con poder. Am\u00e9rica Latina no es excepci\u00f3n y, sin ir lejos, vemos en nuestro pa\u00eds cuanto se discrimina, se separa a quienes no complacen las condiciones que tienen unos de otros, se a\u00edsla y no se da importancia a quien es de condici\u00f3n \u201cinferior\u201d y a quienes \u201cno re\u00fanen condiciones apropiadas para alg\u00fan cargo por m\u00e1s eficiente profesional que sea porque no viste bien, ni est\u00e1 presentable ni ayuda su color\u201d o se inventa cualquier pretexto que se hace raz\u00f3n, motivo o causa.<br \/>\nCu\u00e1n necesario e importante es que en nuestro pa\u00eds se aprenda que nadie puede ser discriminado por raz\u00f3n alguna; que todos, sean considerados y respetados por lo que son saben y pueden a m\u00e1s de contar con la idoneidad y valores necesarios para realizar cualquier labor encomendada.<\/p>\n","protected":false},"excerpt":{"rendered":"<p>En varios pa\u00edses se acostumbra \u201cfestejar\u201d o recordar, como festejo, el \u201cD\u00eda de la Discriminaci\u00f3n\u201d, una fecha que de ninguna manera deb\u00eda conmemorarse porque la discriminaci\u00f3n, del tipo que sea, es causa o motivo de dolor, angustias, recuerdos ingratos, ofensas y desesperanzas para much\u00edsimas personas y hasta pueblos. La discriminaci\u00f3n es un hecho contrario a [&hellip;]<\/p>\n","protected":false},"author":1,"featured_media":3785,"comment_status":"closed","ping_status":"closed","sticky":false,"template":"","format":"standard","meta":{"_acf_changed":false,"footnotes":""},"categories":[9],"tags":[],"class_list":["post-5300","post","type-post","status-publish","format-standard","has-post-thumbnail","category-opinion"],"acf":{"antetitulo":""},"yoast_head":"<!-- This site is optimized with the Yoast SEO plugin v28.4 - https:\/\/yoast.com\/product\/yoast-seo-wordpress\/ -->\n<title>La discriminaci\u00f3n, atentado contra los derechos humanos - El Diario - Bolivia<\/title>\n<meta name=\"robots\" content=\"index, follow, max-snippet:-1, max-image-preview:large, max-video-preview:-1\" \/>\n<link rel=\"canonical\" href=\"https:\/\/www.eldiario.net\/portal\/2021\/05\/21\/la-discriminacion-atentado-contra-los-derechos-humanos\/\" \/>\n<meta property=\"og:locale\" content=\"es_ES\" \/>\n<meta property=\"og:type\" content=\"article\" \/>\n<meta property=\"og:title\" content=\"La discriminaci\u00f3n, atentado contra los derechos humanos - El Diario - Bolivia\" \/>\n<meta property=\"og:description\" content=\"En varios pa\u00edses se acostumbra \u201cfestejar\u201d o recordar, como festejo, el \u201cD\u00eda de la Discriminaci\u00f3n\u201d, una fecha que de ninguna manera deb\u00eda conmemorarse porque la discriminaci\u00f3n, del tipo que sea, es causa o motivo de dolor, angustias, recuerdos ingratos, ofensas y desesperanzas para much\u00edsimas personas y hasta pueblos. La discriminaci\u00f3n es un hecho contrario a [&hellip;]\" \/>\n<meta property=\"og:url\" content=\"https:\/\/www.eldiario.net\/portal\/2021\/05\/21\/la-discriminacion-atentado-contra-los-derechos-humanos\/\" \/>\n<meta property=\"og:site_name\" content=\"El Diario - Bolivia\" \/>\n<meta property=\"article:publisher\" content=\"https:\/\/www.facebook.com\/eldiario.bolivia\/\" \/>\n<meta property=\"article:published_time\" content=\"2021-05-21T10:14:01+00:00\" \/>\n<meta name=\"author\" content=\"Jeanette\" \/>\n<meta name=\"twitter:card\" content=\"summary_large_image\" \/>\n<meta name=\"twitter:creator\" content=\"@eldiario_net\" \/>\n<meta name=\"twitter:site\" content=\"@eldiario_net\" \/>\n<meta name=\"twitter:label1\" content=\"Escrito por\" \/>\n\t<meta name=\"twitter:data1\" content=\"Jeanette\" \/>\n\t<meta name=\"twitter:label2\" content=\"Tiempo de lectura\" \/>\n\t<meta name=\"twitter:data2\" content=\"3 minutos\" \/>\n<script type=\"application\/ld+json\" class=\"yoast-schema-graph\">{\"@context\":\"https:\\\/\\\/schema.org\",\"@graph\":[{\"@type\":\"Article\",\"@id\":\"https:\\\/\\\/www.eldiario.net\\\/portal\\\/2021\\\/05\\\/21\\\/la-discriminacion-atentado-contra-los-derechos-humanos\\\/#article\",\"isPartOf\":{\"@id\":\"https:\\\/\\\/www.eldiario.net\\\/portal\\\/2021\\\/05\\\/21\\\/la-discriminacion-atentado-contra-los-derechos-humanos\\\/\"},\"author\":{\"name\":\"Jeanette\",\"@id\":\"https:\\\/\\\/www.eldiario.net\\\/portal\\\/#\\\/schema\\\/person\\\/f46445640444750d7d753ccd04ae01b7\"},\"headline\":\"La discriminaci\u00f3n, atentado contra los derechos humanos\",\"datePublished\":\"2021-05-21T10:14:01+00:00\",\"mainEntityOfPage\":{\"@id\":\"https:\\\/\\\/www.eldiario.net\\\/portal\\\/2021\\\/05\\\/21\\\/la-discriminacion-atentado-contra-los-derechos-humanos\\\/\"},\"wordCount\":540,\"publisher\":{\"@id\":\"https:\\\/\\\/www.eldiario.net\\\/portal\\\/#organization\"},\"image\":{\"@id\":\"https:\\\/\\\/www.eldiario.net\\\/portal\\\/2021\\\/05\\\/21\\\/la-discriminacion-atentado-contra-los-derechos-humanos\\\/#primaryimage\"},\"thumbnailUrl\":\"\",\"articleSection\":[\"Opini\u00f3n\"],\"inLanguage\":\"es\"},{\"@type\":\"WebPage\",\"@id\":\"https:\\\/\\\/www.eldiario.net\\\/portal\\\/2021\\\/05\\\/21\\\/la-discriminacion-atentado-contra-los-derechos-humanos\\\/\",\"url\":\"https:\\\/\\\/www.eldiario.net\\\/portal\\\/2021\\\/05\\\/21\\\/la-discriminacion-atentado-contra-los-derechos-humanos\\\/\",\"name\":\"La discriminaci\u00f3n, atentado contra los derechos humanos - El Diario - Bolivia\",\"isPartOf\":{\"@id\":\"https:\\\/\\\/www.eldiario.net\\\/portal\\\/#website\"},\"primaryImageOfPage\":{\"@id\":\"https:\\\/\\\/www.eldiario.net\\\/portal\\\/2021\\\/05\\\/21\\\/la-discriminacion-atentado-contra-los-derechos-humanos\\\/#primaryimage\"},\"image\":{\"@id\":\"https:\\\/\\\/www.eldiario.net\\\/portal\\\/2021\\\/05\\\/21\\\/la-discriminacion-atentado-contra-los-derechos-humanos\\\/#primaryimage\"},\"thumbnailUrl\":\"\",\"datePublished\":\"2021-05-21T10:14:01+00:00\",\"breadcrumb\":{\"@id\":\"https:\\\/\\\/www.eldiario.net\\\/portal\\\/2021\\\/05\\\/21\\\/la-discriminacion-atentado-contra-los-derechos-humanos\\\/#breadcrumb\"},\"inLanguage\":\"es\",\"potentialAction\":[{\"@type\":\"ReadAction\",\"target\":[\"https:\\\/\\\/www.eldiario.net\\\/portal\\\/2021\\\/05\\\/21\\\/la-discriminacion-atentado-contra-los-derechos-humanos\\\/\"]}]},{\"@type\":\"ImageObject\",\"inLanguage\":\"es\",\"@id\":\"https:\\\/\\\/www.eldiario.net\\\/portal\\\/2021\\\/05\\\/21\\\/la-discriminacion-atentado-contra-los-derechos-humanos\\\/#primaryimage\",\"url\":\"\",\"contentUrl\":\"\"},{\"@type\":\"BreadcrumbList\",\"@id\":\"https:\\\/\\\/www.eldiario.net\\\/portal\\\/2021\\\/05\\\/21\\\/la-discriminacion-atentado-contra-los-derechos-humanos\\\/#breadcrumb\",\"itemListElement\":[{\"@type\":\"ListItem\",\"position\":1,\"name\":\"Portada\",\"item\":\"https:\\\/\\\/www.eldiario.net\\\/portal\\\/\"},{\"@type\":\"ListItem\",\"position\":2,\"name\":\"La discriminaci\u00f3n, atentado contra los derechos humanos\"}]},{\"@type\":\"WebSite\",\"@id\":\"https:\\\/\\\/www.eldiario.net\\\/portal\\\/#website\",\"url\":\"https:\\\/\\\/www.eldiario.net\\\/portal\\\/\",\"name\":\"El Diario - Decano de la prensa nacional\",\"description\":\"El Diario - Decano de la prensa nacional\",\"publisher\":{\"@id\":\"https:\\\/\\\/www.eldiario.net\\\/portal\\\/#organization\"},\"potentialAction\":[{\"@type\":\"SearchAction\",\"target\":{\"@type\":\"EntryPoint\",\"urlTemplate\":\"https:\\\/\\\/www.eldiario.net\\\/portal\\\/?s={search_term_string}\"},\"query-input\":{\"@type\":\"PropertyValueSpecification\",\"valueRequired\":true,\"valueName\":\"search_term_string\"}}],\"inLanguage\":\"es\"},{\"@type\":\"Organization\",\"@id\":\"https:\\\/\\\/www.eldiario.net\\\/portal\\\/#organization\",\"name\":\"El Diario - Decano de la prensa nacional\",\"url\":\"https:\\\/\\\/www.eldiario.net\\\/portal\\\/\",\"logo\":{\"@type\":\"ImageObject\",\"inLanguage\":\"es\",\"@id\":\"https:\\\/\\\/www.eldiario.net\\\/portal\\\/#\\\/schema\\\/logo\\\/image\\\/\",\"url\":\"https:\\\/\\\/www.eldiario.net\\\/portal\\\/wp-content\\\/uploads\\\/2023\\\/07\\\/logo_ED.jpg\",\"contentUrl\":\"https:\\\/\\\/www.eldiario.net\\\/portal\\\/wp-content\\\/uploads\\\/2023\\\/07\\\/logo_ED.jpg\",\"width\":272,\"height\":52,\"caption\":\"El Diario - Decano de la prensa nacional\"},\"image\":{\"@id\":\"https:\\\/\\\/www.eldiario.net\\\/portal\\\/#\\\/schema\\\/logo\\\/image\\\/\"},\"sameAs\":[\"https:\\\/\\\/www.facebook.com\\\/eldiario.bolivia\\\/\",\"https:\\\/\\\/x.com\\\/eldiario_net\"]},{\"@type\":\"Person\",\"@id\":\"https:\\\/\\\/www.eldiario.net\\\/portal\\\/#\\\/schema\\\/person\\\/f46445640444750d7d753ccd04ae01b7\",\"name\":\"Jeanette\",\"image\":{\"@type\":\"ImageObject\",\"inLanguage\":\"es\",\"@id\":\"https:\\\/\\\/secure.gravatar.com\\\/avatar\\\/3ea2118a5f7dad2b7138b1187a6b7ee55f160b9968b66013c3a3ef39dd7e5798?s=96&d=mm&r=g\",\"url\":\"https:\\\/\\\/secure.gravatar.com\\\/avatar\\\/3ea2118a5f7dad2b7138b1187a6b7ee55f160b9968b66013c3a3ef39dd7e5798?s=96&d=mm&r=g\",\"contentUrl\":\"https:\\\/\\\/secure.gravatar.com\\\/avatar\\\/3ea2118a5f7dad2b7138b1187a6b7ee55f160b9968b66013c3a3ef39dd7e5798?s=96&d=mm&r=g\",\"caption\":\"Jeanette\"},\"sameAs\":[\"https:\\\/\\\/www.eldiario.net\\\/portal\"],\"url\":\"https:\\\/\\\/www.eldiario.net\\\/portal\\\/author\\\/jeanette\\\/\"}]}<\/script>\n<!-- \/ Yoast SEO plugin. -->","yoast_head_json":{"title":"La discriminaci\u00f3n, atentado contra los derechos humanos - El Diario - Bolivia","robots":{"index":"index","follow":"follow","max-snippet":"max-snippet:-1","max-image-preview":"max-image-preview:large","max-video-preview":"max-video-preview:-1"},"canonical":"https:\/\/www.eldiario.net\/portal\/2021\/05\/21\/la-discriminacion-atentado-contra-los-derechos-humanos\/","og_locale":"es_ES","og_type":"article","og_title":"La discriminaci\u00f3n, atentado contra los derechos humanos - El Diario - Bolivia","og_description":"En varios pa\u00edses se acostumbra \u201cfestejar\u201d o recordar, como festejo, el \u201cD\u00eda de la Discriminaci\u00f3n\u201d, una fecha que de ninguna manera deb\u00eda conmemorarse porque la discriminaci\u00f3n, del tipo que sea, es causa o motivo de dolor, angustias, recuerdos ingratos, ofensas y desesperanzas para much\u00edsimas personas y hasta pueblos. La discriminaci\u00f3n es un hecho contrario a [&hellip;]","og_url":"https:\/\/www.eldiario.net\/portal\/2021\/05\/21\/la-discriminacion-atentado-contra-los-derechos-humanos\/","og_site_name":"El Diario - Bolivia","article_publisher":"https:\/\/www.facebook.com\/eldiario.bolivia\/","article_published_time":"2021-05-21T10:14:01+00:00","author":"Jeanette","twitter_card":"summary_large_image","twitter_creator":"@eldiario_net","twitter_site":"@eldiario_net","twitter_misc":{"Escrito por":"Jeanette","Tiempo de lectura":"3 minutos"},"schema":{"@context":"https:\/\/schema.org","@graph":[{"@type":"Article","@id":"https:\/\/www.eldiario.net\/portal\/2021\/05\/21\/la-discriminacion-atentado-contra-los-derechos-humanos\/#article","isPartOf":{"@id":"https:\/\/www.eldiario.net\/portal\/2021\/05\/21\/la-discriminacion-atentado-contra-los-derechos-humanos\/"},"author":{"name":"Jeanette","@id":"https:\/\/www.eldiario.net\/portal\/#\/schema\/person\/f46445640444750d7d753ccd04ae01b7"},"headline":"La discriminaci\u00f3n, atentado contra los derechos humanos","datePublished":"2021-05-21T10:14:01+00:00","mainEntityOfPage":{"@id":"https:\/\/www.eldiario.net\/portal\/2021\/05\/21\/la-discriminacion-atentado-contra-los-derechos-humanos\/"},"wordCount":540,"publisher":{"@id":"https:\/\/www.eldiario.net\/portal\/#organization"},"image":{"@id":"https:\/\/www.eldiario.net\/portal\/2021\/05\/21\/la-discriminacion-atentado-contra-los-derechos-humanos\/#primaryimage"},"thumbnailUrl":"","articleSection":["Opini\u00f3n"],"inLanguage":"es"},{"@type":"WebPage","@id":"https:\/\/www.eldiario.net\/portal\/2021\/05\/21\/la-discriminacion-atentado-contra-los-derechos-humanos\/","url":"https:\/\/www.eldiario.net\/portal\/2021\/05\/21\/la-discriminacion-atentado-contra-los-derechos-humanos\/","name":"La discriminaci\u00f3n, atentado contra los derechos humanos - El Diario - Bolivia","isPartOf":{"@id":"https:\/\/www.eldiario.net\/portal\/#website"},"primaryImageOfPage":{"@id":"https:\/\/www.eldiario.net\/portal\/2021\/05\/21\/la-discriminacion-atentado-contra-los-derechos-humanos\/#primaryimage"},"image":{"@id":"https:\/\/www.eldiario.net\/portal\/2021\/05\/21\/la-discriminacion-atentado-contra-los-derechos-humanos\/#primaryimage"},"thumbnailUrl":"","datePublished":"2021-05-21T10:14:01+00:00","breadcrumb":{"@id":"https:\/\/www.eldiario.net\/portal\/2021\/05\/21\/la-discriminacion-atentado-contra-los-derechos-humanos\/#breadcrumb"},"inLanguage":"es","potentialAction":[{"@type":"ReadAction","target":["https:\/\/www.eldiario.net\/portal\/2021\/05\/21\/la-discriminacion-atentado-contra-los-derechos-humanos\/"]}]},{"@type":"ImageObject","inLanguage":"es","@id":"https:\/\/www.eldiario.net\/portal\/2021\/05\/21\/la-discriminacion-atentado-contra-los-derechos-humanos\/#primaryimage","url":"","contentUrl":""},{"@type":"BreadcrumbList","@id":"https:\/\/www.eldiario.net\/portal\/2021\/05\/21\/la-discriminacion-atentado-contra-los-derechos-humanos\/#breadcrumb","itemListElement":[{"@type":"ListItem","position":1,"name":"Portada","item":"https:\/\/www.eldiario.net\/portal\/"},{"@type":"ListItem","position":2,"name":"La discriminaci\u00f3n, atentado contra los derechos humanos"}]},{"@type":"WebSite","@id":"https:\/\/www.eldiario.net\/portal\/#website","url":"https:\/\/www.eldiario.net\/portal\/","name":"El Diario - Decano de la prensa nacional","description":"El Diario - Decano de la prensa nacional","publisher":{"@id":"https:\/\/www.eldiario.net\/portal\/#organization"},"potentialAction":[{"@type":"SearchAction","target":{"@type":"EntryPoint","urlTemplate":"https:\/\/www.eldiario.net\/portal\/?s={search_term_string}"},"query-input":{"@type":"PropertyValueSpecification","valueRequired":true,"valueName":"search_term_string"}}],"inLanguage":"es"},{"@type":"Organization","@id":"https:\/\/www.eldiario.net\/portal\/#organization","name":"El Diario - Decano de la prensa nacional","url":"https:\/\/www.eldiario.net\/portal\/","logo":{"@type":"ImageObject","inLanguage":"es","@id":"https:\/\/www.eldiario.net\/portal\/#\/schema\/logo\/image\/","url":"https:\/\/www.eldiario.net\/portal\/wp-content\/uploads\/2023\/07\/logo_ED.jpg","contentUrl":"https:\/\/www.eldiario.net\/portal\/wp-content\/uploads\/2023\/07\/logo_ED.jpg","width":272,"height":52,"caption":"El Diario - Decano de la prensa nacional"},"image":{"@id":"https:\/\/www.eldiario.net\/portal\/#\/schema\/logo\/image\/"},"sameAs":["https:\/\/www.facebook.com\/eldiario.bolivia\/","https:\/\/x.com\/eldiario_net"]},{"@type":"Person","@id":"https:\/\/www.eldiario.net\/portal\/#\/schema\/person\/f46445640444750d7d753ccd04ae01b7","name":"Jeanette","image":{"@type":"ImageObject","inLanguage":"es","@id":"https:\/\/secure.gravatar.com\/avatar\/3ea2118a5f7dad2b7138b1187a6b7ee55f160b9968b66013c3a3ef39dd7e5798?s=96&d=mm&r=g","url":"https:\/\/secure.gravatar.com\/avatar\/3ea2118a5f7dad2b7138b1187a6b7ee55f160b9968b66013c3a3ef39dd7e5798?s=96&d=mm&r=g","contentUrl":"https:\/\/secure.gravatar.com\/avatar\/3ea2118a5f7dad2b7138b1187a6b7ee55f160b9968b66013c3a3ef39dd7e5798?s=96&d=mm&r=g","caption":"Jeanette"},"sameAs":["https:\/\/www.eldiario.net\/portal"],"url":"https:\/\/www.eldiario.net\/portal\/author\/jeanette\/"}]}},"_links":{"self":[{"href":"https:\/\/www.eldiario.net\/portal\/wp-json\/wp\/v2\/posts\/5300","targetHints":{"allow":["GET"]}}],"collection":[{"href":"https:\/\/www.eldiario.net\/portal\/wp-json\/wp\/v2\/posts"}],"about":[{"href":"https:\/\/www.eldiario.net\/portal\/wp-json\/wp\/v2\/types\/post"}],"author":[{"embeddable":true,"href":"https:\/\/www.eldiario.net\/portal\/wp-json\/wp\/v2\/users\/1"}],"replies":[{"embeddable":true,"href":"https:\/\/www.eldiario.net\/portal\/wp-json\/wp\/v2\/comments?post=5300"}],"version-history":[{"count":0,"href":"https:\/\/www.eldiario.net\/portal\/wp-json\/wp\/v2\/posts\/5300\/revisions"}],"wp:attachment":[{"href":"https:\/\/www.eldiario.net\/portal\/wp-json\/wp\/v2\/media?parent=5300"}],"wp:term":[{"taxonomy":"category","embeddable":true,"href":"https:\/\/www.eldiario.net\/portal\/wp-json\/wp\/v2\/categories?post=5300"},{"taxonomy":"post_tag","embeddable":true,"href":"https:\/\/www.eldiario.net\/portal\/wp-json\/wp\/v2\/tags?post=5300"}],"curies":[{"name":"wp","href":"https:\/\/api.w.org\/{rel}","templated":true}]}}