{"id":5275,"date":"2021-05-21T06:03:46","date_gmt":"2021-05-21T10:03:46","guid":{"rendered":"https:\/\/www.eldiario.net\/portal\/?p=5275"},"modified":"2021-05-21T06:03:46","modified_gmt":"2021-05-21T10:03:46","slug":"verifican-construcciones-ilegales-y-decenas-de-arboles-derribados","status":"publish","type":"post","link":"https:\/\/www.eldiario.net\/portal\/2021\/05\/21\/verifican-construcciones-ilegales-y-decenas-de-arboles-derribados\/","title":{"rendered":"Verifican construcciones ilegales  y decenas de \u00e1rboles derribados"},"content":{"rendered":"<p>Durante una inspecci\u00f3n, la Alcald\u00eda de La Paz constat\u00f3 ayer un centenar de \u00e1rboles talados en el Bosquecillo de Pura Pura, contabiliz\u00f3 cerca de 15 construcciones ilegales al interior del \u00e1rea forestal y m\u00e1s de 500 metros c\u00fabicos de escombros dispersos en el \u00e1rea protegida.<br \/>\n\u201cHan talado los \u00e1rboles y nos quitan un sector de la mancha verde en la ciudad\u201d, afirm\u00f3 el secretario de Gesti\u00f3n Ambiental, Jos\u00e9 Carlos Campero, en conferencia de prensa cerca del mediod\u00eda. Explic\u00f3 que el sector afectado equivale a 1.000 metros cuadrados donde los responsables de la tala instalaron \u201cmachones\u201d y cintas que dividen los espacios en lotes.<br \/>\nDesde las 07.00 horas de este jueves, una comisi\u00f3n de autoridades de la comuna pace\u00f1a, liderada por el alcalde Iv\u00e1n Arias, inspeccion\u00f3 el Bosquecillo que est\u00e1 en el macrodistrito Max Paredes. El burgomaestre constat\u00f3 la presencia de asentamientos ilegales.<br \/>\nCampero asegur\u00f3 que cuantificaron cerca de 15 construcciones ilegales de seis metros por ocho, en algunos casos con solo cimentos y ladrillo sobre el suelo; dijo que no ubicaron a los propietarios. La comitiva de autoridades municipales recorri\u00f3 una parte de las 197 hect\u00e1reas que tiene el \u00e1rea protegida e invadida en los \u00faltimos a\u00f1os.<br \/>\nLiderados por el alcalde Iv\u00e1n Arias, las autoridades ediles evidenciaron la tala de \u00e1rboles y las construcciones ilegales en el Bosquecillo de Pura Pura.<br \/>\nEl Alcalde explic\u00f3 que los supuestos avasalladores ingresan al \u00e1rea forestal e instalan carpas. Asegur\u00f3 que ejecutar\u00e1 pol\u00edticas p\u00fablicas para sentar soberan\u00eda municipal en el espacio protegido.<br \/>\nDurante el recorrido, las autoridades evidenciaron la existencia de aproximadamente 500 metros c\u00fabicos de tierra y restos de otros materiales que estaban esparcidos en el suelo. Los t\u00e9cnicos municipales dijeron que son de empresas constructoras que trasladan en volquetas; en un momento de la inspecci\u00f3n se pudo alertar de la presencia de esos veh\u00edculos.<br \/>\n\u201cLlevan desechos de construcci\u00f3n y como no hay control los botan ah\u00ed. Mientras est\u00e1bamos en intervenci\u00f3n hemos visto dos volquetas que nos han visto a lo lejos y pararon hasta el momento en que nos hemos ido y seguramente han botado su basura\u201d, relat\u00f3 el secretario de Gesti\u00f3n Ambiental.<br \/>\nCampero anunci\u00f3 que la primera acci\u00f3n para preservar el Bosquecillo ser\u00e1 un diagn\u00f3stico de las irregularidades, \u201cde tal manera que los il\u00edcitos no van a estar libres, y de seguir haci\u00e9ndolo, advirti\u00f3, tendremos presencia policial y judicial\u201d.<br \/>\nAdelant\u00f3 que la Alcald\u00eda y la Estaci\u00f3n Policial Integral (EPI) de Pura Pura coordinar\u00e1n propuestas que ser\u00e1n explicadas el 26 de mayo, en una reuni\u00f3n interinstitucional. Explic\u00f3 que una vez culminado el proceso legal hay la posibilidad de \u201cderruir\u201d las construcciones.<br \/>\n\u201cVamos a sentar presencia interinstitucional en el parque Pura Pura, de manera tal que todas las personas que realizan il\u00edcitos en ese lugar sepan que ya no van a estar libres de seguir haci\u00e9ndolo, sino que vamos a tener presencia de la Polic\u00eda, Bomberos, de guardaparques y presencia judicial\u201d, afirm\u00f3 Campero.<\/p>\n<p><img loading=\"lazy\" decoding=\"async\" class=\"alignleft size-medium wp-image-5277\" src=\"https:\/\/www.eldiario.net\/portal\/wp-content\/uploads\/2021\/05\/2LP-6-300x200.jpg\" alt=\"\" width=\"300\" height=\"200\" srcset=\"https:\/\/www.eldiario.net\/portal\/wp-content\/uploads\/2021\/05\/2LP-6-300x200.jpg 300w, https:\/\/www.eldiario.net\/portal\/wp-content\/uploads\/2021\/05\/2LP-6-1024x682.jpg 1024w, https:\/\/www.eldiario.net\/portal\/wp-content\/uploads\/2021\/05\/2LP-6-768x512.jpg 768w, https:\/\/www.eldiario.net\/portal\/wp-content\/uploads\/2021\/05\/2LP-6-696x464.jpg 696w, https:\/\/www.eldiario.net\/portal\/wp-content\/uploads\/2021\/05\/2LP-6-1068x712.jpg 1068w, https:\/\/www.eldiario.net\/portal\/wp-content\/uploads\/2021\/05\/2LP-6.jpg 1280w\" sizes=\"auto, (max-width: 300px) 100vw, 300px\" \/><\/p>\n","protected":false},"excerpt":{"rendered":"<p>Durante una inspecci\u00f3n, la Alcald\u00eda de La Paz constat\u00f3 ayer un centenar de \u00e1rboles talados en el Bosquecillo de Pura Pura, contabiliz\u00f3 cerca de 15 construcciones ilegales al interior del \u00e1rea forestal y m\u00e1s de 500 metros c\u00fabicos de escombros dispersos en el \u00e1rea protegida. \u201cHan talado los \u00e1rboles y nos quitan un sector de [&hellip;]<\/p>\n","protected":false},"author":1,"featured_media":5276,"comment_status":"closed","ping_status":"closed","sticky":false,"template":"","format":"standard","meta":{"_acf_changed":false,"footnotes":""},"categories":[12],"tags":[],"class_list":["post-5275","post","type-post","status-publish","format-standard","has-post-thumbnail","category-nacional"],"acf":{"antetitulo":""},"yoast_head":"<!-- This site is optimized with the Yoast SEO plugin v28.3 - https:\/\/yoast.com\/product\/yoast-seo-wordpress\/ -->\n<title>Verifican construcciones ilegales y decenas de \u00e1rboles derribados - El Diario - Bolivia<\/title>\n<meta name=\"robots\" content=\"index, follow, max-snippet:-1, max-image-preview:large, max-video-preview:-1\" \/>\n<link rel=\"canonical\" href=\"https:\/\/www.eldiario.net\/portal\/2021\/05\/21\/verifican-construcciones-ilegales-y-decenas-de-arboles-derribados\/\" \/>\n<meta property=\"og:locale\" content=\"es_ES\" \/>\n<meta property=\"og:type\" content=\"article\" \/>\n<meta property=\"og:title\" content=\"Verifican construcciones ilegales y decenas de \u00e1rboles derribados - El Diario - Bolivia\" \/>\n<meta property=\"og:description\" content=\"Durante una inspecci\u00f3n, la Alcald\u00eda de La Paz constat\u00f3 ayer un centenar de \u00e1rboles talados en el Bosquecillo de Pura Pura, contabiliz\u00f3 cerca de 15 construcciones ilegales al interior del \u00e1rea forestal y m\u00e1s de 500 metros c\u00fabicos de escombros dispersos en el \u00e1rea protegida. \u201cHan talado los \u00e1rboles y nos quitan un sector de [&hellip;]\" \/>\n<meta property=\"og:url\" content=\"https:\/\/www.eldiario.net\/portal\/2021\/05\/21\/verifican-construcciones-ilegales-y-decenas-de-arboles-derribados\/\" \/>\n<meta property=\"og:site_name\" content=\"El Diario - Bolivia\" \/>\n<meta property=\"article:publisher\" content=\"https:\/\/www.facebook.com\/eldiario.bolivia\/\" \/>\n<meta property=\"article:published_time\" content=\"2021-05-21T10:03:46+00:00\" \/>\n<meta name=\"author\" content=\"Jeanette\" \/>\n<meta name=\"twitter:card\" content=\"summary_large_image\" \/>\n<meta name=\"twitter:creator\" content=\"@eldiario_net\" \/>\n<meta name=\"twitter:site\" content=\"@eldiario_net\" \/>\n<meta name=\"twitter:label1\" content=\"Escrito por\" \/>\n\t<meta name=\"twitter:data1\" content=\"Jeanette\" \/>\n\t<meta name=\"twitter:label2\" content=\"Tiempo de lectura\" \/>\n\t<meta name=\"twitter:data2\" content=\"3 minutos\" \/>\n<script type=\"application\/ld+json\" class=\"yoast-schema-graph\">{\"@context\":\"https:\\\/\\\/schema.org\",\"@graph\":[{\"@type\":\"Article\",\"@id\":\"https:\\\/\\\/www.eldiario.net\\\/portal\\\/2021\\\/05\\\/21\\\/verifican-construcciones-ilegales-y-decenas-de-arboles-derribados\\\/#article\",\"isPartOf\":{\"@id\":\"https:\\\/\\\/www.eldiario.net\\\/portal\\\/2021\\\/05\\\/21\\\/verifican-construcciones-ilegales-y-decenas-de-arboles-derribados\\\/\"},\"author\":{\"name\":\"Jeanette\",\"@id\":\"https:\\\/\\\/www.eldiario.net\\\/portal\\\/#\\\/schema\\\/person\\\/f46445640444750d7d753ccd04ae01b7\"},\"headline\":\"Verifican construcciones ilegales y decenas de \u00e1rboles derribados\",\"datePublished\":\"2021-05-21T10:03:46+00:00\",\"mainEntityOfPage\":{\"@id\":\"https:\\\/\\\/www.eldiario.net\\\/portal\\\/2021\\\/05\\\/21\\\/verifican-construcciones-ilegales-y-decenas-de-arboles-derribados\\\/\"},\"wordCount\":515,\"publisher\":{\"@id\":\"https:\\\/\\\/www.eldiario.net\\\/portal\\\/#organization\"},\"image\":{\"@id\":\"https:\\\/\\\/www.eldiario.net\\\/portal\\\/2021\\\/05\\\/21\\\/verifican-construcciones-ilegales-y-decenas-de-arboles-derribados\\\/#primaryimage\"},\"thumbnailUrl\":\"\",\"articleSection\":[\"Nacional\"],\"inLanguage\":\"es\"},{\"@type\":\"WebPage\",\"@id\":\"https:\\\/\\\/www.eldiario.net\\\/portal\\\/2021\\\/05\\\/21\\\/verifican-construcciones-ilegales-y-decenas-de-arboles-derribados\\\/\",\"url\":\"https:\\\/\\\/www.eldiario.net\\\/portal\\\/2021\\\/05\\\/21\\\/verifican-construcciones-ilegales-y-decenas-de-arboles-derribados\\\/\",\"name\":\"Verifican construcciones ilegales y decenas de \u00e1rboles derribados - El Diario - Bolivia\",\"isPartOf\":{\"@id\":\"https:\\\/\\\/www.eldiario.net\\\/portal\\\/#website\"},\"primaryImageOfPage\":{\"@id\":\"https:\\\/\\\/www.eldiario.net\\\/portal\\\/2021\\\/05\\\/21\\\/verifican-construcciones-ilegales-y-decenas-de-arboles-derribados\\\/#primaryimage\"},\"image\":{\"@id\":\"https:\\\/\\\/www.eldiario.net\\\/portal\\\/2021\\\/05\\\/21\\\/verifican-construcciones-ilegales-y-decenas-de-arboles-derribados\\\/#primaryimage\"},\"thumbnailUrl\":\"\",\"datePublished\":\"2021-05-21T10:03:46+00:00\",\"breadcrumb\":{\"@id\":\"https:\\\/\\\/www.eldiario.net\\\/portal\\\/2021\\\/05\\\/21\\\/verifican-construcciones-ilegales-y-decenas-de-arboles-derribados\\\/#breadcrumb\"},\"inLanguage\":\"es\",\"potentialAction\":[{\"@type\":\"ReadAction\",\"target\":[\"https:\\\/\\\/www.eldiario.net\\\/portal\\\/2021\\\/05\\\/21\\\/verifican-construcciones-ilegales-y-decenas-de-arboles-derribados\\\/\"]}]},{\"@type\":\"ImageObject\",\"inLanguage\":\"es\",\"@id\":\"https:\\\/\\\/www.eldiario.net\\\/portal\\\/2021\\\/05\\\/21\\\/verifican-construcciones-ilegales-y-decenas-de-arboles-derribados\\\/#primaryimage\",\"url\":\"\",\"contentUrl\":\"\"},{\"@type\":\"BreadcrumbList\",\"@id\":\"https:\\\/\\\/www.eldiario.net\\\/portal\\\/2021\\\/05\\\/21\\\/verifican-construcciones-ilegales-y-decenas-de-arboles-derribados\\\/#breadcrumb\",\"itemListElement\":[{\"@type\":\"ListItem\",\"position\":1,\"name\":\"Portada\",\"item\":\"https:\\\/\\\/www.eldiario.net\\\/portal\\\/\"},{\"@type\":\"ListItem\",\"position\":2,\"name\":\"Verifican construcciones ilegales y decenas de \u00e1rboles derribados\"}]},{\"@type\":\"WebSite\",\"@id\":\"https:\\\/\\\/www.eldiario.net\\\/portal\\\/#website\",\"url\":\"https:\\\/\\\/www.eldiario.net\\\/portal\\\/\",\"name\":\"El Diario - Decano de la prensa nacional\",\"description\":\"El Diario - Decano de la prensa nacional\",\"publisher\":{\"@id\":\"https:\\\/\\\/www.eldiario.net\\\/portal\\\/#organization\"},\"potentialAction\":[{\"@type\":\"SearchAction\",\"target\":{\"@type\":\"EntryPoint\",\"urlTemplate\":\"https:\\\/\\\/www.eldiario.net\\\/portal\\\/?s={search_term_string}\"},\"query-input\":{\"@type\":\"PropertyValueSpecification\",\"valueRequired\":true,\"valueName\":\"search_term_string\"}}],\"inLanguage\":\"es\"},{\"@type\":\"Organization\",\"@id\":\"https:\\\/\\\/www.eldiario.net\\\/portal\\\/#organization\",\"name\":\"El Diario - Decano de la prensa nacional\",\"url\":\"https:\\\/\\\/www.eldiario.net\\\/portal\\\/\",\"logo\":{\"@type\":\"ImageObject\",\"inLanguage\":\"es\",\"@id\":\"https:\\\/\\\/www.eldiario.net\\\/portal\\\/#\\\/schema\\\/logo\\\/image\\\/\",\"url\":\"https:\\\/\\\/www.eldiario.net\\\/portal\\\/wp-content\\\/uploads\\\/2023\\\/07\\\/logo_ED.jpg\",\"contentUrl\":\"https:\\\/\\\/www.eldiario.net\\\/portal\\\/wp-content\\\/uploads\\\/2023\\\/07\\\/logo_ED.jpg\",\"width\":272,\"height\":52,\"caption\":\"El Diario - Decano de la prensa nacional\"},\"image\":{\"@id\":\"https:\\\/\\\/www.eldiario.net\\\/portal\\\/#\\\/schema\\\/logo\\\/image\\\/\"},\"sameAs\":[\"https:\\\/\\\/www.facebook.com\\\/eldiario.bolivia\\\/\",\"https:\\\/\\\/x.com\\\/eldiario_net\"]},{\"@type\":\"Person\",\"@id\":\"https:\\\/\\\/www.eldiario.net\\\/portal\\\/#\\\/schema\\\/person\\\/f46445640444750d7d753ccd04ae01b7\",\"name\":\"Jeanette\",\"image\":{\"@type\":\"ImageObject\",\"inLanguage\":\"es\",\"@id\":\"https:\\\/\\\/secure.gravatar.com\\\/avatar\\\/3ea2118a5f7dad2b7138b1187a6b7ee55f160b9968b66013c3a3ef39dd7e5798?s=96&d=mm&r=g\",\"url\":\"https:\\\/\\\/secure.gravatar.com\\\/avatar\\\/3ea2118a5f7dad2b7138b1187a6b7ee55f160b9968b66013c3a3ef39dd7e5798?s=96&d=mm&r=g\",\"contentUrl\":\"https:\\\/\\\/secure.gravatar.com\\\/avatar\\\/3ea2118a5f7dad2b7138b1187a6b7ee55f160b9968b66013c3a3ef39dd7e5798?s=96&d=mm&r=g\",\"caption\":\"Jeanette\"},\"sameAs\":[\"https:\\\/\\\/www.eldiario.net\\\/portal\"],\"url\":\"https:\\\/\\\/www.eldiario.net\\\/portal\\\/author\\\/jeanette\\\/\"}]}<\/script>\n<!-- \/ Yoast SEO plugin. -->","yoast_head_json":{"title":"Verifican construcciones ilegales y decenas de \u00e1rboles derribados - El Diario - Bolivia","robots":{"index":"index","follow":"follow","max-snippet":"max-snippet:-1","max-image-preview":"max-image-preview:large","max-video-preview":"max-video-preview:-1"},"canonical":"https:\/\/www.eldiario.net\/portal\/2021\/05\/21\/verifican-construcciones-ilegales-y-decenas-de-arboles-derribados\/","og_locale":"es_ES","og_type":"article","og_title":"Verifican construcciones ilegales y decenas de \u00e1rboles derribados - El Diario - Bolivia","og_description":"Durante una inspecci\u00f3n, la Alcald\u00eda de La Paz constat\u00f3 ayer un centenar de \u00e1rboles talados en el Bosquecillo de Pura Pura, contabiliz\u00f3 cerca de 15 construcciones ilegales al interior del \u00e1rea forestal y m\u00e1s de 500 metros c\u00fabicos de escombros dispersos en el \u00e1rea protegida. \u201cHan talado los \u00e1rboles y nos quitan un sector de [&hellip;]","og_url":"https:\/\/www.eldiario.net\/portal\/2021\/05\/21\/verifican-construcciones-ilegales-y-decenas-de-arboles-derribados\/","og_site_name":"El Diario - Bolivia","article_publisher":"https:\/\/www.facebook.com\/eldiario.bolivia\/","article_published_time":"2021-05-21T10:03:46+00:00","author":"Jeanette","twitter_card":"summary_large_image","twitter_creator":"@eldiario_net","twitter_site":"@eldiario_net","twitter_misc":{"Escrito por":"Jeanette","Tiempo de lectura":"3 minutos"},"schema":{"@context":"https:\/\/schema.org","@graph":[{"@type":"Article","@id":"https:\/\/www.eldiario.net\/portal\/2021\/05\/21\/verifican-construcciones-ilegales-y-decenas-de-arboles-derribados\/#article","isPartOf":{"@id":"https:\/\/www.eldiario.net\/portal\/2021\/05\/21\/verifican-construcciones-ilegales-y-decenas-de-arboles-derribados\/"},"author":{"name":"Jeanette","@id":"https:\/\/www.eldiario.net\/portal\/#\/schema\/person\/f46445640444750d7d753ccd04ae01b7"},"headline":"Verifican construcciones ilegales y decenas de \u00e1rboles derribados","datePublished":"2021-05-21T10:03:46+00:00","mainEntityOfPage":{"@id":"https:\/\/www.eldiario.net\/portal\/2021\/05\/21\/verifican-construcciones-ilegales-y-decenas-de-arboles-derribados\/"},"wordCount":515,"publisher":{"@id":"https:\/\/www.eldiario.net\/portal\/#organization"},"image":{"@id":"https:\/\/www.eldiario.net\/portal\/2021\/05\/21\/verifican-construcciones-ilegales-y-decenas-de-arboles-derribados\/#primaryimage"},"thumbnailUrl":"","articleSection":["Nacional"],"inLanguage":"es"},{"@type":"WebPage","@id":"https:\/\/www.eldiario.net\/portal\/2021\/05\/21\/verifican-construcciones-ilegales-y-decenas-de-arboles-derribados\/","url":"https:\/\/www.eldiario.net\/portal\/2021\/05\/21\/verifican-construcciones-ilegales-y-decenas-de-arboles-derribados\/","name":"Verifican construcciones ilegales y decenas de \u00e1rboles derribados - El Diario - Bolivia","isPartOf":{"@id":"https:\/\/www.eldiario.net\/portal\/#website"},"primaryImageOfPage":{"@id":"https:\/\/www.eldiario.net\/portal\/2021\/05\/21\/verifican-construcciones-ilegales-y-decenas-de-arboles-derribados\/#primaryimage"},"image":{"@id":"https:\/\/www.eldiario.net\/portal\/2021\/05\/21\/verifican-construcciones-ilegales-y-decenas-de-arboles-derribados\/#primaryimage"},"thumbnailUrl":"","datePublished":"2021-05-21T10:03:46+00:00","breadcrumb":{"@id":"https:\/\/www.eldiario.net\/portal\/2021\/05\/21\/verifican-construcciones-ilegales-y-decenas-de-arboles-derribados\/#breadcrumb"},"inLanguage":"es","potentialAction":[{"@type":"ReadAction","target":["https:\/\/www.eldiario.net\/portal\/2021\/05\/21\/verifican-construcciones-ilegales-y-decenas-de-arboles-derribados\/"]}]},{"@type":"ImageObject","inLanguage":"es","@id":"https:\/\/www.eldiario.net\/portal\/2021\/05\/21\/verifican-construcciones-ilegales-y-decenas-de-arboles-derribados\/#primaryimage","url":"","contentUrl":""},{"@type":"BreadcrumbList","@id":"https:\/\/www.eldiario.net\/portal\/2021\/05\/21\/verifican-construcciones-ilegales-y-decenas-de-arboles-derribados\/#breadcrumb","itemListElement":[{"@type":"ListItem","position":1,"name":"Portada","item":"https:\/\/www.eldiario.net\/portal\/"},{"@type":"ListItem","position":2,"name":"Verifican construcciones ilegales y decenas de \u00e1rboles derribados"}]},{"@type":"WebSite","@id":"https:\/\/www.eldiario.net\/portal\/#website","url":"https:\/\/www.eldiario.net\/portal\/","name":"El Diario - Decano de la prensa nacional","description":"El Diario - Decano de la prensa nacional","publisher":{"@id":"https:\/\/www.eldiario.net\/portal\/#organization"},"potentialAction":[{"@type":"SearchAction","target":{"@type":"EntryPoint","urlTemplate":"https:\/\/www.eldiario.net\/portal\/?s={search_term_string}"},"query-input":{"@type":"PropertyValueSpecification","valueRequired":true,"valueName":"search_term_string"}}],"inLanguage":"es"},{"@type":"Organization","@id":"https:\/\/www.eldiario.net\/portal\/#organization","name":"El Diario - Decano de la prensa nacional","url":"https:\/\/www.eldiario.net\/portal\/","logo":{"@type":"ImageObject","inLanguage":"es","@id":"https:\/\/www.eldiario.net\/portal\/#\/schema\/logo\/image\/","url":"https:\/\/www.eldiario.net\/portal\/wp-content\/uploads\/2023\/07\/logo_ED.jpg","contentUrl":"https:\/\/www.eldiario.net\/portal\/wp-content\/uploads\/2023\/07\/logo_ED.jpg","width":272,"height":52,"caption":"El Diario - Decano de la prensa nacional"},"image":{"@id":"https:\/\/www.eldiario.net\/portal\/#\/schema\/logo\/image\/"},"sameAs":["https:\/\/www.facebook.com\/eldiario.bolivia\/","https:\/\/x.com\/eldiario_net"]},{"@type":"Person","@id":"https:\/\/www.eldiario.net\/portal\/#\/schema\/person\/f46445640444750d7d753ccd04ae01b7","name":"Jeanette","image":{"@type":"ImageObject","inLanguage":"es","@id":"https:\/\/secure.gravatar.com\/avatar\/3ea2118a5f7dad2b7138b1187a6b7ee55f160b9968b66013c3a3ef39dd7e5798?s=96&d=mm&r=g","url":"https:\/\/secure.gravatar.com\/avatar\/3ea2118a5f7dad2b7138b1187a6b7ee55f160b9968b66013c3a3ef39dd7e5798?s=96&d=mm&r=g","contentUrl":"https:\/\/secure.gravatar.com\/avatar\/3ea2118a5f7dad2b7138b1187a6b7ee55f160b9968b66013c3a3ef39dd7e5798?s=96&d=mm&r=g","caption":"Jeanette"},"sameAs":["https:\/\/www.eldiario.net\/portal"],"url":"https:\/\/www.eldiario.net\/portal\/author\/jeanette\/"}]}},"_links":{"self":[{"href":"https:\/\/www.eldiario.net\/portal\/wp-json\/wp\/v2\/posts\/5275","targetHints":{"allow":["GET"]}}],"collection":[{"href":"https:\/\/www.eldiario.net\/portal\/wp-json\/wp\/v2\/posts"}],"about":[{"href":"https:\/\/www.eldiario.net\/portal\/wp-json\/wp\/v2\/types\/post"}],"author":[{"embeddable":true,"href":"https:\/\/www.eldiario.net\/portal\/wp-json\/wp\/v2\/users\/1"}],"replies":[{"embeddable":true,"href":"https:\/\/www.eldiario.net\/portal\/wp-json\/wp\/v2\/comments?post=5275"}],"version-history":[{"count":0,"href":"https:\/\/www.eldiario.net\/portal\/wp-json\/wp\/v2\/posts\/5275\/revisions"}],"wp:attachment":[{"href":"https:\/\/www.eldiario.net\/portal\/wp-json\/wp\/v2\/media?parent=5275"}],"wp:term":[{"taxonomy":"category","embeddable":true,"href":"https:\/\/www.eldiario.net\/portal\/wp-json\/wp\/v2\/categories?post=5275"},{"taxonomy":"post_tag","embeddable":true,"href":"https:\/\/www.eldiario.net\/portal\/wp-json\/wp\/v2\/tags?post=5275"}],"curies":[{"name":"wp","href":"https:\/\/api.w.org\/{rel}","templated":true}]}}