{"id":5272,"date":"2021-05-21T06:02:09","date_gmt":"2021-05-21T10:02:09","guid":{"rendered":"https:\/\/www.eldiario.net\/portal\/?p=5272"},"modified":"2021-05-21T06:02:09","modified_gmt":"2021-05-21T10:02:09","slug":"ratifican-que-este-ano-habra-reprobacion-de-estudiantes","status":"publish","type":"post","link":"https:\/\/www.eldiario.net\/portal\/2021\/05\/21\/ratifican-que-este-ano-habra-reprobacion-de-estudiantes\/","title":{"rendered":"Ratifican que este a\u00f1o habr\u00e1  reprobaci\u00f3n de estudiantes"},"content":{"rendered":"<p>El retorno a las clases semipresenciales y presenciales ser\u00e1 gradual en todo el pa\u00eds, seg\u00fan los reportes epidemiol\u00f3gicos de la pandemia, y que estudiantes no hayan cumplido con los objetivos de la planificaci\u00f3n curricular perder\u00e1n el a\u00f1o, inform\u00f3 el ministro de Educaci\u00f3n, Adri\u00e1n Quelca.<br \/>\n\u201cEl retorno a clases presenciales est\u00e1 supeditado a los informes epidemiol\u00f3gicos del Ministerio de Salud y Deportes, por eso, en nuestro pa\u00eds existen unidades educativas que pasan clases en tres modalidades dise\u00f1adas\u201d, ratific\u00f3 la autoridad.<br \/>\nLa Resoluci\u00f3n Ministerial 01\/2021 del Ministerio de Educaci\u00f3n establece que las clases para esta gesti\u00f3n se realizar\u00e1 bajo tres modalidades: presencial, semipresencial y a distancia. En cada regi\u00f3n o municipio del pa\u00eds se aplica una de estas particularidades seg\u00fan los reportes epidemiol\u00f3gicos y las condiciones sanitarias.<br \/>\nA diferencia del pasado a\u00f1o que se dispuso que no haya ning\u00fan reprobado, Quelca afirm\u00f3 que para este a\u00f1o habr\u00e1 estudiantes aplazados en el caso que no hayan cumplido con los objetivos de la planificaci\u00f3n curricular dispuesta por el Ministerio de Educaci\u00f3n, reflej\u00f3 Erbol.<br \/>\n\u201cLos maestros y maestras tienen la obligaci\u00f3n de trabajar para lograr objetivos educacionales propuestos en la planificaci\u00f3n, de tal modo, que ellos deben esforzarse para que no hayan reprobados, pero obviamente, en el marco del reglamento, si un estudiante bajo las modalidades de atenci\u00f3n dise\u00f1adas no han logrado alcanzar estos objetivos obviamente se aplicar\u00e1 este reglamento correspondiente\u201d, sostuvo.<\/p>\n","protected":false},"excerpt":{"rendered":"<p>El retorno a las clases semipresenciales y presenciales ser\u00e1 gradual en todo el pa\u00eds, seg\u00fan los reportes epidemiol\u00f3gicos de la pandemia, y que estudiantes no hayan cumplido con los objetivos de la planificaci\u00f3n curricular perder\u00e1n el a\u00f1o, inform\u00f3 el ministro de Educaci\u00f3n, Adri\u00e1n Quelca. \u201cEl retorno a clases presenciales est\u00e1 supeditado a los informes epidemiol\u00f3gicos [&hellip;]<\/p>\n","protected":false},"author":1,"featured_media":5273,"comment_status":"closed","ping_status":"closed","sticky":false,"template":"","format":"standard","meta":{"_acf_changed":false,"footnotes":""},"categories":[12],"tags":[],"class_list":["post-5272","post","type-post","status-publish","format-standard","has-post-thumbnail","category-nacional"],"acf":{"antetitulo":""},"yoast_head":"<!-- This site is optimized with the Yoast SEO plugin v28.3 - https:\/\/yoast.com\/product\/yoast-seo-wordpress\/ -->\n<title>Ratifican que este a\u00f1o habr\u00e1 reprobaci\u00f3n de estudiantes - El Diario - Bolivia<\/title>\n<meta name=\"robots\" content=\"index, follow, max-snippet:-1, max-image-preview:large, max-video-preview:-1\" \/>\n<link rel=\"canonical\" href=\"https:\/\/www.eldiario.net\/portal\/2021\/05\/21\/ratifican-que-este-ano-habra-reprobacion-de-estudiantes\/\" \/>\n<meta property=\"og:locale\" content=\"es_ES\" \/>\n<meta property=\"og:type\" content=\"article\" \/>\n<meta property=\"og:title\" content=\"Ratifican que este a\u00f1o habr\u00e1 reprobaci\u00f3n de estudiantes - El Diario - Bolivia\" \/>\n<meta property=\"og:description\" content=\"El retorno a las clases semipresenciales y presenciales ser\u00e1 gradual en todo el pa\u00eds, seg\u00fan los reportes epidemiol\u00f3gicos de la pandemia, y que estudiantes no hayan cumplido con los objetivos de la planificaci\u00f3n curricular perder\u00e1n el a\u00f1o, inform\u00f3 el ministro de Educaci\u00f3n, Adri\u00e1n Quelca. \u201cEl retorno a clases presenciales est\u00e1 supeditado a los informes epidemiol\u00f3gicos [&hellip;]\" \/>\n<meta property=\"og:url\" content=\"https:\/\/www.eldiario.net\/portal\/2021\/05\/21\/ratifican-que-este-ano-habra-reprobacion-de-estudiantes\/\" \/>\n<meta property=\"og:site_name\" content=\"El Diario - Bolivia\" \/>\n<meta property=\"article:publisher\" content=\"https:\/\/www.facebook.com\/eldiario.bolivia\/\" \/>\n<meta property=\"article:published_time\" content=\"2021-05-21T10:02:09+00:00\" \/>\n<meta property=\"og:image\" content=\"https:\/\/www.eldiario.net\/portal\/wp-content\/uploads\/2021\/05\/3LP-4.jpg\" \/>\n\t<meta property=\"og:image:width\" content=\"954\" \/>\n\t<meta property=\"og:image:height\" content=\"529\" \/>\n\t<meta property=\"og:image:type\" content=\"image\/jpeg\" \/>\n<meta name=\"author\" content=\"Jeanette\" \/>\n<meta name=\"twitter:card\" content=\"summary_large_image\" \/>\n<meta name=\"twitter:creator\" content=\"@eldiario_net\" \/>\n<meta name=\"twitter:site\" content=\"@eldiario_net\" \/>\n<meta name=\"twitter:label1\" content=\"Escrito por\" \/>\n\t<meta name=\"twitter:data1\" content=\"Jeanette\" \/>\n\t<meta name=\"twitter:label2\" content=\"Tiempo de lectura\" \/>\n\t<meta name=\"twitter:data2\" content=\"1 minuto\" \/>\n<script type=\"application\/ld+json\" class=\"yoast-schema-graph\">{\"@context\":\"https:\\\/\\\/schema.org\",\"@graph\":[{\"@type\":\"Article\",\"@id\":\"https:\\\/\\\/www.eldiario.net\\\/portal\\\/2021\\\/05\\\/21\\\/ratifican-que-este-ano-habra-reprobacion-de-estudiantes\\\/#article\",\"isPartOf\":{\"@id\":\"https:\\\/\\\/www.eldiario.net\\\/portal\\\/2021\\\/05\\\/21\\\/ratifican-que-este-ano-habra-reprobacion-de-estudiantes\\\/\"},\"author\":{\"name\":\"Jeanette\",\"@id\":\"https:\\\/\\\/www.eldiario.net\\\/portal\\\/#\\\/schema\\\/person\\\/f46445640444750d7d753ccd04ae01b7\"},\"headline\":\"Ratifican que este a\u00f1o habr\u00e1 reprobaci\u00f3n de estudiantes\",\"datePublished\":\"2021-05-21T10:02:09+00:00\",\"mainEntityOfPage\":{\"@id\":\"https:\\\/\\\/www.eldiario.net\\\/portal\\\/2021\\\/05\\\/21\\\/ratifican-que-este-ano-habra-reprobacion-de-estudiantes\\\/\"},\"wordCount\":263,\"publisher\":{\"@id\":\"https:\\\/\\\/www.eldiario.net\\\/portal\\\/#organization\"},\"image\":{\"@id\":\"https:\\\/\\\/www.eldiario.net\\\/portal\\\/2021\\\/05\\\/21\\\/ratifican-que-este-ano-habra-reprobacion-de-estudiantes\\\/#primaryimage\"},\"thumbnailUrl\":\"https:\\\/\\\/www.eldiario.net\\\/portal\\\/wp-content\\\/uploads\\\/2021\\\/05\\\/3LP-4.jpg\",\"articleSection\":[\"Nacional\"],\"inLanguage\":\"es\"},{\"@type\":\"WebPage\",\"@id\":\"https:\\\/\\\/www.eldiario.net\\\/portal\\\/2021\\\/05\\\/21\\\/ratifican-que-este-ano-habra-reprobacion-de-estudiantes\\\/\",\"url\":\"https:\\\/\\\/www.eldiario.net\\\/portal\\\/2021\\\/05\\\/21\\\/ratifican-que-este-ano-habra-reprobacion-de-estudiantes\\\/\",\"name\":\"Ratifican que este a\u00f1o habr\u00e1 reprobaci\u00f3n de estudiantes - El Diario - Bolivia\",\"isPartOf\":{\"@id\":\"https:\\\/\\\/www.eldiario.net\\\/portal\\\/#website\"},\"primaryImageOfPage\":{\"@id\":\"https:\\\/\\\/www.eldiario.net\\\/portal\\\/2021\\\/05\\\/21\\\/ratifican-que-este-ano-habra-reprobacion-de-estudiantes\\\/#primaryimage\"},\"image\":{\"@id\":\"https:\\\/\\\/www.eldiario.net\\\/portal\\\/2021\\\/05\\\/21\\\/ratifican-que-este-ano-habra-reprobacion-de-estudiantes\\\/#primaryimage\"},\"thumbnailUrl\":\"https:\\\/\\\/www.eldiario.net\\\/portal\\\/wp-content\\\/uploads\\\/2021\\\/05\\\/3LP-4.jpg\",\"datePublished\":\"2021-05-21T10:02:09+00:00\",\"breadcrumb\":{\"@id\":\"https:\\\/\\\/www.eldiario.net\\\/portal\\\/2021\\\/05\\\/21\\\/ratifican-que-este-ano-habra-reprobacion-de-estudiantes\\\/#breadcrumb\"},\"inLanguage\":\"es\",\"potentialAction\":[{\"@type\":\"ReadAction\",\"target\":[\"https:\\\/\\\/www.eldiario.net\\\/portal\\\/2021\\\/05\\\/21\\\/ratifican-que-este-ano-habra-reprobacion-de-estudiantes\\\/\"]}]},{\"@type\":\"ImageObject\",\"inLanguage\":\"es\",\"@id\":\"https:\\\/\\\/www.eldiario.net\\\/portal\\\/2021\\\/05\\\/21\\\/ratifican-que-este-ano-habra-reprobacion-de-estudiantes\\\/#primaryimage\",\"url\":\"https:\\\/\\\/www.eldiario.net\\\/portal\\\/wp-content\\\/uploads\\\/2021\\\/05\\\/3LP-4.jpg\",\"contentUrl\":\"https:\\\/\\\/www.eldiario.net\\\/portal\\\/wp-content\\\/uploads\\\/2021\\\/05\\\/3LP-4.jpg\",\"width\":954,\"height\":529},{\"@type\":\"BreadcrumbList\",\"@id\":\"https:\\\/\\\/www.eldiario.net\\\/portal\\\/2021\\\/05\\\/21\\\/ratifican-que-este-ano-habra-reprobacion-de-estudiantes\\\/#breadcrumb\",\"itemListElement\":[{\"@type\":\"ListItem\",\"position\":1,\"name\":\"Portada\",\"item\":\"https:\\\/\\\/www.eldiario.net\\\/portal\\\/\"},{\"@type\":\"ListItem\",\"position\":2,\"name\":\"Ratifican que este a\u00f1o habr\u00e1 reprobaci\u00f3n de estudiantes\"}]},{\"@type\":\"WebSite\",\"@id\":\"https:\\\/\\\/www.eldiario.net\\\/portal\\\/#website\",\"url\":\"https:\\\/\\\/www.eldiario.net\\\/portal\\\/\",\"name\":\"El Diario - Decano de la prensa nacional\",\"description\":\"El Diario - Decano de la prensa nacional\",\"publisher\":{\"@id\":\"https:\\\/\\\/www.eldiario.net\\\/portal\\\/#organization\"},\"potentialAction\":[{\"@type\":\"SearchAction\",\"target\":{\"@type\":\"EntryPoint\",\"urlTemplate\":\"https:\\\/\\\/www.eldiario.net\\\/portal\\\/?s={search_term_string}\"},\"query-input\":{\"@type\":\"PropertyValueSpecification\",\"valueRequired\":true,\"valueName\":\"search_term_string\"}}],\"inLanguage\":\"es\"},{\"@type\":\"Organization\",\"@id\":\"https:\\\/\\\/www.eldiario.net\\\/portal\\\/#organization\",\"name\":\"El Diario - Decano de la prensa nacional\",\"url\":\"https:\\\/\\\/www.eldiario.net\\\/portal\\\/\",\"logo\":{\"@type\":\"ImageObject\",\"inLanguage\":\"es\",\"@id\":\"https:\\\/\\\/www.eldiario.net\\\/portal\\\/#\\\/schema\\\/logo\\\/image\\\/\",\"url\":\"https:\\\/\\\/www.eldiario.net\\\/portal\\\/wp-content\\\/uploads\\\/2023\\\/07\\\/logo_ED.jpg\",\"contentUrl\":\"https:\\\/\\\/www.eldiario.net\\\/portal\\\/wp-content\\\/uploads\\\/2023\\\/07\\\/logo_ED.jpg\",\"width\":272,\"height\":52,\"caption\":\"El Diario - Decano de la prensa nacional\"},\"image\":{\"@id\":\"https:\\\/\\\/www.eldiario.net\\\/portal\\\/#\\\/schema\\\/logo\\\/image\\\/\"},\"sameAs\":[\"https:\\\/\\\/www.facebook.com\\\/eldiario.bolivia\\\/\",\"https:\\\/\\\/x.com\\\/eldiario_net\"]},{\"@type\":\"Person\",\"@id\":\"https:\\\/\\\/www.eldiario.net\\\/portal\\\/#\\\/schema\\\/person\\\/f46445640444750d7d753ccd04ae01b7\",\"name\":\"Jeanette\",\"image\":{\"@type\":\"ImageObject\",\"inLanguage\":\"es\",\"@id\":\"https:\\\/\\\/secure.gravatar.com\\\/avatar\\\/3ea2118a5f7dad2b7138b1187a6b7ee55f160b9968b66013c3a3ef39dd7e5798?s=96&d=mm&r=g\",\"url\":\"https:\\\/\\\/secure.gravatar.com\\\/avatar\\\/3ea2118a5f7dad2b7138b1187a6b7ee55f160b9968b66013c3a3ef39dd7e5798?s=96&d=mm&r=g\",\"contentUrl\":\"https:\\\/\\\/secure.gravatar.com\\\/avatar\\\/3ea2118a5f7dad2b7138b1187a6b7ee55f160b9968b66013c3a3ef39dd7e5798?s=96&d=mm&r=g\",\"caption\":\"Jeanette\"},\"sameAs\":[\"https:\\\/\\\/www.eldiario.net\\\/portal\"],\"url\":\"https:\\\/\\\/www.eldiario.net\\\/portal\\\/author\\\/jeanette\\\/\"}]}<\/script>\n<!-- \/ Yoast SEO plugin. -->","yoast_head_json":{"title":"Ratifican que este a\u00f1o habr\u00e1 reprobaci\u00f3n de estudiantes - El Diario - Bolivia","robots":{"index":"index","follow":"follow","max-snippet":"max-snippet:-1","max-image-preview":"max-image-preview:large","max-video-preview":"max-video-preview:-1"},"canonical":"https:\/\/www.eldiario.net\/portal\/2021\/05\/21\/ratifican-que-este-ano-habra-reprobacion-de-estudiantes\/","og_locale":"es_ES","og_type":"article","og_title":"Ratifican que este a\u00f1o habr\u00e1 reprobaci\u00f3n de estudiantes - El Diario - Bolivia","og_description":"El retorno a las clases semipresenciales y presenciales ser\u00e1 gradual en todo el pa\u00eds, seg\u00fan los reportes epidemiol\u00f3gicos de la pandemia, y que estudiantes no hayan cumplido con los objetivos de la planificaci\u00f3n curricular perder\u00e1n el a\u00f1o, inform\u00f3 el ministro de Educaci\u00f3n, Adri\u00e1n Quelca. \u201cEl retorno a clases presenciales est\u00e1 supeditado a los informes epidemiol\u00f3gicos [&hellip;]","og_url":"https:\/\/www.eldiario.net\/portal\/2021\/05\/21\/ratifican-que-este-ano-habra-reprobacion-de-estudiantes\/","og_site_name":"El Diario - Bolivia","article_publisher":"https:\/\/www.facebook.com\/eldiario.bolivia\/","article_published_time":"2021-05-21T10:02:09+00:00","og_image":[{"width":954,"height":529,"url":"https:\/\/www.eldiario.net\/portal\/wp-content\/uploads\/2021\/05\/3LP-4.jpg","type":"image\/jpeg"}],"author":"Jeanette","twitter_card":"summary_large_image","twitter_creator":"@eldiario_net","twitter_site":"@eldiario_net","twitter_misc":{"Escrito por":"Jeanette","Tiempo de lectura":"1 minuto"},"schema":{"@context":"https:\/\/schema.org","@graph":[{"@type":"Article","@id":"https:\/\/www.eldiario.net\/portal\/2021\/05\/21\/ratifican-que-este-ano-habra-reprobacion-de-estudiantes\/#article","isPartOf":{"@id":"https:\/\/www.eldiario.net\/portal\/2021\/05\/21\/ratifican-que-este-ano-habra-reprobacion-de-estudiantes\/"},"author":{"name":"Jeanette","@id":"https:\/\/www.eldiario.net\/portal\/#\/schema\/person\/f46445640444750d7d753ccd04ae01b7"},"headline":"Ratifican que este a\u00f1o habr\u00e1 reprobaci\u00f3n de estudiantes","datePublished":"2021-05-21T10:02:09+00:00","mainEntityOfPage":{"@id":"https:\/\/www.eldiario.net\/portal\/2021\/05\/21\/ratifican-que-este-ano-habra-reprobacion-de-estudiantes\/"},"wordCount":263,"publisher":{"@id":"https:\/\/www.eldiario.net\/portal\/#organization"},"image":{"@id":"https:\/\/www.eldiario.net\/portal\/2021\/05\/21\/ratifican-que-este-ano-habra-reprobacion-de-estudiantes\/#primaryimage"},"thumbnailUrl":"https:\/\/www.eldiario.net\/portal\/wp-content\/uploads\/2021\/05\/3LP-4.jpg","articleSection":["Nacional"],"inLanguage":"es"},{"@type":"WebPage","@id":"https:\/\/www.eldiario.net\/portal\/2021\/05\/21\/ratifican-que-este-ano-habra-reprobacion-de-estudiantes\/","url":"https:\/\/www.eldiario.net\/portal\/2021\/05\/21\/ratifican-que-este-ano-habra-reprobacion-de-estudiantes\/","name":"Ratifican que este a\u00f1o habr\u00e1 reprobaci\u00f3n de estudiantes - El Diario - Bolivia","isPartOf":{"@id":"https:\/\/www.eldiario.net\/portal\/#website"},"primaryImageOfPage":{"@id":"https:\/\/www.eldiario.net\/portal\/2021\/05\/21\/ratifican-que-este-ano-habra-reprobacion-de-estudiantes\/#primaryimage"},"image":{"@id":"https:\/\/www.eldiario.net\/portal\/2021\/05\/21\/ratifican-que-este-ano-habra-reprobacion-de-estudiantes\/#primaryimage"},"thumbnailUrl":"https:\/\/www.eldiario.net\/portal\/wp-content\/uploads\/2021\/05\/3LP-4.jpg","datePublished":"2021-05-21T10:02:09+00:00","breadcrumb":{"@id":"https:\/\/www.eldiario.net\/portal\/2021\/05\/21\/ratifican-que-este-ano-habra-reprobacion-de-estudiantes\/#breadcrumb"},"inLanguage":"es","potentialAction":[{"@type":"ReadAction","target":["https:\/\/www.eldiario.net\/portal\/2021\/05\/21\/ratifican-que-este-ano-habra-reprobacion-de-estudiantes\/"]}]},{"@type":"ImageObject","inLanguage":"es","@id":"https:\/\/www.eldiario.net\/portal\/2021\/05\/21\/ratifican-que-este-ano-habra-reprobacion-de-estudiantes\/#primaryimage","url":"https:\/\/www.eldiario.net\/portal\/wp-content\/uploads\/2021\/05\/3LP-4.jpg","contentUrl":"https:\/\/www.eldiario.net\/portal\/wp-content\/uploads\/2021\/05\/3LP-4.jpg","width":954,"height":529},{"@type":"BreadcrumbList","@id":"https:\/\/www.eldiario.net\/portal\/2021\/05\/21\/ratifican-que-este-ano-habra-reprobacion-de-estudiantes\/#breadcrumb","itemListElement":[{"@type":"ListItem","position":1,"name":"Portada","item":"https:\/\/www.eldiario.net\/portal\/"},{"@type":"ListItem","position":2,"name":"Ratifican que este a\u00f1o habr\u00e1 reprobaci\u00f3n de estudiantes"}]},{"@type":"WebSite","@id":"https:\/\/www.eldiario.net\/portal\/#website","url":"https:\/\/www.eldiario.net\/portal\/","name":"El Diario - Decano de la prensa nacional","description":"El Diario - Decano de la prensa nacional","publisher":{"@id":"https:\/\/www.eldiario.net\/portal\/#organization"},"potentialAction":[{"@type":"SearchAction","target":{"@type":"EntryPoint","urlTemplate":"https:\/\/www.eldiario.net\/portal\/?s={search_term_string}"},"query-input":{"@type":"PropertyValueSpecification","valueRequired":true,"valueName":"search_term_string"}}],"inLanguage":"es"},{"@type":"Organization","@id":"https:\/\/www.eldiario.net\/portal\/#organization","name":"El Diario - Decano de la prensa nacional","url":"https:\/\/www.eldiario.net\/portal\/","logo":{"@type":"ImageObject","inLanguage":"es","@id":"https:\/\/www.eldiario.net\/portal\/#\/schema\/logo\/image\/","url":"https:\/\/www.eldiario.net\/portal\/wp-content\/uploads\/2023\/07\/logo_ED.jpg","contentUrl":"https:\/\/www.eldiario.net\/portal\/wp-content\/uploads\/2023\/07\/logo_ED.jpg","width":272,"height":52,"caption":"El Diario - Decano de la prensa nacional"},"image":{"@id":"https:\/\/www.eldiario.net\/portal\/#\/schema\/logo\/image\/"},"sameAs":["https:\/\/www.facebook.com\/eldiario.bolivia\/","https:\/\/x.com\/eldiario_net"]},{"@type":"Person","@id":"https:\/\/www.eldiario.net\/portal\/#\/schema\/person\/f46445640444750d7d753ccd04ae01b7","name":"Jeanette","image":{"@type":"ImageObject","inLanguage":"es","@id":"https:\/\/secure.gravatar.com\/avatar\/3ea2118a5f7dad2b7138b1187a6b7ee55f160b9968b66013c3a3ef39dd7e5798?s=96&d=mm&r=g","url":"https:\/\/secure.gravatar.com\/avatar\/3ea2118a5f7dad2b7138b1187a6b7ee55f160b9968b66013c3a3ef39dd7e5798?s=96&d=mm&r=g","contentUrl":"https:\/\/secure.gravatar.com\/avatar\/3ea2118a5f7dad2b7138b1187a6b7ee55f160b9968b66013c3a3ef39dd7e5798?s=96&d=mm&r=g","caption":"Jeanette"},"sameAs":["https:\/\/www.eldiario.net\/portal"],"url":"https:\/\/www.eldiario.net\/portal\/author\/jeanette\/"}]}},"_links":{"self":[{"href":"https:\/\/www.eldiario.net\/portal\/wp-json\/wp\/v2\/posts\/5272","targetHints":{"allow":["GET"]}}],"collection":[{"href":"https:\/\/www.eldiario.net\/portal\/wp-json\/wp\/v2\/posts"}],"about":[{"href":"https:\/\/www.eldiario.net\/portal\/wp-json\/wp\/v2\/types\/post"}],"author":[{"embeddable":true,"href":"https:\/\/www.eldiario.net\/portal\/wp-json\/wp\/v2\/users\/1"}],"replies":[{"embeddable":true,"href":"https:\/\/www.eldiario.net\/portal\/wp-json\/wp\/v2\/comments?post=5272"}],"version-history":[{"count":0,"href":"https:\/\/www.eldiario.net\/portal\/wp-json\/wp\/v2\/posts\/5272\/revisions"}],"wp:featuredmedia":[{"embeddable":true,"href":"https:\/\/www.eldiario.net\/portal\/wp-json\/wp\/v2\/media\/5273"}],"wp:attachment":[{"href":"https:\/\/www.eldiario.net\/portal\/wp-json\/wp\/v2\/media?parent=5272"}],"wp:term":[{"taxonomy":"category","embeddable":true,"href":"https:\/\/www.eldiario.net\/portal\/wp-json\/wp\/v2\/categories?post=5272"},{"taxonomy":"post_tag","embeddable":true,"href":"https:\/\/www.eldiario.net\/portal\/wp-json\/wp\/v2\/tags?post=5272"}],"curies":[{"name":"wp","href":"https:\/\/api.w.org\/{rel}","templated":true}]}}