{"id":5269,"date":"2021-05-21T06:01:11","date_gmt":"2021-05-21T10:01:11","guid":{"rendered":"https:\/\/www.eldiario.net\/portal\/?p=5269"},"modified":"2021-05-21T06:01:11","modified_gmt":"2021-05-21T10:01:11","slug":"el-alto-tendra-centro-de-operaciones-contra-covid-19","status":"publish","type":"post","link":"https:\/\/www.eldiario.net\/portal\/2021\/05\/21\/el-alto-tendra-centro-de-operaciones-contra-covid-19\/","title":{"rendered":"El Alto tendr\u00e1 Centro de Operaciones contra Covid-19"},"content":{"rendered":"<p>El municipio de la ciudad de El Alto habilitar\u00e1 un Centro de Operaciones del Covid-19, para el control epidemiol\u00f3gico de este virus, que tendr\u00e1 como base al Centro de Convenciones de la zona de Santiago I, seg\u00fan la alcaldesa Eva Copa.<br \/>\nEl principal objetivo de la implementaci\u00f3n de este centro de operaciones es para evaluar la evoluci\u00f3n de coronavirus en el municipio de El Alto, donde cada siete d\u00edas se podr\u00e1 tener los resultados de todo el trabajo de contenci\u00f3n que se est\u00e1 acordando en este tema.<br \/>\n\u201cVamos a instalar un centro de operaciones en el Centro de Convenciones para evaluar la epidemia cada siete d\u00edas. Nos hemos reunido con el personal de salud, la Polic\u00eda y las Fuerzas Armadas para que coadyuven con las tareas de control en cumplimiento estricto de las normas, porque solo de esta forma podremos tener de forma clara de c\u00f3mo se est\u00e1 conteniendo la pandemia del covid-19, en nuestra ciudad\u201d, se\u00f1al\u00f3 la autoridad edil.<br \/>\nPara el efecto, tambi\u00e9n la alcaldesa de El Alto, Eva Copa, efectu\u00f3 un acuerdo con las diferentes instituciones de esta urbe como son la Polic\u00eda Boliviana, las Fuerzas Armadas y el sector de los m\u00e9dicos profesionales, con quienes planificaron los nueve puntos que dispone fortalecer el sistema de salud, controles para el cumplimiento de las medidas de bioseguridad, entre otros.<br \/>\nDe esta forma, uno de los puntos del acuerdo establece implementar cerca de 30 camas de terapia intermedia e intensiva en el Hospital del Sur, con el objetivo de mejorar la atenci\u00f3n a los pacientes con coronavirus.<br \/>\nA la vez, se determin\u00f3 hacer una reestructuraci\u00f3n administrativa a los centros hospitalarios de primer y segundo nivel para que administren de mejor forma sus recursos econ\u00f3micos, que les permitir\u00e1 contar con los insumos m\u00e9dicos requeridos.<br \/>\nGenerar campa\u00f1as masivas de comunicaci\u00f3n para la prevenci\u00f3n, diagn\u00f3stico y vacunaci\u00f3n anticovid. Adem\u00e1s de gestionar la dotaci\u00f3n de vacunas en coordinaci\u00f3n con el Gobierno central. Del mismo modo, se trabajar\u00e1 en el fortalecimiento de la red de hospitales y mejores condiciones de trabajo para el personal de salud.<br \/>\nEn ese contexto, Copa precis\u00f3 que las Fuerzas Armadas y la instituci\u00f3n del orden se encargar\u00e1n de realizar controles para evidenciar el cumplimento del uso obligatorio de barbijo y otras medias de bioseguridad, dispuestas a trav\u00e9s de una norma edil que fue aprobada por el Concejo Municipal.<br \/>\nAl referirse al trabajo del ente legislativo destac\u00f3 la inmediata aprobaci\u00f3n de los proyectos de ley de uso obligatorio del barbijo y del di\u00f3xido de cloro. Afirm\u00f3 que ambas normas van en beneficio de la poblaci\u00f3n alte\u00f1a afectada por la pandemia del covid-19.<br \/>\nFinalmente, la primera autoridad de esta ciudad, indic\u00f3 que todo este trabajo en contra del coronavirus, se debe trabajar junto a todas las organizaciones sociales y vecinales quienes son los principales actores de promover todo el cumplimiento de las normas de bioseguridad y de esta forma lograr contener la propagaci\u00f3n de esta pandemia, en la urbe alte\u00f1a, donde en este momento se tiene presente la tercera ola del covid-19.<\/p>\n","protected":false},"excerpt":{"rendered":"<p>El municipio de la ciudad de El Alto habilitar\u00e1 un Centro de Operaciones del Covid-19, para el control epidemiol\u00f3gico de este virus, que tendr\u00e1 como base al Centro de Convenciones de la zona de Santiago I, seg\u00fan la alcaldesa Eva Copa. El principal objetivo de la implementaci\u00f3n de este centro de operaciones es para evaluar [&hellip;]<\/p>\n","protected":false},"author":1,"featured_media":5270,"comment_status":"closed","ping_status":"closed","sticky":false,"template":"","format":"standard","meta":{"_acf_changed":false,"footnotes":""},"categories":[12],"tags":[],"class_list":["post-5269","post","type-post","status-publish","format-standard","has-post-thumbnail","category-nacional"],"acf":{"antetitulo":""},"yoast_head":"<!-- This site is optimized with the Yoast SEO plugin v28.3 - https:\/\/yoast.com\/product\/yoast-seo-wordpress\/ -->\n<title>El Alto tendr\u00e1 Centro de Operaciones contra Covid-19 - El Diario - Bolivia<\/title>\n<meta name=\"robots\" content=\"index, follow, max-snippet:-1, max-image-preview:large, max-video-preview:-1\" \/>\n<link rel=\"canonical\" href=\"https:\/\/www.eldiario.net\/portal\/2021\/05\/21\/el-alto-tendra-centro-de-operaciones-contra-covid-19\/\" \/>\n<meta property=\"og:locale\" content=\"es_ES\" \/>\n<meta property=\"og:type\" content=\"article\" \/>\n<meta property=\"og:title\" content=\"El Alto tendr\u00e1 Centro de Operaciones contra Covid-19 - El Diario - Bolivia\" \/>\n<meta property=\"og:description\" content=\"El municipio de la ciudad de El Alto habilitar\u00e1 un Centro de Operaciones del Covid-19, para el control epidemiol\u00f3gico de este virus, que tendr\u00e1 como base al Centro de Convenciones de la zona de Santiago I, seg\u00fan la alcaldesa Eva Copa. El principal objetivo de la implementaci\u00f3n de este centro de operaciones es para evaluar [&hellip;]\" \/>\n<meta property=\"og:url\" content=\"https:\/\/www.eldiario.net\/portal\/2021\/05\/21\/el-alto-tendra-centro-de-operaciones-contra-covid-19\/\" \/>\n<meta property=\"og:site_name\" content=\"El Diario - Bolivia\" \/>\n<meta property=\"article:publisher\" content=\"https:\/\/www.facebook.com\/eldiario.bolivia\/\" \/>\n<meta property=\"article:published_time\" content=\"2021-05-21T10:01:11+00:00\" \/>\n<meta name=\"author\" content=\"Jeanette\" \/>\n<meta name=\"twitter:card\" content=\"summary_large_image\" \/>\n<meta name=\"twitter:creator\" content=\"@eldiario_net\" \/>\n<meta name=\"twitter:site\" content=\"@eldiario_net\" \/>\n<meta name=\"twitter:label1\" content=\"Escrito por\" \/>\n\t<meta name=\"twitter:data1\" content=\"Jeanette\" \/>\n\t<meta name=\"twitter:label2\" content=\"Tiempo de lectura\" \/>\n\t<meta name=\"twitter:data2\" content=\"3 minutos\" \/>\n<script type=\"application\/ld+json\" class=\"yoast-schema-graph\">{\"@context\":\"https:\\\/\\\/schema.org\",\"@graph\":[{\"@type\":\"Article\",\"@id\":\"https:\\\/\\\/www.eldiario.net\\\/portal\\\/2021\\\/05\\\/21\\\/el-alto-tendra-centro-de-operaciones-contra-covid-19\\\/#article\",\"isPartOf\":{\"@id\":\"https:\\\/\\\/www.eldiario.net\\\/portal\\\/2021\\\/05\\\/21\\\/el-alto-tendra-centro-de-operaciones-contra-covid-19\\\/\"},\"author\":{\"name\":\"Jeanette\",\"@id\":\"https:\\\/\\\/www.eldiario.net\\\/portal\\\/#\\\/schema\\\/person\\\/f46445640444750d7d753ccd04ae01b7\"},\"headline\":\"El Alto tendr\u00e1 Centro de Operaciones contra Covid-19\",\"datePublished\":\"2021-05-21T10:01:11+00:00\",\"mainEntityOfPage\":{\"@id\":\"https:\\\/\\\/www.eldiario.net\\\/portal\\\/2021\\\/05\\\/21\\\/el-alto-tendra-centro-de-operaciones-contra-covid-19\\\/\"},\"wordCount\":541,\"publisher\":{\"@id\":\"https:\\\/\\\/www.eldiario.net\\\/portal\\\/#organization\"},\"image\":{\"@id\":\"https:\\\/\\\/www.eldiario.net\\\/portal\\\/2021\\\/05\\\/21\\\/el-alto-tendra-centro-de-operaciones-contra-covid-19\\\/#primaryimage\"},\"thumbnailUrl\":\"\",\"articleSection\":[\"Nacional\"],\"inLanguage\":\"es\"},{\"@type\":\"WebPage\",\"@id\":\"https:\\\/\\\/www.eldiario.net\\\/portal\\\/2021\\\/05\\\/21\\\/el-alto-tendra-centro-de-operaciones-contra-covid-19\\\/\",\"url\":\"https:\\\/\\\/www.eldiario.net\\\/portal\\\/2021\\\/05\\\/21\\\/el-alto-tendra-centro-de-operaciones-contra-covid-19\\\/\",\"name\":\"El Alto tendr\u00e1 Centro de Operaciones contra Covid-19 - El Diario - Bolivia\",\"isPartOf\":{\"@id\":\"https:\\\/\\\/www.eldiario.net\\\/portal\\\/#website\"},\"primaryImageOfPage\":{\"@id\":\"https:\\\/\\\/www.eldiario.net\\\/portal\\\/2021\\\/05\\\/21\\\/el-alto-tendra-centro-de-operaciones-contra-covid-19\\\/#primaryimage\"},\"image\":{\"@id\":\"https:\\\/\\\/www.eldiario.net\\\/portal\\\/2021\\\/05\\\/21\\\/el-alto-tendra-centro-de-operaciones-contra-covid-19\\\/#primaryimage\"},\"thumbnailUrl\":\"\",\"datePublished\":\"2021-05-21T10:01:11+00:00\",\"breadcrumb\":{\"@id\":\"https:\\\/\\\/www.eldiario.net\\\/portal\\\/2021\\\/05\\\/21\\\/el-alto-tendra-centro-de-operaciones-contra-covid-19\\\/#breadcrumb\"},\"inLanguage\":\"es\",\"potentialAction\":[{\"@type\":\"ReadAction\",\"target\":[\"https:\\\/\\\/www.eldiario.net\\\/portal\\\/2021\\\/05\\\/21\\\/el-alto-tendra-centro-de-operaciones-contra-covid-19\\\/\"]}]},{\"@type\":\"ImageObject\",\"inLanguage\":\"es\",\"@id\":\"https:\\\/\\\/www.eldiario.net\\\/portal\\\/2021\\\/05\\\/21\\\/el-alto-tendra-centro-de-operaciones-contra-covid-19\\\/#primaryimage\",\"url\":\"\",\"contentUrl\":\"\"},{\"@type\":\"BreadcrumbList\",\"@id\":\"https:\\\/\\\/www.eldiario.net\\\/portal\\\/2021\\\/05\\\/21\\\/el-alto-tendra-centro-de-operaciones-contra-covid-19\\\/#breadcrumb\",\"itemListElement\":[{\"@type\":\"ListItem\",\"position\":1,\"name\":\"Portada\",\"item\":\"https:\\\/\\\/www.eldiario.net\\\/portal\\\/\"},{\"@type\":\"ListItem\",\"position\":2,\"name\":\"El Alto tendr\u00e1 Centro de Operaciones contra Covid-19\"}]},{\"@type\":\"WebSite\",\"@id\":\"https:\\\/\\\/www.eldiario.net\\\/portal\\\/#website\",\"url\":\"https:\\\/\\\/www.eldiario.net\\\/portal\\\/\",\"name\":\"El Diario - Decano de la prensa nacional\",\"description\":\"El Diario - Decano de la prensa nacional\",\"publisher\":{\"@id\":\"https:\\\/\\\/www.eldiario.net\\\/portal\\\/#organization\"},\"potentialAction\":[{\"@type\":\"SearchAction\",\"target\":{\"@type\":\"EntryPoint\",\"urlTemplate\":\"https:\\\/\\\/www.eldiario.net\\\/portal\\\/?s={search_term_string}\"},\"query-input\":{\"@type\":\"PropertyValueSpecification\",\"valueRequired\":true,\"valueName\":\"search_term_string\"}}],\"inLanguage\":\"es\"},{\"@type\":\"Organization\",\"@id\":\"https:\\\/\\\/www.eldiario.net\\\/portal\\\/#organization\",\"name\":\"El Diario - Decano de la prensa nacional\",\"url\":\"https:\\\/\\\/www.eldiario.net\\\/portal\\\/\",\"logo\":{\"@type\":\"ImageObject\",\"inLanguage\":\"es\",\"@id\":\"https:\\\/\\\/www.eldiario.net\\\/portal\\\/#\\\/schema\\\/logo\\\/image\\\/\",\"url\":\"https:\\\/\\\/www.eldiario.net\\\/portal\\\/wp-content\\\/uploads\\\/2023\\\/07\\\/logo_ED.jpg\",\"contentUrl\":\"https:\\\/\\\/www.eldiario.net\\\/portal\\\/wp-content\\\/uploads\\\/2023\\\/07\\\/logo_ED.jpg\",\"width\":272,\"height\":52,\"caption\":\"El Diario - Decano de la prensa nacional\"},\"image\":{\"@id\":\"https:\\\/\\\/www.eldiario.net\\\/portal\\\/#\\\/schema\\\/logo\\\/image\\\/\"},\"sameAs\":[\"https:\\\/\\\/www.facebook.com\\\/eldiario.bolivia\\\/\",\"https:\\\/\\\/x.com\\\/eldiario_net\"]},{\"@type\":\"Person\",\"@id\":\"https:\\\/\\\/www.eldiario.net\\\/portal\\\/#\\\/schema\\\/person\\\/f46445640444750d7d753ccd04ae01b7\",\"name\":\"Jeanette\",\"image\":{\"@type\":\"ImageObject\",\"inLanguage\":\"es\",\"@id\":\"https:\\\/\\\/secure.gravatar.com\\\/avatar\\\/3ea2118a5f7dad2b7138b1187a6b7ee55f160b9968b66013c3a3ef39dd7e5798?s=96&d=mm&r=g\",\"url\":\"https:\\\/\\\/secure.gravatar.com\\\/avatar\\\/3ea2118a5f7dad2b7138b1187a6b7ee55f160b9968b66013c3a3ef39dd7e5798?s=96&d=mm&r=g\",\"contentUrl\":\"https:\\\/\\\/secure.gravatar.com\\\/avatar\\\/3ea2118a5f7dad2b7138b1187a6b7ee55f160b9968b66013c3a3ef39dd7e5798?s=96&d=mm&r=g\",\"caption\":\"Jeanette\"},\"sameAs\":[\"https:\\\/\\\/www.eldiario.net\\\/portal\"],\"url\":\"https:\\\/\\\/www.eldiario.net\\\/portal\\\/author\\\/jeanette\\\/\"}]}<\/script>\n<!-- \/ Yoast SEO plugin. -->","yoast_head_json":{"title":"El Alto tendr\u00e1 Centro de Operaciones contra Covid-19 - El Diario - Bolivia","robots":{"index":"index","follow":"follow","max-snippet":"max-snippet:-1","max-image-preview":"max-image-preview:large","max-video-preview":"max-video-preview:-1"},"canonical":"https:\/\/www.eldiario.net\/portal\/2021\/05\/21\/el-alto-tendra-centro-de-operaciones-contra-covid-19\/","og_locale":"es_ES","og_type":"article","og_title":"El Alto tendr\u00e1 Centro de Operaciones contra Covid-19 - El Diario - Bolivia","og_description":"El municipio de la ciudad de El Alto habilitar\u00e1 un Centro de Operaciones del Covid-19, para el control epidemiol\u00f3gico de este virus, que tendr\u00e1 como base al Centro de Convenciones de la zona de Santiago I, seg\u00fan la alcaldesa Eva Copa. El principal objetivo de la implementaci\u00f3n de este centro de operaciones es para evaluar [&hellip;]","og_url":"https:\/\/www.eldiario.net\/portal\/2021\/05\/21\/el-alto-tendra-centro-de-operaciones-contra-covid-19\/","og_site_name":"El Diario - Bolivia","article_publisher":"https:\/\/www.facebook.com\/eldiario.bolivia\/","article_published_time":"2021-05-21T10:01:11+00:00","author":"Jeanette","twitter_card":"summary_large_image","twitter_creator":"@eldiario_net","twitter_site":"@eldiario_net","twitter_misc":{"Escrito por":"Jeanette","Tiempo de lectura":"3 minutos"},"schema":{"@context":"https:\/\/schema.org","@graph":[{"@type":"Article","@id":"https:\/\/www.eldiario.net\/portal\/2021\/05\/21\/el-alto-tendra-centro-de-operaciones-contra-covid-19\/#article","isPartOf":{"@id":"https:\/\/www.eldiario.net\/portal\/2021\/05\/21\/el-alto-tendra-centro-de-operaciones-contra-covid-19\/"},"author":{"name":"Jeanette","@id":"https:\/\/www.eldiario.net\/portal\/#\/schema\/person\/f46445640444750d7d753ccd04ae01b7"},"headline":"El Alto tendr\u00e1 Centro de Operaciones contra Covid-19","datePublished":"2021-05-21T10:01:11+00:00","mainEntityOfPage":{"@id":"https:\/\/www.eldiario.net\/portal\/2021\/05\/21\/el-alto-tendra-centro-de-operaciones-contra-covid-19\/"},"wordCount":541,"publisher":{"@id":"https:\/\/www.eldiario.net\/portal\/#organization"},"image":{"@id":"https:\/\/www.eldiario.net\/portal\/2021\/05\/21\/el-alto-tendra-centro-de-operaciones-contra-covid-19\/#primaryimage"},"thumbnailUrl":"","articleSection":["Nacional"],"inLanguage":"es"},{"@type":"WebPage","@id":"https:\/\/www.eldiario.net\/portal\/2021\/05\/21\/el-alto-tendra-centro-de-operaciones-contra-covid-19\/","url":"https:\/\/www.eldiario.net\/portal\/2021\/05\/21\/el-alto-tendra-centro-de-operaciones-contra-covid-19\/","name":"El Alto tendr\u00e1 Centro de Operaciones contra Covid-19 - El Diario - Bolivia","isPartOf":{"@id":"https:\/\/www.eldiario.net\/portal\/#website"},"primaryImageOfPage":{"@id":"https:\/\/www.eldiario.net\/portal\/2021\/05\/21\/el-alto-tendra-centro-de-operaciones-contra-covid-19\/#primaryimage"},"image":{"@id":"https:\/\/www.eldiario.net\/portal\/2021\/05\/21\/el-alto-tendra-centro-de-operaciones-contra-covid-19\/#primaryimage"},"thumbnailUrl":"","datePublished":"2021-05-21T10:01:11+00:00","breadcrumb":{"@id":"https:\/\/www.eldiario.net\/portal\/2021\/05\/21\/el-alto-tendra-centro-de-operaciones-contra-covid-19\/#breadcrumb"},"inLanguage":"es","potentialAction":[{"@type":"ReadAction","target":["https:\/\/www.eldiario.net\/portal\/2021\/05\/21\/el-alto-tendra-centro-de-operaciones-contra-covid-19\/"]}]},{"@type":"ImageObject","inLanguage":"es","@id":"https:\/\/www.eldiario.net\/portal\/2021\/05\/21\/el-alto-tendra-centro-de-operaciones-contra-covid-19\/#primaryimage","url":"","contentUrl":""},{"@type":"BreadcrumbList","@id":"https:\/\/www.eldiario.net\/portal\/2021\/05\/21\/el-alto-tendra-centro-de-operaciones-contra-covid-19\/#breadcrumb","itemListElement":[{"@type":"ListItem","position":1,"name":"Portada","item":"https:\/\/www.eldiario.net\/portal\/"},{"@type":"ListItem","position":2,"name":"El Alto tendr\u00e1 Centro de Operaciones contra Covid-19"}]},{"@type":"WebSite","@id":"https:\/\/www.eldiario.net\/portal\/#website","url":"https:\/\/www.eldiario.net\/portal\/","name":"El Diario - Decano de la prensa nacional","description":"El Diario - Decano de la prensa nacional","publisher":{"@id":"https:\/\/www.eldiario.net\/portal\/#organization"},"potentialAction":[{"@type":"SearchAction","target":{"@type":"EntryPoint","urlTemplate":"https:\/\/www.eldiario.net\/portal\/?s={search_term_string}"},"query-input":{"@type":"PropertyValueSpecification","valueRequired":true,"valueName":"search_term_string"}}],"inLanguage":"es"},{"@type":"Organization","@id":"https:\/\/www.eldiario.net\/portal\/#organization","name":"El Diario - Decano de la prensa nacional","url":"https:\/\/www.eldiario.net\/portal\/","logo":{"@type":"ImageObject","inLanguage":"es","@id":"https:\/\/www.eldiario.net\/portal\/#\/schema\/logo\/image\/","url":"https:\/\/www.eldiario.net\/portal\/wp-content\/uploads\/2023\/07\/logo_ED.jpg","contentUrl":"https:\/\/www.eldiario.net\/portal\/wp-content\/uploads\/2023\/07\/logo_ED.jpg","width":272,"height":52,"caption":"El Diario - Decano de la prensa nacional"},"image":{"@id":"https:\/\/www.eldiario.net\/portal\/#\/schema\/logo\/image\/"},"sameAs":["https:\/\/www.facebook.com\/eldiario.bolivia\/","https:\/\/x.com\/eldiario_net"]},{"@type":"Person","@id":"https:\/\/www.eldiario.net\/portal\/#\/schema\/person\/f46445640444750d7d753ccd04ae01b7","name":"Jeanette","image":{"@type":"ImageObject","inLanguage":"es","@id":"https:\/\/secure.gravatar.com\/avatar\/3ea2118a5f7dad2b7138b1187a6b7ee55f160b9968b66013c3a3ef39dd7e5798?s=96&d=mm&r=g","url":"https:\/\/secure.gravatar.com\/avatar\/3ea2118a5f7dad2b7138b1187a6b7ee55f160b9968b66013c3a3ef39dd7e5798?s=96&d=mm&r=g","contentUrl":"https:\/\/secure.gravatar.com\/avatar\/3ea2118a5f7dad2b7138b1187a6b7ee55f160b9968b66013c3a3ef39dd7e5798?s=96&d=mm&r=g","caption":"Jeanette"},"sameAs":["https:\/\/www.eldiario.net\/portal"],"url":"https:\/\/www.eldiario.net\/portal\/author\/jeanette\/"}]}},"_links":{"self":[{"href":"https:\/\/www.eldiario.net\/portal\/wp-json\/wp\/v2\/posts\/5269","targetHints":{"allow":["GET"]}}],"collection":[{"href":"https:\/\/www.eldiario.net\/portal\/wp-json\/wp\/v2\/posts"}],"about":[{"href":"https:\/\/www.eldiario.net\/portal\/wp-json\/wp\/v2\/types\/post"}],"author":[{"embeddable":true,"href":"https:\/\/www.eldiario.net\/portal\/wp-json\/wp\/v2\/users\/1"}],"replies":[{"embeddable":true,"href":"https:\/\/www.eldiario.net\/portal\/wp-json\/wp\/v2\/comments?post=5269"}],"version-history":[{"count":0,"href":"https:\/\/www.eldiario.net\/portal\/wp-json\/wp\/v2\/posts\/5269\/revisions"}],"wp:attachment":[{"href":"https:\/\/www.eldiario.net\/portal\/wp-json\/wp\/v2\/media?parent=5269"}],"wp:term":[{"taxonomy":"category","embeddable":true,"href":"https:\/\/www.eldiario.net\/portal\/wp-json\/wp\/v2\/categories?post=5269"},{"taxonomy":"post_tag","embeddable":true,"href":"https:\/\/www.eldiario.net\/portal\/wp-json\/wp\/v2\/tags?post=5269"}],"curies":[{"name":"wp","href":"https:\/\/api.w.org\/{rel}","templated":true}]}}