{"id":5213,"date":"2021-05-21T05:20:33","date_gmt":"2021-05-21T09:20:33","guid":{"rendered":"https:\/\/www.eldiario.net\/portal\/?p=5213"},"modified":"2021-05-21T05:20:33","modified_gmt":"2021-05-21T09:20:33","slug":"alza-de-precios-mundiales-agrava-crisis-alimentaria","status":"publish","type":"post","link":"https:\/\/www.eldiario.net\/portal\/2021\/05\/21\/alza-de-precios-mundiales-agrava-crisis-alimentaria\/","title":{"rendered":"Alza de precios mundiales  agrava crisis alimentaria"},"content":{"rendered":"<p>La Habana.- Los elevados precios internacionales de los alimentos, el transporte mar\u00edtimo y la baja producci\u00f3n est\u00e1n recortando a\u00fan m\u00e1s la capacidad de Cuba, un pa\u00eds que depende de las importaciones, para alimentar a la poblaci\u00f3n.<\/p>\n<p>Cuba tradicionalmente importa por mar alrededor del 70% de los alimentos que consume, pero las duras sanciones debido al embargo de Estados Unidos y la pandemia, que han destruido el turismo, han diezmado sus ingresos en divisas.<\/p>\n<p>Desde hace m\u00e1s de un a\u00f1o que los cubanos forman largas filas en busca de todo, desde leche, mantequilla, pollo y frijoles hasta arroz, pasta, as\u00ed como aceite de cocina.<\/p>\n<p>El gobierno cubano anunci\u00f3 este mes que la disponibilidad de harina se redujo un 30% hasta julio.<\/p>\n<p>Diorgys Hern\u00e1ndez, director general del Ministerio de Procesamiento de Alimentos, dijo que se deb\u00eda a \u00ablos costos financieros involucrados en los env\u00edos de trigo al pa\u00eds\u00bb.<\/p>\n<p>\u00abLa gente come mucho pan y existe preocupaci\u00f3n de que haya escasez de pan, porque eso es lo que m\u00e1s se come\u00bb, dijo Clara D\u00edaz Delgado, una jubilada habanera y sobreviviente de c\u00e1ncer, mientras esperaba en una fila para comprar alimentos.<\/p>\n<p>Cuba no cultiva trigo debido al clima subtropical, cuyo precio fue de 280 d\u00f3lares por tonelada en abril, en comparaci\u00f3n con 220 d\u00f3lares en abril de 2020.<\/p>\n<p>El pa\u00eds caribe\u00f1o tendr\u00e1 problemas para compensar una escasez de az\u00facar del 30% menor a lo previsto, ya que los precios internacionales son alrededor de un 70% m\u00e1s alto que hace un a\u00f1o.<\/p>\n<p>Adem\u00e1s, el costo del env\u00edo internacional de contenedores aument\u00f3 hasta un 50% durante el \u00faltimo a\u00f1o y el flete a granel m\u00e1s.<\/p>\n<p>La Organizaci\u00f3n de Naciones Unidas para la Alimentaci\u00f3n y la Agricultura inform\u00f3 que su \u00edndice internacional de precios de los alimentos subi\u00f3 un 30,8% hasta abril, respecto del mismo mes del a\u00f1o pasado y el m\u00e1s alto desde mayo de 2014.<\/p>\n<p>El Estado cubano tiene el monopolio del comercio exterior y compra alrededor del 15% de los alimentos que importa de Estados Unidos mediante pagos en efectivo luego de una excepci\u00f3n al embargo comercial del a\u00f1o 2000.<\/p>\n<p>John Kavulich, presidente del Consejo Econ\u00f3mico y Comercial Estados Unidos-Cuba, dijo que las ventas cayeron un 36,6% el a\u00f1o pasado a 163,4 millones de d\u00f3lares, en comparaci\u00f3n con 2019. Y se recuperaron en el primer trimestre, alcanzando los 69,6 millones de d\u00f3lares, aunque represent\u00f3 menos comida debido a precios m\u00e1s elevados.<\/p>\n<p>\u00abLa recuperaci\u00f3n de la demanda mundial, el aumento de los precios de los insumos de productos y la escasez de mano de obra sugieren que los precios de las materias primas no disminuir\u00e1n pronto\u00bb, dijo Kavulich.<\/p>\n<p>La econom\u00eda cubana disminuy\u00f3 un 11% el a\u00f1o pasado y, seg\u00fan economistas locales, se contrajo a\u00fan m\u00e1s durante el primer trimestre de 2021, ya que un aumento debido a la pandemia del nuevo coronavirus mantuvo cerrado el turismo y gran parte del pa\u00eds parcialmente bloqueado.<\/p>\n<p>El Gobierno inform\u00f3 que las ganancias en divisas fueron solo el 55% de las planeadas en 2020, mientras que las importaciones cayeron entre 30% y 40%.<\/p>\n<p>Mientras que el tr\u00e1fico de contenedores entrantes se redujo un 20% hasta abril, en comparaci\u00f3n con el a\u00f1o pasado, seg\u00fan una fuente con acceso a los datos y que solicit\u00f3 el anonimato.<\/p>\n<p>El Gobierno no ha publicado estad\u00edsticas para el sector agr\u00edcola notablemente ineficiente y r\u00fastico desde 2019, aunque informes provinciales sobre cultivos y ganado indican disminuciones sustanciales del arroz, los frijoles, la carne de cerdo, los l\u00e1cteos y otros alimentos.<\/p>\n<p>Un experto local, que solicit\u00f3 mantener el anonimato, dijo que la producci\u00f3n se redujo en dos d\u00edgitos debido a la falta de combustible, fertilizantes y pesticidas importados. (Reuters)<\/p>\n","protected":false},"excerpt":{"rendered":"<p>La Habana.- Los elevados precios internacionales de los alimentos, el transporte mar\u00edtimo y la baja producci\u00f3n est\u00e1n recortando a\u00fan m\u00e1s la capacidad de Cuba, un pa\u00eds que depende de las importaciones, para alimentar a la poblaci\u00f3n. Cuba tradicionalmente importa por mar alrededor del 70% de los alimentos que consume, pero las duras sanciones debido al [&hellip;]<\/p>\n","protected":false},"author":1,"featured_media":5215,"comment_status":"closed","ping_status":"closed","sticky":false,"template":"","format":"standard","meta":{"_acf_changed":false,"footnotes":""},"categories":[3],"tags":[],"class_list":["post-5213","post","type-post","status-publish","format-standard","has-post-thumbnail","category-internacional"],"acf":{"antetitulo":""},"yoast_head":"<!-- This site is optimized with the Yoast SEO plugin v28.3 - https:\/\/yoast.com\/product\/yoast-seo-wordpress\/ -->\n<title>Alza de precios mundiales agrava crisis alimentaria - El Diario - Bolivia<\/title>\n<meta name=\"robots\" content=\"index, follow, max-snippet:-1, max-image-preview:large, max-video-preview:-1\" \/>\n<link rel=\"canonical\" href=\"https:\/\/www.eldiario.net\/portal\/2021\/05\/21\/alza-de-precios-mundiales-agrava-crisis-alimentaria\/\" \/>\n<meta property=\"og:locale\" content=\"es_ES\" \/>\n<meta property=\"og:type\" content=\"article\" \/>\n<meta property=\"og:title\" content=\"Alza de precios mundiales agrava crisis alimentaria - El Diario - Bolivia\" \/>\n<meta property=\"og:description\" content=\"La Habana.- Los elevados precios internacionales de los alimentos, el transporte mar\u00edtimo y la baja producci\u00f3n est\u00e1n recortando a\u00fan m\u00e1s la capacidad de Cuba, un pa\u00eds que depende de las importaciones, para alimentar a la poblaci\u00f3n. Cuba tradicionalmente importa por mar alrededor del 70% de los alimentos que consume, pero las duras sanciones debido al [&hellip;]\" \/>\n<meta property=\"og:url\" content=\"https:\/\/www.eldiario.net\/portal\/2021\/05\/21\/alza-de-precios-mundiales-agrava-crisis-alimentaria\/\" \/>\n<meta property=\"og:site_name\" content=\"El Diario - Bolivia\" \/>\n<meta property=\"article:publisher\" content=\"https:\/\/www.facebook.com\/eldiario.bolivia\/\" \/>\n<meta property=\"article:published_time\" content=\"2021-05-21T09:20:33+00:00\" \/>\n<meta name=\"author\" content=\"Jeanette\" \/>\n<meta name=\"twitter:card\" content=\"summary_large_image\" \/>\n<meta name=\"twitter:creator\" content=\"@eldiario_net\" \/>\n<meta name=\"twitter:site\" content=\"@eldiario_net\" \/>\n<meta name=\"twitter:label1\" content=\"Escrito por\" \/>\n\t<meta name=\"twitter:data1\" content=\"Jeanette\" \/>\n\t<meta name=\"twitter:label2\" content=\"Tiempo de lectura\" \/>\n\t<meta name=\"twitter:data2\" content=\"3 minutos\" \/>\n<script type=\"application\/ld+json\" class=\"yoast-schema-graph\">{\"@context\":\"https:\\\/\\\/schema.org\",\"@graph\":[{\"@type\":\"Article\",\"@id\":\"https:\\\/\\\/www.eldiario.net\\\/portal\\\/2021\\\/05\\\/21\\\/alza-de-precios-mundiales-agrava-crisis-alimentaria\\\/#article\",\"isPartOf\":{\"@id\":\"https:\\\/\\\/www.eldiario.net\\\/portal\\\/2021\\\/05\\\/21\\\/alza-de-precios-mundiales-agrava-crisis-alimentaria\\\/\"},\"author\":{\"name\":\"Jeanette\",\"@id\":\"https:\\\/\\\/www.eldiario.net\\\/portal\\\/#\\\/schema\\\/person\\\/f46445640444750d7d753ccd04ae01b7\"},\"headline\":\"Alza de precios mundiales agrava crisis alimentaria\",\"datePublished\":\"2021-05-21T09:20:33+00:00\",\"mainEntityOfPage\":{\"@id\":\"https:\\\/\\\/www.eldiario.net\\\/portal\\\/2021\\\/05\\\/21\\\/alza-de-precios-mundiales-agrava-crisis-alimentaria\\\/\"},\"wordCount\":646,\"publisher\":{\"@id\":\"https:\\\/\\\/www.eldiario.net\\\/portal\\\/#organization\"},\"image\":{\"@id\":\"https:\\\/\\\/www.eldiario.net\\\/portal\\\/2021\\\/05\\\/21\\\/alza-de-precios-mundiales-agrava-crisis-alimentaria\\\/#primaryimage\"},\"thumbnailUrl\":\"\",\"articleSection\":[\"Internacional\"],\"inLanguage\":\"es\"},{\"@type\":\"WebPage\",\"@id\":\"https:\\\/\\\/www.eldiario.net\\\/portal\\\/2021\\\/05\\\/21\\\/alza-de-precios-mundiales-agrava-crisis-alimentaria\\\/\",\"url\":\"https:\\\/\\\/www.eldiario.net\\\/portal\\\/2021\\\/05\\\/21\\\/alza-de-precios-mundiales-agrava-crisis-alimentaria\\\/\",\"name\":\"Alza de precios mundiales agrava crisis alimentaria - El Diario - Bolivia\",\"isPartOf\":{\"@id\":\"https:\\\/\\\/www.eldiario.net\\\/portal\\\/#website\"},\"primaryImageOfPage\":{\"@id\":\"https:\\\/\\\/www.eldiario.net\\\/portal\\\/2021\\\/05\\\/21\\\/alza-de-precios-mundiales-agrava-crisis-alimentaria\\\/#primaryimage\"},\"image\":{\"@id\":\"https:\\\/\\\/www.eldiario.net\\\/portal\\\/2021\\\/05\\\/21\\\/alza-de-precios-mundiales-agrava-crisis-alimentaria\\\/#primaryimage\"},\"thumbnailUrl\":\"\",\"datePublished\":\"2021-05-21T09:20:33+00:00\",\"breadcrumb\":{\"@id\":\"https:\\\/\\\/www.eldiario.net\\\/portal\\\/2021\\\/05\\\/21\\\/alza-de-precios-mundiales-agrava-crisis-alimentaria\\\/#breadcrumb\"},\"inLanguage\":\"es\",\"potentialAction\":[{\"@type\":\"ReadAction\",\"target\":[\"https:\\\/\\\/www.eldiario.net\\\/portal\\\/2021\\\/05\\\/21\\\/alza-de-precios-mundiales-agrava-crisis-alimentaria\\\/\"]}]},{\"@type\":\"ImageObject\",\"inLanguage\":\"es\",\"@id\":\"https:\\\/\\\/www.eldiario.net\\\/portal\\\/2021\\\/05\\\/21\\\/alza-de-precios-mundiales-agrava-crisis-alimentaria\\\/#primaryimage\",\"url\":\"\",\"contentUrl\":\"\"},{\"@type\":\"BreadcrumbList\",\"@id\":\"https:\\\/\\\/www.eldiario.net\\\/portal\\\/2021\\\/05\\\/21\\\/alza-de-precios-mundiales-agrava-crisis-alimentaria\\\/#breadcrumb\",\"itemListElement\":[{\"@type\":\"ListItem\",\"position\":1,\"name\":\"Portada\",\"item\":\"https:\\\/\\\/www.eldiario.net\\\/portal\\\/\"},{\"@type\":\"ListItem\",\"position\":2,\"name\":\"Alza de precios mundiales agrava crisis alimentaria\"}]},{\"@type\":\"WebSite\",\"@id\":\"https:\\\/\\\/www.eldiario.net\\\/portal\\\/#website\",\"url\":\"https:\\\/\\\/www.eldiario.net\\\/portal\\\/\",\"name\":\"El Diario - Decano de la prensa nacional\",\"description\":\"El Diario - Decano de la prensa nacional\",\"publisher\":{\"@id\":\"https:\\\/\\\/www.eldiario.net\\\/portal\\\/#organization\"},\"potentialAction\":[{\"@type\":\"SearchAction\",\"target\":{\"@type\":\"EntryPoint\",\"urlTemplate\":\"https:\\\/\\\/www.eldiario.net\\\/portal\\\/?s={search_term_string}\"},\"query-input\":{\"@type\":\"PropertyValueSpecification\",\"valueRequired\":true,\"valueName\":\"search_term_string\"}}],\"inLanguage\":\"es\"},{\"@type\":\"Organization\",\"@id\":\"https:\\\/\\\/www.eldiario.net\\\/portal\\\/#organization\",\"name\":\"El Diario - Decano de la prensa nacional\",\"url\":\"https:\\\/\\\/www.eldiario.net\\\/portal\\\/\",\"logo\":{\"@type\":\"ImageObject\",\"inLanguage\":\"es\",\"@id\":\"https:\\\/\\\/www.eldiario.net\\\/portal\\\/#\\\/schema\\\/logo\\\/image\\\/\",\"url\":\"https:\\\/\\\/www.eldiario.net\\\/portal\\\/wp-content\\\/uploads\\\/2023\\\/07\\\/logo_ED.jpg\",\"contentUrl\":\"https:\\\/\\\/www.eldiario.net\\\/portal\\\/wp-content\\\/uploads\\\/2023\\\/07\\\/logo_ED.jpg\",\"width\":272,\"height\":52,\"caption\":\"El Diario - Decano de la prensa nacional\"},\"image\":{\"@id\":\"https:\\\/\\\/www.eldiario.net\\\/portal\\\/#\\\/schema\\\/logo\\\/image\\\/\"},\"sameAs\":[\"https:\\\/\\\/www.facebook.com\\\/eldiario.bolivia\\\/\",\"https:\\\/\\\/x.com\\\/eldiario_net\"]},{\"@type\":\"Person\",\"@id\":\"https:\\\/\\\/www.eldiario.net\\\/portal\\\/#\\\/schema\\\/person\\\/f46445640444750d7d753ccd04ae01b7\",\"name\":\"Jeanette\",\"image\":{\"@type\":\"ImageObject\",\"inLanguage\":\"es\",\"@id\":\"https:\\\/\\\/secure.gravatar.com\\\/avatar\\\/3ea2118a5f7dad2b7138b1187a6b7ee55f160b9968b66013c3a3ef39dd7e5798?s=96&d=mm&r=g\",\"url\":\"https:\\\/\\\/secure.gravatar.com\\\/avatar\\\/3ea2118a5f7dad2b7138b1187a6b7ee55f160b9968b66013c3a3ef39dd7e5798?s=96&d=mm&r=g\",\"contentUrl\":\"https:\\\/\\\/secure.gravatar.com\\\/avatar\\\/3ea2118a5f7dad2b7138b1187a6b7ee55f160b9968b66013c3a3ef39dd7e5798?s=96&d=mm&r=g\",\"caption\":\"Jeanette\"},\"sameAs\":[\"https:\\\/\\\/www.eldiario.net\\\/portal\"],\"url\":\"https:\\\/\\\/www.eldiario.net\\\/portal\\\/author\\\/jeanette\\\/\"}]}<\/script>\n<!-- \/ Yoast SEO plugin. -->","yoast_head_json":{"title":"Alza de precios mundiales agrava crisis alimentaria - El Diario - Bolivia","robots":{"index":"index","follow":"follow","max-snippet":"max-snippet:-1","max-image-preview":"max-image-preview:large","max-video-preview":"max-video-preview:-1"},"canonical":"https:\/\/www.eldiario.net\/portal\/2021\/05\/21\/alza-de-precios-mundiales-agrava-crisis-alimentaria\/","og_locale":"es_ES","og_type":"article","og_title":"Alza de precios mundiales agrava crisis alimentaria - El Diario - Bolivia","og_description":"La Habana.- Los elevados precios internacionales de los alimentos, el transporte mar\u00edtimo y la baja producci\u00f3n est\u00e1n recortando a\u00fan m\u00e1s la capacidad de Cuba, un pa\u00eds que depende de las importaciones, para alimentar a la poblaci\u00f3n. Cuba tradicionalmente importa por mar alrededor del 70% de los alimentos que consume, pero las duras sanciones debido al [&hellip;]","og_url":"https:\/\/www.eldiario.net\/portal\/2021\/05\/21\/alza-de-precios-mundiales-agrava-crisis-alimentaria\/","og_site_name":"El Diario - Bolivia","article_publisher":"https:\/\/www.facebook.com\/eldiario.bolivia\/","article_published_time":"2021-05-21T09:20:33+00:00","author":"Jeanette","twitter_card":"summary_large_image","twitter_creator":"@eldiario_net","twitter_site":"@eldiario_net","twitter_misc":{"Escrito por":"Jeanette","Tiempo de lectura":"3 minutos"},"schema":{"@context":"https:\/\/schema.org","@graph":[{"@type":"Article","@id":"https:\/\/www.eldiario.net\/portal\/2021\/05\/21\/alza-de-precios-mundiales-agrava-crisis-alimentaria\/#article","isPartOf":{"@id":"https:\/\/www.eldiario.net\/portal\/2021\/05\/21\/alza-de-precios-mundiales-agrava-crisis-alimentaria\/"},"author":{"name":"Jeanette","@id":"https:\/\/www.eldiario.net\/portal\/#\/schema\/person\/f46445640444750d7d753ccd04ae01b7"},"headline":"Alza de precios mundiales agrava crisis alimentaria","datePublished":"2021-05-21T09:20:33+00:00","mainEntityOfPage":{"@id":"https:\/\/www.eldiario.net\/portal\/2021\/05\/21\/alza-de-precios-mundiales-agrava-crisis-alimentaria\/"},"wordCount":646,"publisher":{"@id":"https:\/\/www.eldiario.net\/portal\/#organization"},"image":{"@id":"https:\/\/www.eldiario.net\/portal\/2021\/05\/21\/alza-de-precios-mundiales-agrava-crisis-alimentaria\/#primaryimage"},"thumbnailUrl":"","articleSection":["Internacional"],"inLanguage":"es"},{"@type":"WebPage","@id":"https:\/\/www.eldiario.net\/portal\/2021\/05\/21\/alza-de-precios-mundiales-agrava-crisis-alimentaria\/","url":"https:\/\/www.eldiario.net\/portal\/2021\/05\/21\/alza-de-precios-mundiales-agrava-crisis-alimentaria\/","name":"Alza de precios mundiales agrava crisis alimentaria - El Diario - Bolivia","isPartOf":{"@id":"https:\/\/www.eldiario.net\/portal\/#website"},"primaryImageOfPage":{"@id":"https:\/\/www.eldiario.net\/portal\/2021\/05\/21\/alza-de-precios-mundiales-agrava-crisis-alimentaria\/#primaryimage"},"image":{"@id":"https:\/\/www.eldiario.net\/portal\/2021\/05\/21\/alza-de-precios-mundiales-agrava-crisis-alimentaria\/#primaryimage"},"thumbnailUrl":"","datePublished":"2021-05-21T09:20:33+00:00","breadcrumb":{"@id":"https:\/\/www.eldiario.net\/portal\/2021\/05\/21\/alza-de-precios-mundiales-agrava-crisis-alimentaria\/#breadcrumb"},"inLanguage":"es","potentialAction":[{"@type":"ReadAction","target":["https:\/\/www.eldiario.net\/portal\/2021\/05\/21\/alza-de-precios-mundiales-agrava-crisis-alimentaria\/"]}]},{"@type":"ImageObject","inLanguage":"es","@id":"https:\/\/www.eldiario.net\/portal\/2021\/05\/21\/alza-de-precios-mundiales-agrava-crisis-alimentaria\/#primaryimage","url":"","contentUrl":""},{"@type":"BreadcrumbList","@id":"https:\/\/www.eldiario.net\/portal\/2021\/05\/21\/alza-de-precios-mundiales-agrava-crisis-alimentaria\/#breadcrumb","itemListElement":[{"@type":"ListItem","position":1,"name":"Portada","item":"https:\/\/www.eldiario.net\/portal\/"},{"@type":"ListItem","position":2,"name":"Alza de precios mundiales agrava crisis alimentaria"}]},{"@type":"WebSite","@id":"https:\/\/www.eldiario.net\/portal\/#website","url":"https:\/\/www.eldiario.net\/portal\/","name":"El Diario - Decano de la prensa nacional","description":"El Diario - Decano de la prensa nacional","publisher":{"@id":"https:\/\/www.eldiario.net\/portal\/#organization"},"potentialAction":[{"@type":"SearchAction","target":{"@type":"EntryPoint","urlTemplate":"https:\/\/www.eldiario.net\/portal\/?s={search_term_string}"},"query-input":{"@type":"PropertyValueSpecification","valueRequired":true,"valueName":"search_term_string"}}],"inLanguage":"es"},{"@type":"Organization","@id":"https:\/\/www.eldiario.net\/portal\/#organization","name":"El Diario - Decano de la prensa nacional","url":"https:\/\/www.eldiario.net\/portal\/","logo":{"@type":"ImageObject","inLanguage":"es","@id":"https:\/\/www.eldiario.net\/portal\/#\/schema\/logo\/image\/","url":"https:\/\/www.eldiario.net\/portal\/wp-content\/uploads\/2023\/07\/logo_ED.jpg","contentUrl":"https:\/\/www.eldiario.net\/portal\/wp-content\/uploads\/2023\/07\/logo_ED.jpg","width":272,"height":52,"caption":"El Diario - Decano de la prensa nacional"},"image":{"@id":"https:\/\/www.eldiario.net\/portal\/#\/schema\/logo\/image\/"},"sameAs":["https:\/\/www.facebook.com\/eldiario.bolivia\/","https:\/\/x.com\/eldiario_net"]},{"@type":"Person","@id":"https:\/\/www.eldiario.net\/portal\/#\/schema\/person\/f46445640444750d7d753ccd04ae01b7","name":"Jeanette","image":{"@type":"ImageObject","inLanguage":"es","@id":"https:\/\/secure.gravatar.com\/avatar\/3ea2118a5f7dad2b7138b1187a6b7ee55f160b9968b66013c3a3ef39dd7e5798?s=96&d=mm&r=g","url":"https:\/\/secure.gravatar.com\/avatar\/3ea2118a5f7dad2b7138b1187a6b7ee55f160b9968b66013c3a3ef39dd7e5798?s=96&d=mm&r=g","contentUrl":"https:\/\/secure.gravatar.com\/avatar\/3ea2118a5f7dad2b7138b1187a6b7ee55f160b9968b66013c3a3ef39dd7e5798?s=96&d=mm&r=g","caption":"Jeanette"},"sameAs":["https:\/\/www.eldiario.net\/portal"],"url":"https:\/\/www.eldiario.net\/portal\/author\/jeanette\/"}]}},"_links":{"self":[{"href":"https:\/\/www.eldiario.net\/portal\/wp-json\/wp\/v2\/posts\/5213","targetHints":{"allow":["GET"]}}],"collection":[{"href":"https:\/\/www.eldiario.net\/portal\/wp-json\/wp\/v2\/posts"}],"about":[{"href":"https:\/\/www.eldiario.net\/portal\/wp-json\/wp\/v2\/types\/post"}],"author":[{"embeddable":true,"href":"https:\/\/www.eldiario.net\/portal\/wp-json\/wp\/v2\/users\/1"}],"replies":[{"embeddable":true,"href":"https:\/\/www.eldiario.net\/portal\/wp-json\/wp\/v2\/comments?post=5213"}],"version-history":[{"count":0,"href":"https:\/\/www.eldiario.net\/portal\/wp-json\/wp\/v2\/posts\/5213\/revisions"}],"wp:attachment":[{"href":"https:\/\/www.eldiario.net\/portal\/wp-json\/wp\/v2\/media?parent=5213"}],"wp:term":[{"taxonomy":"category","embeddable":true,"href":"https:\/\/www.eldiario.net\/portal\/wp-json\/wp\/v2\/categories?post=5213"},{"taxonomy":"post_tag","embeddable":true,"href":"https:\/\/www.eldiario.net\/portal\/wp-json\/wp\/v2\/tags?post=5213"}],"curies":[{"name":"wp","href":"https:\/\/api.w.org\/{rel}","templated":true}]}}