{"id":5206,"date":"2021-05-21T05:16:55","date_gmt":"2021-05-21T09:16:55","guid":{"rendered":"https:\/\/www.eldiario.net\/portal\/?p=5206"},"modified":"2021-05-21T05:16:55","modified_gmt":"2021-05-21T09:16:55","slug":"reaves-es-un-sueno-cumplido-jugar-por-bolivia","status":"publish","type":"post","link":"https:\/\/www.eldiario.net\/portal\/2021\/05\/21\/reaves-es-un-sueno-cumplido-jugar-por-bolivia\/","title":{"rendered":"Reaves:  \u201cEs un sue\u00f1o  cumplido jugar por Bolivia\u201d"},"content":{"rendered":"<p>El estadounidense boliviano, Joshua Reaves, manifest\u00f3 ayer que es un sue\u00f1o cumplido el de representar a Bolivia en la selecci\u00f3n de basquetbol. El jugador de la NBA se trasladar\u00e1 a Tarija hoy para cumplir con el segundo microciclo con Giovanny Vargas, el entrenador.<br \/>\n\u201cEs una muy linda experiencia. Es un hermoso pa\u00eds y estoy encantado de representar a este pa\u00eds\u201d, dijo inicialmente Reaves, ante una gran presencia de medios de comunicaci\u00f3n.<br \/>\nNo fue para menos, el primer boliviano en pisar la m\u00e1xima liga mundial en el basquetbol (NBA) se convirti\u00f3 en una gran ficha para la Verde, que el 12 y 16 de junio se medir\u00e1 contra Ecuador.<br \/>\n\u201cMi mam\u00e1 es boliviana y mi abuela, ambas est\u00e1n muy orgullosas de ser bolivianas, en casa tenemos cosas que nos recuerdan de Bolivia y para m\u00ed es un orgullo vestir la camiseta del pa\u00eds\u201d, a\u00f1adi\u00f3.<br \/>\nReaves, de 23 a\u00f1os de edad debut\u00f3 el pasado a\u00f1o cuando en la NBA como jugador de Dallas Maverick. El alero, luego de este gran salto, form\u00f3 parte de Vipers de R\u00edo Grande, plantel de la Liga G de esta liga.<br \/>\nLa Federaci\u00f3n Boliviana de este deporte se contact\u00f3 con \u00e9l para hacer gestiones para que represente al pa\u00eds, algo que result\u00f3 un \u00e9xito.<br \/>\nJoshua cont\u00f3 que conoci\u00f3 muy poco de la selecci\u00f3n. \u201cVi una foto del equipo, me la mostr\u00f3 Igor (Ram\u00edrez), estoy entusiasmado de poder jugar. Tengo muchas expectativas de ayudar al equipo\u201d. Sobre el b\u00e1squetbol en el pa\u00eds, el jugador coment\u00f3 que \u201ctuvo un buen crecimiento, estoy muy contento de que esto ocurra\u201d, tomando en cuenta que gracias a su participaci\u00f3n en la NBA lleg\u00f3 a sentar mayor presencia este deporte en el pa\u00eds.<br \/>\nReaves arrib\u00f3 el mi\u00e9rcoles al pa\u00eds, cont\u00f3 estar asombrado por el paisaje, pero no neg\u00f3 estar delicado de salud por la altitud. \u201cEs una alegr\u00eda estar aqu\u00ed, es muy importante para m\u00ed. Cuando era ni\u00f1o mi abuelo me dec\u00eda que iba a representar al pa\u00eds y ahora cumplo este sue\u00f1o. Es un lugar muy lindo, traje una c\u00e1mara para sacarme fotos ac\u00e1. La gente es muy amable y muy atenta, es una muy linda experiencia la que estamos viviendo con mi mam\u00e1\u201d, a\u00f1adi\u00f3.<br \/>\nPara contrarrestar los efectos, Reaves cont\u00f3 que va tomando mate de coca como soluci\u00f3n. \u201cPara m\u00ed es b\u00e1squetbol, lo que m\u00e1s me interesa es vestir esta camiseta. Tratar\u00e9 de hacer lo mejor que pueda en los partidos con la selecci\u00f3n\u201d.<br \/>\nSobre su paso en la NBA, Reaves dijo que \u201cla experiencia fue asombrosa, tenemos la mentalidad de siempre mejorar y diferentes aspectos t\u00e9cnicos. Fue un sue\u00f1o jugar en este nivel, aprend\u00ed bastante, me recibieron muy bien. Estamos esperando que las cosas del Covid-19 pasen, para as\u00ed ver el futuro en la NBA\u201d.<br \/>\nNo obstante, su siguiente club a\u00fan est\u00e1 por definirse, por lo que depender\u00e1 de su agente.<br \/>\nReaves no se olvid\u00f3 de mencionar que le encantan los platos t\u00edpicos del pa\u00eds. \u201cMe gusta mucho el Silpancho, la Salchipapa, tanto a m\u00ed como a mi hermano estamos encantados de la comida boliviana\u201d, explic\u00f3 alegre. Su madre, Lis Reaves, a\u00f1adi\u00f3 que ella y su madre cocinan platos del pa\u00eds siempre que pueden.<br \/>\nEn las pr\u00f3ximas horas, Reaves viajar\u00e1 a Tarija para trabajar con la selecci\u00f3n boliviana. Ayer cumpli\u00f3 con los tr\u00e1mites de vinculaci\u00f3n la selecci\u00f3n, adem\u00e1s de dar un paseo por el Telef\u00e9rico y sitios de la urbe pace\u00f1a.<\/p>\n<p><strong>ERWIN QUISPE PERCA<\/strong><\/p>\n","protected":false},"excerpt":{"rendered":"<p>El estadounidense boliviano, Joshua Reaves, manifest\u00f3 ayer que es un sue\u00f1o cumplido el de representar a Bolivia en la selecci\u00f3n de basquetbol. El jugador de la NBA se trasladar\u00e1 a Tarija hoy para cumplir con el segundo microciclo con Giovanny Vargas, el entrenador. \u201cEs una muy linda experiencia. Es un hermoso pa\u00eds y estoy encantado [&hellip;]<\/p>\n","protected":false},"author":1,"featured_media":5208,"comment_status":"closed","ping_status":"closed","sticky":false,"template":"","format":"standard","meta":{"_acf_changed":false,"footnotes":""},"categories":[6],"tags":[],"class_list":["post-5206","post","type-post","status-publish","format-standard","has-post-thumbnail","category-deportes"],"acf":{"antetitulo":""},"yoast_head":"<!-- This site is optimized with the Yoast SEO plugin v28.3 - https:\/\/yoast.com\/product\/yoast-seo-wordpress\/ -->\n<title>Reaves: \u201cEs un sue\u00f1o cumplido jugar por Bolivia\u201d - El Diario - Bolivia<\/title>\n<meta name=\"robots\" content=\"index, follow, max-snippet:-1, max-image-preview:large, max-video-preview:-1\" \/>\n<link rel=\"canonical\" href=\"https:\/\/www.eldiario.net\/portal\/2021\/05\/21\/reaves-es-un-sueno-cumplido-jugar-por-bolivia\/\" \/>\n<meta property=\"og:locale\" content=\"es_ES\" \/>\n<meta property=\"og:type\" content=\"article\" \/>\n<meta property=\"og:title\" content=\"Reaves: \u201cEs un sue\u00f1o cumplido jugar por Bolivia\u201d - El Diario - Bolivia\" \/>\n<meta property=\"og:description\" content=\"El estadounidense boliviano, Joshua Reaves, manifest\u00f3 ayer que es un sue\u00f1o cumplido el de representar a Bolivia en la selecci\u00f3n de basquetbol. El jugador de la NBA se trasladar\u00e1 a Tarija hoy para cumplir con el segundo microciclo con Giovanny Vargas, el entrenador. \u201cEs una muy linda experiencia. Es un hermoso pa\u00eds y estoy encantado [&hellip;]\" \/>\n<meta property=\"og:url\" content=\"https:\/\/www.eldiario.net\/portal\/2021\/05\/21\/reaves-es-un-sueno-cumplido-jugar-por-bolivia\/\" \/>\n<meta property=\"og:site_name\" content=\"El Diario - Bolivia\" \/>\n<meta property=\"article:publisher\" content=\"https:\/\/www.facebook.com\/eldiario.bolivia\/\" \/>\n<meta property=\"article:published_time\" content=\"2021-05-21T09:16:55+00:00\" \/>\n<meta property=\"og:image\" content=\"https:\/\/www.eldiario.net\/portal\/wp-content\/uploads\/2021\/05\/IMG_6060-scaled-1.jpg\" \/>\n\t<meta property=\"og:image:width\" content=\"2560\" \/>\n\t<meta property=\"og:image:height\" content=\"1707\" \/>\n\t<meta property=\"og:image:type\" content=\"image\/jpeg\" \/>\n<meta name=\"author\" content=\"Jeanette\" \/>\n<meta name=\"twitter:card\" content=\"summary_large_image\" \/>\n<meta name=\"twitter:creator\" content=\"@eldiario_net\" \/>\n<meta name=\"twitter:site\" content=\"@eldiario_net\" \/>\n<meta name=\"twitter:label1\" content=\"Escrito por\" \/>\n\t<meta name=\"twitter:data1\" content=\"Jeanette\" \/>\n\t<meta name=\"twitter:label2\" content=\"Tiempo de lectura\" \/>\n\t<meta name=\"twitter:data2\" content=\"3 minutos\" \/>\n<script type=\"application\/ld+json\" class=\"yoast-schema-graph\">{\"@context\":\"https:\\\/\\\/schema.org\",\"@graph\":[{\"@type\":\"Article\",\"@id\":\"https:\\\/\\\/www.eldiario.net\\\/portal\\\/2021\\\/05\\\/21\\\/reaves-es-un-sueno-cumplido-jugar-por-bolivia\\\/#article\",\"isPartOf\":{\"@id\":\"https:\\\/\\\/www.eldiario.net\\\/portal\\\/2021\\\/05\\\/21\\\/reaves-es-un-sueno-cumplido-jugar-por-bolivia\\\/\"},\"author\":{\"name\":\"Jeanette\",\"@id\":\"https:\\\/\\\/www.eldiario.net\\\/portal\\\/#\\\/schema\\\/person\\\/f46445640444750d7d753ccd04ae01b7\"},\"headline\":\"Reaves: \u201cEs un sue\u00f1o cumplido jugar por Bolivia\u201d\",\"datePublished\":\"2021-05-21T09:16:55+00:00\",\"mainEntityOfPage\":{\"@id\":\"https:\\\/\\\/www.eldiario.net\\\/portal\\\/2021\\\/05\\\/21\\\/reaves-es-un-sueno-cumplido-jugar-por-bolivia\\\/\"},\"wordCount\":618,\"publisher\":{\"@id\":\"https:\\\/\\\/www.eldiario.net\\\/portal\\\/#organization\"},\"image\":{\"@id\":\"https:\\\/\\\/www.eldiario.net\\\/portal\\\/2021\\\/05\\\/21\\\/reaves-es-un-sueno-cumplido-jugar-por-bolivia\\\/#primaryimage\"},\"thumbnailUrl\":\"https:\\\/\\\/www.eldiario.net\\\/portal\\\/wp-content\\\/uploads\\\/2021\\\/05\\\/IMG_6060-scaled-1.jpg\",\"articleSection\":[\"Deportes\"],\"inLanguage\":\"es\"},{\"@type\":\"WebPage\",\"@id\":\"https:\\\/\\\/www.eldiario.net\\\/portal\\\/2021\\\/05\\\/21\\\/reaves-es-un-sueno-cumplido-jugar-por-bolivia\\\/\",\"url\":\"https:\\\/\\\/www.eldiario.net\\\/portal\\\/2021\\\/05\\\/21\\\/reaves-es-un-sueno-cumplido-jugar-por-bolivia\\\/\",\"name\":\"Reaves: \u201cEs un sue\u00f1o cumplido jugar por Bolivia\u201d - El Diario - Bolivia\",\"isPartOf\":{\"@id\":\"https:\\\/\\\/www.eldiario.net\\\/portal\\\/#website\"},\"primaryImageOfPage\":{\"@id\":\"https:\\\/\\\/www.eldiario.net\\\/portal\\\/2021\\\/05\\\/21\\\/reaves-es-un-sueno-cumplido-jugar-por-bolivia\\\/#primaryimage\"},\"image\":{\"@id\":\"https:\\\/\\\/www.eldiario.net\\\/portal\\\/2021\\\/05\\\/21\\\/reaves-es-un-sueno-cumplido-jugar-por-bolivia\\\/#primaryimage\"},\"thumbnailUrl\":\"https:\\\/\\\/www.eldiario.net\\\/portal\\\/wp-content\\\/uploads\\\/2021\\\/05\\\/IMG_6060-scaled-1.jpg\",\"datePublished\":\"2021-05-21T09:16:55+00:00\",\"breadcrumb\":{\"@id\":\"https:\\\/\\\/www.eldiario.net\\\/portal\\\/2021\\\/05\\\/21\\\/reaves-es-un-sueno-cumplido-jugar-por-bolivia\\\/#breadcrumb\"},\"inLanguage\":\"es\",\"potentialAction\":[{\"@type\":\"ReadAction\",\"target\":[\"https:\\\/\\\/www.eldiario.net\\\/portal\\\/2021\\\/05\\\/21\\\/reaves-es-un-sueno-cumplido-jugar-por-bolivia\\\/\"]}]},{\"@type\":\"ImageObject\",\"inLanguage\":\"es\",\"@id\":\"https:\\\/\\\/www.eldiario.net\\\/portal\\\/2021\\\/05\\\/21\\\/reaves-es-un-sueno-cumplido-jugar-por-bolivia\\\/#primaryimage\",\"url\":\"https:\\\/\\\/www.eldiario.net\\\/portal\\\/wp-content\\\/uploads\\\/2021\\\/05\\\/IMG_6060-scaled-1.jpg\",\"contentUrl\":\"https:\\\/\\\/www.eldiario.net\\\/portal\\\/wp-content\\\/uploads\\\/2021\\\/05\\\/IMG_6060-scaled-1.jpg\",\"width\":2560,\"height\":1707},{\"@type\":\"BreadcrumbList\",\"@id\":\"https:\\\/\\\/www.eldiario.net\\\/portal\\\/2021\\\/05\\\/21\\\/reaves-es-un-sueno-cumplido-jugar-por-bolivia\\\/#breadcrumb\",\"itemListElement\":[{\"@type\":\"ListItem\",\"position\":1,\"name\":\"Portada\",\"item\":\"https:\\\/\\\/www.eldiario.net\\\/portal\\\/\"},{\"@type\":\"ListItem\",\"position\":2,\"name\":\"Reaves: \u201cEs un sue\u00f1o cumplido jugar por Bolivia\u201d\"}]},{\"@type\":\"WebSite\",\"@id\":\"https:\\\/\\\/www.eldiario.net\\\/portal\\\/#website\",\"url\":\"https:\\\/\\\/www.eldiario.net\\\/portal\\\/\",\"name\":\"El Diario - Decano de la prensa nacional\",\"description\":\"El Diario - Decano de la prensa nacional\",\"publisher\":{\"@id\":\"https:\\\/\\\/www.eldiario.net\\\/portal\\\/#organization\"},\"potentialAction\":[{\"@type\":\"SearchAction\",\"target\":{\"@type\":\"EntryPoint\",\"urlTemplate\":\"https:\\\/\\\/www.eldiario.net\\\/portal\\\/?s={search_term_string}\"},\"query-input\":{\"@type\":\"PropertyValueSpecification\",\"valueRequired\":true,\"valueName\":\"search_term_string\"}}],\"inLanguage\":\"es\"},{\"@type\":\"Organization\",\"@id\":\"https:\\\/\\\/www.eldiario.net\\\/portal\\\/#organization\",\"name\":\"El Diario - Decano de la prensa nacional\",\"url\":\"https:\\\/\\\/www.eldiario.net\\\/portal\\\/\",\"logo\":{\"@type\":\"ImageObject\",\"inLanguage\":\"es\",\"@id\":\"https:\\\/\\\/www.eldiario.net\\\/portal\\\/#\\\/schema\\\/logo\\\/image\\\/\",\"url\":\"https:\\\/\\\/www.eldiario.net\\\/portal\\\/wp-content\\\/uploads\\\/2023\\\/07\\\/logo_ED.jpg\",\"contentUrl\":\"https:\\\/\\\/www.eldiario.net\\\/portal\\\/wp-content\\\/uploads\\\/2023\\\/07\\\/logo_ED.jpg\",\"width\":272,\"height\":52,\"caption\":\"El Diario - Decano de la prensa nacional\"},\"image\":{\"@id\":\"https:\\\/\\\/www.eldiario.net\\\/portal\\\/#\\\/schema\\\/logo\\\/image\\\/\"},\"sameAs\":[\"https:\\\/\\\/www.facebook.com\\\/eldiario.bolivia\\\/\",\"https:\\\/\\\/x.com\\\/eldiario_net\"]},{\"@type\":\"Person\",\"@id\":\"https:\\\/\\\/www.eldiario.net\\\/portal\\\/#\\\/schema\\\/person\\\/f46445640444750d7d753ccd04ae01b7\",\"name\":\"Jeanette\",\"image\":{\"@type\":\"ImageObject\",\"inLanguage\":\"es\",\"@id\":\"https:\\\/\\\/secure.gravatar.com\\\/avatar\\\/3ea2118a5f7dad2b7138b1187a6b7ee55f160b9968b66013c3a3ef39dd7e5798?s=96&d=mm&r=g\",\"url\":\"https:\\\/\\\/secure.gravatar.com\\\/avatar\\\/3ea2118a5f7dad2b7138b1187a6b7ee55f160b9968b66013c3a3ef39dd7e5798?s=96&d=mm&r=g\",\"contentUrl\":\"https:\\\/\\\/secure.gravatar.com\\\/avatar\\\/3ea2118a5f7dad2b7138b1187a6b7ee55f160b9968b66013c3a3ef39dd7e5798?s=96&d=mm&r=g\",\"caption\":\"Jeanette\"},\"sameAs\":[\"https:\\\/\\\/www.eldiario.net\\\/portal\"],\"url\":\"https:\\\/\\\/www.eldiario.net\\\/portal\\\/author\\\/jeanette\\\/\"}]}<\/script>\n<!-- \/ Yoast SEO plugin. -->","yoast_head_json":{"title":"Reaves: \u201cEs un sue\u00f1o cumplido jugar por Bolivia\u201d - El Diario - Bolivia","robots":{"index":"index","follow":"follow","max-snippet":"max-snippet:-1","max-image-preview":"max-image-preview:large","max-video-preview":"max-video-preview:-1"},"canonical":"https:\/\/www.eldiario.net\/portal\/2021\/05\/21\/reaves-es-un-sueno-cumplido-jugar-por-bolivia\/","og_locale":"es_ES","og_type":"article","og_title":"Reaves: \u201cEs un sue\u00f1o cumplido jugar por Bolivia\u201d - El Diario - Bolivia","og_description":"El estadounidense boliviano, Joshua Reaves, manifest\u00f3 ayer que es un sue\u00f1o cumplido el de representar a Bolivia en la selecci\u00f3n de basquetbol. El jugador de la NBA se trasladar\u00e1 a Tarija hoy para cumplir con el segundo microciclo con Giovanny Vargas, el entrenador. \u201cEs una muy linda experiencia. Es un hermoso pa\u00eds y estoy encantado [&hellip;]","og_url":"https:\/\/www.eldiario.net\/portal\/2021\/05\/21\/reaves-es-un-sueno-cumplido-jugar-por-bolivia\/","og_site_name":"El Diario - Bolivia","article_publisher":"https:\/\/www.facebook.com\/eldiario.bolivia\/","article_published_time":"2021-05-21T09:16:55+00:00","og_image":[{"width":2560,"height":1707,"url":"https:\/\/www.eldiario.net\/portal\/wp-content\/uploads\/2021\/05\/IMG_6060-scaled-1.jpg","type":"image\/jpeg"}],"author":"Jeanette","twitter_card":"summary_large_image","twitter_creator":"@eldiario_net","twitter_site":"@eldiario_net","twitter_misc":{"Escrito por":"Jeanette","Tiempo de lectura":"3 minutos"},"schema":{"@context":"https:\/\/schema.org","@graph":[{"@type":"Article","@id":"https:\/\/www.eldiario.net\/portal\/2021\/05\/21\/reaves-es-un-sueno-cumplido-jugar-por-bolivia\/#article","isPartOf":{"@id":"https:\/\/www.eldiario.net\/portal\/2021\/05\/21\/reaves-es-un-sueno-cumplido-jugar-por-bolivia\/"},"author":{"name":"Jeanette","@id":"https:\/\/www.eldiario.net\/portal\/#\/schema\/person\/f46445640444750d7d753ccd04ae01b7"},"headline":"Reaves: \u201cEs un sue\u00f1o cumplido jugar por Bolivia\u201d","datePublished":"2021-05-21T09:16:55+00:00","mainEntityOfPage":{"@id":"https:\/\/www.eldiario.net\/portal\/2021\/05\/21\/reaves-es-un-sueno-cumplido-jugar-por-bolivia\/"},"wordCount":618,"publisher":{"@id":"https:\/\/www.eldiario.net\/portal\/#organization"},"image":{"@id":"https:\/\/www.eldiario.net\/portal\/2021\/05\/21\/reaves-es-un-sueno-cumplido-jugar-por-bolivia\/#primaryimage"},"thumbnailUrl":"https:\/\/www.eldiario.net\/portal\/wp-content\/uploads\/2021\/05\/IMG_6060-scaled-1.jpg","articleSection":["Deportes"],"inLanguage":"es"},{"@type":"WebPage","@id":"https:\/\/www.eldiario.net\/portal\/2021\/05\/21\/reaves-es-un-sueno-cumplido-jugar-por-bolivia\/","url":"https:\/\/www.eldiario.net\/portal\/2021\/05\/21\/reaves-es-un-sueno-cumplido-jugar-por-bolivia\/","name":"Reaves: \u201cEs un sue\u00f1o cumplido jugar por Bolivia\u201d - El Diario - Bolivia","isPartOf":{"@id":"https:\/\/www.eldiario.net\/portal\/#website"},"primaryImageOfPage":{"@id":"https:\/\/www.eldiario.net\/portal\/2021\/05\/21\/reaves-es-un-sueno-cumplido-jugar-por-bolivia\/#primaryimage"},"image":{"@id":"https:\/\/www.eldiario.net\/portal\/2021\/05\/21\/reaves-es-un-sueno-cumplido-jugar-por-bolivia\/#primaryimage"},"thumbnailUrl":"https:\/\/www.eldiario.net\/portal\/wp-content\/uploads\/2021\/05\/IMG_6060-scaled-1.jpg","datePublished":"2021-05-21T09:16:55+00:00","breadcrumb":{"@id":"https:\/\/www.eldiario.net\/portal\/2021\/05\/21\/reaves-es-un-sueno-cumplido-jugar-por-bolivia\/#breadcrumb"},"inLanguage":"es","potentialAction":[{"@type":"ReadAction","target":["https:\/\/www.eldiario.net\/portal\/2021\/05\/21\/reaves-es-un-sueno-cumplido-jugar-por-bolivia\/"]}]},{"@type":"ImageObject","inLanguage":"es","@id":"https:\/\/www.eldiario.net\/portal\/2021\/05\/21\/reaves-es-un-sueno-cumplido-jugar-por-bolivia\/#primaryimage","url":"https:\/\/www.eldiario.net\/portal\/wp-content\/uploads\/2021\/05\/IMG_6060-scaled-1.jpg","contentUrl":"https:\/\/www.eldiario.net\/portal\/wp-content\/uploads\/2021\/05\/IMG_6060-scaled-1.jpg","width":2560,"height":1707},{"@type":"BreadcrumbList","@id":"https:\/\/www.eldiario.net\/portal\/2021\/05\/21\/reaves-es-un-sueno-cumplido-jugar-por-bolivia\/#breadcrumb","itemListElement":[{"@type":"ListItem","position":1,"name":"Portada","item":"https:\/\/www.eldiario.net\/portal\/"},{"@type":"ListItem","position":2,"name":"Reaves: \u201cEs un sue\u00f1o cumplido jugar por Bolivia\u201d"}]},{"@type":"WebSite","@id":"https:\/\/www.eldiario.net\/portal\/#website","url":"https:\/\/www.eldiario.net\/portal\/","name":"El Diario - Decano de la prensa nacional","description":"El Diario - Decano de la prensa nacional","publisher":{"@id":"https:\/\/www.eldiario.net\/portal\/#organization"},"potentialAction":[{"@type":"SearchAction","target":{"@type":"EntryPoint","urlTemplate":"https:\/\/www.eldiario.net\/portal\/?s={search_term_string}"},"query-input":{"@type":"PropertyValueSpecification","valueRequired":true,"valueName":"search_term_string"}}],"inLanguage":"es"},{"@type":"Organization","@id":"https:\/\/www.eldiario.net\/portal\/#organization","name":"El Diario - Decano de la prensa nacional","url":"https:\/\/www.eldiario.net\/portal\/","logo":{"@type":"ImageObject","inLanguage":"es","@id":"https:\/\/www.eldiario.net\/portal\/#\/schema\/logo\/image\/","url":"https:\/\/www.eldiario.net\/portal\/wp-content\/uploads\/2023\/07\/logo_ED.jpg","contentUrl":"https:\/\/www.eldiario.net\/portal\/wp-content\/uploads\/2023\/07\/logo_ED.jpg","width":272,"height":52,"caption":"El Diario - Decano de la prensa nacional"},"image":{"@id":"https:\/\/www.eldiario.net\/portal\/#\/schema\/logo\/image\/"},"sameAs":["https:\/\/www.facebook.com\/eldiario.bolivia\/","https:\/\/x.com\/eldiario_net"]},{"@type":"Person","@id":"https:\/\/www.eldiario.net\/portal\/#\/schema\/person\/f46445640444750d7d753ccd04ae01b7","name":"Jeanette","image":{"@type":"ImageObject","inLanguage":"es","@id":"https:\/\/secure.gravatar.com\/avatar\/3ea2118a5f7dad2b7138b1187a6b7ee55f160b9968b66013c3a3ef39dd7e5798?s=96&d=mm&r=g","url":"https:\/\/secure.gravatar.com\/avatar\/3ea2118a5f7dad2b7138b1187a6b7ee55f160b9968b66013c3a3ef39dd7e5798?s=96&d=mm&r=g","contentUrl":"https:\/\/secure.gravatar.com\/avatar\/3ea2118a5f7dad2b7138b1187a6b7ee55f160b9968b66013c3a3ef39dd7e5798?s=96&d=mm&r=g","caption":"Jeanette"},"sameAs":["https:\/\/www.eldiario.net\/portal"],"url":"https:\/\/www.eldiario.net\/portal\/author\/jeanette\/"}]}},"_links":{"self":[{"href":"https:\/\/www.eldiario.net\/portal\/wp-json\/wp\/v2\/posts\/5206","targetHints":{"allow":["GET"]}}],"collection":[{"href":"https:\/\/www.eldiario.net\/portal\/wp-json\/wp\/v2\/posts"}],"about":[{"href":"https:\/\/www.eldiario.net\/portal\/wp-json\/wp\/v2\/types\/post"}],"author":[{"embeddable":true,"href":"https:\/\/www.eldiario.net\/portal\/wp-json\/wp\/v2\/users\/1"}],"replies":[{"embeddable":true,"href":"https:\/\/www.eldiario.net\/portal\/wp-json\/wp\/v2\/comments?post=5206"}],"version-history":[{"count":0,"href":"https:\/\/www.eldiario.net\/portal\/wp-json\/wp\/v2\/posts\/5206\/revisions"}],"wp:featuredmedia":[{"embeddable":true,"href":"https:\/\/www.eldiario.net\/portal\/wp-json\/wp\/v2\/media\/5208"}],"wp:attachment":[{"href":"https:\/\/www.eldiario.net\/portal\/wp-json\/wp\/v2\/media?parent=5206"}],"wp:term":[{"taxonomy":"category","embeddable":true,"href":"https:\/\/www.eldiario.net\/portal\/wp-json\/wp\/v2\/categories?post=5206"},{"taxonomy":"post_tag","embeddable":true,"href":"https:\/\/www.eldiario.net\/portal\/wp-json\/wp\/v2\/tags?post=5206"}],"curies":[{"name":"wp","href":"https:\/\/api.w.org\/{rel}","templated":true}]}}