{"id":5203,"date":"2021-05-21T05:14:28","date_gmt":"2021-05-21T09:14:28","guid":{"rendered":"https:\/\/www.eldiario.net\/portal\/?p=5203"},"modified":"2021-05-21T05:14:28","modified_gmt":"2021-05-21T09:14:28","slug":"colombia-pierde-la-sede-de-la-copa-america","status":"publish","type":"post","link":"https:\/\/www.eldiario.net\/portal\/2021\/05\/21\/colombia-pierde-la-sede-de-la-copa-america\/","title":{"rendered":"Colombia pierde la sede de la Copa Am\u00e9rica"},"content":{"rendered":"<p>Colombia, inmersa en una severa crisis social con decenas de muertos en casi un mes de protestas, perdi\u00f3 la sede de la Copa Am\u00e9rica 2021, que iba recibir junto a Argentina desde el 13 de junio.<br \/>\nLa Conmebol rechaz\u00f3 ayer un pedido del gobierno colombiano para posponer el certamen hasta \u201cfinales de este a\u00f1o\u201d y dijo que \u201crelocalizar\u00e1\u201d los partidos que deb\u00edan disputarse en ese pa\u00eds.<br \/>\nLa instituci\u00f3n sudamericana contest\u00f3 en un comunicado que \u201cpor razones relacionadas al calendario internacional y a la log\u00edstica del torneo, resulta imposible trasladar la Copa Am\u00e9rica 2021 al mes de noviembre\u201d.<br \/>\nEl ministro de Deporte de Colombia, Ernesto Lucena, hab\u00eda argumentado en su petici\u00f3n que le gustar\u00eda \u201crealizar este evento de la mejor manera posible con hinchas en los estadios\u201d.<br \/>\nLa instituci\u00f3n del f\u00fatbol regional dijo en el comunicado que \u201casegura la realizaci\u00f3n\u201d del torneo de selecciones m\u00e1s antiguo del mundo previsto entre el 13 de junio y el 10 de julio, e \u201cinformar\u00e1 en los pr\u00f3ximos d\u00edas la relocalizaci\u00f3n de los partidos que deb\u00edan disputarse en Colombia\u201d.<br \/>\nEl presidente de Argentina, Alberto Fern\u00e1ndez, se\u00f1al\u00f3 d\u00edas atr\u00e1s que su pa\u00eds estar\u00eda dispuesto a recibir los partidos si Colombia desist\u00eda de ser una de las dos sedes.<br \/>\nEsta misma noche, Fern\u00e1ndez anunci\u00f3 que Argentina entrar\u00e1 en confinamiento total por 9 d\u00edas, mientras este jueves se registr\u00f3 un alt\u00edsimo n\u00famero de contagios de covid, de unos 35.000 casos y 450 muertos.<br \/>\nLas masivas protestas contra el gobierno del conservador Iv\u00e1n Duque dejan 42 muertos y centenares de heridos en medio de una dura represi\u00f3n de la fuerza p\u00fablica. Ahora alcanzaron al f\u00fatbol.<br \/>\nBogot\u00e1, Medell\u00edn y Cali, previstas para ser sedes de la justa, viven fuertes disturbios que han obligado a jugar algunos partidos de Libertadores y Sudamericana en otros pa\u00edses. En 2001 Colombia recibi\u00f3 la Copa por primera vez en medio de una escalada del conflicto con la guerrilla FARC, en este entonces la m\u00e1s poderosa de Am\u00e9rica.<\/p>\n<p><strong>AGENCIAS<\/strong><\/p>\n","protected":false},"excerpt":{"rendered":"<p>Colombia, inmersa en una severa crisis social con decenas de muertos en casi un mes de protestas, perdi\u00f3 la sede de la Copa Am\u00e9rica 2021, que iba recibir junto a Argentina desde el 13 de junio. La Conmebol rechaz\u00f3 ayer un pedido del gobierno colombiano para posponer el certamen hasta \u201cfinales de este a\u00f1o\u201d y [&hellip;]<\/p>\n","protected":false},"author":1,"featured_media":5204,"comment_status":"closed","ping_status":"closed","sticky":false,"template":"","format":"standard","meta":{"_acf_changed":false,"footnotes":""},"categories":[6],"tags":[],"class_list":["post-5203","post","type-post","status-publish","format-standard","has-post-thumbnail","category-deportes"],"acf":{"antetitulo":""},"yoast_head":"<!-- This site is optimized with the Yoast SEO plugin v28.3 - https:\/\/yoast.com\/product\/yoast-seo-wordpress\/ -->\n<title>Colombia pierde la sede de la Copa Am\u00e9rica - El Diario - Bolivia<\/title>\n<meta name=\"robots\" content=\"index, follow, max-snippet:-1, max-image-preview:large, max-video-preview:-1\" \/>\n<link rel=\"canonical\" href=\"https:\/\/www.eldiario.net\/portal\/2021\/05\/21\/colombia-pierde-la-sede-de-la-copa-america\/\" \/>\n<meta property=\"og:locale\" content=\"es_ES\" \/>\n<meta property=\"og:type\" content=\"article\" \/>\n<meta property=\"og:title\" content=\"Colombia pierde la sede de la Copa Am\u00e9rica - El Diario - Bolivia\" \/>\n<meta property=\"og:description\" content=\"Colombia, inmersa en una severa crisis social con decenas de muertos en casi un mes de protestas, perdi\u00f3 la sede de la Copa Am\u00e9rica 2021, que iba recibir junto a Argentina desde el 13 de junio. La Conmebol rechaz\u00f3 ayer un pedido del gobierno colombiano para posponer el certamen hasta \u201cfinales de este a\u00f1o\u201d y [&hellip;]\" \/>\n<meta property=\"og:url\" content=\"https:\/\/www.eldiario.net\/portal\/2021\/05\/21\/colombia-pierde-la-sede-de-la-copa-america\/\" \/>\n<meta property=\"og:site_name\" content=\"El Diario - Bolivia\" \/>\n<meta property=\"article:publisher\" content=\"https:\/\/www.facebook.com\/eldiario.bolivia\/\" \/>\n<meta property=\"article:published_time\" content=\"2021-05-21T09:14:28+00:00\" \/>\n<meta name=\"author\" content=\"Jeanette\" \/>\n<meta name=\"twitter:card\" content=\"summary_large_image\" \/>\n<meta name=\"twitter:creator\" content=\"@eldiario_net\" \/>\n<meta name=\"twitter:site\" content=\"@eldiario_net\" \/>\n<meta name=\"twitter:label1\" content=\"Escrito por\" \/>\n\t<meta name=\"twitter:data1\" content=\"Jeanette\" \/>\n\t<meta name=\"twitter:label2\" content=\"Tiempo de lectura\" \/>\n\t<meta name=\"twitter:data2\" content=\"2 minutos\" \/>\n<script type=\"application\/ld+json\" class=\"yoast-schema-graph\">{\"@context\":\"https:\\\/\\\/schema.org\",\"@graph\":[{\"@type\":\"Article\",\"@id\":\"https:\\\/\\\/www.eldiario.net\\\/portal\\\/2021\\\/05\\\/21\\\/colombia-pierde-la-sede-de-la-copa-america\\\/#article\",\"isPartOf\":{\"@id\":\"https:\\\/\\\/www.eldiario.net\\\/portal\\\/2021\\\/05\\\/21\\\/colombia-pierde-la-sede-de-la-copa-america\\\/\"},\"author\":{\"name\":\"Jeanette\",\"@id\":\"https:\\\/\\\/www.eldiario.net\\\/portal\\\/#\\\/schema\\\/person\\\/f46445640444750d7d753ccd04ae01b7\"},\"headline\":\"Colombia pierde la sede de la Copa Am\u00e9rica\",\"datePublished\":\"2021-05-21T09:14:28+00:00\",\"mainEntityOfPage\":{\"@id\":\"https:\\\/\\\/www.eldiario.net\\\/portal\\\/2021\\\/05\\\/21\\\/colombia-pierde-la-sede-de-la-copa-america\\\/\"},\"wordCount\":359,\"publisher\":{\"@id\":\"https:\\\/\\\/www.eldiario.net\\\/portal\\\/#organization\"},\"image\":{\"@id\":\"https:\\\/\\\/www.eldiario.net\\\/portal\\\/2021\\\/05\\\/21\\\/colombia-pierde-la-sede-de-la-copa-america\\\/#primaryimage\"},\"thumbnailUrl\":\"\",\"articleSection\":[\"Deportes\"],\"inLanguage\":\"es\"},{\"@type\":\"WebPage\",\"@id\":\"https:\\\/\\\/www.eldiario.net\\\/portal\\\/2021\\\/05\\\/21\\\/colombia-pierde-la-sede-de-la-copa-america\\\/\",\"url\":\"https:\\\/\\\/www.eldiario.net\\\/portal\\\/2021\\\/05\\\/21\\\/colombia-pierde-la-sede-de-la-copa-america\\\/\",\"name\":\"Colombia pierde la sede de la Copa Am\u00e9rica - El Diario - Bolivia\",\"isPartOf\":{\"@id\":\"https:\\\/\\\/www.eldiario.net\\\/portal\\\/#website\"},\"primaryImageOfPage\":{\"@id\":\"https:\\\/\\\/www.eldiario.net\\\/portal\\\/2021\\\/05\\\/21\\\/colombia-pierde-la-sede-de-la-copa-america\\\/#primaryimage\"},\"image\":{\"@id\":\"https:\\\/\\\/www.eldiario.net\\\/portal\\\/2021\\\/05\\\/21\\\/colombia-pierde-la-sede-de-la-copa-america\\\/#primaryimage\"},\"thumbnailUrl\":\"\",\"datePublished\":\"2021-05-21T09:14:28+00:00\",\"breadcrumb\":{\"@id\":\"https:\\\/\\\/www.eldiario.net\\\/portal\\\/2021\\\/05\\\/21\\\/colombia-pierde-la-sede-de-la-copa-america\\\/#breadcrumb\"},\"inLanguage\":\"es\",\"potentialAction\":[{\"@type\":\"ReadAction\",\"target\":[\"https:\\\/\\\/www.eldiario.net\\\/portal\\\/2021\\\/05\\\/21\\\/colombia-pierde-la-sede-de-la-copa-america\\\/\"]}]},{\"@type\":\"ImageObject\",\"inLanguage\":\"es\",\"@id\":\"https:\\\/\\\/www.eldiario.net\\\/portal\\\/2021\\\/05\\\/21\\\/colombia-pierde-la-sede-de-la-copa-america\\\/#primaryimage\",\"url\":\"\",\"contentUrl\":\"\"},{\"@type\":\"BreadcrumbList\",\"@id\":\"https:\\\/\\\/www.eldiario.net\\\/portal\\\/2021\\\/05\\\/21\\\/colombia-pierde-la-sede-de-la-copa-america\\\/#breadcrumb\",\"itemListElement\":[{\"@type\":\"ListItem\",\"position\":1,\"name\":\"Portada\",\"item\":\"https:\\\/\\\/www.eldiario.net\\\/portal\\\/\"},{\"@type\":\"ListItem\",\"position\":2,\"name\":\"Colombia pierde la sede de la Copa Am\u00e9rica\"}]},{\"@type\":\"WebSite\",\"@id\":\"https:\\\/\\\/www.eldiario.net\\\/portal\\\/#website\",\"url\":\"https:\\\/\\\/www.eldiario.net\\\/portal\\\/\",\"name\":\"El Diario - Decano de la prensa nacional\",\"description\":\"El Diario - Decano de la prensa nacional\",\"publisher\":{\"@id\":\"https:\\\/\\\/www.eldiario.net\\\/portal\\\/#organization\"},\"potentialAction\":[{\"@type\":\"SearchAction\",\"target\":{\"@type\":\"EntryPoint\",\"urlTemplate\":\"https:\\\/\\\/www.eldiario.net\\\/portal\\\/?s={search_term_string}\"},\"query-input\":{\"@type\":\"PropertyValueSpecification\",\"valueRequired\":true,\"valueName\":\"search_term_string\"}}],\"inLanguage\":\"es\"},{\"@type\":\"Organization\",\"@id\":\"https:\\\/\\\/www.eldiario.net\\\/portal\\\/#organization\",\"name\":\"El Diario - Decano de la prensa nacional\",\"url\":\"https:\\\/\\\/www.eldiario.net\\\/portal\\\/\",\"logo\":{\"@type\":\"ImageObject\",\"inLanguage\":\"es\",\"@id\":\"https:\\\/\\\/www.eldiario.net\\\/portal\\\/#\\\/schema\\\/logo\\\/image\\\/\",\"url\":\"https:\\\/\\\/www.eldiario.net\\\/portal\\\/wp-content\\\/uploads\\\/2023\\\/07\\\/logo_ED.jpg\",\"contentUrl\":\"https:\\\/\\\/www.eldiario.net\\\/portal\\\/wp-content\\\/uploads\\\/2023\\\/07\\\/logo_ED.jpg\",\"width\":272,\"height\":52,\"caption\":\"El Diario - Decano de la prensa nacional\"},\"image\":{\"@id\":\"https:\\\/\\\/www.eldiario.net\\\/portal\\\/#\\\/schema\\\/logo\\\/image\\\/\"},\"sameAs\":[\"https:\\\/\\\/www.facebook.com\\\/eldiario.bolivia\\\/\",\"https:\\\/\\\/x.com\\\/eldiario_net\"]},{\"@type\":\"Person\",\"@id\":\"https:\\\/\\\/www.eldiario.net\\\/portal\\\/#\\\/schema\\\/person\\\/f46445640444750d7d753ccd04ae01b7\",\"name\":\"Jeanette\",\"image\":{\"@type\":\"ImageObject\",\"inLanguage\":\"es\",\"@id\":\"https:\\\/\\\/secure.gravatar.com\\\/avatar\\\/3ea2118a5f7dad2b7138b1187a6b7ee55f160b9968b66013c3a3ef39dd7e5798?s=96&d=mm&r=g\",\"url\":\"https:\\\/\\\/secure.gravatar.com\\\/avatar\\\/3ea2118a5f7dad2b7138b1187a6b7ee55f160b9968b66013c3a3ef39dd7e5798?s=96&d=mm&r=g\",\"contentUrl\":\"https:\\\/\\\/secure.gravatar.com\\\/avatar\\\/3ea2118a5f7dad2b7138b1187a6b7ee55f160b9968b66013c3a3ef39dd7e5798?s=96&d=mm&r=g\",\"caption\":\"Jeanette\"},\"sameAs\":[\"https:\\\/\\\/www.eldiario.net\\\/portal\"],\"url\":\"https:\\\/\\\/www.eldiario.net\\\/portal\\\/author\\\/jeanette\\\/\"}]}<\/script>\n<!-- \/ Yoast SEO plugin. -->","yoast_head_json":{"title":"Colombia pierde la sede de la Copa Am\u00e9rica - El Diario - Bolivia","robots":{"index":"index","follow":"follow","max-snippet":"max-snippet:-1","max-image-preview":"max-image-preview:large","max-video-preview":"max-video-preview:-1"},"canonical":"https:\/\/www.eldiario.net\/portal\/2021\/05\/21\/colombia-pierde-la-sede-de-la-copa-america\/","og_locale":"es_ES","og_type":"article","og_title":"Colombia pierde la sede de la Copa Am\u00e9rica - El Diario - Bolivia","og_description":"Colombia, inmersa en una severa crisis social con decenas de muertos en casi un mes de protestas, perdi\u00f3 la sede de la Copa Am\u00e9rica 2021, que iba recibir junto a Argentina desde el 13 de junio. La Conmebol rechaz\u00f3 ayer un pedido del gobierno colombiano para posponer el certamen hasta \u201cfinales de este a\u00f1o\u201d y [&hellip;]","og_url":"https:\/\/www.eldiario.net\/portal\/2021\/05\/21\/colombia-pierde-la-sede-de-la-copa-america\/","og_site_name":"El Diario - Bolivia","article_publisher":"https:\/\/www.facebook.com\/eldiario.bolivia\/","article_published_time":"2021-05-21T09:14:28+00:00","author":"Jeanette","twitter_card":"summary_large_image","twitter_creator":"@eldiario_net","twitter_site":"@eldiario_net","twitter_misc":{"Escrito por":"Jeanette","Tiempo de lectura":"2 minutos"},"schema":{"@context":"https:\/\/schema.org","@graph":[{"@type":"Article","@id":"https:\/\/www.eldiario.net\/portal\/2021\/05\/21\/colombia-pierde-la-sede-de-la-copa-america\/#article","isPartOf":{"@id":"https:\/\/www.eldiario.net\/portal\/2021\/05\/21\/colombia-pierde-la-sede-de-la-copa-america\/"},"author":{"name":"Jeanette","@id":"https:\/\/www.eldiario.net\/portal\/#\/schema\/person\/f46445640444750d7d753ccd04ae01b7"},"headline":"Colombia pierde la sede de la Copa Am\u00e9rica","datePublished":"2021-05-21T09:14:28+00:00","mainEntityOfPage":{"@id":"https:\/\/www.eldiario.net\/portal\/2021\/05\/21\/colombia-pierde-la-sede-de-la-copa-america\/"},"wordCount":359,"publisher":{"@id":"https:\/\/www.eldiario.net\/portal\/#organization"},"image":{"@id":"https:\/\/www.eldiario.net\/portal\/2021\/05\/21\/colombia-pierde-la-sede-de-la-copa-america\/#primaryimage"},"thumbnailUrl":"","articleSection":["Deportes"],"inLanguage":"es"},{"@type":"WebPage","@id":"https:\/\/www.eldiario.net\/portal\/2021\/05\/21\/colombia-pierde-la-sede-de-la-copa-america\/","url":"https:\/\/www.eldiario.net\/portal\/2021\/05\/21\/colombia-pierde-la-sede-de-la-copa-america\/","name":"Colombia pierde la sede de la Copa Am\u00e9rica - El Diario - Bolivia","isPartOf":{"@id":"https:\/\/www.eldiario.net\/portal\/#website"},"primaryImageOfPage":{"@id":"https:\/\/www.eldiario.net\/portal\/2021\/05\/21\/colombia-pierde-la-sede-de-la-copa-america\/#primaryimage"},"image":{"@id":"https:\/\/www.eldiario.net\/portal\/2021\/05\/21\/colombia-pierde-la-sede-de-la-copa-america\/#primaryimage"},"thumbnailUrl":"","datePublished":"2021-05-21T09:14:28+00:00","breadcrumb":{"@id":"https:\/\/www.eldiario.net\/portal\/2021\/05\/21\/colombia-pierde-la-sede-de-la-copa-america\/#breadcrumb"},"inLanguage":"es","potentialAction":[{"@type":"ReadAction","target":["https:\/\/www.eldiario.net\/portal\/2021\/05\/21\/colombia-pierde-la-sede-de-la-copa-america\/"]}]},{"@type":"ImageObject","inLanguage":"es","@id":"https:\/\/www.eldiario.net\/portal\/2021\/05\/21\/colombia-pierde-la-sede-de-la-copa-america\/#primaryimage","url":"","contentUrl":""},{"@type":"BreadcrumbList","@id":"https:\/\/www.eldiario.net\/portal\/2021\/05\/21\/colombia-pierde-la-sede-de-la-copa-america\/#breadcrumb","itemListElement":[{"@type":"ListItem","position":1,"name":"Portada","item":"https:\/\/www.eldiario.net\/portal\/"},{"@type":"ListItem","position":2,"name":"Colombia pierde la sede de la Copa Am\u00e9rica"}]},{"@type":"WebSite","@id":"https:\/\/www.eldiario.net\/portal\/#website","url":"https:\/\/www.eldiario.net\/portal\/","name":"El Diario - Decano de la prensa nacional","description":"El Diario - Decano de la prensa nacional","publisher":{"@id":"https:\/\/www.eldiario.net\/portal\/#organization"},"potentialAction":[{"@type":"SearchAction","target":{"@type":"EntryPoint","urlTemplate":"https:\/\/www.eldiario.net\/portal\/?s={search_term_string}"},"query-input":{"@type":"PropertyValueSpecification","valueRequired":true,"valueName":"search_term_string"}}],"inLanguage":"es"},{"@type":"Organization","@id":"https:\/\/www.eldiario.net\/portal\/#organization","name":"El Diario - Decano de la prensa nacional","url":"https:\/\/www.eldiario.net\/portal\/","logo":{"@type":"ImageObject","inLanguage":"es","@id":"https:\/\/www.eldiario.net\/portal\/#\/schema\/logo\/image\/","url":"https:\/\/www.eldiario.net\/portal\/wp-content\/uploads\/2023\/07\/logo_ED.jpg","contentUrl":"https:\/\/www.eldiario.net\/portal\/wp-content\/uploads\/2023\/07\/logo_ED.jpg","width":272,"height":52,"caption":"El Diario - Decano de la prensa nacional"},"image":{"@id":"https:\/\/www.eldiario.net\/portal\/#\/schema\/logo\/image\/"},"sameAs":["https:\/\/www.facebook.com\/eldiario.bolivia\/","https:\/\/x.com\/eldiario_net"]},{"@type":"Person","@id":"https:\/\/www.eldiario.net\/portal\/#\/schema\/person\/f46445640444750d7d753ccd04ae01b7","name":"Jeanette","image":{"@type":"ImageObject","inLanguage":"es","@id":"https:\/\/secure.gravatar.com\/avatar\/3ea2118a5f7dad2b7138b1187a6b7ee55f160b9968b66013c3a3ef39dd7e5798?s=96&d=mm&r=g","url":"https:\/\/secure.gravatar.com\/avatar\/3ea2118a5f7dad2b7138b1187a6b7ee55f160b9968b66013c3a3ef39dd7e5798?s=96&d=mm&r=g","contentUrl":"https:\/\/secure.gravatar.com\/avatar\/3ea2118a5f7dad2b7138b1187a6b7ee55f160b9968b66013c3a3ef39dd7e5798?s=96&d=mm&r=g","caption":"Jeanette"},"sameAs":["https:\/\/www.eldiario.net\/portal"],"url":"https:\/\/www.eldiario.net\/portal\/author\/jeanette\/"}]}},"_links":{"self":[{"href":"https:\/\/www.eldiario.net\/portal\/wp-json\/wp\/v2\/posts\/5203","targetHints":{"allow":["GET"]}}],"collection":[{"href":"https:\/\/www.eldiario.net\/portal\/wp-json\/wp\/v2\/posts"}],"about":[{"href":"https:\/\/www.eldiario.net\/portal\/wp-json\/wp\/v2\/types\/post"}],"author":[{"embeddable":true,"href":"https:\/\/www.eldiario.net\/portal\/wp-json\/wp\/v2\/users\/1"}],"replies":[{"embeddable":true,"href":"https:\/\/www.eldiario.net\/portal\/wp-json\/wp\/v2\/comments?post=5203"}],"version-history":[{"count":0,"href":"https:\/\/www.eldiario.net\/portal\/wp-json\/wp\/v2\/posts\/5203\/revisions"}],"wp:attachment":[{"href":"https:\/\/www.eldiario.net\/portal\/wp-json\/wp\/v2\/media?parent=5203"}],"wp:term":[{"taxonomy":"category","embeddable":true,"href":"https:\/\/www.eldiario.net\/portal\/wp-json\/wp\/v2\/categories?post=5203"},{"taxonomy":"post_tag","embeddable":true,"href":"https:\/\/www.eldiario.net\/portal\/wp-json\/wp\/v2\/tags?post=5203"}],"curies":[{"name":"wp","href":"https:\/\/api.w.org\/{rel}","templated":true}]}}