{"id":5063,"date":"2021-05-20T06:05:18","date_gmt":"2021-05-20T10:05:18","guid":{"rendered":"https:\/\/www.eldiario.net\/portal\/?p=5063"},"modified":"2021-05-20T06:05:18","modified_gmt":"2021-05-20T10:05:18","slug":"embajador-pide-a-espana-reconocer-a-palestina","status":"publish","type":"post","link":"https:\/\/www.eldiario.net\/portal\/2021\/05\/20\/embajador-pide-a-espana-reconocer-a-palestina\/","title":{"rendered":"Embajador pide a Espa\u00f1a  reconocer a Palestina"},"content":{"rendered":"<p>El embajador palestino en Espa\u00f1a, Musa Amer Odeh, solicit\u00f3 este mi\u00e9rcoles al Gobierno que d\u00e9 el paso de reconocer el Estado de Palestina, algo que ha descrito como \u00abuna decisi\u00f3n soberana\u00bb, para dar un paso de cara a la resoluci\u00f3n del conflicto, en medio del recrudecimiento de los combates en la Franja de Gaza y las tensiones en Jerusal\u00e9n, Cisjordania e Israel.<\/p>\n<p>\u00ab\u00bfA qu\u00e9 esperan para reconocer el Estado de Palestina?\u00bb, se ha preguntado. \u00abA veces dicen que esperan a que la UE decida. No es verdad, es una decisi\u00f3n soberana\u00bb, ha sostenido Odeh en el marco de una entrevista concedida a Europa Press, en la que ha incidido en que tanto el PSOE como Unidas Podemos lo contemplan en sus programas electorales.<\/p>\n<p>\u00abSuecia es un miembro de la UE desde antes que Espa\u00f1a y reconocieron el Estado de Palestina. \u00bfQu\u00e9 les pas\u00f3? Nada, hicieron lo que se supone que tienen que hacer\u00bb, ha recordado, en referencia a la decisi\u00f3n adoptada por Estocolmo en 2014. As\u00ed, ha criticado que se apoye la soluci\u00f3n de dos estados \u00abpero reconocen un Estado y no reconocen el otro\u00bb. \u00abTienen que reconocer ambos estados\u00bb, dijo.<\/p>\n<p>En este sentido, manifest\u00f3 que el actual presidente del Gobierno, Pedro S\u00e1nchez, \u00abse reuni\u00f3 con Abbas y dijo que reconocer\u00eda el estado de Palestina\u00bb. \u00abPuso un tuit en 2015 diciendo que reconocer\u00eda Palestina\u00bb, ha resaltado, en referencia a un tuit de S\u00e1nchez en noviembre de 2015 en el que dijo: \u00abReconoceremos al Estado palestino cuando sea presidente del Gobierno\u00bb.<\/p>\n<p>En medio de la escalada b\u00e9lica, el grupo parlamentario de Unidas Podemos en el Congreso conden\u00f3 la violencia y reclam\u00f3 a Israel que ponga fin a los \u00abataques directos\u00bb contra la poblaci\u00f3n civil, al tiempo que denunci\u00f3 \u00abun nivel de belicosidad y violencia que nos hace retroceder al 2014\u00bb, en referencia a la operaci\u00f3n &#8216;Margen Protector&#8217;.<\/p>\n<p>Esta operaci\u00f3n se sald\u00f3 con la muerte de 66 soldados y cinco civiles israel\u00edes, as\u00ed como m\u00e1s de 2.000 palestinos, la mayor\u00eda de ellos civiles, seg\u00fan los datos recogidos por Naciones Unidas, y que concluy\u00f3 con un acuerdo de alto el fuego pactado con la mediaci\u00f3n de Egipto, que en estos momentos lleva a cabo esfuerzos para mediar otro cese de las hostilidades.<\/p>\n<p>Por ello, Odeh se ha preguntado si \u00abest\u00e1n esperando a que los israel\u00edes permitan reconocer Palestina\u00bb. \u00abCuando los israel\u00edes reconozcan Palestina no necesitaremos esto. Hay que reconocerlo ahora, no ma\u00f1ana\u00bb, ha defendido. \u00abNecesitamos que la comunidad internacional entienda que los palestinos han sido suficientemente pacientes, pero por favor, no le empujen al l\u00edmite, denles derechos\u00bb, pidi\u00f3.<\/p>\n<p>De esta forma, destac\u00f3 que \u00absi los palestinos pierden la esperanza, ser\u00e1 una cat\u00e1strofe para todos\u00bb. \u00abUno no puede imaginarse lo que puede hacer alguien que ha perdido la esperanza\u00bb, ha dicho. \u00abPongan fin a su ocupaci\u00f3n y no les tocaremos (a los israel\u00edes). Al contrario, si alguien les toca quiz\u00e1 les combatamos, porque necesitamos estabilidad\u00bb, arguy\u00f3.<\/p>\n<p>Odeh, que se mostr\u00f3 cr\u00edtico con la ofensiva israel\u00ed contra la Franja de Gaza y ha pedido no convertir un conflicto \u00abpol\u00edtico, colonial\u00bb, en uno \u00abreligioso\u00bb, ha incidido en la importancia de que la comunidad internacional asuma su responsabilidad para poner fin a la situaci\u00f3n.<\/p>\n<p>\u00abVivimos bajo la \u00faltima ocupaci\u00f3n de la historia reciente\u00bb, denunci\u00f3, antes de recordar que \u00abla mitad de la poblaci\u00f3n palestina son refugiados\u00bb. \u00ab\u00bfD\u00f3nde est\u00e1 la justicia en todo esto? Es un apartheid\u00bb, ha criticado. \u00abNadie hace nada y repiten que Israel tiene derecho a defenderse. \u00bfQui\u00e9n es el agresor, la potencia ocupante o el pueblo ocupado? Los gazac\u00edes viven bajo cerco desde hace catorce a\u00f1os\u00bb, ha sostenido.<\/p>\n<p>\u00abEs un deber de la comunidad internacional, porque la creaci\u00f3n de Israel en la tierra de Palestina tuvo lugar a trav\u00e9s de la resoluci\u00f3n 181, a pesar de que los israel\u00edes no la han respetado. Les dio, lo que no fue justo, el 57 por ciento del territorio de la Palestina hist\u00f3rica y dej\u00f3 Jerusal\u00e9n como (ciudad) internacional\u00bb, relat\u00f3.<\/p>\n<p>\u00abLos israel\u00edes empezaron en el 78 por ciento, ocupando la mitad de la zona que era para los palestinos y les expulsaron con masacres\u00bb, denunci\u00f3.<\/p>\n<p>En este sentido, afirm\u00f3 que \u00abtodas las ocupaciones acabaron, pero los palestinos se quedaron\u00bb. \u00abTodas las ocupaciones derribaron a las anteriores, pero los israel\u00edes quieren echarnos a nosotros y sustituirnos y esto no pasar\u00e1. Los palestinos no tenemos otra patria\u00bb, ha destacado, al tiempo que ha criticado la pol\u00edtica de asentamientos en Cisjordania y Jerusal\u00e9n Este.<\/p>\n<p>\u00abCisjordania, Gaza y Jerusal\u00e9n Este son el 22 por ciento de Palestina hist\u00f3rica. Los israel\u00edes tienen el 78 por ciento. Si quieren, pueden construir en el 78 por ciento. \u00bfPor qu\u00e9 construyen en el 22 por ciento? Eso significa que no reconocen los derechos de los palestinos nativos, que viven ah\u00ed desde antes de Jesucristo\u00bb, manifest\u00f3.<\/p>\n<p>Por otra parte, se ha pronunciado sobre el aplazamiento de las legislativas palestinas debido a la negativa de Israel a permitir que la votaci\u00f3n tuviera lugar en Jerusal\u00e9n Este y ha destacado que los palestinos \u00abquieren elecciones, pero no pueden celebrarlas sin Jerusal\u00e9n\u00bb. \u00abSi lo hici\u00e9ramos, significar\u00eda que de alguna forma aceptamos el plan de Trump sobre Jerusal\u00e9n\u00bb, ha se\u00f1alado.<\/p>\n<p>\u00abSi los israel\u00edes est\u00e1n preparados para cooperar, podemos hacerlas el mes que viene\u00bb, ha defendido, antes de criticar que Israel argumentara que \u00abno pod\u00edan adoptar una decisi\u00f3n porque no tiene Gobierno\u00bb, en referencia a que el Ejecutivo est\u00e1 en funciones debido a la falta de un acuerdo para formar gobierno despu\u00e9s de las elecciones parlamentarias de marzo, las cuartas en cerca de dos a\u00f1os, que derivaron nuevamente en una Knesset altamente fragmentada y sin mayor\u00edas.<\/p>\n<p>\u00abEs una excusa, no es verdad. Tienen un Gobierno que decide construir asentamientos. \u00bfHay un Gobierno para construir asentamientos, pero no para decidir sobre las elecciones en Jerusal\u00e9n?\u00bb, ha cuestionado. \u00abEst\u00e1 en manos de la comunidad internacional. Necesitamos, m\u00e1s que nunca, el fin de la ocupaci\u00f3n\u00bb, ha arg\u00fcido.<\/p>\n<p>Sin embargo, lament\u00f3 que tanto el Gobierno de Israel como \u00abgente que se opone a Netanyahu\u00bb, est\u00e1n en contra de esta v\u00eda porque \u00abquieren todo Palestina\u00bb. \u00abEstamos dispuestos a vivir en paz, pero esto no puede lograrse si contin\u00faa la ocupaci\u00f3n. Es una condici\u00f3n, terminar con la mentalidad de la ocupaci\u00f3n\u00bb, ha reiterado. \u00abEl problema no es con los jud\u00edos, es con la ocupaci\u00f3n. Si la religi\u00f3n de esta ocupaci\u00f3n no fuera el juda\u00edsmo y fuera el islam, resistir\u00edamos. Si fueran cristianos, resistir\u00edamos tambi\u00e9n. Resistimos ante la ocupaci\u00f3n, no ante la religi\u00f3n\u00bb, ha zanjado. (Europa Press)<\/p>\n<p>&nbsp;<\/p>\n","protected":false},"excerpt":{"rendered":"<p>El embajador palestino en Espa\u00f1a, Musa Amer Odeh, solicit\u00f3 este mi\u00e9rcoles al Gobierno que d\u00e9 el paso de reconocer el Estado de Palestina, algo que ha descrito como \u00abuna decisi\u00f3n soberana\u00bb, para dar un paso de cara a la resoluci\u00f3n del conflicto, en medio del recrudecimiento de los combates en la Franja de Gaza y [&hellip;]<\/p>\n","protected":false},"author":1,"featured_media":5064,"comment_status":"closed","ping_status":"closed","sticky":false,"template":"","format":"standard","meta":{"_acf_changed":false,"footnotes":""},"categories":[3],"tags":[],"class_list":["post-5063","post","type-post","status-publish","format-standard","has-post-thumbnail","category-internacional"],"acf":{"antetitulo":""},"yoast_head":"<!-- This site is optimized with the Yoast SEO plugin v28.3 - https:\/\/yoast.com\/product\/yoast-seo-wordpress\/ -->\n<title>Embajador pide a Espa\u00f1a reconocer a Palestina - El Diario - Bolivia<\/title>\n<meta name=\"robots\" content=\"index, follow, max-snippet:-1, max-image-preview:large, max-video-preview:-1\" \/>\n<link rel=\"canonical\" href=\"https:\/\/www.eldiario.net\/portal\/2021\/05\/20\/embajador-pide-a-espana-reconocer-a-palestina\/\" \/>\n<meta property=\"og:locale\" content=\"es_ES\" \/>\n<meta property=\"og:type\" content=\"article\" \/>\n<meta property=\"og:title\" content=\"Embajador pide a Espa\u00f1a reconocer a Palestina - El Diario - Bolivia\" \/>\n<meta property=\"og:description\" content=\"El embajador palestino en Espa\u00f1a, Musa Amer Odeh, solicit\u00f3 este mi\u00e9rcoles al Gobierno que d\u00e9 el paso de reconocer el Estado de Palestina, algo que ha descrito como \u00abuna decisi\u00f3n soberana\u00bb, para dar un paso de cara a la resoluci\u00f3n del conflicto, en medio del recrudecimiento de los combates en la Franja de Gaza y [&hellip;]\" \/>\n<meta property=\"og:url\" content=\"https:\/\/www.eldiario.net\/portal\/2021\/05\/20\/embajador-pide-a-espana-reconocer-a-palestina\/\" \/>\n<meta property=\"og:site_name\" content=\"El Diario - Bolivia\" \/>\n<meta property=\"article:publisher\" content=\"https:\/\/www.facebook.com\/eldiario.bolivia\/\" \/>\n<meta property=\"article:published_time\" content=\"2021-05-20T10:05:18+00:00\" \/>\n<meta name=\"author\" content=\"Jeanette\" \/>\n<meta name=\"twitter:card\" content=\"summary_large_image\" \/>\n<meta name=\"twitter:creator\" content=\"@eldiario_net\" \/>\n<meta name=\"twitter:site\" content=\"@eldiario_net\" \/>\n<meta name=\"twitter:label1\" content=\"Escrito por\" \/>\n\t<meta name=\"twitter:data1\" content=\"Jeanette\" \/>\n\t<meta name=\"twitter:label2\" content=\"Tiempo de lectura\" \/>\n\t<meta name=\"twitter:data2\" content=\"5 minutos\" \/>\n<script type=\"application\/ld+json\" class=\"yoast-schema-graph\">{\"@context\":\"https:\\\/\\\/schema.org\",\"@graph\":[{\"@type\":\"Article\",\"@id\":\"https:\\\/\\\/www.eldiario.net\\\/portal\\\/2021\\\/05\\\/20\\\/embajador-pide-a-espana-reconocer-a-palestina\\\/#article\",\"isPartOf\":{\"@id\":\"https:\\\/\\\/www.eldiario.net\\\/portal\\\/2021\\\/05\\\/20\\\/embajador-pide-a-espana-reconocer-a-palestina\\\/\"},\"author\":{\"name\":\"Jeanette\",\"@id\":\"https:\\\/\\\/www.eldiario.net\\\/portal\\\/#\\\/schema\\\/person\\\/f46445640444750d7d753ccd04ae01b7\"},\"headline\":\"Embajador pide a Espa\u00f1a reconocer a Palestina\",\"datePublished\":\"2021-05-20T10:05:18+00:00\",\"mainEntityOfPage\":{\"@id\":\"https:\\\/\\\/www.eldiario.net\\\/portal\\\/2021\\\/05\\\/20\\\/embajador-pide-a-espana-reconocer-a-palestina\\\/\"},\"wordCount\":1151,\"publisher\":{\"@id\":\"https:\\\/\\\/www.eldiario.net\\\/portal\\\/#organization\"},\"image\":{\"@id\":\"https:\\\/\\\/www.eldiario.net\\\/portal\\\/2021\\\/05\\\/20\\\/embajador-pide-a-espana-reconocer-a-palestina\\\/#primaryimage\"},\"thumbnailUrl\":\"\",\"articleSection\":[\"Internacional\"],\"inLanguage\":\"es\"},{\"@type\":\"WebPage\",\"@id\":\"https:\\\/\\\/www.eldiario.net\\\/portal\\\/2021\\\/05\\\/20\\\/embajador-pide-a-espana-reconocer-a-palestina\\\/\",\"url\":\"https:\\\/\\\/www.eldiario.net\\\/portal\\\/2021\\\/05\\\/20\\\/embajador-pide-a-espana-reconocer-a-palestina\\\/\",\"name\":\"Embajador pide a Espa\u00f1a reconocer a Palestina - El Diario - Bolivia\",\"isPartOf\":{\"@id\":\"https:\\\/\\\/www.eldiario.net\\\/portal\\\/#website\"},\"primaryImageOfPage\":{\"@id\":\"https:\\\/\\\/www.eldiario.net\\\/portal\\\/2021\\\/05\\\/20\\\/embajador-pide-a-espana-reconocer-a-palestina\\\/#primaryimage\"},\"image\":{\"@id\":\"https:\\\/\\\/www.eldiario.net\\\/portal\\\/2021\\\/05\\\/20\\\/embajador-pide-a-espana-reconocer-a-palestina\\\/#primaryimage\"},\"thumbnailUrl\":\"\",\"datePublished\":\"2021-05-20T10:05:18+00:00\",\"breadcrumb\":{\"@id\":\"https:\\\/\\\/www.eldiario.net\\\/portal\\\/2021\\\/05\\\/20\\\/embajador-pide-a-espana-reconocer-a-palestina\\\/#breadcrumb\"},\"inLanguage\":\"es\",\"potentialAction\":[{\"@type\":\"ReadAction\",\"target\":[\"https:\\\/\\\/www.eldiario.net\\\/portal\\\/2021\\\/05\\\/20\\\/embajador-pide-a-espana-reconocer-a-palestina\\\/\"]}]},{\"@type\":\"ImageObject\",\"inLanguage\":\"es\",\"@id\":\"https:\\\/\\\/www.eldiario.net\\\/portal\\\/2021\\\/05\\\/20\\\/embajador-pide-a-espana-reconocer-a-palestina\\\/#primaryimage\",\"url\":\"\",\"contentUrl\":\"\"},{\"@type\":\"BreadcrumbList\",\"@id\":\"https:\\\/\\\/www.eldiario.net\\\/portal\\\/2021\\\/05\\\/20\\\/embajador-pide-a-espana-reconocer-a-palestina\\\/#breadcrumb\",\"itemListElement\":[{\"@type\":\"ListItem\",\"position\":1,\"name\":\"Portada\",\"item\":\"https:\\\/\\\/www.eldiario.net\\\/portal\\\/\"},{\"@type\":\"ListItem\",\"position\":2,\"name\":\"Embajador pide a Espa\u00f1a reconocer a Palestina\"}]},{\"@type\":\"WebSite\",\"@id\":\"https:\\\/\\\/www.eldiario.net\\\/portal\\\/#website\",\"url\":\"https:\\\/\\\/www.eldiario.net\\\/portal\\\/\",\"name\":\"El Diario - Decano de la prensa nacional\",\"description\":\"El Diario - Decano de la prensa nacional\",\"publisher\":{\"@id\":\"https:\\\/\\\/www.eldiario.net\\\/portal\\\/#organization\"},\"potentialAction\":[{\"@type\":\"SearchAction\",\"target\":{\"@type\":\"EntryPoint\",\"urlTemplate\":\"https:\\\/\\\/www.eldiario.net\\\/portal\\\/?s={search_term_string}\"},\"query-input\":{\"@type\":\"PropertyValueSpecification\",\"valueRequired\":true,\"valueName\":\"search_term_string\"}}],\"inLanguage\":\"es\"},{\"@type\":\"Organization\",\"@id\":\"https:\\\/\\\/www.eldiario.net\\\/portal\\\/#organization\",\"name\":\"El Diario - Decano de la prensa nacional\",\"url\":\"https:\\\/\\\/www.eldiario.net\\\/portal\\\/\",\"logo\":{\"@type\":\"ImageObject\",\"inLanguage\":\"es\",\"@id\":\"https:\\\/\\\/www.eldiario.net\\\/portal\\\/#\\\/schema\\\/logo\\\/image\\\/\",\"url\":\"https:\\\/\\\/www.eldiario.net\\\/portal\\\/wp-content\\\/uploads\\\/2023\\\/07\\\/logo_ED.jpg\",\"contentUrl\":\"https:\\\/\\\/www.eldiario.net\\\/portal\\\/wp-content\\\/uploads\\\/2023\\\/07\\\/logo_ED.jpg\",\"width\":272,\"height\":52,\"caption\":\"El Diario - Decano de la prensa nacional\"},\"image\":{\"@id\":\"https:\\\/\\\/www.eldiario.net\\\/portal\\\/#\\\/schema\\\/logo\\\/image\\\/\"},\"sameAs\":[\"https:\\\/\\\/www.facebook.com\\\/eldiario.bolivia\\\/\",\"https:\\\/\\\/x.com\\\/eldiario_net\"]},{\"@type\":\"Person\",\"@id\":\"https:\\\/\\\/www.eldiario.net\\\/portal\\\/#\\\/schema\\\/person\\\/f46445640444750d7d753ccd04ae01b7\",\"name\":\"Jeanette\",\"image\":{\"@type\":\"ImageObject\",\"inLanguage\":\"es\",\"@id\":\"https:\\\/\\\/secure.gravatar.com\\\/avatar\\\/3ea2118a5f7dad2b7138b1187a6b7ee55f160b9968b66013c3a3ef39dd7e5798?s=96&d=mm&r=g\",\"url\":\"https:\\\/\\\/secure.gravatar.com\\\/avatar\\\/3ea2118a5f7dad2b7138b1187a6b7ee55f160b9968b66013c3a3ef39dd7e5798?s=96&d=mm&r=g\",\"contentUrl\":\"https:\\\/\\\/secure.gravatar.com\\\/avatar\\\/3ea2118a5f7dad2b7138b1187a6b7ee55f160b9968b66013c3a3ef39dd7e5798?s=96&d=mm&r=g\",\"caption\":\"Jeanette\"},\"sameAs\":[\"https:\\\/\\\/www.eldiario.net\\\/portal\"],\"url\":\"https:\\\/\\\/www.eldiario.net\\\/portal\\\/author\\\/jeanette\\\/\"}]}<\/script>\n<!-- \/ Yoast SEO plugin. -->","yoast_head_json":{"title":"Embajador pide a Espa\u00f1a reconocer a Palestina - El Diario - Bolivia","robots":{"index":"index","follow":"follow","max-snippet":"max-snippet:-1","max-image-preview":"max-image-preview:large","max-video-preview":"max-video-preview:-1"},"canonical":"https:\/\/www.eldiario.net\/portal\/2021\/05\/20\/embajador-pide-a-espana-reconocer-a-palestina\/","og_locale":"es_ES","og_type":"article","og_title":"Embajador pide a Espa\u00f1a reconocer a Palestina - El Diario - Bolivia","og_description":"El embajador palestino en Espa\u00f1a, Musa Amer Odeh, solicit\u00f3 este mi\u00e9rcoles al Gobierno que d\u00e9 el paso de reconocer el Estado de Palestina, algo que ha descrito como \u00abuna decisi\u00f3n soberana\u00bb, para dar un paso de cara a la resoluci\u00f3n del conflicto, en medio del recrudecimiento de los combates en la Franja de Gaza y [&hellip;]","og_url":"https:\/\/www.eldiario.net\/portal\/2021\/05\/20\/embajador-pide-a-espana-reconocer-a-palestina\/","og_site_name":"El Diario - Bolivia","article_publisher":"https:\/\/www.facebook.com\/eldiario.bolivia\/","article_published_time":"2021-05-20T10:05:18+00:00","author":"Jeanette","twitter_card":"summary_large_image","twitter_creator":"@eldiario_net","twitter_site":"@eldiario_net","twitter_misc":{"Escrito por":"Jeanette","Tiempo de lectura":"5 minutos"},"schema":{"@context":"https:\/\/schema.org","@graph":[{"@type":"Article","@id":"https:\/\/www.eldiario.net\/portal\/2021\/05\/20\/embajador-pide-a-espana-reconocer-a-palestina\/#article","isPartOf":{"@id":"https:\/\/www.eldiario.net\/portal\/2021\/05\/20\/embajador-pide-a-espana-reconocer-a-palestina\/"},"author":{"name":"Jeanette","@id":"https:\/\/www.eldiario.net\/portal\/#\/schema\/person\/f46445640444750d7d753ccd04ae01b7"},"headline":"Embajador pide a Espa\u00f1a reconocer a Palestina","datePublished":"2021-05-20T10:05:18+00:00","mainEntityOfPage":{"@id":"https:\/\/www.eldiario.net\/portal\/2021\/05\/20\/embajador-pide-a-espana-reconocer-a-palestina\/"},"wordCount":1151,"publisher":{"@id":"https:\/\/www.eldiario.net\/portal\/#organization"},"image":{"@id":"https:\/\/www.eldiario.net\/portal\/2021\/05\/20\/embajador-pide-a-espana-reconocer-a-palestina\/#primaryimage"},"thumbnailUrl":"","articleSection":["Internacional"],"inLanguage":"es"},{"@type":"WebPage","@id":"https:\/\/www.eldiario.net\/portal\/2021\/05\/20\/embajador-pide-a-espana-reconocer-a-palestina\/","url":"https:\/\/www.eldiario.net\/portal\/2021\/05\/20\/embajador-pide-a-espana-reconocer-a-palestina\/","name":"Embajador pide a Espa\u00f1a reconocer a Palestina - El Diario - Bolivia","isPartOf":{"@id":"https:\/\/www.eldiario.net\/portal\/#website"},"primaryImageOfPage":{"@id":"https:\/\/www.eldiario.net\/portal\/2021\/05\/20\/embajador-pide-a-espana-reconocer-a-palestina\/#primaryimage"},"image":{"@id":"https:\/\/www.eldiario.net\/portal\/2021\/05\/20\/embajador-pide-a-espana-reconocer-a-palestina\/#primaryimage"},"thumbnailUrl":"","datePublished":"2021-05-20T10:05:18+00:00","breadcrumb":{"@id":"https:\/\/www.eldiario.net\/portal\/2021\/05\/20\/embajador-pide-a-espana-reconocer-a-palestina\/#breadcrumb"},"inLanguage":"es","potentialAction":[{"@type":"ReadAction","target":["https:\/\/www.eldiario.net\/portal\/2021\/05\/20\/embajador-pide-a-espana-reconocer-a-palestina\/"]}]},{"@type":"ImageObject","inLanguage":"es","@id":"https:\/\/www.eldiario.net\/portal\/2021\/05\/20\/embajador-pide-a-espana-reconocer-a-palestina\/#primaryimage","url":"","contentUrl":""},{"@type":"BreadcrumbList","@id":"https:\/\/www.eldiario.net\/portal\/2021\/05\/20\/embajador-pide-a-espana-reconocer-a-palestina\/#breadcrumb","itemListElement":[{"@type":"ListItem","position":1,"name":"Portada","item":"https:\/\/www.eldiario.net\/portal\/"},{"@type":"ListItem","position":2,"name":"Embajador pide a Espa\u00f1a reconocer a Palestina"}]},{"@type":"WebSite","@id":"https:\/\/www.eldiario.net\/portal\/#website","url":"https:\/\/www.eldiario.net\/portal\/","name":"El Diario - Decano de la prensa nacional","description":"El Diario - Decano de la prensa nacional","publisher":{"@id":"https:\/\/www.eldiario.net\/portal\/#organization"},"potentialAction":[{"@type":"SearchAction","target":{"@type":"EntryPoint","urlTemplate":"https:\/\/www.eldiario.net\/portal\/?s={search_term_string}"},"query-input":{"@type":"PropertyValueSpecification","valueRequired":true,"valueName":"search_term_string"}}],"inLanguage":"es"},{"@type":"Organization","@id":"https:\/\/www.eldiario.net\/portal\/#organization","name":"El Diario - Decano de la prensa nacional","url":"https:\/\/www.eldiario.net\/portal\/","logo":{"@type":"ImageObject","inLanguage":"es","@id":"https:\/\/www.eldiario.net\/portal\/#\/schema\/logo\/image\/","url":"https:\/\/www.eldiario.net\/portal\/wp-content\/uploads\/2023\/07\/logo_ED.jpg","contentUrl":"https:\/\/www.eldiario.net\/portal\/wp-content\/uploads\/2023\/07\/logo_ED.jpg","width":272,"height":52,"caption":"El Diario - Decano de la prensa nacional"},"image":{"@id":"https:\/\/www.eldiario.net\/portal\/#\/schema\/logo\/image\/"},"sameAs":["https:\/\/www.facebook.com\/eldiario.bolivia\/","https:\/\/x.com\/eldiario_net"]},{"@type":"Person","@id":"https:\/\/www.eldiario.net\/portal\/#\/schema\/person\/f46445640444750d7d753ccd04ae01b7","name":"Jeanette","image":{"@type":"ImageObject","inLanguage":"es","@id":"https:\/\/secure.gravatar.com\/avatar\/3ea2118a5f7dad2b7138b1187a6b7ee55f160b9968b66013c3a3ef39dd7e5798?s=96&d=mm&r=g","url":"https:\/\/secure.gravatar.com\/avatar\/3ea2118a5f7dad2b7138b1187a6b7ee55f160b9968b66013c3a3ef39dd7e5798?s=96&d=mm&r=g","contentUrl":"https:\/\/secure.gravatar.com\/avatar\/3ea2118a5f7dad2b7138b1187a6b7ee55f160b9968b66013c3a3ef39dd7e5798?s=96&d=mm&r=g","caption":"Jeanette"},"sameAs":["https:\/\/www.eldiario.net\/portal"],"url":"https:\/\/www.eldiario.net\/portal\/author\/jeanette\/"}]}},"_links":{"self":[{"href":"https:\/\/www.eldiario.net\/portal\/wp-json\/wp\/v2\/posts\/5063","targetHints":{"allow":["GET"]}}],"collection":[{"href":"https:\/\/www.eldiario.net\/portal\/wp-json\/wp\/v2\/posts"}],"about":[{"href":"https:\/\/www.eldiario.net\/portal\/wp-json\/wp\/v2\/types\/post"}],"author":[{"embeddable":true,"href":"https:\/\/www.eldiario.net\/portal\/wp-json\/wp\/v2\/users\/1"}],"replies":[{"embeddable":true,"href":"https:\/\/www.eldiario.net\/portal\/wp-json\/wp\/v2\/comments?post=5063"}],"version-history":[{"count":0,"href":"https:\/\/www.eldiario.net\/portal\/wp-json\/wp\/v2\/posts\/5063\/revisions"}],"wp:attachment":[{"href":"https:\/\/www.eldiario.net\/portal\/wp-json\/wp\/v2\/media?parent=5063"}],"wp:term":[{"taxonomy":"category","embeddable":true,"href":"https:\/\/www.eldiario.net\/portal\/wp-json\/wp\/v2\/categories?post=5063"},{"taxonomy":"post_tag","embeddable":true,"href":"https:\/\/www.eldiario.net\/portal\/wp-json\/wp\/v2\/tags?post=5063"}],"curies":[{"name":"wp","href":"https:\/\/api.w.org\/{rel}","templated":true}]}}