{"id":5060,"date":"2021-05-20T06:03:55","date_gmt":"2021-05-20T10:03:55","guid":{"rendered":"https:\/\/www.eldiario.net\/portal\/?p=5060"},"modified":"2021-05-20T06:03:55","modified_gmt":"2021-05-20T10:03:55","slug":"alertan-de-tercera-ola-de-covid-19-mas-prolongada","status":"publish","type":"post","link":"https:\/\/www.eldiario.net\/portal\/2021\/05\/20\/alertan-de-tercera-ola-de-covid-19-mas-prolongada\/","title":{"rendered":"Alertan de tercera ola de  Covid-19 m\u00e1s prolongada"},"content":{"rendered":"<p>La tercera ola del coronavirus en el departamento de La Paz se prolongar\u00e1 hasta invierno, es decir, hasta julio, alert\u00f3 el jefe de la unidad de Epidemiologia del Servicio Departamental de Salud (Salud), Mayber Aparicio. Para este viernes fue citado el Comit\u00e9 de Operaciones de Emergencia Departamental (COED) en el que se definir\u00e1n acciones para contener los contagios.<\/p>\n<p>En plena escalada de contagios por el virus, el riesgo ahora se encuentra por el cambio de estaci\u00f3n de oto\u00f1o a invierno. Es en este per\u00edodo del a\u00f1o que las Enfermedades de Tipo Influenza (ETI) comenzar\u00e1n a incrementarse, afirm\u00f3 el funcionario.<\/p>\n<p>\u201cLa prolongaci\u00f3n de la tercera ola evidentemente se traduce en presi\u00f3n en el sistema de salud. Los hospitales van a tener internados en terapia intensiva un mayor tiempo, seguramente, y todo esto tenemos que trabajar para buscar estrategias para habilitar, si bien, no terapias intensivas, terapias intermedias\u201d, sostuvo Aparicio.<\/p>\n<p>En los recientes d\u00edas, la curva de contagios en el departamento se fue incrementando. Hasta este martes fueron reportados 230 nuevos casos en el departamento. Del reporte diario, La Paz es la cuarta regi\u00f3n que tuvo una mayor cantidad, reflej\u00f3 Erbol.<\/p>\n<p>Para este 21 de mayo, se tiene previsto que se realice la reuni\u00f3n del COED con la participaci\u00f3n de alcaldes donde se podr\u00edan definir nuevas acciones para contener la ola de contagios. Entre estas se tiene previsto habilitar nuevos espacios para la atenci\u00f3n de pacientes.<\/p>\n<p>Sobre la situaci\u00f3n del ox\u00edgeno medicinal, inform\u00f3 que no existe \u2013por el momento\u2013 un desabastecimiento y afirm\u00f3 que se trabaja para que las empresas que lo producen puedan abastecer a las demandas de los nosocomios.<\/p>\n<p>&nbsp;<\/p>\n","protected":false},"excerpt":{"rendered":"<p>La tercera ola del coronavirus en el departamento de La Paz se prolongar\u00e1 hasta invierno, es decir, hasta julio, alert\u00f3 el jefe de la unidad de Epidemiologia del Servicio Departamental de Salud (Salud), Mayber Aparicio. Para este viernes fue citado el Comit\u00e9 de Operaciones de Emergencia Departamental (COED) en el que se definir\u00e1n acciones para [&hellip;]<\/p>\n","protected":false},"author":1,"featured_media":5061,"comment_status":"closed","ping_status":"closed","sticky":false,"template":"","format":"standard","meta":{"_acf_changed":false,"footnotes":""},"categories":[12],"tags":[],"class_list":["post-5060","post","type-post","status-publish","format-standard","has-post-thumbnail","category-nacional"],"acf":{"antetitulo":""},"yoast_head":"<!-- This site is optimized with the Yoast SEO plugin v28.3 - https:\/\/yoast.com\/product\/yoast-seo-wordpress\/ -->\n<title>Alertan de tercera ola de Covid-19 m\u00e1s prolongada - El Diario - Bolivia<\/title>\n<meta name=\"robots\" content=\"index, follow, max-snippet:-1, max-image-preview:large, max-video-preview:-1\" \/>\n<link rel=\"canonical\" href=\"https:\/\/www.eldiario.net\/portal\/2021\/05\/20\/alertan-de-tercera-ola-de-covid-19-mas-prolongada\/\" \/>\n<meta property=\"og:locale\" content=\"es_ES\" \/>\n<meta property=\"og:type\" content=\"article\" \/>\n<meta property=\"og:title\" content=\"Alertan de tercera ola de Covid-19 m\u00e1s prolongada - El Diario - Bolivia\" \/>\n<meta property=\"og:description\" content=\"La tercera ola del coronavirus en el departamento de La Paz se prolongar\u00e1 hasta invierno, es decir, hasta julio, alert\u00f3 el jefe de la unidad de Epidemiologia del Servicio Departamental de Salud (Salud), Mayber Aparicio. Para este viernes fue citado el Comit\u00e9 de Operaciones de Emergencia Departamental (COED) en el que se definir\u00e1n acciones para [&hellip;]\" \/>\n<meta property=\"og:url\" content=\"https:\/\/www.eldiario.net\/portal\/2021\/05\/20\/alertan-de-tercera-ola-de-covid-19-mas-prolongada\/\" \/>\n<meta property=\"og:site_name\" content=\"El Diario - Bolivia\" \/>\n<meta property=\"article:publisher\" content=\"https:\/\/www.facebook.com\/eldiario.bolivia\/\" \/>\n<meta property=\"article:published_time\" content=\"2021-05-20T10:03:55+00:00\" \/>\n<meta name=\"author\" content=\"Jeanette\" \/>\n<meta name=\"twitter:card\" content=\"summary_large_image\" \/>\n<meta name=\"twitter:creator\" content=\"@eldiario_net\" \/>\n<meta name=\"twitter:site\" content=\"@eldiario_net\" \/>\n<meta name=\"twitter:label1\" content=\"Escrito por\" \/>\n\t<meta name=\"twitter:data1\" content=\"Jeanette\" \/>\n\t<meta name=\"twitter:label2\" content=\"Tiempo de lectura\" \/>\n\t<meta name=\"twitter:data2\" content=\"2 minutos\" \/>\n<script type=\"application\/ld+json\" class=\"yoast-schema-graph\">{\"@context\":\"https:\\\/\\\/schema.org\",\"@graph\":[{\"@type\":\"Article\",\"@id\":\"https:\\\/\\\/www.eldiario.net\\\/portal\\\/2021\\\/05\\\/20\\\/alertan-de-tercera-ola-de-covid-19-mas-prolongada\\\/#article\",\"isPartOf\":{\"@id\":\"https:\\\/\\\/www.eldiario.net\\\/portal\\\/2021\\\/05\\\/20\\\/alertan-de-tercera-ola-de-covid-19-mas-prolongada\\\/\"},\"author\":{\"name\":\"Jeanette\",\"@id\":\"https:\\\/\\\/www.eldiario.net\\\/portal\\\/#\\\/schema\\\/person\\\/f46445640444750d7d753ccd04ae01b7\"},\"headline\":\"Alertan de tercera ola de Covid-19 m\u00e1s prolongada\",\"datePublished\":\"2021-05-20T10:03:55+00:00\",\"mainEntityOfPage\":{\"@id\":\"https:\\\/\\\/www.eldiario.net\\\/portal\\\/2021\\\/05\\\/20\\\/alertan-de-tercera-ola-de-covid-19-mas-prolongada\\\/\"},\"wordCount\":293,\"publisher\":{\"@id\":\"https:\\\/\\\/www.eldiario.net\\\/portal\\\/#organization\"},\"image\":{\"@id\":\"https:\\\/\\\/www.eldiario.net\\\/portal\\\/2021\\\/05\\\/20\\\/alertan-de-tercera-ola-de-covid-19-mas-prolongada\\\/#primaryimage\"},\"thumbnailUrl\":\"\",\"articleSection\":[\"Nacional\"],\"inLanguage\":\"es\"},{\"@type\":\"WebPage\",\"@id\":\"https:\\\/\\\/www.eldiario.net\\\/portal\\\/2021\\\/05\\\/20\\\/alertan-de-tercera-ola-de-covid-19-mas-prolongada\\\/\",\"url\":\"https:\\\/\\\/www.eldiario.net\\\/portal\\\/2021\\\/05\\\/20\\\/alertan-de-tercera-ola-de-covid-19-mas-prolongada\\\/\",\"name\":\"Alertan de tercera ola de Covid-19 m\u00e1s prolongada - El Diario - Bolivia\",\"isPartOf\":{\"@id\":\"https:\\\/\\\/www.eldiario.net\\\/portal\\\/#website\"},\"primaryImageOfPage\":{\"@id\":\"https:\\\/\\\/www.eldiario.net\\\/portal\\\/2021\\\/05\\\/20\\\/alertan-de-tercera-ola-de-covid-19-mas-prolongada\\\/#primaryimage\"},\"image\":{\"@id\":\"https:\\\/\\\/www.eldiario.net\\\/portal\\\/2021\\\/05\\\/20\\\/alertan-de-tercera-ola-de-covid-19-mas-prolongada\\\/#primaryimage\"},\"thumbnailUrl\":\"\",\"datePublished\":\"2021-05-20T10:03:55+00:00\",\"breadcrumb\":{\"@id\":\"https:\\\/\\\/www.eldiario.net\\\/portal\\\/2021\\\/05\\\/20\\\/alertan-de-tercera-ola-de-covid-19-mas-prolongada\\\/#breadcrumb\"},\"inLanguage\":\"es\",\"potentialAction\":[{\"@type\":\"ReadAction\",\"target\":[\"https:\\\/\\\/www.eldiario.net\\\/portal\\\/2021\\\/05\\\/20\\\/alertan-de-tercera-ola-de-covid-19-mas-prolongada\\\/\"]}]},{\"@type\":\"ImageObject\",\"inLanguage\":\"es\",\"@id\":\"https:\\\/\\\/www.eldiario.net\\\/portal\\\/2021\\\/05\\\/20\\\/alertan-de-tercera-ola-de-covid-19-mas-prolongada\\\/#primaryimage\",\"url\":\"\",\"contentUrl\":\"\"},{\"@type\":\"BreadcrumbList\",\"@id\":\"https:\\\/\\\/www.eldiario.net\\\/portal\\\/2021\\\/05\\\/20\\\/alertan-de-tercera-ola-de-covid-19-mas-prolongada\\\/#breadcrumb\",\"itemListElement\":[{\"@type\":\"ListItem\",\"position\":1,\"name\":\"Portada\",\"item\":\"https:\\\/\\\/www.eldiario.net\\\/portal\\\/\"},{\"@type\":\"ListItem\",\"position\":2,\"name\":\"Alertan de tercera ola de Covid-19 m\u00e1s prolongada\"}]},{\"@type\":\"WebSite\",\"@id\":\"https:\\\/\\\/www.eldiario.net\\\/portal\\\/#website\",\"url\":\"https:\\\/\\\/www.eldiario.net\\\/portal\\\/\",\"name\":\"El Diario - Decano de la prensa nacional\",\"description\":\"El Diario - Decano de la prensa nacional\",\"publisher\":{\"@id\":\"https:\\\/\\\/www.eldiario.net\\\/portal\\\/#organization\"},\"potentialAction\":[{\"@type\":\"SearchAction\",\"target\":{\"@type\":\"EntryPoint\",\"urlTemplate\":\"https:\\\/\\\/www.eldiario.net\\\/portal\\\/?s={search_term_string}\"},\"query-input\":{\"@type\":\"PropertyValueSpecification\",\"valueRequired\":true,\"valueName\":\"search_term_string\"}}],\"inLanguage\":\"es\"},{\"@type\":\"Organization\",\"@id\":\"https:\\\/\\\/www.eldiario.net\\\/portal\\\/#organization\",\"name\":\"El Diario - Decano de la prensa nacional\",\"url\":\"https:\\\/\\\/www.eldiario.net\\\/portal\\\/\",\"logo\":{\"@type\":\"ImageObject\",\"inLanguage\":\"es\",\"@id\":\"https:\\\/\\\/www.eldiario.net\\\/portal\\\/#\\\/schema\\\/logo\\\/image\\\/\",\"url\":\"https:\\\/\\\/www.eldiario.net\\\/portal\\\/wp-content\\\/uploads\\\/2023\\\/07\\\/logo_ED.jpg\",\"contentUrl\":\"https:\\\/\\\/www.eldiario.net\\\/portal\\\/wp-content\\\/uploads\\\/2023\\\/07\\\/logo_ED.jpg\",\"width\":272,\"height\":52,\"caption\":\"El Diario - Decano de la prensa nacional\"},\"image\":{\"@id\":\"https:\\\/\\\/www.eldiario.net\\\/portal\\\/#\\\/schema\\\/logo\\\/image\\\/\"},\"sameAs\":[\"https:\\\/\\\/www.facebook.com\\\/eldiario.bolivia\\\/\",\"https:\\\/\\\/x.com\\\/eldiario_net\"]},{\"@type\":\"Person\",\"@id\":\"https:\\\/\\\/www.eldiario.net\\\/portal\\\/#\\\/schema\\\/person\\\/f46445640444750d7d753ccd04ae01b7\",\"name\":\"Jeanette\",\"image\":{\"@type\":\"ImageObject\",\"inLanguage\":\"es\",\"@id\":\"https:\\\/\\\/secure.gravatar.com\\\/avatar\\\/3ea2118a5f7dad2b7138b1187a6b7ee55f160b9968b66013c3a3ef39dd7e5798?s=96&d=mm&r=g\",\"url\":\"https:\\\/\\\/secure.gravatar.com\\\/avatar\\\/3ea2118a5f7dad2b7138b1187a6b7ee55f160b9968b66013c3a3ef39dd7e5798?s=96&d=mm&r=g\",\"contentUrl\":\"https:\\\/\\\/secure.gravatar.com\\\/avatar\\\/3ea2118a5f7dad2b7138b1187a6b7ee55f160b9968b66013c3a3ef39dd7e5798?s=96&d=mm&r=g\",\"caption\":\"Jeanette\"},\"sameAs\":[\"https:\\\/\\\/www.eldiario.net\\\/portal\"],\"url\":\"https:\\\/\\\/www.eldiario.net\\\/portal\\\/author\\\/jeanette\\\/\"}]}<\/script>\n<!-- \/ Yoast SEO plugin. -->","yoast_head_json":{"title":"Alertan de tercera ola de Covid-19 m\u00e1s prolongada - El Diario - Bolivia","robots":{"index":"index","follow":"follow","max-snippet":"max-snippet:-1","max-image-preview":"max-image-preview:large","max-video-preview":"max-video-preview:-1"},"canonical":"https:\/\/www.eldiario.net\/portal\/2021\/05\/20\/alertan-de-tercera-ola-de-covid-19-mas-prolongada\/","og_locale":"es_ES","og_type":"article","og_title":"Alertan de tercera ola de Covid-19 m\u00e1s prolongada - El Diario - Bolivia","og_description":"La tercera ola del coronavirus en el departamento de La Paz se prolongar\u00e1 hasta invierno, es decir, hasta julio, alert\u00f3 el jefe de la unidad de Epidemiologia del Servicio Departamental de Salud (Salud), Mayber Aparicio. Para este viernes fue citado el Comit\u00e9 de Operaciones de Emergencia Departamental (COED) en el que se definir\u00e1n acciones para [&hellip;]","og_url":"https:\/\/www.eldiario.net\/portal\/2021\/05\/20\/alertan-de-tercera-ola-de-covid-19-mas-prolongada\/","og_site_name":"El Diario - Bolivia","article_publisher":"https:\/\/www.facebook.com\/eldiario.bolivia\/","article_published_time":"2021-05-20T10:03:55+00:00","author":"Jeanette","twitter_card":"summary_large_image","twitter_creator":"@eldiario_net","twitter_site":"@eldiario_net","twitter_misc":{"Escrito por":"Jeanette","Tiempo de lectura":"2 minutos"},"schema":{"@context":"https:\/\/schema.org","@graph":[{"@type":"Article","@id":"https:\/\/www.eldiario.net\/portal\/2021\/05\/20\/alertan-de-tercera-ola-de-covid-19-mas-prolongada\/#article","isPartOf":{"@id":"https:\/\/www.eldiario.net\/portal\/2021\/05\/20\/alertan-de-tercera-ola-de-covid-19-mas-prolongada\/"},"author":{"name":"Jeanette","@id":"https:\/\/www.eldiario.net\/portal\/#\/schema\/person\/f46445640444750d7d753ccd04ae01b7"},"headline":"Alertan de tercera ola de Covid-19 m\u00e1s prolongada","datePublished":"2021-05-20T10:03:55+00:00","mainEntityOfPage":{"@id":"https:\/\/www.eldiario.net\/portal\/2021\/05\/20\/alertan-de-tercera-ola-de-covid-19-mas-prolongada\/"},"wordCount":293,"publisher":{"@id":"https:\/\/www.eldiario.net\/portal\/#organization"},"image":{"@id":"https:\/\/www.eldiario.net\/portal\/2021\/05\/20\/alertan-de-tercera-ola-de-covid-19-mas-prolongada\/#primaryimage"},"thumbnailUrl":"","articleSection":["Nacional"],"inLanguage":"es"},{"@type":"WebPage","@id":"https:\/\/www.eldiario.net\/portal\/2021\/05\/20\/alertan-de-tercera-ola-de-covid-19-mas-prolongada\/","url":"https:\/\/www.eldiario.net\/portal\/2021\/05\/20\/alertan-de-tercera-ola-de-covid-19-mas-prolongada\/","name":"Alertan de tercera ola de Covid-19 m\u00e1s prolongada - El Diario - Bolivia","isPartOf":{"@id":"https:\/\/www.eldiario.net\/portal\/#website"},"primaryImageOfPage":{"@id":"https:\/\/www.eldiario.net\/portal\/2021\/05\/20\/alertan-de-tercera-ola-de-covid-19-mas-prolongada\/#primaryimage"},"image":{"@id":"https:\/\/www.eldiario.net\/portal\/2021\/05\/20\/alertan-de-tercera-ola-de-covid-19-mas-prolongada\/#primaryimage"},"thumbnailUrl":"","datePublished":"2021-05-20T10:03:55+00:00","breadcrumb":{"@id":"https:\/\/www.eldiario.net\/portal\/2021\/05\/20\/alertan-de-tercera-ola-de-covid-19-mas-prolongada\/#breadcrumb"},"inLanguage":"es","potentialAction":[{"@type":"ReadAction","target":["https:\/\/www.eldiario.net\/portal\/2021\/05\/20\/alertan-de-tercera-ola-de-covid-19-mas-prolongada\/"]}]},{"@type":"ImageObject","inLanguage":"es","@id":"https:\/\/www.eldiario.net\/portal\/2021\/05\/20\/alertan-de-tercera-ola-de-covid-19-mas-prolongada\/#primaryimage","url":"","contentUrl":""},{"@type":"BreadcrumbList","@id":"https:\/\/www.eldiario.net\/portal\/2021\/05\/20\/alertan-de-tercera-ola-de-covid-19-mas-prolongada\/#breadcrumb","itemListElement":[{"@type":"ListItem","position":1,"name":"Portada","item":"https:\/\/www.eldiario.net\/portal\/"},{"@type":"ListItem","position":2,"name":"Alertan de tercera ola de Covid-19 m\u00e1s prolongada"}]},{"@type":"WebSite","@id":"https:\/\/www.eldiario.net\/portal\/#website","url":"https:\/\/www.eldiario.net\/portal\/","name":"El Diario - Decano de la prensa nacional","description":"El Diario - Decano de la prensa nacional","publisher":{"@id":"https:\/\/www.eldiario.net\/portal\/#organization"},"potentialAction":[{"@type":"SearchAction","target":{"@type":"EntryPoint","urlTemplate":"https:\/\/www.eldiario.net\/portal\/?s={search_term_string}"},"query-input":{"@type":"PropertyValueSpecification","valueRequired":true,"valueName":"search_term_string"}}],"inLanguage":"es"},{"@type":"Organization","@id":"https:\/\/www.eldiario.net\/portal\/#organization","name":"El Diario - Decano de la prensa nacional","url":"https:\/\/www.eldiario.net\/portal\/","logo":{"@type":"ImageObject","inLanguage":"es","@id":"https:\/\/www.eldiario.net\/portal\/#\/schema\/logo\/image\/","url":"https:\/\/www.eldiario.net\/portal\/wp-content\/uploads\/2023\/07\/logo_ED.jpg","contentUrl":"https:\/\/www.eldiario.net\/portal\/wp-content\/uploads\/2023\/07\/logo_ED.jpg","width":272,"height":52,"caption":"El Diario - Decano de la prensa nacional"},"image":{"@id":"https:\/\/www.eldiario.net\/portal\/#\/schema\/logo\/image\/"},"sameAs":["https:\/\/www.facebook.com\/eldiario.bolivia\/","https:\/\/x.com\/eldiario_net"]},{"@type":"Person","@id":"https:\/\/www.eldiario.net\/portal\/#\/schema\/person\/f46445640444750d7d753ccd04ae01b7","name":"Jeanette","image":{"@type":"ImageObject","inLanguage":"es","@id":"https:\/\/secure.gravatar.com\/avatar\/3ea2118a5f7dad2b7138b1187a6b7ee55f160b9968b66013c3a3ef39dd7e5798?s=96&d=mm&r=g","url":"https:\/\/secure.gravatar.com\/avatar\/3ea2118a5f7dad2b7138b1187a6b7ee55f160b9968b66013c3a3ef39dd7e5798?s=96&d=mm&r=g","contentUrl":"https:\/\/secure.gravatar.com\/avatar\/3ea2118a5f7dad2b7138b1187a6b7ee55f160b9968b66013c3a3ef39dd7e5798?s=96&d=mm&r=g","caption":"Jeanette"},"sameAs":["https:\/\/www.eldiario.net\/portal"],"url":"https:\/\/www.eldiario.net\/portal\/author\/jeanette\/"}]}},"_links":{"self":[{"href":"https:\/\/www.eldiario.net\/portal\/wp-json\/wp\/v2\/posts\/5060","targetHints":{"allow":["GET"]}}],"collection":[{"href":"https:\/\/www.eldiario.net\/portal\/wp-json\/wp\/v2\/posts"}],"about":[{"href":"https:\/\/www.eldiario.net\/portal\/wp-json\/wp\/v2\/types\/post"}],"author":[{"embeddable":true,"href":"https:\/\/www.eldiario.net\/portal\/wp-json\/wp\/v2\/users\/1"}],"replies":[{"embeddable":true,"href":"https:\/\/www.eldiario.net\/portal\/wp-json\/wp\/v2\/comments?post=5060"}],"version-history":[{"count":0,"href":"https:\/\/www.eldiario.net\/portal\/wp-json\/wp\/v2\/posts\/5060\/revisions"}],"wp:attachment":[{"href":"https:\/\/www.eldiario.net\/portal\/wp-json\/wp\/v2\/media?parent=5060"}],"wp:term":[{"taxonomy":"category","embeddable":true,"href":"https:\/\/www.eldiario.net\/portal\/wp-json\/wp\/v2\/categories?post=5060"},{"taxonomy":"post_tag","embeddable":true,"href":"https:\/\/www.eldiario.net\/portal\/wp-json\/wp\/v2\/tags?post=5060"}],"curies":[{"name":"wp","href":"https:\/\/api.w.org\/{rel}","templated":true}]}}