{"id":5045,"date":"2021-05-20T05:58:10","date_gmt":"2021-05-20T09:58:10","guid":{"rendered":"https:\/\/www.eldiario.net\/portal\/?p=5045"},"modified":"2021-05-20T05:58:10","modified_gmt":"2021-05-20T09:58:10","slug":"blanco-afirma-que-tiene-un-plan-de-contingencia-para-el-futbol-boliviano","status":"publish","type":"post","link":"https:\/\/www.eldiario.net\/portal\/2021\/05\/20\/blanco-afirma-que-tiene-un-plan-de-contingencia-para-el-futbol-boliviano\/","title":{"rendered":"Blanco afirma que tiene un plan de contingencia para el f\u00fatbol boliviano"},"content":{"rendered":"<p>El directivo Robert Blanco brind\u00f3 declaraciones ayer y afirm\u00f3 que si el amparo constitucional que interpuso sale a su favor tiene listo un plan de contingencia para el f\u00fatbol nacional y asegur\u00f3 que los contratos deportivos que tiene la Federaci\u00f3n Boliviana de F\u00fatbol (FBF) se respetar\u00e1n.<\/p>\n<p>\u201cVamos a respetar todos los contratos y decisiones org\u00e1nicas de la FBF de car\u00e1cter deportivo y m\u00e1s que todo tenemos que hacer una reforma administrativa. Tenemos una propuesta y un plan de contingencia. Sabemos que en el f\u00fatbol boliviano se puede trabajar\u201d, dijo Blanco en conferencia de prensa en la capital cruce\u00f1a.<\/p>\n<p>En d\u00edas pasados el presidente de la FBF, Fernando Costa y el asesor legal de esta entidad, Gustavo Camacho, indicaron que de proceder este amparo el f\u00fatbol boliviano entrar\u00eda en un caos donde se anular\u00edan todo lo realizado hasta hoy como ascensos, premios, campeonato, entre otros.<\/p>\n<p>El lunes se conocer\u00e1 la decisi\u00f3n por parte de los vocales de la Sala Constitucional Cuarta del Tribunal Departamental de Santa Cruz, donde Blanco interpuso un amparo exigiendo su derecho de ser el titular de la FBF. Para este d\u00eda est\u00e1 fijada la audiencia virtual donde fueron citados los miembros del comit\u00e9 ejecutivo de la Federaci\u00f3n.<\/p>\n<p>Ante este problema diez clubes y nueve asociaciones decidieron paralizar el campeonato (sin fecha de retorno) en rechazo al amparo. \u201cQuiero decirle a la hinchada que no tengo nada que ver con la paralizaci\u00f3n del f\u00fatbol. Lo m\u00edo es un problema institucional\u201d, subray\u00f3 Blanco.<\/p>\n<p><strong>\u201cNo fui notificado\u201d<\/strong><\/p>\n<p>La anterior semana la unidad disciplinaria de la Confederaci\u00f3n Sudamericana de F\u00fatbol (Conmebol) suspendi\u00f3 por 30 d\u00edas a Blanco que lo proh\u00edbe de realizar cualquier actividad futbol\u00edstica por recurrir a la justicia ordinaria de Bolivia. Ante esto el directivo afirm\u00f3 que no le lleg\u00f3 ninguna notificaci\u00f3n oficial.<\/p>\n<p>\u201cNo he sido notificado con la sanci\u00f3n, no me ha llegado ni a mi correo, ni de parte de la FBF. Tambi\u00e9n s\u00e9 que entraron a la p\u00e1gina de la Conmebol donde salen los castigos y no hay nada de eso\u201d, dijo el dirigente cruce\u00f1o que estuvo acompa\u00f1ado del mundialista Marco Etcheverry, quien dijo ser\u00eda parte de su direcci\u00f3n ejecutiva si el amparo sale a su favor.<\/p>\n","protected":false},"excerpt":{"rendered":"<p>El directivo Robert Blanco brind\u00f3 declaraciones ayer y afirm\u00f3 que si el amparo constitucional que interpuso sale a su favor tiene listo un plan de contingencia para el f\u00fatbol nacional y asegur\u00f3 que los contratos deportivos que tiene la Federaci\u00f3n Boliviana de F\u00fatbol (FBF) se respetar\u00e1n. \u201cVamos a respetar todos los contratos y decisiones org\u00e1nicas [&hellip;]<\/p>\n","protected":false},"author":1,"featured_media":5046,"comment_status":"closed","ping_status":"closed","sticky":false,"template":"","format":"standard","meta":{"_acf_changed":false,"footnotes":""},"categories":[6],"tags":[],"class_list":["post-5045","post","type-post","status-publish","format-standard","has-post-thumbnail","category-deportes"],"acf":{"antetitulo":""},"yoast_head":"<!-- This site is optimized with the Yoast SEO plugin v28.3 - https:\/\/yoast.com\/product\/yoast-seo-wordpress\/ -->\n<title>Blanco afirma que tiene un plan de contingencia para el f\u00fatbol boliviano - El Diario - Bolivia<\/title>\n<meta name=\"robots\" content=\"index, follow, max-snippet:-1, max-image-preview:large, max-video-preview:-1\" \/>\n<link rel=\"canonical\" href=\"https:\/\/www.eldiario.net\/portal\/2021\/05\/20\/blanco-afirma-que-tiene-un-plan-de-contingencia-para-el-futbol-boliviano\/\" \/>\n<meta property=\"og:locale\" content=\"es_ES\" \/>\n<meta property=\"og:type\" content=\"article\" \/>\n<meta property=\"og:title\" content=\"Blanco afirma que tiene un plan de contingencia para el f\u00fatbol boliviano - El Diario - Bolivia\" \/>\n<meta property=\"og:description\" content=\"El directivo Robert Blanco brind\u00f3 declaraciones ayer y afirm\u00f3 que si el amparo constitucional que interpuso sale a su favor tiene listo un plan de contingencia para el f\u00fatbol nacional y asegur\u00f3 que los contratos deportivos que tiene la Federaci\u00f3n Boliviana de F\u00fatbol (FBF) se respetar\u00e1n. \u201cVamos a respetar todos los contratos y decisiones org\u00e1nicas [&hellip;]\" \/>\n<meta property=\"og:url\" content=\"https:\/\/www.eldiario.net\/portal\/2021\/05\/20\/blanco-afirma-que-tiene-un-plan-de-contingencia-para-el-futbol-boliviano\/\" \/>\n<meta property=\"og:site_name\" content=\"El Diario - Bolivia\" \/>\n<meta property=\"article:publisher\" content=\"https:\/\/www.facebook.com\/eldiario.bolivia\/\" \/>\n<meta property=\"article:published_time\" content=\"2021-05-20T09:58:10+00:00\" \/>\n<meta property=\"og:image\" content=\"https:\/\/www.eldiario.net\/portal\/wp-content\/uploads\/2021\/05\/DEPO-Blanco-afirma-que-tiene-un-plan.jpg\" \/>\n\t<meta property=\"og:image:width\" content=\"1080\" \/>\n\t<meta property=\"og:image:height\" content=\"522\" \/>\n\t<meta property=\"og:image:type\" content=\"image\/jpeg\" \/>\n<meta name=\"author\" content=\"Jeanette\" \/>\n<meta name=\"twitter:card\" content=\"summary_large_image\" \/>\n<meta name=\"twitter:creator\" content=\"@eldiario_net\" \/>\n<meta name=\"twitter:site\" content=\"@eldiario_net\" \/>\n<meta name=\"twitter:label1\" content=\"Escrito por\" \/>\n\t<meta name=\"twitter:data1\" content=\"Jeanette\" \/>\n\t<meta name=\"twitter:label2\" content=\"Tiempo de lectura\" \/>\n\t<meta name=\"twitter:data2\" content=\"2 minutos\" \/>\n<script type=\"application\/ld+json\" class=\"yoast-schema-graph\">{\"@context\":\"https:\\\/\\\/schema.org\",\"@graph\":[{\"@type\":\"Article\",\"@id\":\"https:\\\/\\\/www.eldiario.net\\\/portal\\\/2021\\\/05\\\/20\\\/blanco-afirma-que-tiene-un-plan-de-contingencia-para-el-futbol-boliviano\\\/#article\",\"isPartOf\":{\"@id\":\"https:\\\/\\\/www.eldiario.net\\\/portal\\\/2021\\\/05\\\/20\\\/blanco-afirma-que-tiene-un-plan-de-contingencia-para-el-futbol-boliviano\\\/\"},\"author\":{\"name\":\"Jeanette\",\"@id\":\"https:\\\/\\\/www.eldiario.net\\\/portal\\\/#\\\/schema\\\/person\\\/f46445640444750d7d753ccd04ae01b7\"},\"headline\":\"Blanco afirma que tiene un plan de contingencia para el f\u00fatbol boliviano\",\"datePublished\":\"2021-05-20T09:58:10+00:00\",\"mainEntityOfPage\":{\"@id\":\"https:\\\/\\\/www.eldiario.net\\\/portal\\\/2021\\\/05\\\/20\\\/blanco-afirma-que-tiene-un-plan-de-contingencia-para-el-futbol-boliviano\\\/\"},\"wordCount\":405,\"publisher\":{\"@id\":\"https:\\\/\\\/www.eldiario.net\\\/portal\\\/#organization\"},\"image\":{\"@id\":\"https:\\\/\\\/www.eldiario.net\\\/portal\\\/2021\\\/05\\\/20\\\/blanco-afirma-que-tiene-un-plan-de-contingencia-para-el-futbol-boliviano\\\/#primaryimage\"},\"thumbnailUrl\":\"https:\\\/\\\/www.eldiario.net\\\/portal\\\/wp-content\\\/uploads\\\/2021\\\/05\\\/DEPO-Blanco-afirma-que-tiene-un-plan.jpg\",\"articleSection\":[\"Deportes\"],\"inLanguage\":\"es\"},{\"@type\":\"WebPage\",\"@id\":\"https:\\\/\\\/www.eldiario.net\\\/portal\\\/2021\\\/05\\\/20\\\/blanco-afirma-que-tiene-un-plan-de-contingencia-para-el-futbol-boliviano\\\/\",\"url\":\"https:\\\/\\\/www.eldiario.net\\\/portal\\\/2021\\\/05\\\/20\\\/blanco-afirma-que-tiene-un-plan-de-contingencia-para-el-futbol-boliviano\\\/\",\"name\":\"Blanco afirma que tiene un plan de contingencia para el f\u00fatbol boliviano - El Diario - Bolivia\",\"isPartOf\":{\"@id\":\"https:\\\/\\\/www.eldiario.net\\\/portal\\\/#website\"},\"primaryImageOfPage\":{\"@id\":\"https:\\\/\\\/www.eldiario.net\\\/portal\\\/2021\\\/05\\\/20\\\/blanco-afirma-que-tiene-un-plan-de-contingencia-para-el-futbol-boliviano\\\/#primaryimage\"},\"image\":{\"@id\":\"https:\\\/\\\/www.eldiario.net\\\/portal\\\/2021\\\/05\\\/20\\\/blanco-afirma-que-tiene-un-plan-de-contingencia-para-el-futbol-boliviano\\\/#primaryimage\"},\"thumbnailUrl\":\"https:\\\/\\\/www.eldiario.net\\\/portal\\\/wp-content\\\/uploads\\\/2021\\\/05\\\/DEPO-Blanco-afirma-que-tiene-un-plan.jpg\",\"datePublished\":\"2021-05-20T09:58:10+00:00\",\"breadcrumb\":{\"@id\":\"https:\\\/\\\/www.eldiario.net\\\/portal\\\/2021\\\/05\\\/20\\\/blanco-afirma-que-tiene-un-plan-de-contingencia-para-el-futbol-boliviano\\\/#breadcrumb\"},\"inLanguage\":\"es\",\"potentialAction\":[{\"@type\":\"ReadAction\",\"target\":[\"https:\\\/\\\/www.eldiario.net\\\/portal\\\/2021\\\/05\\\/20\\\/blanco-afirma-que-tiene-un-plan-de-contingencia-para-el-futbol-boliviano\\\/\"]}]},{\"@type\":\"ImageObject\",\"inLanguage\":\"es\",\"@id\":\"https:\\\/\\\/www.eldiario.net\\\/portal\\\/2021\\\/05\\\/20\\\/blanco-afirma-que-tiene-un-plan-de-contingencia-para-el-futbol-boliviano\\\/#primaryimage\",\"url\":\"https:\\\/\\\/www.eldiario.net\\\/portal\\\/wp-content\\\/uploads\\\/2021\\\/05\\\/DEPO-Blanco-afirma-que-tiene-un-plan.jpg\",\"contentUrl\":\"https:\\\/\\\/www.eldiario.net\\\/portal\\\/wp-content\\\/uploads\\\/2021\\\/05\\\/DEPO-Blanco-afirma-que-tiene-un-plan.jpg\",\"width\":1080,\"height\":522},{\"@type\":\"BreadcrumbList\",\"@id\":\"https:\\\/\\\/www.eldiario.net\\\/portal\\\/2021\\\/05\\\/20\\\/blanco-afirma-que-tiene-un-plan-de-contingencia-para-el-futbol-boliviano\\\/#breadcrumb\",\"itemListElement\":[{\"@type\":\"ListItem\",\"position\":1,\"name\":\"Portada\",\"item\":\"https:\\\/\\\/www.eldiario.net\\\/portal\\\/\"},{\"@type\":\"ListItem\",\"position\":2,\"name\":\"Blanco afirma que tiene un plan de contingencia para el f\u00fatbol boliviano\"}]},{\"@type\":\"WebSite\",\"@id\":\"https:\\\/\\\/www.eldiario.net\\\/portal\\\/#website\",\"url\":\"https:\\\/\\\/www.eldiario.net\\\/portal\\\/\",\"name\":\"El Diario - Decano de la prensa nacional\",\"description\":\"El Diario - Decano de la prensa nacional\",\"publisher\":{\"@id\":\"https:\\\/\\\/www.eldiario.net\\\/portal\\\/#organization\"},\"potentialAction\":[{\"@type\":\"SearchAction\",\"target\":{\"@type\":\"EntryPoint\",\"urlTemplate\":\"https:\\\/\\\/www.eldiario.net\\\/portal\\\/?s={search_term_string}\"},\"query-input\":{\"@type\":\"PropertyValueSpecification\",\"valueRequired\":true,\"valueName\":\"search_term_string\"}}],\"inLanguage\":\"es\"},{\"@type\":\"Organization\",\"@id\":\"https:\\\/\\\/www.eldiario.net\\\/portal\\\/#organization\",\"name\":\"El Diario - Decano de la prensa nacional\",\"url\":\"https:\\\/\\\/www.eldiario.net\\\/portal\\\/\",\"logo\":{\"@type\":\"ImageObject\",\"inLanguage\":\"es\",\"@id\":\"https:\\\/\\\/www.eldiario.net\\\/portal\\\/#\\\/schema\\\/logo\\\/image\\\/\",\"url\":\"https:\\\/\\\/www.eldiario.net\\\/portal\\\/wp-content\\\/uploads\\\/2023\\\/07\\\/logo_ED.jpg\",\"contentUrl\":\"https:\\\/\\\/www.eldiario.net\\\/portal\\\/wp-content\\\/uploads\\\/2023\\\/07\\\/logo_ED.jpg\",\"width\":272,\"height\":52,\"caption\":\"El Diario - Decano de la prensa nacional\"},\"image\":{\"@id\":\"https:\\\/\\\/www.eldiario.net\\\/portal\\\/#\\\/schema\\\/logo\\\/image\\\/\"},\"sameAs\":[\"https:\\\/\\\/www.facebook.com\\\/eldiario.bolivia\\\/\",\"https:\\\/\\\/x.com\\\/eldiario_net\"]},{\"@type\":\"Person\",\"@id\":\"https:\\\/\\\/www.eldiario.net\\\/portal\\\/#\\\/schema\\\/person\\\/f46445640444750d7d753ccd04ae01b7\",\"name\":\"Jeanette\",\"image\":{\"@type\":\"ImageObject\",\"inLanguage\":\"es\",\"@id\":\"https:\\\/\\\/secure.gravatar.com\\\/avatar\\\/3ea2118a5f7dad2b7138b1187a6b7ee55f160b9968b66013c3a3ef39dd7e5798?s=96&d=mm&r=g\",\"url\":\"https:\\\/\\\/secure.gravatar.com\\\/avatar\\\/3ea2118a5f7dad2b7138b1187a6b7ee55f160b9968b66013c3a3ef39dd7e5798?s=96&d=mm&r=g\",\"contentUrl\":\"https:\\\/\\\/secure.gravatar.com\\\/avatar\\\/3ea2118a5f7dad2b7138b1187a6b7ee55f160b9968b66013c3a3ef39dd7e5798?s=96&d=mm&r=g\",\"caption\":\"Jeanette\"},\"sameAs\":[\"https:\\\/\\\/www.eldiario.net\\\/portal\"],\"url\":\"https:\\\/\\\/www.eldiario.net\\\/portal\\\/author\\\/jeanette\\\/\"}]}<\/script>\n<!-- \/ Yoast SEO plugin. -->","yoast_head_json":{"title":"Blanco afirma que tiene un plan de contingencia para el f\u00fatbol boliviano - El Diario - Bolivia","robots":{"index":"index","follow":"follow","max-snippet":"max-snippet:-1","max-image-preview":"max-image-preview:large","max-video-preview":"max-video-preview:-1"},"canonical":"https:\/\/www.eldiario.net\/portal\/2021\/05\/20\/blanco-afirma-que-tiene-un-plan-de-contingencia-para-el-futbol-boliviano\/","og_locale":"es_ES","og_type":"article","og_title":"Blanco afirma que tiene un plan de contingencia para el f\u00fatbol boliviano - El Diario - Bolivia","og_description":"El directivo Robert Blanco brind\u00f3 declaraciones ayer y afirm\u00f3 que si el amparo constitucional que interpuso sale a su favor tiene listo un plan de contingencia para el f\u00fatbol nacional y asegur\u00f3 que los contratos deportivos que tiene la Federaci\u00f3n Boliviana de F\u00fatbol (FBF) se respetar\u00e1n. \u201cVamos a respetar todos los contratos y decisiones org\u00e1nicas [&hellip;]","og_url":"https:\/\/www.eldiario.net\/portal\/2021\/05\/20\/blanco-afirma-que-tiene-un-plan-de-contingencia-para-el-futbol-boliviano\/","og_site_name":"El Diario - Bolivia","article_publisher":"https:\/\/www.facebook.com\/eldiario.bolivia\/","article_published_time":"2021-05-20T09:58:10+00:00","og_image":[{"width":1080,"height":522,"url":"https:\/\/www.eldiario.net\/portal\/wp-content\/uploads\/2021\/05\/DEPO-Blanco-afirma-que-tiene-un-plan.jpg","type":"image\/jpeg"}],"author":"Jeanette","twitter_card":"summary_large_image","twitter_creator":"@eldiario_net","twitter_site":"@eldiario_net","twitter_misc":{"Escrito por":"Jeanette","Tiempo de lectura":"2 minutos"},"schema":{"@context":"https:\/\/schema.org","@graph":[{"@type":"Article","@id":"https:\/\/www.eldiario.net\/portal\/2021\/05\/20\/blanco-afirma-que-tiene-un-plan-de-contingencia-para-el-futbol-boliviano\/#article","isPartOf":{"@id":"https:\/\/www.eldiario.net\/portal\/2021\/05\/20\/blanco-afirma-que-tiene-un-plan-de-contingencia-para-el-futbol-boliviano\/"},"author":{"name":"Jeanette","@id":"https:\/\/www.eldiario.net\/portal\/#\/schema\/person\/f46445640444750d7d753ccd04ae01b7"},"headline":"Blanco afirma que tiene un plan de contingencia para el f\u00fatbol boliviano","datePublished":"2021-05-20T09:58:10+00:00","mainEntityOfPage":{"@id":"https:\/\/www.eldiario.net\/portal\/2021\/05\/20\/blanco-afirma-que-tiene-un-plan-de-contingencia-para-el-futbol-boliviano\/"},"wordCount":405,"publisher":{"@id":"https:\/\/www.eldiario.net\/portal\/#organization"},"image":{"@id":"https:\/\/www.eldiario.net\/portal\/2021\/05\/20\/blanco-afirma-que-tiene-un-plan-de-contingencia-para-el-futbol-boliviano\/#primaryimage"},"thumbnailUrl":"https:\/\/www.eldiario.net\/portal\/wp-content\/uploads\/2021\/05\/DEPO-Blanco-afirma-que-tiene-un-plan.jpg","articleSection":["Deportes"],"inLanguage":"es"},{"@type":"WebPage","@id":"https:\/\/www.eldiario.net\/portal\/2021\/05\/20\/blanco-afirma-que-tiene-un-plan-de-contingencia-para-el-futbol-boliviano\/","url":"https:\/\/www.eldiario.net\/portal\/2021\/05\/20\/blanco-afirma-que-tiene-un-plan-de-contingencia-para-el-futbol-boliviano\/","name":"Blanco afirma que tiene un plan de contingencia para el f\u00fatbol boliviano - El Diario - Bolivia","isPartOf":{"@id":"https:\/\/www.eldiario.net\/portal\/#website"},"primaryImageOfPage":{"@id":"https:\/\/www.eldiario.net\/portal\/2021\/05\/20\/blanco-afirma-que-tiene-un-plan-de-contingencia-para-el-futbol-boliviano\/#primaryimage"},"image":{"@id":"https:\/\/www.eldiario.net\/portal\/2021\/05\/20\/blanco-afirma-que-tiene-un-plan-de-contingencia-para-el-futbol-boliviano\/#primaryimage"},"thumbnailUrl":"https:\/\/www.eldiario.net\/portal\/wp-content\/uploads\/2021\/05\/DEPO-Blanco-afirma-que-tiene-un-plan.jpg","datePublished":"2021-05-20T09:58:10+00:00","breadcrumb":{"@id":"https:\/\/www.eldiario.net\/portal\/2021\/05\/20\/blanco-afirma-que-tiene-un-plan-de-contingencia-para-el-futbol-boliviano\/#breadcrumb"},"inLanguage":"es","potentialAction":[{"@type":"ReadAction","target":["https:\/\/www.eldiario.net\/portal\/2021\/05\/20\/blanco-afirma-que-tiene-un-plan-de-contingencia-para-el-futbol-boliviano\/"]}]},{"@type":"ImageObject","inLanguage":"es","@id":"https:\/\/www.eldiario.net\/portal\/2021\/05\/20\/blanco-afirma-que-tiene-un-plan-de-contingencia-para-el-futbol-boliviano\/#primaryimage","url":"https:\/\/www.eldiario.net\/portal\/wp-content\/uploads\/2021\/05\/DEPO-Blanco-afirma-que-tiene-un-plan.jpg","contentUrl":"https:\/\/www.eldiario.net\/portal\/wp-content\/uploads\/2021\/05\/DEPO-Blanco-afirma-que-tiene-un-plan.jpg","width":1080,"height":522},{"@type":"BreadcrumbList","@id":"https:\/\/www.eldiario.net\/portal\/2021\/05\/20\/blanco-afirma-que-tiene-un-plan-de-contingencia-para-el-futbol-boliviano\/#breadcrumb","itemListElement":[{"@type":"ListItem","position":1,"name":"Portada","item":"https:\/\/www.eldiario.net\/portal\/"},{"@type":"ListItem","position":2,"name":"Blanco afirma que tiene un plan de contingencia para el f\u00fatbol boliviano"}]},{"@type":"WebSite","@id":"https:\/\/www.eldiario.net\/portal\/#website","url":"https:\/\/www.eldiario.net\/portal\/","name":"El Diario - Decano de la prensa nacional","description":"El Diario - Decano de la prensa nacional","publisher":{"@id":"https:\/\/www.eldiario.net\/portal\/#organization"},"potentialAction":[{"@type":"SearchAction","target":{"@type":"EntryPoint","urlTemplate":"https:\/\/www.eldiario.net\/portal\/?s={search_term_string}"},"query-input":{"@type":"PropertyValueSpecification","valueRequired":true,"valueName":"search_term_string"}}],"inLanguage":"es"},{"@type":"Organization","@id":"https:\/\/www.eldiario.net\/portal\/#organization","name":"El Diario - Decano de la prensa nacional","url":"https:\/\/www.eldiario.net\/portal\/","logo":{"@type":"ImageObject","inLanguage":"es","@id":"https:\/\/www.eldiario.net\/portal\/#\/schema\/logo\/image\/","url":"https:\/\/www.eldiario.net\/portal\/wp-content\/uploads\/2023\/07\/logo_ED.jpg","contentUrl":"https:\/\/www.eldiario.net\/portal\/wp-content\/uploads\/2023\/07\/logo_ED.jpg","width":272,"height":52,"caption":"El Diario - Decano de la prensa nacional"},"image":{"@id":"https:\/\/www.eldiario.net\/portal\/#\/schema\/logo\/image\/"},"sameAs":["https:\/\/www.facebook.com\/eldiario.bolivia\/","https:\/\/x.com\/eldiario_net"]},{"@type":"Person","@id":"https:\/\/www.eldiario.net\/portal\/#\/schema\/person\/f46445640444750d7d753ccd04ae01b7","name":"Jeanette","image":{"@type":"ImageObject","inLanguage":"es","@id":"https:\/\/secure.gravatar.com\/avatar\/3ea2118a5f7dad2b7138b1187a6b7ee55f160b9968b66013c3a3ef39dd7e5798?s=96&d=mm&r=g","url":"https:\/\/secure.gravatar.com\/avatar\/3ea2118a5f7dad2b7138b1187a6b7ee55f160b9968b66013c3a3ef39dd7e5798?s=96&d=mm&r=g","contentUrl":"https:\/\/secure.gravatar.com\/avatar\/3ea2118a5f7dad2b7138b1187a6b7ee55f160b9968b66013c3a3ef39dd7e5798?s=96&d=mm&r=g","caption":"Jeanette"},"sameAs":["https:\/\/www.eldiario.net\/portal"],"url":"https:\/\/www.eldiario.net\/portal\/author\/jeanette\/"}]}},"_links":{"self":[{"href":"https:\/\/www.eldiario.net\/portal\/wp-json\/wp\/v2\/posts\/5045","targetHints":{"allow":["GET"]}}],"collection":[{"href":"https:\/\/www.eldiario.net\/portal\/wp-json\/wp\/v2\/posts"}],"about":[{"href":"https:\/\/www.eldiario.net\/portal\/wp-json\/wp\/v2\/types\/post"}],"author":[{"embeddable":true,"href":"https:\/\/www.eldiario.net\/portal\/wp-json\/wp\/v2\/users\/1"}],"replies":[{"embeddable":true,"href":"https:\/\/www.eldiario.net\/portal\/wp-json\/wp\/v2\/comments?post=5045"}],"version-history":[{"count":0,"href":"https:\/\/www.eldiario.net\/portal\/wp-json\/wp\/v2\/posts\/5045\/revisions"}],"wp:featuredmedia":[{"embeddable":true,"href":"https:\/\/www.eldiario.net\/portal\/wp-json\/wp\/v2\/media\/5046"}],"wp:attachment":[{"href":"https:\/\/www.eldiario.net\/portal\/wp-json\/wp\/v2\/media?parent=5045"}],"wp:term":[{"taxonomy":"category","embeddable":true,"href":"https:\/\/www.eldiario.net\/portal\/wp-json\/wp\/v2\/categories?post=5045"},{"taxonomy":"post_tag","embeddable":true,"href":"https:\/\/www.eldiario.net\/portal\/wp-json\/wp\/v2\/tags?post=5045"}],"curies":[{"name":"wp","href":"https:\/\/api.w.org\/{rel}","templated":true}]}}