{"id":5040,"date":"2021-05-20T05:56:06","date_gmt":"2021-05-20T09:56:06","guid":{"rendered":"https:\/\/www.eldiario.net\/portal\/?p=5040"},"modified":"2021-05-20T05:56:06","modified_gmt":"2021-05-20T09:56:06","slug":"diez-clubes-y-nueve-asociaciones-deciden-licenciar-a-sus-jugadores-y-paralizar-el-futbol","status":"publish","type":"post","link":"https:\/\/www.eldiario.net\/portal\/2021\/05\/20\/diez-clubes-y-nueve-asociaciones-deciden-licenciar-a-sus-jugadores-y-paralizar-el-futbol\/","title":{"rendered":"Diez clubes y nueve asociaciones deciden licenciar a sus jugadores y paralizar el f\u00fatbol"},"content":{"rendered":"<p>Diez clubes de la Divisi\u00f3n Profesional y nueve asociaciones departamentales comunicaron ayer mediante un voto resolutivo\u00a0su posici\u00f3n de paralizar el f\u00fatbol ante los conflictos que vive el balompi\u00e9 local y as\u00ed tambi\u00e9n decidieron dar licencia a sus jugadores hasta nuevo aviso.<\/p>\n<p>Asimismo, el voto resolutivo apunta a Robert Blanco como el \u00fanico responsable de la paralizaci\u00f3n del balompi\u00e9\u00a0nacional. \u201cNos estamos viendo obligados a paralizar el campeonato, ante la situaci\u00f3n que est\u00e1 generando el Sr.\u00a0Jhon\u00a0Robert Blanco y esto no nos priva de exigir un resarcimiento econ\u00f3mico por todos los da\u00f1os y perjuicios, los 10 clubes determinan licenciar a los jugadores de los planteles hasta nueva fecha, al mismo tiempo las 9 Asociaciones determinan suspender la iniciaci\u00f3n de los campeonatos\u00bb, subraya el voto resolutivo.<\/p>\n<p>Los clubes\u00a0que firmaron esta nota son:\u00a0Always\u00a0Ready, Aurora, Independiente Petrolero, Nacional Potos\u00ed, Real Potos\u00ed, Real Santa Cruz, Real\u00a0Tomayapo,\u00a0The\u00a0Strongest, San Jos\u00e9 y\u00a0Palmaflor. En tanto, las\u00a0asociaciones\u00a0que figuran son de Beni, Chuquisaca, Oruro, Cochabamba, Potos\u00ed, Pando, Santa Cruz, Tarija y La Paz.<\/p>\n<p>Con este panorama, el torneo de la Divisi\u00f3n Profesional se volver\u00eda\u00a0a jugar\u00a0despu\u00e9s\u00a0de la Copa Am\u00e9rica. Debido a que la Selecci\u00f3n tiene previsto disputar antes las Eliminatorias Sudamericanas del 3 al 8 de junio, seguido de la Copa\u00a0del 13 de junio al 10 de julio.<\/p>\n<p>La nota tambi\u00e9n manifiesta en uno de sus puntos: \u00abHacemos responsable al ciudadano\u00a0Jhon\u00a0Robert Blanco por el perjuicio ocasionado por la paralizaci\u00f3n de los tr\u00e1mites para la llegada de las vacunas Covid-19 constituyendo un atentado a la salud p\u00fablica de los actores del f\u00fatbol nacional\u00bb, contin\u00faa.<\/p>\n<p>Esta decisi\u00f3n fue comunicada el d\u00eda de ayer en medio de una reuni\u00f3n por zoom con la presencia de todos los titulares que firmaron el voto resolutivo y con la participaci\u00f3n de \u00c1ngelo Porcel, vocero de la Federaci\u00f3n Boliviana de F\u00fatbol (FBF).<\/p>\n<p>El f\u00fatbol contin\u00faa sin una salida tras el Amparo Constitucional presentado\u00a0por\u00a0Blanco\u00a0a la\u00a0Sala Constitucional Cuarta del Tribunal Departamental de Santa Cruz, la pasada semana, exigiendo la presidencia de la FBF.<\/p>\n<p>La\u00a0audiencia\u00a0donde fueron citados los miembros del comit\u00e9 ejecutivo de la FBF se realizar\u00e1 el lunes en la cual se espera haya una soluci\u00f3n para el retorno del f\u00fatbol local.<\/p>\n<p>&nbsp;<\/p>\n<p>&nbsp;<\/p>\n","protected":false},"excerpt":{"rendered":"<p>Diez clubes de la Divisi\u00f3n Profesional y nueve asociaciones departamentales comunicaron ayer mediante un voto resolutivo\u00a0su posici\u00f3n de paralizar el f\u00fatbol ante los conflictos que vive el balompi\u00e9 local y as\u00ed tambi\u00e9n decidieron dar licencia a sus jugadores hasta nuevo aviso. Asimismo, el voto resolutivo apunta a Robert Blanco como el \u00fanico responsable de la [&hellip;]<\/p>\n","protected":false},"author":1,"featured_media":5041,"comment_status":"closed","ping_status":"closed","sticky":false,"template":"","format":"standard","meta":{"_acf_changed":false,"footnotes":""},"categories":[6],"tags":[],"class_list":["post-5040","post","type-post","status-publish","format-standard","has-post-thumbnail","category-deportes"],"acf":{"antetitulo":""},"yoast_head":"<!-- This site is optimized with the Yoast SEO plugin v28.3 - https:\/\/yoast.com\/product\/yoast-seo-wordpress\/ -->\n<title>Diez clubes y nueve asociaciones deciden licenciar a sus jugadores y paralizar el f\u00fatbol - El Diario - Bolivia<\/title>\n<meta name=\"robots\" content=\"index, follow, max-snippet:-1, max-image-preview:large, max-video-preview:-1\" \/>\n<link rel=\"canonical\" href=\"https:\/\/www.eldiario.net\/portal\/2021\/05\/20\/diez-clubes-y-nueve-asociaciones-deciden-licenciar-a-sus-jugadores-y-paralizar-el-futbol\/\" \/>\n<meta property=\"og:locale\" content=\"es_ES\" \/>\n<meta property=\"og:type\" content=\"article\" \/>\n<meta property=\"og:title\" content=\"Diez clubes y nueve asociaciones deciden licenciar a sus jugadores y paralizar el f\u00fatbol - El Diario - Bolivia\" \/>\n<meta property=\"og:description\" content=\"Diez clubes de la Divisi\u00f3n Profesional y nueve asociaciones departamentales comunicaron ayer mediante un voto resolutivo\u00a0su posici\u00f3n de paralizar el f\u00fatbol ante los conflictos que vive el balompi\u00e9 local y as\u00ed tambi\u00e9n decidieron dar licencia a sus jugadores hasta nuevo aviso. Asimismo, el voto resolutivo apunta a Robert Blanco como el \u00fanico responsable de la [&hellip;]\" \/>\n<meta property=\"og:url\" content=\"https:\/\/www.eldiario.net\/portal\/2021\/05\/20\/diez-clubes-y-nueve-asociaciones-deciden-licenciar-a-sus-jugadores-y-paralizar-el-futbol\/\" \/>\n<meta property=\"og:site_name\" content=\"El Diario - Bolivia\" \/>\n<meta property=\"article:publisher\" content=\"https:\/\/www.facebook.com\/eldiario.bolivia\/\" \/>\n<meta property=\"article:published_time\" content=\"2021-05-20T09:56:06+00:00\" \/>\n<meta name=\"author\" content=\"Jeanette\" \/>\n<meta name=\"twitter:card\" content=\"summary_large_image\" \/>\n<meta name=\"twitter:creator\" content=\"@eldiario_net\" \/>\n<meta name=\"twitter:site\" content=\"@eldiario_net\" \/>\n<meta name=\"twitter:label1\" content=\"Escrito por\" \/>\n\t<meta name=\"twitter:data1\" content=\"Jeanette\" \/>\n\t<meta name=\"twitter:label2\" content=\"Tiempo de lectura\" \/>\n\t<meta name=\"twitter:data2\" content=\"2 minutos\" \/>\n<script type=\"application\/ld+json\" class=\"yoast-schema-graph\">{\"@context\":\"https:\\\/\\\/schema.org\",\"@graph\":[{\"@type\":\"Article\",\"@id\":\"https:\\\/\\\/www.eldiario.net\\\/portal\\\/2021\\\/05\\\/20\\\/diez-clubes-y-nueve-asociaciones-deciden-licenciar-a-sus-jugadores-y-paralizar-el-futbol\\\/#article\",\"isPartOf\":{\"@id\":\"https:\\\/\\\/www.eldiario.net\\\/portal\\\/2021\\\/05\\\/20\\\/diez-clubes-y-nueve-asociaciones-deciden-licenciar-a-sus-jugadores-y-paralizar-el-futbol\\\/\"},\"author\":{\"name\":\"Jeanette\",\"@id\":\"https:\\\/\\\/www.eldiario.net\\\/portal\\\/#\\\/schema\\\/person\\\/f46445640444750d7d753ccd04ae01b7\"},\"headline\":\"Diez clubes y nueve asociaciones deciden licenciar a sus jugadores y paralizar el f\u00fatbol\",\"datePublished\":\"2021-05-20T09:56:06+00:00\",\"mainEntityOfPage\":{\"@id\":\"https:\\\/\\\/www.eldiario.net\\\/portal\\\/2021\\\/05\\\/20\\\/diez-clubes-y-nueve-asociaciones-deciden-licenciar-a-sus-jugadores-y-paralizar-el-futbol\\\/\"},\"wordCount\":415,\"publisher\":{\"@id\":\"https:\\\/\\\/www.eldiario.net\\\/portal\\\/#organization\"},\"image\":{\"@id\":\"https:\\\/\\\/www.eldiario.net\\\/portal\\\/2021\\\/05\\\/20\\\/diez-clubes-y-nueve-asociaciones-deciden-licenciar-a-sus-jugadores-y-paralizar-el-futbol\\\/#primaryimage\"},\"thumbnailUrl\":\"\",\"articleSection\":[\"Deportes\"],\"inLanguage\":\"es\"},{\"@type\":\"WebPage\",\"@id\":\"https:\\\/\\\/www.eldiario.net\\\/portal\\\/2021\\\/05\\\/20\\\/diez-clubes-y-nueve-asociaciones-deciden-licenciar-a-sus-jugadores-y-paralizar-el-futbol\\\/\",\"url\":\"https:\\\/\\\/www.eldiario.net\\\/portal\\\/2021\\\/05\\\/20\\\/diez-clubes-y-nueve-asociaciones-deciden-licenciar-a-sus-jugadores-y-paralizar-el-futbol\\\/\",\"name\":\"Diez clubes y nueve asociaciones deciden licenciar a sus jugadores y paralizar el f\u00fatbol - El Diario - Bolivia\",\"isPartOf\":{\"@id\":\"https:\\\/\\\/www.eldiario.net\\\/portal\\\/#website\"},\"primaryImageOfPage\":{\"@id\":\"https:\\\/\\\/www.eldiario.net\\\/portal\\\/2021\\\/05\\\/20\\\/diez-clubes-y-nueve-asociaciones-deciden-licenciar-a-sus-jugadores-y-paralizar-el-futbol\\\/#primaryimage\"},\"image\":{\"@id\":\"https:\\\/\\\/www.eldiario.net\\\/portal\\\/2021\\\/05\\\/20\\\/diez-clubes-y-nueve-asociaciones-deciden-licenciar-a-sus-jugadores-y-paralizar-el-futbol\\\/#primaryimage\"},\"thumbnailUrl\":\"\",\"datePublished\":\"2021-05-20T09:56:06+00:00\",\"breadcrumb\":{\"@id\":\"https:\\\/\\\/www.eldiario.net\\\/portal\\\/2021\\\/05\\\/20\\\/diez-clubes-y-nueve-asociaciones-deciden-licenciar-a-sus-jugadores-y-paralizar-el-futbol\\\/#breadcrumb\"},\"inLanguage\":\"es\",\"potentialAction\":[{\"@type\":\"ReadAction\",\"target\":[\"https:\\\/\\\/www.eldiario.net\\\/portal\\\/2021\\\/05\\\/20\\\/diez-clubes-y-nueve-asociaciones-deciden-licenciar-a-sus-jugadores-y-paralizar-el-futbol\\\/\"]}]},{\"@type\":\"ImageObject\",\"inLanguage\":\"es\",\"@id\":\"https:\\\/\\\/www.eldiario.net\\\/portal\\\/2021\\\/05\\\/20\\\/diez-clubes-y-nueve-asociaciones-deciden-licenciar-a-sus-jugadores-y-paralizar-el-futbol\\\/#primaryimage\",\"url\":\"\",\"contentUrl\":\"\"},{\"@type\":\"BreadcrumbList\",\"@id\":\"https:\\\/\\\/www.eldiario.net\\\/portal\\\/2021\\\/05\\\/20\\\/diez-clubes-y-nueve-asociaciones-deciden-licenciar-a-sus-jugadores-y-paralizar-el-futbol\\\/#breadcrumb\",\"itemListElement\":[{\"@type\":\"ListItem\",\"position\":1,\"name\":\"Portada\",\"item\":\"https:\\\/\\\/www.eldiario.net\\\/portal\\\/\"},{\"@type\":\"ListItem\",\"position\":2,\"name\":\"Diez clubes y nueve asociaciones deciden licenciar a sus jugadores y paralizar el f\u00fatbol\"}]},{\"@type\":\"WebSite\",\"@id\":\"https:\\\/\\\/www.eldiario.net\\\/portal\\\/#website\",\"url\":\"https:\\\/\\\/www.eldiario.net\\\/portal\\\/\",\"name\":\"El Diario - Decano de la prensa nacional\",\"description\":\"El Diario - Decano de la prensa nacional\",\"publisher\":{\"@id\":\"https:\\\/\\\/www.eldiario.net\\\/portal\\\/#organization\"},\"potentialAction\":[{\"@type\":\"SearchAction\",\"target\":{\"@type\":\"EntryPoint\",\"urlTemplate\":\"https:\\\/\\\/www.eldiario.net\\\/portal\\\/?s={search_term_string}\"},\"query-input\":{\"@type\":\"PropertyValueSpecification\",\"valueRequired\":true,\"valueName\":\"search_term_string\"}}],\"inLanguage\":\"es\"},{\"@type\":\"Organization\",\"@id\":\"https:\\\/\\\/www.eldiario.net\\\/portal\\\/#organization\",\"name\":\"El Diario - Decano de la prensa nacional\",\"url\":\"https:\\\/\\\/www.eldiario.net\\\/portal\\\/\",\"logo\":{\"@type\":\"ImageObject\",\"inLanguage\":\"es\",\"@id\":\"https:\\\/\\\/www.eldiario.net\\\/portal\\\/#\\\/schema\\\/logo\\\/image\\\/\",\"url\":\"https:\\\/\\\/www.eldiario.net\\\/portal\\\/wp-content\\\/uploads\\\/2023\\\/07\\\/logo_ED.jpg\",\"contentUrl\":\"https:\\\/\\\/www.eldiario.net\\\/portal\\\/wp-content\\\/uploads\\\/2023\\\/07\\\/logo_ED.jpg\",\"width\":272,\"height\":52,\"caption\":\"El Diario - Decano de la prensa nacional\"},\"image\":{\"@id\":\"https:\\\/\\\/www.eldiario.net\\\/portal\\\/#\\\/schema\\\/logo\\\/image\\\/\"},\"sameAs\":[\"https:\\\/\\\/www.facebook.com\\\/eldiario.bolivia\\\/\",\"https:\\\/\\\/x.com\\\/eldiario_net\"]},{\"@type\":\"Person\",\"@id\":\"https:\\\/\\\/www.eldiario.net\\\/portal\\\/#\\\/schema\\\/person\\\/f46445640444750d7d753ccd04ae01b7\",\"name\":\"Jeanette\",\"image\":{\"@type\":\"ImageObject\",\"inLanguage\":\"es\",\"@id\":\"https:\\\/\\\/secure.gravatar.com\\\/avatar\\\/3ea2118a5f7dad2b7138b1187a6b7ee55f160b9968b66013c3a3ef39dd7e5798?s=96&d=mm&r=g\",\"url\":\"https:\\\/\\\/secure.gravatar.com\\\/avatar\\\/3ea2118a5f7dad2b7138b1187a6b7ee55f160b9968b66013c3a3ef39dd7e5798?s=96&d=mm&r=g\",\"contentUrl\":\"https:\\\/\\\/secure.gravatar.com\\\/avatar\\\/3ea2118a5f7dad2b7138b1187a6b7ee55f160b9968b66013c3a3ef39dd7e5798?s=96&d=mm&r=g\",\"caption\":\"Jeanette\"},\"sameAs\":[\"https:\\\/\\\/www.eldiario.net\\\/portal\"],\"url\":\"https:\\\/\\\/www.eldiario.net\\\/portal\\\/author\\\/jeanette\\\/\"}]}<\/script>\n<!-- \/ Yoast SEO plugin. -->","yoast_head_json":{"title":"Diez clubes y nueve asociaciones deciden licenciar a sus jugadores y paralizar el f\u00fatbol - El Diario - Bolivia","robots":{"index":"index","follow":"follow","max-snippet":"max-snippet:-1","max-image-preview":"max-image-preview:large","max-video-preview":"max-video-preview:-1"},"canonical":"https:\/\/www.eldiario.net\/portal\/2021\/05\/20\/diez-clubes-y-nueve-asociaciones-deciden-licenciar-a-sus-jugadores-y-paralizar-el-futbol\/","og_locale":"es_ES","og_type":"article","og_title":"Diez clubes y nueve asociaciones deciden licenciar a sus jugadores y paralizar el f\u00fatbol - El Diario - Bolivia","og_description":"Diez clubes de la Divisi\u00f3n Profesional y nueve asociaciones departamentales comunicaron ayer mediante un voto resolutivo\u00a0su posici\u00f3n de paralizar el f\u00fatbol ante los conflictos que vive el balompi\u00e9 local y as\u00ed tambi\u00e9n decidieron dar licencia a sus jugadores hasta nuevo aviso. Asimismo, el voto resolutivo apunta a Robert Blanco como el \u00fanico responsable de la [&hellip;]","og_url":"https:\/\/www.eldiario.net\/portal\/2021\/05\/20\/diez-clubes-y-nueve-asociaciones-deciden-licenciar-a-sus-jugadores-y-paralizar-el-futbol\/","og_site_name":"El Diario - Bolivia","article_publisher":"https:\/\/www.facebook.com\/eldiario.bolivia\/","article_published_time":"2021-05-20T09:56:06+00:00","author":"Jeanette","twitter_card":"summary_large_image","twitter_creator":"@eldiario_net","twitter_site":"@eldiario_net","twitter_misc":{"Escrito por":"Jeanette","Tiempo de lectura":"2 minutos"},"schema":{"@context":"https:\/\/schema.org","@graph":[{"@type":"Article","@id":"https:\/\/www.eldiario.net\/portal\/2021\/05\/20\/diez-clubes-y-nueve-asociaciones-deciden-licenciar-a-sus-jugadores-y-paralizar-el-futbol\/#article","isPartOf":{"@id":"https:\/\/www.eldiario.net\/portal\/2021\/05\/20\/diez-clubes-y-nueve-asociaciones-deciden-licenciar-a-sus-jugadores-y-paralizar-el-futbol\/"},"author":{"name":"Jeanette","@id":"https:\/\/www.eldiario.net\/portal\/#\/schema\/person\/f46445640444750d7d753ccd04ae01b7"},"headline":"Diez clubes y nueve asociaciones deciden licenciar a sus jugadores y paralizar el f\u00fatbol","datePublished":"2021-05-20T09:56:06+00:00","mainEntityOfPage":{"@id":"https:\/\/www.eldiario.net\/portal\/2021\/05\/20\/diez-clubes-y-nueve-asociaciones-deciden-licenciar-a-sus-jugadores-y-paralizar-el-futbol\/"},"wordCount":415,"publisher":{"@id":"https:\/\/www.eldiario.net\/portal\/#organization"},"image":{"@id":"https:\/\/www.eldiario.net\/portal\/2021\/05\/20\/diez-clubes-y-nueve-asociaciones-deciden-licenciar-a-sus-jugadores-y-paralizar-el-futbol\/#primaryimage"},"thumbnailUrl":"","articleSection":["Deportes"],"inLanguage":"es"},{"@type":"WebPage","@id":"https:\/\/www.eldiario.net\/portal\/2021\/05\/20\/diez-clubes-y-nueve-asociaciones-deciden-licenciar-a-sus-jugadores-y-paralizar-el-futbol\/","url":"https:\/\/www.eldiario.net\/portal\/2021\/05\/20\/diez-clubes-y-nueve-asociaciones-deciden-licenciar-a-sus-jugadores-y-paralizar-el-futbol\/","name":"Diez clubes y nueve asociaciones deciden licenciar a sus jugadores y paralizar el f\u00fatbol - El Diario - Bolivia","isPartOf":{"@id":"https:\/\/www.eldiario.net\/portal\/#website"},"primaryImageOfPage":{"@id":"https:\/\/www.eldiario.net\/portal\/2021\/05\/20\/diez-clubes-y-nueve-asociaciones-deciden-licenciar-a-sus-jugadores-y-paralizar-el-futbol\/#primaryimage"},"image":{"@id":"https:\/\/www.eldiario.net\/portal\/2021\/05\/20\/diez-clubes-y-nueve-asociaciones-deciden-licenciar-a-sus-jugadores-y-paralizar-el-futbol\/#primaryimage"},"thumbnailUrl":"","datePublished":"2021-05-20T09:56:06+00:00","breadcrumb":{"@id":"https:\/\/www.eldiario.net\/portal\/2021\/05\/20\/diez-clubes-y-nueve-asociaciones-deciden-licenciar-a-sus-jugadores-y-paralizar-el-futbol\/#breadcrumb"},"inLanguage":"es","potentialAction":[{"@type":"ReadAction","target":["https:\/\/www.eldiario.net\/portal\/2021\/05\/20\/diez-clubes-y-nueve-asociaciones-deciden-licenciar-a-sus-jugadores-y-paralizar-el-futbol\/"]}]},{"@type":"ImageObject","inLanguage":"es","@id":"https:\/\/www.eldiario.net\/portal\/2021\/05\/20\/diez-clubes-y-nueve-asociaciones-deciden-licenciar-a-sus-jugadores-y-paralizar-el-futbol\/#primaryimage","url":"","contentUrl":""},{"@type":"BreadcrumbList","@id":"https:\/\/www.eldiario.net\/portal\/2021\/05\/20\/diez-clubes-y-nueve-asociaciones-deciden-licenciar-a-sus-jugadores-y-paralizar-el-futbol\/#breadcrumb","itemListElement":[{"@type":"ListItem","position":1,"name":"Portada","item":"https:\/\/www.eldiario.net\/portal\/"},{"@type":"ListItem","position":2,"name":"Diez clubes y nueve asociaciones deciden licenciar a sus jugadores y paralizar el f\u00fatbol"}]},{"@type":"WebSite","@id":"https:\/\/www.eldiario.net\/portal\/#website","url":"https:\/\/www.eldiario.net\/portal\/","name":"El Diario - Decano de la prensa nacional","description":"El Diario - Decano de la prensa nacional","publisher":{"@id":"https:\/\/www.eldiario.net\/portal\/#organization"},"potentialAction":[{"@type":"SearchAction","target":{"@type":"EntryPoint","urlTemplate":"https:\/\/www.eldiario.net\/portal\/?s={search_term_string}"},"query-input":{"@type":"PropertyValueSpecification","valueRequired":true,"valueName":"search_term_string"}}],"inLanguage":"es"},{"@type":"Organization","@id":"https:\/\/www.eldiario.net\/portal\/#organization","name":"El Diario - Decano de la prensa nacional","url":"https:\/\/www.eldiario.net\/portal\/","logo":{"@type":"ImageObject","inLanguage":"es","@id":"https:\/\/www.eldiario.net\/portal\/#\/schema\/logo\/image\/","url":"https:\/\/www.eldiario.net\/portal\/wp-content\/uploads\/2023\/07\/logo_ED.jpg","contentUrl":"https:\/\/www.eldiario.net\/portal\/wp-content\/uploads\/2023\/07\/logo_ED.jpg","width":272,"height":52,"caption":"El Diario - Decano de la prensa nacional"},"image":{"@id":"https:\/\/www.eldiario.net\/portal\/#\/schema\/logo\/image\/"},"sameAs":["https:\/\/www.facebook.com\/eldiario.bolivia\/","https:\/\/x.com\/eldiario_net"]},{"@type":"Person","@id":"https:\/\/www.eldiario.net\/portal\/#\/schema\/person\/f46445640444750d7d753ccd04ae01b7","name":"Jeanette","image":{"@type":"ImageObject","inLanguage":"es","@id":"https:\/\/secure.gravatar.com\/avatar\/3ea2118a5f7dad2b7138b1187a6b7ee55f160b9968b66013c3a3ef39dd7e5798?s=96&d=mm&r=g","url":"https:\/\/secure.gravatar.com\/avatar\/3ea2118a5f7dad2b7138b1187a6b7ee55f160b9968b66013c3a3ef39dd7e5798?s=96&d=mm&r=g","contentUrl":"https:\/\/secure.gravatar.com\/avatar\/3ea2118a5f7dad2b7138b1187a6b7ee55f160b9968b66013c3a3ef39dd7e5798?s=96&d=mm&r=g","caption":"Jeanette"},"sameAs":["https:\/\/www.eldiario.net\/portal"],"url":"https:\/\/www.eldiario.net\/portal\/author\/jeanette\/"}]}},"_links":{"self":[{"href":"https:\/\/www.eldiario.net\/portal\/wp-json\/wp\/v2\/posts\/5040","targetHints":{"allow":["GET"]}}],"collection":[{"href":"https:\/\/www.eldiario.net\/portal\/wp-json\/wp\/v2\/posts"}],"about":[{"href":"https:\/\/www.eldiario.net\/portal\/wp-json\/wp\/v2\/types\/post"}],"author":[{"embeddable":true,"href":"https:\/\/www.eldiario.net\/portal\/wp-json\/wp\/v2\/users\/1"}],"replies":[{"embeddable":true,"href":"https:\/\/www.eldiario.net\/portal\/wp-json\/wp\/v2\/comments?post=5040"}],"version-history":[{"count":0,"href":"https:\/\/www.eldiario.net\/portal\/wp-json\/wp\/v2\/posts\/5040\/revisions"}],"wp:attachment":[{"href":"https:\/\/www.eldiario.net\/portal\/wp-json\/wp\/v2\/media?parent=5040"}],"wp:term":[{"taxonomy":"category","embeddable":true,"href":"https:\/\/www.eldiario.net\/portal\/wp-json\/wp\/v2\/categories?post=5040"},{"taxonomy":"post_tag","embeddable":true,"href":"https:\/\/www.eldiario.net\/portal\/wp-json\/wp\/v2\/tags?post=5040"}],"curies":[{"name":"wp","href":"https:\/\/api.w.org\/{rel}","templated":true}]}}