{"id":4914,"date":"2021-05-19T07:50:29","date_gmt":"2021-05-19T11:50:29","guid":{"rendered":"https:\/\/www.eldiario.net\/portal\/?p=4914"},"modified":"2021-05-19T07:50:29","modified_gmt":"2021-05-19T11:50:29","slug":"poblacion-pide-que-vacunas-se-apliquen-sabados-y-domingos","status":"publish","type":"post","link":"https:\/\/www.eldiario.net\/portal\/2021\/05\/19\/poblacion-pide-que-vacunas-se-apliquen-sabados-y-domingos\/","title":{"rendered":"Poblaci\u00f3n pide que vacunas se apliquen s\u00e1bados y domingos"},"content":{"rendered":"<p>Los habitantes de El Alto sostienen que la poca afluencia de personas a los centros de vacunaci\u00f3n contra el covid-19 se debe a que los d\u00edas h\u00e1biles, de lunes a viernes, la mayor\u00eda de ellos trabajan, por lo que piden a las autoridades correspondientes sea ampliada a fines de semana, s\u00e1bado y domingo.<br \/>\nDurante un recorrido efectuado por EL DIARIO, se logr\u00f3 verificar que en varios puntos de vacunaci\u00f3n contra el coronavirus, en diferentes barrios, se ha podido ver poca afluencia, donde solo algunas personas de la tercera edad esperaban para recibir la dosis.<br \/>\nLos pocos de 50 a\u00f1os para arriba, que esperaban ser vacunados, se\u00f1alaron que para las personas de estas edades es muy dif\u00edcil asistir a estos puntos de vacunaci\u00f3n, debido a que la mayor\u00eda todav\u00eda trabajan y adem\u00e1s los horarios no son nada adecuados para llegar hasta estos puntos de vacunaci\u00f3n.<br \/>\nProducto de este problema, muchos que llegaron a estos lugares, solo para ver si hab\u00eda fila, exigieron que los d\u00edas de vacunaci\u00f3n deber\u00eda ser los fines de semana entre s\u00e1bado y domingo, porque de lunes a viernes es muy dif\u00edcil asistir, adem\u00e1s no existe ninguna posibilidad de que en las fuentes laborales puedan obtener un permiso para este cometido.<br \/>\nAl momento los puntos de vacunaci\u00f3n se encuentran en la Universidad P\u00fablica de El Alto (Upea), de la zona de Villa Esperanza del Distrito 4, mientras que otro de los puntos est\u00e1 en Infocal, ubicado en la avenida 6 de Marzo, la universidad Unitepc, en la zona de Villa Dolores y el hospital del Sur de la zona de Villa Santiago I.<br \/>\nPara muchas personas, uno de los principales motivos por el cual la poblaci\u00f3n alte\u00f1a no asiste, al margen de los horarios y los d\u00edas h\u00e1biles, es a falta de concientizaci\u00f3n por parte de las autoridades del Gobierno central y del propio municipio, debido que para muchos habitantes de la urbe alte\u00f1a, estas vacunas no causan ning\u00fan efecto de neutralizaci\u00f3n del virus y que mejor utilizar la medicina casera.<br \/>\nMientras que otros, prefieren ignorar esta inmunizaci\u00f3n por miedo a que les cause otro tipo de efectos secundarios, actitudes que son a falta de una verdadera informaci\u00f3n sobre los verdaderos resultados que tiene la vacuna contra el covid-19.<br \/>\n\u201cMuchos de nosotros no podemos asistir a estos puntos de vacunaci\u00f3n debido a que la mayor\u00eda de los estamos entre las edades, menos de 60 a\u00f1os, todav\u00eda trabajamos, por eso es que le pedimos a las autoridades encargadas de este cometido, puedan darnos algunas facilidades de que puedan implementar otros puntos o los mismos que existen, pero en fines de semana de s\u00e1bado y domingo\u201d, dijo un ciudadano.<\/p>\n","protected":false},"excerpt":{"rendered":"<p>Los habitantes de El Alto sostienen que la poca afluencia de personas a los centros de vacunaci\u00f3n contra el covid-19 se debe a que los d\u00edas h\u00e1biles, de lunes a viernes, la mayor\u00eda de ellos trabajan, por lo que piden a las autoridades correspondientes sea ampliada a fines de semana, s\u00e1bado y domingo. Durante un [&hellip;]<\/p>\n","protected":false},"author":1,"featured_media":0,"comment_status":"closed","ping_status":"closed","sticky":false,"template":"","format":"standard","meta":{"_acf_changed":false,"footnotes":""},"categories":[12],"tags":[],"class_list":["post-4914","post","type-post","status-publish","format-standard","category-nacional"],"acf":{"antetitulo":""},"yoast_head":"<!-- This site is optimized with the Yoast SEO plugin v28.3 - https:\/\/yoast.com\/product\/yoast-seo-wordpress\/ -->\n<title>Poblaci\u00f3n pide que vacunas se apliquen s\u00e1bados y domingos - El Diario - Bolivia<\/title>\n<meta name=\"robots\" content=\"index, follow, max-snippet:-1, max-image-preview:large, max-video-preview:-1\" \/>\n<link rel=\"canonical\" href=\"https:\/\/www.eldiario.net\/portal\/2021\/05\/19\/poblacion-pide-que-vacunas-se-apliquen-sabados-y-domingos\/\" \/>\n<meta property=\"og:locale\" content=\"es_ES\" \/>\n<meta property=\"og:type\" content=\"article\" \/>\n<meta property=\"og:title\" content=\"Poblaci\u00f3n pide que vacunas se apliquen s\u00e1bados y domingos - El Diario - Bolivia\" \/>\n<meta property=\"og:description\" content=\"Los habitantes de El Alto sostienen que la poca afluencia de personas a los centros de vacunaci\u00f3n contra el covid-19 se debe a que los d\u00edas h\u00e1biles, de lunes a viernes, la mayor\u00eda de ellos trabajan, por lo que piden a las autoridades correspondientes sea ampliada a fines de semana, s\u00e1bado y domingo. Durante un [&hellip;]\" \/>\n<meta property=\"og:url\" content=\"https:\/\/www.eldiario.net\/portal\/2021\/05\/19\/poblacion-pide-que-vacunas-se-apliquen-sabados-y-domingos\/\" \/>\n<meta property=\"og:site_name\" content=\"El Diario - Bolivia\" \/>\n<meta property=\"article:publisher\" content=\"https:\/\/www.facebook.com\/eldiario.bolivia\/\" \/>\n<meta property=\"article:published_time\" content=\"2021-05-19T11:50:29+00:00\" \/>\n<meta name=\"author\" content=\"Jeanette\" \/>\n<meta name=\"twitter:card\" content=\"summary_large_image\" \/>\n<meta name=\"twitter:creator\" content=\"@eldiario_net\" \/>\n<meta name=\"twitter:site\" content=\"@eldiario_net\" \/>\n<meta name=\"twitter:label1\" content=\"Escrito por\" \/>\n\t<meta name=\"twitter:data1\" content=\"Jeanette\" \/>\n\t<meta name=\"twitter:label2\" content=\"Tiempo de lectura\" \/>\n\t<meta name=\"twitter:data2\" content=\"2 minutos\" \/>\n<script type=\"application\/ld+json\" class=\"yoast-schema-graph\">{\"@context\":\"https:\\\/\\\/schema.org\",\"@graph\":[{\"@type\":\"Article\",\"@id\":\"https:\\\/\\\/www.eldiario.net\\\/portal\\\/2021\\\/05\\\/19\\\/poblacion-pide-que-vacunas-se-apliquen-sabados-y-domingos\\\/#article\",\"isPartOf\":{\"@id\":\"https:\\\/\\\/www.eldiario.net\\\/portal\\\/2021\\\/05\\\/19\\\/poblacion-pide-que-vacunas-se-apliquen-sabados-y-domingos\\\/\"},\"author\":{\"name\":\"Jeanette\",\"@id\":\"https:\\\/\\\/www.eldiario.net\\\/portal\\\/#\\\/schema\\\/person\\\/f46445640444750d7d753ccd04ae01b7\"},\"headline\":\"Poblaci\u00f3n pide que vacunas se apliquen s\u00e1bados y domingos\",\"datePublished\":\"2021-05-19T11:50:29+00:00\",\"mainEntityOfPage\":{\"@id\":\"https:\\\/\\\/www.eldiario.net\\\/portal\\\/2021\\\/05\\\/19\\\/poblacion-pide-que-vacunas-se-apliquen-sabados-y-domingos\\\/\"},\"wordCount\":484,\"publisher\":{\"@id\":\"https:\\\/\\\/www.eldiario.net\\\/portal\\\/#organization\"},\"articleSection\":[\"Nacional\"],\"inLanguage\":\"es\"},{\"@type\":\"WebPage\",\"@id\":\"https:\\\/\\\/www.eldiario.net\\\/portal\\\/2021\\\/05\\\/19\\\/poblacion-pide-que-vacunas-se-apliquen-sabados-y-domingos\\\/\",\"url\":\"https:\\\/\\\/www.eldiario.net\\\/portal\\\/2021\\\/05\\\/19\\\/poblacion-pide-que-vacunas-se-apliquen-sabados-y-domingos\\\/\",\"name\":\"Poblaci\u00f3n pide que vacunas se apliquen s\u00e1bados y domingos - El Diario - Bolivia\",\"isPartOf\":{\"@id\":\"https:\\\/\\\/www.eldiario.net\\\/portal\\\/#website\"},\"datePublished\":\"2021-05-19T11:50:29+00:00\",\"breadcrumb\":{\"@id\":\"https:\\\/\\\/www.eldiario.net\\\/portal\\\/2021\\\/05\\\/19\\\/poblacion-pide-que-vacunas-se-apliquen-sabados-y-domingos\\\/#breadcrumb\"},\"inLanguage\":\"es\",\"potentialAction\":[{\"@type\":\"ReadAction\",\"target\":[\"https:\\\/\\\/www.eldiario.net\\\/portal\\\/2021\\\/05\\\/19\\\/poblacion-pide-que-vacunas-se-apliquen-sabados-y-domingos\\\/\"]}]},{\"@type\":\"BreadcrumbList\",\"@id\":\"https:\\\/\\\/www.eldiario.net\\\/portal\\\/2021\\\/05\\\/19\\\/poblacion-pide-que-vacunas-se-apliquen-sabados-y-domingos\\\/#breadcrumb\",\"itemListElement\":[{\"@type\":\"ListItem\",\"position\":1,\"name\":\"Portada\",\"item\":\"https:\\\/\\\/www.eldiario.net\\\/portal\\\/\"},{\"@type\":\"ListItem\",\"position\":2,\"name\":\"Poblaci\u00f3n pide que vacunas se apliquen s\u00e1bados y domingos\"}]},{\"@type\":\"WebSite\",\"@id\":\"https:\\\/\\\/www.eldiario.net\\\/portal\\\/#website\",\"url\":\"https:\\\/\\\/www.eldiario.net\\\/portal\\\/\",\"name\":\"El Diario - Decano de la prensa nacional\",\"description\":\"El Diario - Decano de la prensa nacional\",\"publisher\":{\"@id\":\"https:\\\/\\\/www.eldiario.net\\\/portal\\\/#organization\"},\"potentialAction\":[{\"@type\":\"SearchAction\",\"target\":{\"@type\":\"EntryPoint\",\"urlTemplate\":\"https:\\\/\\\/www.eldiario.net\\\/portal\\\/?s={search_term_string}\"},\"query-input\":{\"@type\":\"PropertyValueSpecification\",\"valueRequired\":true,\"valueName\":\"search_term_string\"}}],\"inLanguage\":\"es\"},{\"@type\":\"Organization\",\"@id\":\"https:\\\/\\\/www.eldiario.net\\\/portal\\\/#organization\",\"name\":\"El Diario - Decano de la prensa nacional\",\"url\":\"https:\\\/\\\/www.eldiario.net\\\/portal\\\/\",\"logo\":{\"@type\":\"ImageObject\",\"inLanguage\":\"es\",\"@id\":\"https:\\\/\\\/www.eldiario.net\\\/portal\\\/#\\\/schema\\\/logo\\\/image\\\/\",\"url\":\"https:\\\/\\\/www.eldiario.net\\\/portal\\\/wp-content\\\/uploads\\\/2023\\\/07\\\/logo_ED.jpg\",\"contentUrl\":\"https:\\\/\\\/www.eldiario.net\\\/portal\\\/wp-content\\\/uploads\\\/2023\\\/07\\\/logo_ED.jpg\",\"width\":272,\"height\":52,\"caption\":\"El Diario - Decano de la prensa nacional\"},\"image\":{\"@id\":\"https:\\\/\\\/www.eldiario.net\\\/portal\\\/#\\\/schema\\\/logo\\\/image\\\/\"},\"sameAs\":[\"https:\\\/\\\/www.facebook.com\\\/eldiario.bolivia\\\/\",\"https:\\\/\\\/x.com\\\/eldiario_net\"]},{\"@type\":\"Person\",\"@id\":\"https:\\\/\\\/www.eldiario.net\\\/portal\\\/#\\\/schema\\\/person\\\/f46445640444750d7d753ccd04ae01b7\",\"name\":\"Jeanette\",\"image\":{\"@type\":\"ImageObject\",\"inLanguage\":\"es\",\"@id\":\"https:\\\/\\\/secure.gravatar.com\\\/avatar\\\/3ea2118a5f7dad2b7138b1187a6b7ee55f160b9968b66013c3a3ef39dd7e5798?s=96&d=mm&r=g\",\"url\":\"https:\\\/\\\/secure.gravatar.com\\\/avatar\\\/3ea2118a5f7dad2b7138b1187a6b7ee55f160b9968b66013c3a3ef39dd7e5798?s=96&d=mm&r=g\",\"contentUrl\":\"https:\\\/\\\/secure.gravatar.com\\\/avatar\\\/3ea2118a5f7dad2b7138b1187a6b7ee55f160b9968b66013c3a3ef39dd7e5798?s=96&d=mm&r=g\",\"caption\":\"Jeanette\"},\"sameAs\":[\"https:\\\/\\\/www.eldiario.net\\\/portal\"],\"url\":\"https:\\\/\\\/www.eldiario.net\\\/portal\\\/author\\\/jeanette\\\/\"}]}<\/script>\n<!-- \/ Yoast SEO plugin. -->","yoast_head_json":{"title":"Poblaci\u00f3n pide que vacunas se apliquen s\u00e1bados y domingos - El Diario - Bolivia","robots":{"index":"index","follow":"follow","max-snippet":"max-snippet:-1","max-image-preview":"max-image-preview:large","max-video-preview":"max-video-preview:-1"},"canonical":"https:\/\/www.eldiario.net\/portal\/2021\/05\/19\/poblacion-pide-que-vacunas-se-apliquen-sabados-y-domingos\/","og_locale":"es_ES","og_type":"article","og_title":"Poblaci\u00f3n pide que vacunas se apliquen s\u00e1bados y domingos - El Diario - Bolivia","og_description":"Los habitantes de El Alto sostienen que la poca afluencia de personas a los centros de vacunaci\u00f3n contra el covid-19 se debe a que los d\u00edas h\u00e1biles, de lunes a viernes, la mayor\u00eda de ellos trabajan, por lo que piden a las autoridades correspondientes sea ampliada a fines de semana, s\u00e1bado y domingo. Durante un [&hellip;]","og_url":"https:\/\/www.eldiario.net\/portal\/2021\/05\/19\/poblacion-pide-que-vacunas-se-apliquen-sabados-y-domingos\/","og_site_name":"El Diario - Bolivia","article_publisher":"https:\/\/www.facebook.com\/eldiario.bolivia\/","article_published_time":"2021-05-19T11:50:29+00:00","author":"Jeanette","twitter_card":"summary_large_image","twitter_creator":"@eldiario_net","twitter_site":"@eldiario_net","twitter_misc":{"Escrito por":"Jeanette","Tiempo de lectura":"2 minutos"},"schema":{"@context":"https:\/\/schema.org","@graph":[{"@type":"Article","@id":"https:\/\/www.eldiario.net\/portal\/2021\/05\/19\/poblacion-pide-que-vacunas-se-apliquen-sabados-y-domingos\/#article","isPartOf":{"@id":"https:\/\/www.eldiario.net\/portal\/2021\/05\/19\/poblacion-pide-que-vacunas-se-apliquen-sabados-y-domingos\/"},"author":{"name":"Jeanette","@id":"https:\/\/www.eldiario.net\/portal\/#\/schema\/person\/f46445640444750d7d753ccd04ae01b7"},"headline":"Poblaci\u00f3n pide que vacunas se apliquen s\u00e1bados y domingos","datePublished":"2021-05-19T11:50:29+00:00","mainEntityOfPage":{"@id":"https:\/\/www.eldiario.net\/portal\/2021\/05\/19\/poblacion-pide-que-vacunas-se-apliquen-sabados-y-domingos\/"},"wordCount":484,"publisher":{"@id":"https:\/\/www.eldiario.net\/portal\/#organization"},"articleSection":["Nacional"],"inLanguage":"es"},{"@type":"WebPage","@id":"https:\/\/www.eldiario.net\/portal\/2021\/05\/19\/poblacion-pide-que-vacunas-se-apliquen-sabados-y-domingos\/","url":"https:\/\/www.eldiario.net\/portal\/2021\/05\/19\/poblacion-pide-que-vacunas-se-apliquen-sabados-y-domingos\/","name":"Poblaci\u00f3n pide que vacunas se apliquen s\u00e1bados y domingos - El Diario - Bolivia","isPartOf":{"@id":"https:\/\/www.eldiario.net\/portal\/#website"},"datePublished":"2021-05-19T11:50:29+00:00","breadcrumb":{"@id":"https:\/\/www.eldiario.net\/portal\/2021\/05\/19\/poblacion-pide-que-vacunas-se-apliquen-sabados-y-domingos\/#breadcrumb"},"inLanguage":"es","potentialAction":[{"@type":"ReadAction","target":["https:\/\/www.eldiario.net\/portal\/2021\/05\/19\/poblacion-pide-que-vacunas-se-apliquen-sabados-y-domingos\/"]}]},{"@type":"BreadcrumbList","@id":"https:\/\/www.eldiario.net\/portal\/2021\/05\/19\/poblacion-pide-que-vacunas-se-apliquen-sabados-y-domingos\/#breadcrumb","itemListElement":[{"@type":"ListItem","position":1,"name":"Portada","item":"https:\/\/www.eldiario.net\/portal\/"},{"@type":"ListItem","position":2,"name":"Poblaci\u00f3n pide que vacunas se apliquen s\u00e1bados y domingos"}]},{"@type":"WebSite","@id":"https:\/\/www.eldiario.net\/portal\/#website","url":"https:\/\/www.eldiario.net\/portal\/","name":"El Diario - Decano de la prensa nacional","description":"El Diario - Decano de la prensa nacional","publisher":{"@id":"https:\/\/www.eldiario.net\/portal\/#organization"},"potentialAction":[{"@type":"SearchAction","target":{"@type":"EntryPoint","urlTemplate":"https:\/\/www.eldiario.net\/portal\/?s={search_term_string}"},"query-input":{"@type":"PropertyValueSpecification","valueRequired":true,"valueName":"search_term_string"}}],"inLanguage":"es"},{"@type":"Organization","@id":"https:\/\/www.eldiario.net\/portal\/#organization","name":"El Diario - Decano de la prensa nacional","url":"https:\/\/www.eldiario.net\/portal\/","logo":{"@type":"ImageObject","inLanguage":"es","@id":"https:\/\/www.eldiario.net\/portal\/#\/schema\/logo\/image\/","url":"https:\/\/www.eldiario.net\/portal\/wp-content\/uploads\/2023\/07\/logo_ED.jpg","contentUrl":"https:\/\/www.eldiario.net\/portal\/wp-content\/uploads\/2023\/07\/logo_ED.jpg","width":272,"height":52,"caption":"El Diario - Decano de la prensa nacional"},"image":{"@id":"https:\/\/www.eldiario.net\/portal\/#\/schema\/logo\/image\/"},"sameAs":["https:\/\/www.facebook.com\/eldiario.bolivia\/","https:\/\/x.com\/eldiario_net"]},{"@type":"Person","@id":"https:\/\/www.eldiario.net\/portal\/#\/schema\/person\/f46445640444750d7d753ccd04ae01b7","name":"Jeanette","image":{"@type":"ImageObject","inLanguage":"es","@id":"https:\/\/secure.gravatar.com\/avatar\/3ea2118a5f7dad2b7138b1187a6b7ee55f160b9968b66013c3a3ef39dd7e5798?s=96&d=mm&r=g","url":"https:\/\/secure.gravatar.com\/avatar\/3ea2118a5f7dad2b7138b1187a6b7ee55f160b9968b66013c3a3ef39dd7e5798?s=96&d=mm&r=g","contentUrl":"https:\/\/secure.gravatar.com\/avatar\/3ea2118a5f7dad2b7138b1187a6b7ee55f160b9968b66013c3a3ef39dd7e5798?s=96&d=mm&r=g","caption":"Jeanette"},"sameAs":["https:\/\/www.eldiario.net\/portal"],"url":"https:\/\/www.eldiario.net\/portal\/author\/jeanette\/"}]}},"_links":{"self":[{"href":"https:\/\/www.eldiario.net\/portal\/wp-json\/wp\/v2\/posts\/4914","targetHints":{"allow":["GET"]}}],"collection":[{"href":"https:\/\/www.eldiario.net\/portal\/wp-json\/wp\/v2\/posts"}],"about":[{"href":"https:\/\/www.eldiario.net\/portal\/wp-json\/wp\/v2\/types\/post"}],"author":[{"embeddable":true,"href":"https:\/\/www.eldiario.net\/portal\/wp-json\/wp\/v2\/users\/1"}],"replies":[{"embeddable":true,"href":"https:\/\/www.eldiario.net\/portal\/wp-json\/wp\/v2\/comments?post=4914"}],"version-history":[{"count":0,"href":"https:\/\/www.eldiario.net\/portal\/wp-json\/wp\/v2\/posts\/4914\/revisions"}],"wp:attachment":[{"href":"https:\/\/www.eldiario.net\/portal\/wp-json\/wp\/v2\/media?parent=4914"}],"wp:term":[{"taxonomy":"category","embeddable":true,"href":"https:\/\/www.eldiario.net\/portal\/wp-json\/wp\/v2\/categories?post=4914"},{"taxonomy":"post_tag","embeddable":true,"href":"https:\/\/www.eldiario.net\/portal\/wp-json\/wp\/v2\/tags?post=4914"}],"curies":[{"name":"wp","href":"https:\/\/api.w.org\/{rel}","templated":true}]}}