{"id":4911,"date":"2021-05-19T07:49:34","date_gmt":"2021-05-19T11:49:34","guid":{"rendered":"https:\/\/www.eldiario.net\/portal\/?p=4911"},"modified":"2021-05-19T07:49:34","modified_gmt":"2021-05-19T11:49:34","slug":"nuevo-proceso-contra-exdirector-de-migracion-es-armado-y-forzado","status":"publish","type":"post","link":"https:\/\/www.eldiario.net\/portal\/2021\/05\/19\/nuevo-proceso-contra-exdirector-de-migracion-es-armado-y-forzado\/","title":{"rendered":"Nuevo proceso contra exdirector de  Migraci\u00f3n es \u201carmado y forzado\u201d"},"content":{"rendered":"<p>El abogado Karlo Brito, que patrocina al exdirector de Migraci\u00f3n, Marcel R., inform\u00f3 ayer que la Fiscal\u00eda emiti\u00f3 una nueva imputaci\u00f3n formal contra su cliente, esta vez, por la presunta emisi\u00f3n de 445 alertas migratorias \u201cilegales\u201d, proceso al que calific\u00f3 como \u201carmado y forzado\u201d porque no hay indicios de responsabilidad.<br \/>\nEn contacto con EL DIARIO, Brito precis\u00f3 que la audiencia de medidas cautelares, donde el Ministerio P\u00fablico pide la detenci\u00f3n preventiva de su cliente por seis meses, se realizar\u00e1 el pr\u00f3ximo 26 de mayo.<br \/>\nEl 23 de noviembre de 2020, el Ministerio de Gobierno present\u00f3 una denuncia contra la exautoridad por haber emitido m\u00e1s de 400 alertas migratorias \u201cilegales\u201d para presuntamente perseguir a pol\u00edticos, diplom\u00e1ticos, periodistas e incluso empresarios.<br \/>\nAl respecto, Brito manifest\u00f3 que las alertas que su cliente activ\u00f3 cuando estuvo en el cargo, buscaban reducir la trata y tr\u00e1fico de personas y que las mismas tambi\u00e9n pod\u00edan haber sido activadas por funcionarios policiales y de la Fiscal\u00eda, ya que Migraci\u00f3n les facilit\u00f3 una contrase\u00f1a para el fin.<br \/>\n\u201cEste proceso es totalmente armado, forzado, dice que hay alertas migratorias que se hubieran activado sin ning\u00fan respaldo legal, pero esas alertas que dicen, se refieren a las que se activaron por trata y tr\u00e1fico de personas (\u2026). Estas personas no buscan la verdad, solo buscan mantenerlo preso\u201d, aclar\u00f3.<br \/>\nA inicios de junio de 2020, Marcel R., inform\u00f3 que con el objetivo de prevenir la trata y tr\u00e1fico de personas en distintos puntos fronterizos del pa\u00eds, la Direcci\u00f3n Nacional de Migraci\u00f3n activar\u00eda el Sistema de Alerta Temprana.<br \/>\nLa exautoridad dijo que ese proyecto fue ejecutado en coordinaci\u00f3n con los ministerios de Gobierno y Defensa, adem\u00e1s de la Fuerza Especial de Lucha contra el Crimen (Felcc) y la Fuerza Especial de Lucha contra la Violencia (Felcv), para combatir en mejores condiciones este delito.<br \/>\nEn la oportunidad, Rivas explic\u00f3 que Bolivia tiene al menos 7.000 kil\u00f3metros cuadrados de frontera, en los que existen 21 puntos fronterizos donde el sistema de alerta funcionar\u00e1 para procesar la informaci\u00f3n en tiempo real.<br \/>\nDespu\u00e9s de conocerse la denuncia en su contra, el 1 de diciembre de 2020, Marcel R., a trav\u00e9s de sus redes sociales escribi\u00f3: \u201cEliminar Sistema de Alerta Temprana por intercambio de informaci\u00f3n en l\u00ednea, sin burocracia entre instituciones del Estado para lucha contra la trata y tr\u00e1fico y delitos conexos, por lo que me acusan, marcar\u00e1 el regreso de oscuros d\u00edas para la seguridad del pa\u00eds\u201d.<br \/>\nEn la oportunidad, el fiscal Alejandro Gamboa explic\u00f3 que las alertas migratorias se emiten s\u00f3lo por orden judicial, requerimiento fiscal, en caso de una resoluci\u00f3n de aprehensi\u00f3n o si es solicitada por unidades espec\u00edficas de la Polic\u00eda, como Trata y Tr\u00e1fico de Personas o de R\u00e9gimen Penitenciario.<\/p>\n<p>OTRO CASO<br \/>\nEn noviembre de 2020, Marcel R. fue enviado con detenci\u00f3n preventiva, por cuatro meses, al penal de San Pedro de La Paz, imputado por supuestamente ayudar a que los exministros Fernando L\u00f3pez y Arturo Murillo salieran del pa\u00eds. La exautoridad record\u00f3 que gracias a un convenio suscrito en enero de 2020, la Fiscal\u00eda pudo activar la alerta migratoria de manera directa.<br \/>\n\u201cEl Ministerio P\u00fablico no quiere saber la verdad, ellos quieren un trofeo pol\u00edtico y como no pudieron conseguir (otro), por culpa de su propia ineficiencia, porque son ellos quienes debieron activar la alerta migratoria directamente desde su sistema y no tardar un d\u00eda o 48 horas o recurrir a hojas de ruta\u201d, asegur\u00f3 en su audiencia de medidas cautelares.<br \/>\nEl plazo de la detenci\u00f3n preventiva de la exautoridad venci\u00f3 en marzo pasado, empero la justicia ampli\u00f3 por tres meses m\u00e1s el periodo de investigaci\u00f3n.<\/p>\n<p>DATOS<br \/>\nImputados por diferentes delitos, ocho exautoridades de la gesti\u00f3n de la presidente Jeanine A\u00f1ez fueron enviados con detenci\u00f3n preventiva. Dos extitulares de Salud guardan detenci\u00f3n domiciliaria y existe \u00f3rdenes de aprehensi\u00f3n contra al menos cuatro exministros. La misma expresidenta se encuentra tras las rejas por un presunto golpe de Estado.<br \/>\nLas aprehensiones y posterior encarcelamiento de exautoridades iniciaron diez despu\u00e9s de que Luis Arce jurara como presidente del Estado. El primero de la lista fue el exdirector de Migraci\u00f3n, Marcel R., quien fue aprehendido el 19 de noviembre de 2020 y enviado con detenci\u00f3n preventiva un d\u00eda despu\u00e9s, al penal de San Pedro de La Paz.<\/p>\n","protected":false},"excerpt":{"rendered":"<p>El abogado Karlo Brito, que patrocina al exdirector de Migraci\u00f3n, Marcel R., inform\u00f3 ayer que la Fiscal\u00eda emiti\u00f3 una nueva imputaci\u00f3n formal contra su cliente, esta vez, por la presunta emisi\u00f3n de 445 alertas migratorias \u201cilegales\u201d, proceso al que calific\u00f3 como \u201carmado y forzado\u201d porque no hay indicios de responsabilidad. En contacto con EL DIARIO, [&hellip;]<\/p>\n","protected":false},"author":1,"featured_media":4912,"comment_status":"closed","ping_status":"closed","sticky":false,"template":"","format":"standard","meta":{"_acf_changed":false,"footnotes":""},"categories":[39],"tags":[],"class_list":["post-4911","post","type-post","status-publish","format-standard","has-post-thumbnail","category-sociedad"],"acf":{"antetitulo":""},"yoast_head":"<!-- This site is optimized with the Yoast SEO plugin v28.3 - https:\/\/yoast.com\/product\/yoast-seo-wordpress\/ -->\n<title>Nuevo proceso contra exdirector de Migraci\u00f3n es \u201carmado y forzado\u201d - El Diario - Bolivia<\/title>\n<meta name=\"robots\" content=\"index, follow, max-snippet:-1, max-image-preview:large, max-video-preview:-1\" \/>\n<link rel=\"canonical\" href=\"https:\/\/www.eldiario.net\/portal\/2021\/05\/19\/nuevo-proceso-contra-exdirector-de-migracion-es-armado-y-forzado\/\" \/>\n<meta property=\"og:locale\" content=\"es_ES\" \/>\n<meta property=\"og:type\" content=\"article\" \/>\n<meta property=\"og:title\" content=\"Nuevo proceso contra exdirector de Migraci\u00f3n es \u201carmado y forzado\u201d - El Diario - Bolivia\" \/>\n<meta property=\"og:description\" content=\"El abogado Karlo Brito, que patrocina al exdirector de Migraci\u00f3n, Marcel R., inform\u00f3 ayer que la Fiscal\u00eda emiti\u00f3 una nueva imputaci\u00f3n formal contra su cliente, esta vez, por la presunta emisi\u00f3n de 445 alertas migratorias \u201cilegales\u201d, proceso al que calific\u00f3 como \u201carmado y forzado\u201d porque no hay indicios de responsabilidad. En contacto con EL DIARIO, [&hellip;]\" \/>\n<meta property=\"og:url\" content=\"https:\/\/www.eldiario.net\/portal\/2021\/05\/19\/nuevo-proceso-contra-exdirector-de-migracion-es-armado-y-forzado\/\" \/>\n<meta property=\"og:site_name\" content=\"El Diario - Bolivia\" \/>\n<meta property=\"article:publisher\" content=\"https:\/\/www.facebook.com\/eldiario.bolivia\/\" \/>\n<meta property=\"article:published_time\" content=\"2021-05-19T11:49:34+00:00\" \/>\n<meta name=\"author\" content=\"Jeanette\" \/>\n<meta name=\"twitter:card\" content=\"summary_large_image\" \/>\n<meta name=\"twitter:creator\" content=\"@eldiario_net\" \/>\n<meta name=\"twitter:site\" content=\"@eldiario_net\" \/>\n<meta name=\"twitter:label1\" content=\"Escrito por\" \/>\n\t<meta name=\"twitter:data1\" content=\"Jeanette\" \/>\n\t<meta name=\"twitter:label2\" content=\"Tiempo de lectura\" \/>\n\t<meta name=\"twitter:data2\" content=\"4 minutos\" \/>\n<script type=\"application\/ld+json\" class=\"yoast-schema-graph\">{\"@context\":\"https:\\\/\\\/schema.org\",\"@graph\":[{\"@type\":\"Article\",\"@id\":\"https:\\\/\\\/www.eldiario.net\\\/portal\\\/2021\\\/05\\\/19\\\/nuevo-proceso-contra-exdirector-de-migracion-es-armado-y-forzado\\\/#article\",\"isPartOf\":{\"@id\":\"https:\\\/\\\/www.eldiario.net\\\/portal\\\/2021\\\/05\\\/19\\\/nuevo-proceso-contra-exdirector-de-migracion-es-armado-y-forzado\\\/\"},\"author\":{\"name\":\"Jeanette\",\"@id\":\"https:\\\/\\\/www.eldiario.net\\\/portal\\\/#\\\/schema\\\/person\\\/f46445640444750d7d753ccd04ae01b7\"},\"headline\":\"Nuevo proceso contra exdirector de Migraci\u00f3n es \u201carmado y forzado\u201d\",\"datePublished\":\"2021-05-19T11:49:34+00:00\",\"mainEntityOfPage\":{\"@id\":\"https:\\\/\\\/www.eldiario.net\\\/portal\\\/2021\\\/05\\\/19\\\/nuevo-proceso-contra-exdirector-de-migracion-es-armado-y-forzado\\\/\"},\"wordCount\":759,\"publisher\":{\"@id\":\"https:\\\/\\\/www.eldiario.net\\\/portal\\\/#organization\"},\"image\":{\"@id\":\"https:\\\/\\\/www.eldiario.net\\\/portal\\\/2021\\\/05\\\/19\\\/nuevo-proceso-contra-exdirector-de-migracion-es-armado-y-forzado\\\/#primaryimage\"},\"thumbnailUrl\":\"\",\"articleSection\":[\"Sociedad - Seguridad\"],\"inLanguage\":\"es\"},{\"@type\":\"WebPage\",\"@id\":\"https:\\\/\\\/www.eldiario.net\\\/portal\\\/2021\\\/05\\\/19\\\/nuevo-proceso-contra-exdirector-de-migracion-es-armado-y-forzado\\\/\",\"url\":\"https:\\\/\\\/www.eldiario.net\\\/portal\\\/2021\\\/05\\\/19\\\/nuevo-proceso-contra-exdirector-de-migracion-es-armado-y-forzado\\\/\",\"name\":\"Nuevo proceso contra exdirector de Migraci\u00f3n es \u201carmado y forzado\u201d - El Diario - Bolivia\",\"isPartOf\":{\"@id\":\"https:\\\/\\\/www.eldiario.net\\\/portal\\\/#website\"},\"primaryImageOfPage\":{\"@id\":\"https:\\\/\\\/www.eldiario.net\\\/portal\\\/2021\\\/05\\\/19\\\/nuevo-proceso-contra-exdirector-de-migracion-es-armado-y-forzado\\\/#primaryimage\"},\"image\":{\"@id\":\"https:\\\/\\\/www.eldiario.net\\\/portal\\\/2021\\\/05\\\/19\\\/nuevo-proceso-contra-exdirector-de-migracion-es-armado-y-forzado\\\/#primaryimage\"},\"thumbnailUrl\":\"\",\"datePublished\":\"2021-05-19T11:49:34+00:00\",\"breadcrumb\":{\"@id\":\"https:\\\/\\\/www.eldiario.net\\\/portal\\\/2021\\\/05\\\/19\\\/nuevo-proceso-contra-exdirector-de-migracion-es-armado-y-forzado\\\/#breadcrumb\"},\"inLanguage\":\"es\",\"potentialAction\":[{\"@type\":\"ReadAction\",\"target\":[\"https:\\\/\\\/www.eldiario.net\\\/portal\\\/2021\\\/05\\\/19\\\/nuevo-proceso-contra-exdirector-de-migracion-es-armado-y-forzado\\\/\"]}]},{\"@type\":\"ImageObject\",\"inLanguage\":\"es\",\"@id\":\"https:\\\/\\\/www.eldiario.net\\\/portal\\\/2021\\\/05\\\/19\\\/nuevo-proceso-contra-exdirector-de-migracion-es-armado-y-forzado\\\/#primaryimage\",\"url\":\"\",\"contentUrl\":\"\"},{\"@type\":\"BreadcrumbList\",\"@id\":\"https:\\\/\\\/www.eldiario.net\\\/portal\\\/2021\\\/05\\\/19\\\/nuevo-proceso-contra-exdirector-de-migracion-es-armado-y-forzado\\\/#breadcrumb\",\"itemListElement\":[{\"@type\":\"ListItem\",\"position\":1,\"name\":\"Portada\",\"item\":\"https:\\\/\\\/www.eldiario.net\\\/portal\\\/\"},{\"@type\":\"ListItem\",\"position\":2,\"name\":\"Nuevo proceso contra exdirector de Migraci\u00f3n es \u201carmado y forzado\u201d\"}]},{\"@type\":\"WebSite\",\"@id\":\"https:\\\/\\\/www.eldiario.net\\\/portal\\\/#website\",\"url\":\"https:\\\/\\\/www.eldiario.net\\\/portal\\\/\",\"name\":\"El Diario - Decano de la prensa nacional\",\"description\":\"El Diario - Decano de la prensa nacional\",\"publisher\":{\"@id\":\"https:\\\/\\\/www.eldiario.net\\\/portal\\\/#organization\"},\"potentialAction\":[{\"@type\":\"SearchAction\",\"target\":{\"@type\":\"EntryPoint\",\"urlTemplate\":\"https:\\\/\\\/www.eldiario.net\\\/portal\\\/?s={search_term_string}\"},\"query-input\":{\"@type\":\"PropertyValueSpecification\",\"valueRequired\":true,\"valueName\":\"search_term_string\"}}],\"inLanguage\":\"es\"},{\"@type\":\"Organization\",\"@id\":\"https:\\\/\\\/www.eldiario.net\\\/portal\\\/#organization\",\"name\":\"El Diario - Decano de la prensa nacional\",\"url\":\"https:\\\/\\\/www.eldiario.net\\\/portal\\\/\",\"logo\":{\"@type\":\"ImageObject\",\"inLanguage\":\"es\",\"@id\":\"https:\\\/\\\/www.eldiario.net\\\/portal\\\/#\\\/schema\\\/logo\\\/image\\\/\",\"url\":\"https:\\\/\\\/www.eldiario.net\\\/portal\\\/wp-content\\\/uploads\\\/2023\\\/07\\\/logo_ED.jpg\",\"contentUrl\":\"https:\\\/\\\/www.eldiario.net\\\/portal\\\/wp-content\\\/uploads\\\/2023\\\/07\\\/logo_ED.jpg\",\"width\":272,\"height\":52,\"caption\":\"El Diario - Decano de la prensa nacional\"},\"image\":{\"@id\":\"https:\\\/\\\/www.eldiario.net\\\/portal\\\/#\\\/schema\\\/logo\\\/image\\\/\"},\"sameAs\":[\"https:\\\/\\\/www.facebook.com\\\/eldiario.bolivia\\\/\",\"https:\\\/\\\/x.com\\\/eldiario_net\"]},{\"@type\":\"Person\",\"@id\":\"https:\\\/\\\/www.eldiario.net\\\/portal\\\/#\\\/schema\\\/person\\\/f46445640444750d7d753ccd04ae01b7\",\"name\":\"Jeanette\",\"image\":{\"@type\":\"ImageObject\",\"inLanguage\":\"es\",\"@id\":\"https:\\\/\\\/secure.gravatar.com\\\/avatar\\\/3ea2118a5f7dad2b7138b1187a6b7ee55f160b9968b66013c3a3ef39dd7e5798?s=96&d=mm&r=g\",\"url\":\"https:\\\/\\\/secure.gravatar.com\\\/avatar\\\/3ea2118a5f7dad2b7138b1187a6b7ee55f160b9968b66013c3a3ef39dd7e5798?s=96&d=mm&r=g\",\"contentUrl\":\"https:\\\/\\\/secure.gravatar.com\\\/avatar\\\/3ea2118a5f7dad2b7138b1187a6b7ee55f160b9968b66013c3a3ef39dd7e5798?s=96&d=mm&r=g\",\"caption\":\"Jeanette\"},\"sameAs\":[\"https:\\\/\\\/www.eldiario.net\\\/portal\"],\"url\":\"https:\\\/\\\/www.eldiario.net\\\/portal\\\/author\\\/jeanette\\\/\"}]}<\/script>\n<!-- \/ Yoast SEO plugin. -->","yoast_head_json":{"title":"Nuevo proceso contra exdirector de Migraci\u00f3n es \u201carmado y forzado\u201d - El Diario - Bolivia","robots":{"index":"index","follow":"follow","max-snippet":"max-snippet:-1","max-image-preview":"max-image-preview:large","max-video-preview":"max-video-preview:-1"},"canonical":"https:\/\/www.eldiario.net\/portal\/2021\/05\/19\/nuevo-proceso-contra-exdirector-de-migracion-es-armado-y-forzado\/","og_locale":"es_ES","og_type":"article","og_title":"Nuevo proceso contra exdirector de Migraci\u00f3n es \u201carmado y forzado\u201d - El Diario - Bolivia","og_description":"El abogado Karlo Brito, que patrocina al exdirector de Migraci\u00f3n, Marcel R., inform\u00f3 ayer que la Fiscal\u00eda emiti\u00f3 una nueva imputaci\u00f3n formal contra su cliente, esta vez, por la presunta emisi\u00f3n de 445 alertas migratorias \u201cilegales\u201d, proceso al que calific\u00f3 como \u201carmado y forzado\u201d porque no hay indicios de responsabilidad. En contacto con EL DIARIO, [&hellip;]","og_url":"https:\/\/www.eldiario.net\/portal\/2021\/05\/19\/nuevo-proceso-contra-exdirector-de-migracion-es-armado-y-forzado\/","og_site_name":"El Diario - Bolivia","article_publisher":"https:\/\/www.facebook.com\/eldiario.bolivia\/","article_published_time":"2021-05-19T11:49:34+00:00","author":"Jeanette","twitter_card":"summary_large_image","twitter_creator":"@eldiario_net","twitter_site":"@eldiario_net","twitter_misc":{"Escrito por":"Jeanette","Tiempo de lectura":"4 minutos"},"schema":{"@context":"https:\/\/schema.org","@graph":[{"@type":"Article","@id":"https:\/\/www.eldiario.net\/portal\/2021\/05\/19\/nuevo-proceso-contra-exdirector-de-migracion-es-armado-y-forzado\/#article","isPartOf":{"@id":"https:\/\/www.eldiario.net\/portal\/2021\/05\/19\/nuevo-proceso-contra-exdirector-de-migracion-es-armado-y-forzado\/"},"author":{"name":"Jeanette","@id":"https:\/\/www.eldiario.net\/portal\/#\/schema\/person\/f46445640444750d7d753ccd04ae01b7"},"headline":"Nuevo proceso contra exdirector de Migraci\u00f3n es \u201carmado y forzado\u201d","datePublished":"2021-05-19T11:49:34+00:00","mainEntityOfPage":{"@id":"https:\/\/www.eldiario.net\/portal\/2021\/05\/19\/nuevo-proceso-contra-exdirector-de-migracion-es-armado-y-forzado\/"},"wordCount":759,"publisher":{"@id":"https:\/\/www.eldiario.net\/portal\/#organization"},"image":{"@id":"https:\/\/www.eldiario.net\/portal\/2021\/05\/19\/nuevo-proceso-contra-exdirector-de-migracion-es-armado-y-forzado\/#primaryimage"},"thumbnailUrl":"","articleSection":["Sociedad - Seguridad"],"inLanguage":"es"},{"@type":"WebPage","@id":"https:\/\/www.eldiario.net\/portal\/2021\/05\/19\/nuevo-proceso-contra-exdirector-de-migracion-es-armado-y-forzado\/","url":"https:\/\/www.eldiario.net\/portal\/2021\/05\/19\/nuevo-proceso-contra-exdirector-de-migracion-es-armado-y-forzado\/","name":"Nuevo proceso contra exdirector de Migraci\u00f3n es \u201carmado y forzado\u201d - El Diario - Bolivia","isPartOf":{"@id":"https:\/\/www.eldiario.net\/portal\/#website"},"primaryImageOfPage":{"@id":"https:\/\/www.eldiario.net\/portal\/2021\/05\/19\/nuevo-proceso-contra-exdirector-de-migracion-es-armado-y-forzado\/#primaryimage"},"image":{"@id":"https:\/\/www.eldiario.net\/portal\/2021\/05\/19\/nuevo-proceso-contra-exdirector-de-migracion-es-armado-y-forzado\/#primaryimage"},"thumbnailUrl":"","datePublished":"2021-05-19T11:49:34+00:00","breadcrumb":{"@id":"https:\/\/www.eldiario.net\/portal\/2021\/05\/19\/nuevo-proceso-contra-exdirector-de-migracion-es-armado-y-forzado\/#breadcrumb"},"inLanguage":"es","potentialAction":[{"@type":"ReadAction","target":["https:\/\/www.eldiario.net\/portal\/2021\/05\/19\/nuevo-proceso-contra-exdirector-de-migracion-es-armado-y-forzado\/"]}]},{"@type":"ImageObject","inLanguage":"es","@id":"https:\/\/www.eldiario.net\/portal\/2021\/05\/19\/nuevo-proceso-contra-exdirector-de-migracion-es-armado-y-forzado\/#primaryimage","url":"","contentUrl":""},{"@type":"BreadcrumbList","@id":"https:\/\/www.eldiario.net\/portal\/2021\/05\/19\/nuevo-proceso-contra-exdirector-de-migracion-es-armado-y-forzado\/#breadcrumb","itemListElement":[{"@type":"ListItem","position":1,"name":"Portada","item":"https:\/\/www.eldiario.net\/portal\/"},{"@type":"ListItem","position":2,"name":"Nuevo proceso contra exdirector de Migraci\u00f3n es \u201carmado y forzado\u201d"}]},{"@type":"WebSite","@id":"https:\/\/www.eldiario.net\/portal\/#website","url":"https:\/\/www.eldiario.net\/portal\/","name":"El Diario - Decano de la prensa nacional","description":"El Diario - Decano de la prensa nacional","publisher":{"@id":"https:\/\/www.eldiario.net\/portal\/#organization"},"potentialAction":[{"@type":"SearchAction","target":{"@type":"EntryPoint","urlTemplate":"https:\/\/www.eldiario.net\/portal\/?s={search_term_string}"},"query-input":{"@type":"PropertyValueSpecification","valueRequired":true,"valueName":"search_term_string"}}],"inLanguage":"es"},{"@type":"Organization","@id":"https:\/\/www.eldiario.net\/portal\/#organization","name":"El Diario - Decano de la prensa nacional","url":"https:\/\/www.eldiario.net\/portal\/","logo":{"@type":"ImageObject","inLanguage":"es","@id":"https:\/\/www.eldiario.net\/portal\/#\/schema\/logo\/image\/","url":"https:\/\/www.eldiario.net\/portal\/wp-content\/uploads\/2023\/07\/logo_ED.jpg","contentUrl":"https:\/\/www.eldiario.net\/portal\/wp-content\/uploads\/2023\/07\/logo_ED.jpg","width":272,"height":52,"caption":"El Diario - Decano de la prensa nacional"},"image":{"@id":"https:\/\/www.eldiario.net\/portal\/#\/schema\/logo\/image\/"},"sameAs":["https:\/\/www.facebook.com\/eldiario.bolivia\/","https:\/\/x.com\/eldiario_net"]},{"@type":"Person","@id":"https:\/\/www.eldiario.net\/portal\/#\/schema\/person\/f46445640444750d7d753ccd04ae01b7","name":"Jeanette","image":{"@type":"ImageObject","inLanguage":"es","@id":"https:\/\/secure.gravatar.com\/avatar\/3ea2118a5f7dad2b7138b1187a6b7ee55f160b9968b66013c3a3ef39dd7e5798?s=96&d=mm&r=g","url":"https:\/\/secure.gravatar.com\/avatar\/3ea2118a5f7dad2b7138b1187a6b7ee55f160b9968b66013c3a3ef39dd7e5798?s=96&d=mm&r=g","contentUrl":"https:\/\/secure.gravatar.com\/avatar\/3ea2118a5f7dad2b7138b1187a6b7ee55f160b9968b66013c3a3ef39dd7e5798?s=96&d=mm&r=g","caption":"Jeanette"},"sameAs":["https:\/\/www.eldiario.net\/portal"],"url":"https:\/\/www.eldiario.net\/portal\/author\/jeanette\/"}]}},"_links":{"self":[{"href":"https:\/\/www.eldiario.net\/portal\/wp-json\/wp\/v2\/posts\/4911","targetHints":{"allow":["GET"]}}],"collection":[{"href":"https:\/\/www.eldiario.net\/portal\/wp-json\/wp\/v2\/posts"}],"about":[{"href":"https:\/\/www.eldiario.net\/portal\/wp-json\/wp\/v2\/types\/post"}],"author":[{"embeddable":true,"href":"https:\/\/www.eldiario.net\/portal\/wp-json\/wp\/v2\/users\/1"}],"replies":[{"embeddable":true,"href":"https:\/\/www.eldiario.net\/portal\/wp-json\/wp\/v2\/comments?post=4911"}],"version-history":[{"count":0,"href":"https:\/\/www.eldiario.net\/portal\/wp-json\/wp\/v2\/posts\/4911\/revisions"}],"wp:attachment":[{"href":"https:\/\/www.eldiario.net\/portal\/wp-json\/wp\/v2\/media?parent=4911"}],"wp:term":[{"taxonomy":"category","embeddable":true,"href":"https:\/\/www.eldiario.net\/portal\/wp-json\/wp\/v2\/categories?post=4911"},{"taxonomy":"post_tag","embeddable":true,"href":"https:\/\/www.eldiario.net\/portal\/wp-json\/wp\/v2\/tags?post=4911"}],"curies":[{"name":"wp","href":"https:\/\/api.w.org\/{rel}","templated":true}]}}