{"id":4908,"date":"2021-05-19T07:48:03","date_gmt":"2021-05-19T11:48:03","guid":{"rendered":"https:\/\/www.eldiario.net\/portal\/?p=4908"},"modified":"2021-05-19T07:48:03","modified_gmt":"2021-05-19T11:48:03","slug":"suman-47-feminicidios-y-11-infanticidios-en-el-pais","status":"publish","type":"post","link":"https:\/\/www.eldiario.net\/portal\/2021\/05\/19\/suman-47-feminicidios-y-11-infanticidios-en-el-pais\/","title":{"rendered":"Suman 47 feminicidios y  11 infanticidios en el pa\u00eds"},"content":{"rendered":"<p>Entre el 1 de enero al 18 de mayo de 2021, el Ministerio P\u00fablico registr\u00f3 47 casos de feminicidio y once infanticidios, inform\u00f3 ayer el director de la Fiscal\u00eda Especializada en Delitos Contra la Vida, Sergio Fajardo. Los \u00faltimos tres asesinatos de mujeres se reportaron en los departamentos de Oruro, Cochabamba y Santa Cruz.<br \/>\n\u201cA nivel nacional tenemos un registro de 47 feminicidios, los \u00faltimos tres hechos fueron reportados en los departamentos de Oruro, Cochabamba y Santa Cruz. En el caso de Oruro la v\u00edctima es una mujer de 50 a 60 a\u00f1os de edad, que a\u00fan no fue identificada, quien se encontraba en v\u00eda p\u00fablica por inmediaciones del Mercado Campero, ayer 17 de mayo, con evidentes signos de violencia, la causa de muerte es traumatismo enc\u00e9falo craneal (TEC cerrado), hematoma sudural de hemisferio derecho, policontusa, con data de muerte de cinco a ocho horas al momento de la autopsia. El caso se investiga contra el autor o autores\u201d, dijo Fajardo.<br \/>\nEn el caso de Cochabamba, el hecho se registr\u00f3 el pasado lunes en la comunidad de Chuchuncani del municipio de Pocona, se encontr\u00f3 el cad\u00e1ver de Isabel V., enterrada debajo de un tractor, en el garaje de una vivienda, se presume que fue victimada por el due\u00f1o del inmueble Casto O.B., quien fue aprehendido con fines investigativos.<br \/>\nEn Santa Cruz se registr\u00f3 un caso de una mujer que presuntamente fue victimada por su pareja en un motel de la zona Villa Primero de Mayo, en horas de ayer martes. El presunto autor del hecho le asest\u00f3 17 pu\u00f1aladas.<br \/>\nFajardo precis\u00f3 que el Ministerio P\u00fablico solicitar\u00e1 la aplicaci\u00f3n de procedimiento inmediato en contra del sujeto que fue aprehendido en flagrancia cuando pretend\u00eda huir del lugar del hecho.<\/p>\n<p>DATOS<br \/>\nDe acuerdo a los datos del Ministerio P\u00fablico, se registran 47 feminicidios en el pa\u00eds. En el departamento de La Paz se registraron 13 casos, nueve en Cochabamba, nueve en Santa Cruz, seis en Oruro, tres en Potos\u00ed, tres en Chuquisaca, dos en Beni, uno en Pando y uno en Tarija.<\/p>\n<p>INFANTICIDIO<br \/>\nEl caso n\u00famero once de infanticidio se registr\u00f3 en la ciudad de Bermejo (Tarija). La v\u00edctima es un reci\u00e9n nacido que se encontraba en plena v\u00eda p\u00fablica en estado de descomposici\u00f3n por carro\u00f1a.<br \/>\nLa autopsia de ley se\u00f1ala que el neonato presenta amputaci\u00f3n completa de miembro superior izquierdo e inferiores, heridas por carro\u00f1a en el t\u00f3rax izquierdo, con causa de muerte asfixia mec\u00e1nica por compresi\u00f3n cervical, con data de la muerte entre cuatro a siete d\u00edas antes del actuado m\u00e9dico legal. Caso que est\u00e1 en proceso de investigaci\u00f3n.<br \/>\nSeg\u00fan la Direcci\u00f3n Fiscal\u00eda Especializada en Delitos Contra la Vida, hasta ayer se registraron once infanticidios, de estos, cinco fueron en Chuquisaca, tres en La Paz, uno en Santa Cruz, uno en Cochabamba y uno en Tarija.<\/p>\n","protected":false},"excerpt":{"rendered":"<p>Entre el 1 de enero al 18 de mayo de 2021, el Ministerio P\u00fablico registr\u00f3 47 casos de feminicidio y once infanticidios, inform\u00f3 ayer el director de la Fiscal\u00eda Especializada en Delitos Contra la Vida, Sergio Fajardo. Los \u00faltimos tres asesinatos de mujeres se reportaron en los departamentos de Oruro, Cochabamba y Santa Cruz. \u201cA [&hellip;]<\/p>\n","protected":false},"author":1,"featured_media":4909,"comment_status":"closed","ping_status":"closed","sticky":false,"template":"","format":"standard","meta":{"_acf_changed":false,"footnotes":""},"categories":[39],"tags":[],"class_list":["post-4908","post","type-post","status-publish","format-standard","has-post-thumbnail","category-sociedad"],"acf":{"antetitulo":""},"yoast_head":"<!-- This site is optimized with the Yoast SEO plugin v28.3 - https:\/\/yoast.com\/product\/yoast-seo-wordpress\/ -->\n<title>Suman 47 feminicidios y 11 infanticidios en el pa\u00eds - El Diario - Bolivia<\/title>\n<meta name=\"robots\" content=\"index, follow, max-snippet:-1, max-image-preview:large, max-video-preview:-1\" \/>\n<link rel=\"canonical\" href=\"https:\/\/www.eldiario.net\/portal\/2021\/05\/19\/suman-47-feminicidios-y-11-infanticidios-en-el-pais\/\" \/>\n<meta property=\"og:locale\" content=\"es_ES\" \/>\n<meta property=\"og:type\" content=\"article\" \/>\n<meta property=\"og:title\" content=\"Suman 47 feminicidios y 11 infanticidios en el pa\u00eds - El Diario - Bolivia\" \/>\n<meta property=\"og:description\" content=\"Entre el 1 de enero al 18 de mayo de 2021, el Ministerio P\u00fablico registr\u00f3 47 casos de feminicidio y once infanticidios, inform\u00f3 ayer el director de la Fiscal\u00eda Especializada en Delitos Contra la Vida, Sergio Fajardo. Los \u00faltimos tres asesinatos de mujeres se reportaron en los departamentos de Oruro, Cochabamba y Santa Cruz. \u201cA [&hellip;]\" \/>\n<meta property=\"og:url\" content=\"https:\/\/www.eldiario.net\/portal\/2021\/05\/19\/suman-47-feminicidios-y-11-infanticidios-en-el-pais\/\" \/>\n<meta property=\"og:site_name\" content=\"El Diario - Bolivia\" \/>\n<meta property=\"article:publisher\" content=\"https:\/\/www.facebook.com\/eldiario.bolivia\/\" \/>\n<meta property=\"article:published_time\" content=\"2021-05-19T11:48:03+00:00\" \/>\n<meta property=\"og:image\" content=\"https:\/\/www.eldiario.net\/portal\/wp-content\/uploads\/2021\/05\/VIOLENCIA.jpg\" \/>\n\t<meta property=\"og:image:width\" content=\"820\" \/>\n\t<meta property=\"og:image:height\" content=\"460\" \/>\n\t<meta property=\"og:image:type\" content=\"image\/jpeg\" \/>\n<meta name=\"author\" content=\"Jeanette\" \/>\n<meta name=\"twitter:card\" content=\"summary_large_image\" \/>\n<meta name=\"twitter:creator\" content=\"@eldiario_net\" \/>\n<meta name=\"twitter:site\" content=\"@eldiario_net\" \/>\n<meta name=\"twitter:label1\" content=\"Escrito por\" \/>\n\t<meta name=\"twitter:data1\" content=\"Jeanette\" \/>\n\t<meta name=\"twitter:label2\" content=\"Tiempo de lectura\" \/>\n\t<meta name=\"twitter:data2\" content=\"3 minutos\" \/>\n<script type=\"application\/ld+json\" class=\"yoast-schema-graph\">{\"@context\":\"https:\\\/\\\/schema.org\",\"@graph\":[{\"@type\":\"Article\",\"@id\":\"https:\\\/\\\/www.eldiario.net\\\/portal\\\/2021\\\/05\\\/19\\\/suman-47-feminicidios-y-11-infanticidios-en-el-pais\\\/#article\",\"isPartOf\":{\"@id\":\"https:\\\/\\\/www.eldiario.net\\\/portal\\\/2021\\\/05\\\/19\\\/suman-47-feminicidios-y-11-infanticidios-en-el-pais\\\/\"},\"author\":{\"name\":\"Jeanette\",\"@id\":\"https:\\\/\\\/www.eldiario.net\\\/portal\\\/#\\\/schema\\\/person\\\/f46445640444750d7d753ccd04ae01b7\"},\"headline\":\"Suman 47 feminicidios y 11 infanticidios en el pa\u00eds\",\"datePublished\":\"2021-05-19T11:48:03+00:00\",\"mainEntityOfPage\":{\"@id\":\"https:\\\/\\\/www.eldiario.net\\\/portal\\\/2021\\\/05\\\/19\\\/suman-47-feminicidios-y-11-infanticidios-en-el-pais\\\/\"},\"wordCount\":498,\"publisher\":{\"@id\":\"https:\\\/\\\/www.eldiario.net\\\/portal\\\/#organization\"},\"image\":{\"@id\":\"https:\\\/\\\/www.eldiario.net\\\/portal\\\/2021\\\/05\\\/19\\\/suman-47-feminicidios-y-11-infanticidios-en-el-pais\\\/#primaryimage\"},\"thumbnailUrl\":\"https:\\\/\\\/www.eldiario.net\\\/portal\\\/wp-content\\\/uploads\\\/2021\\\/05\\\/VIOLENCIA.jpg\",\"articleSection\":[\"Sociedad - Seguridad\"],\"inLanguage\":\"es\"},{\"@type\":\"WebPage\",\"@id\":\"https:\\\/\\\/www.eldiario.net\\\/portal\\\/2021\\\/05\\\/19\\\/suman-47-feminicidios-y-11-infanticidios-en-el-pais\\\/\",\"url\":\"https:\\\/\\\/www.eldiario.net\\\/portal\\\/2021\\\/05\\\/19\\\/suman-47-feminicidios-y-11-infanticidios-en-el-pais\\\/\",\"name\":\"Suman 47 feminicidios y 11 infanticidios en el pa\u00eds - El Diario - Bolivia\",\"isPartOf\":{\"@id\":\"https:\\\/\\\/www.eldiario.net\\\/portal\\\/#website\"},\"primaryImageOfPage\":{\"@id\":\"https:\\\/\\\/www.eldiario.net\\\/portal\\\/2021\\\/05\\\/19\\\/suman-47-feminicidios-y-11-infanticidios-en-el-pais\\\/#primaryimage\"},\"image\":{\"@id\":\"https:\\\/\\\/www.eldiario.net\\\/portal\\\/2021\\\/05\\\/19\\\/suman-47-feminicidios-y-11-infanticidios-en-el-pais\\\/#primaryimage\"},\"thumbnailUrl\":\"https:\\\/\\\/www.eldiario.net\\\/portal\\\/wp-content\\\/uploads\\\/2021\\\/05\\\/VIOLENCIA.jpg\",\"datePublished\":\"2021-05-19T11:48:03+00:00\",\"breadcrumb\":{\"@id\":\"https:\\\/\\\/www.eldiario.net\\\/portal\\\/2021\\\/05\\\/19\\\/suman-47-feminicidios-y-11-infanticidios-en-el-pais\\\/#breadcrumb\"},\"inLanguage\":\"es\",\"potentialAction\":[{\"@type\":\"ReadAction\",\"target\":[\"https:\\\/\\\/www.eldiario.net\\\/portal\\\/2021\\\/05\\\/19\\\/suman-47-feminicidios-y-11-infanticidios-en-el-pais\\\/\"]}]},{\"@type\":\"ImageObject\",\"inLanguage\":\"es\",\"@id\":\"https:\\\/\\\/www.eldiario.net\\\/portal\\\/2021\\\/05\\\/19\\\/suman-47-feminicidios-y-11-infanticidios-en-el-pais\\\/#primaryimage\",\"url\":\"https:\\\/\\\/www.eldiario.net\\\/portal\\\/wp-content\\\/uploads\\\/2021\\\/05\\\/VIOLENCIA.jpg\",\"contentUrl\":\"https:\\\/\\\/www.eldiario.net\\\/portal\\\/wp-content\\\/uploads\\\/2021\\\/05\\\/VIOLENCIA.jpg\",\"width\":820,\"height\":460},{\"@type\":\"BreadcrumbList\",\"@id\":\"https:\\\/\\\/www.eldiario.net\\\/portal\\\/2021\\\/05\\\/19\\\/suman-47-feminicidios-y-11-infanticidios-en-el-pais\\\/#breadcrumb\",\"itemListElement\":[{\"@type\":\"ListItem\",\"position\":1,\"name\":\"Portada\",\"item\":\"https:\\\/\\\/www.eldiario.net\\\/portal\\\/\"},{\"@type\":\"ListItem\",\"position\":2,\"name\":\"Suman 47 feminicidios y 11 infanticidios en el pa\u00eds\"}]},{\"@type\":\"WebSite\",\"@id\":\"https:\\\/\\\/www.eldiario.net\\\/portal\\\/#website\",\"url\":\"https:\\\/\\\/www.eldiario.net\\\/portal\\\/\",\"name\":\"El Diario - Decano de la prensa nacional\",\"description\":\"El Diario - Decano de la prensa nacional\",\"publisher\":{\"@id\":\"https:\\\/\\\/www.eldiario.net\\\/portal\\\/#organization\"},\"potentialAction\":[{\"@type\":\"SearchAction\",\"target\":{\"@type\":\"EntryPoint\",\"urlTemplate\":\"https:\\\/\\\/www.eldiario.net\\\/portal\\\/?s={search_term_string}\"},\"query-input\":{\"@type\":\"PropertyValueSpecification\",\"valueRequired\":true,\"valueName\":\"search_term_string\"}}],\"inLanguage\":\"es\"},{\"@type\":\"Organization\",\"@id\":\"https:\\\/\\\/www.eldiario.net\\\/portal\\\/#organization\",\"name\":\"El Diario - Decano de la prensa nacional\",\"url\":\"https:\\\/\\\/www.eldiario.net\\\/portal\\\/\",\"logo\":{\"@type\":\"ImageObject\",\"inLanguage\":\"es\",\"@id\":\"https:\\\/\\\/www.eldiario.net\\\/portal\\\/#\\\/schema\\\/logo\\\/image\\\/\",\"url\":\"https:\\\/\\\/www.eldiario.net\\\/portal\\\/wp-content\\\/uploads\\\/2023\\\/07\\\/logo_ED.jpg\",\"contentUrl\":\"https:\\\/\\\/www.eldiario.net\\\/portal\\\/wp-content\\\/uploads\\\/2023\\\/07\\\/logo_ED.jpg\",\"width\":272,\"height\":52,\"caption\":\"El Diario - Decano de la prensa nacional\"},\"image\":{\"@id\":\"https:\\\/\\\/www.eldiario.net\\\/portal\\\/#\\\/schema\\\/logo\\\/image\\\/\"},\"sameAs\":[\"https:\\\/\\\/www.facebook.com\\\/eldiario.bolivia\\\/\",\"https:\\\/\\\/x.com\\\/eldiario_net\"]},{\"@type\":\"Person\",\"@id\":\"https:\\\/\\\/www.eldiario.net\\\/portal\\\/#\\\/schema\\\/person\\\/f46445640444750d7d753ccd04ae01b7\",\"name\":\"Jeanette\",\"image\":{\"@type\":\"ImageObject\",\"inLanguage\":\"es\",\"@id\":\"https:\\\/\\\/secure.gravatar.com\\\/avatar\\\/3ea2118a5f7dad2b7138b1187a6b7ee55f160b9968b66013c3a3ef39dd7e5798?s=96&d=mm&r=g\",\"url\":\"https:\\\/\\\/secure.gravatar.com\\\/avatar\\\/3ea2118a5f7dad2b7138b1187a6b7ee55f160b9968b66013c3a3ef39dd7e5798?s=96&d=mm&r=g\",\"contentUrl\":\"https:\\\/\\\/secure.gravatar.com\\\/avatar\\\/3ea2118a5f7dad2b7138b1187a6b7ee55f160b9968b66013c3a3ef39dd7e5798?s=96&d=mm&r=g\",\"caption\":\"Jeanette\"},\"sameAs\":[\"https:\\\/\\\/www.eldiario.net\\\/portal\"],\"url\":\"https:\\\/\\\/www.eldiario.net\\\/portal\\\/author\\\/jeanette\\\/\"}]}<\/script>\n<!-- \/ Yoast SEO plugin. -->","yoast_head_json":{"title":"Suman 47 feminicidios y 11 infanticidios en el pa\u00eds - El Diario - Bolivia","robots":{"index":"index","follow":"follow","max-snippet":"max-snippet:-1","max-image-preview":"max-image-preview:large","max-video-preview":"max-video-preview:-1"},"canonical":"https:\/\/www.eldiario.net\/portal\/2021\/05\/19\/suman-47-feminicidios-y-11-infanticidios-en-el-pais\/","og_locale":"es_ES","og_type":"article","og_title":"Suman 47 feminicidios y 11 infanticidios en el pa\u00eds - El Diario - Bolivia","og_description":"Entre el 1 de enero al 18 de mayo de 2021, el Ministerio P\u00fablico registr\u00f3 47 casos de feminicidio y once infanticidios, inform\u00f3 ayer el director de la Fiscal\u00eda Especializada en Delitos Contra la Vida, Sergio Fajardo. Los \u00faltimos tres asesinatos de mujeres se reportaron en los departamentos de Oruro, Cochabamba y Santa Cruz. \u201cA [&hellip;]","og_url":"https:\/\/www.eldiario.net\/portal\/2021\/05\/19\/suman-47-feminicidios-y-11-infanticidios-en-el-pais\/","og_site_name":"El Diario - Bolivia","article_publisher":"https:\/\/www.facebook.com\/eldiario.bolivia\/","article_published_time":"2021-05-19T11:48:03+00:00","og_image":[{"width":820,"height":460,"url":"https:\/\/www.eldiario.net\/portal\/wp-content\/uploads\/2021\/05\/VIOLENCIA.jpg","type":"image\/jpeg"}],"author":"Jeanette","twitter_card":"summary_large_image","twitter_creator":"@eldiario_net","twitter_site":"@eldiario_net","twitter_misc":{"Escrito por":"Jeanette","Tiempo de lectura":"3 minutos"},"schema":{"@context":"https:\/\/schema.org","@graph":[{"@type":"Article","@id":"https:\/\/www.eldiario.net\/portal\/2021\/05\/19\/suman-47-feminicidios-y-11-infanticidios-en-el-pais\/#article","isPartOf":{"@id":"https:\/\/www.eldiario.net\/portal\/2021\/05\/19\/suman-47-feminicidios-y-11-infanticidios-en-el-pais\/"},"author":{"name":"Jeanette","@id":"https:\/\/www.eldiario.net\/portal\/#\/schema\/person\/f46445640444750d7d753ccd04ae01b7"},"headline":"Suman 47 feminicidios y 11 infanticidios en el pa\u00eds","datePublished":"2021-05-19T11:48:03+00:00","mainEntityOfPage":{"@id":"https:\/\/www.eldiario.net\/portal\/2021\/05\/19\/suman-47-feminicidios-y-11-infanticidios-en-el-pais\/"},"wordCount":498,"publisher":{"@id":"https:\/\/www.eldiario.net\/portal\/#organization"},"image":{"@id":"https:\/\/www.eldiario.net\/portal\/2021\/05\/19\/suman-47-feminicidios-y-11-infanticidios-en-el-pais\/#primaryimage"},"thumbnailUrl":"https:\/\/www.eldiario.net\/portal\/wp-content\/uploads\/2021\/05\/VIOLENCIA.jpg","articleSection":["Sociedad - Seguridad"],"inLanguage":"es"},{"@type":"WebPage","@id":"https:\/\/www.eldiario.net\/portal\/2021\/05\/19\/suman-47-feminicidios-y-11-infanticidios-en-el-pais\/","url":"https:\/\/www.eldiario.net\/portal\/2021\/05\/19\/suman-47-feminicidios-y-11-infanticidios-en-el-pais\/","name":"Suman 47 feminicidios y 11 infanticidios en el pa\u00eds - El Diario - Bolivia","isPartOf":{"@id":"https:\/\/www.eldiario.net\/portal\/#website"},"primaryImageOfPage":{"@id":"https:\/\/www.eldiario.net\/portal\/2021\/05\/19\/suman-47-feminicidios-y-11-infanticidios-en-el-pais\/#primaryimage"},"image":{"@id":"https:\/\/www.eldiario.net\/portal\/2021\/05\/19\/suman-47-feminicidios-y-11-infanticidios-en-el-pais\/#primaryimage"},"thumbnailUrl":"https:\/\/www.eldiario.net\/portal\/wp-content\/uploads\/2021\/05\/VIOLENCIA.jpg","datePublished":"2021-05-19T11:48:03+00:00","breadcrumb":{"@id":"https:\/\/www.eldiario.net\/portal\/2021\/05\/19\/suman-47-feminicidios-y-11-infanticidios-en-el-pais\/#breadcrumb"},"inLanguage":"es","potentialAction":[{"@type":"ReadAction","target":["https:\/\/www.eldiario.net\/portal\/2021\/05\/19\/suman-47-feminicidios-y-11-infanticidios-en-el-pais\/"]}]},{"@type":"ImageObject","inLanguage":"es","@id":"https:\/\/www.eldiario.net\/portal\/2021\/05\/19\/suman-47-feminicidios-y-11-infanticidios-en-el-pais\/#primaryimage","url":"https:\/\/www.eldiario.net\/portal\/wp-content\/uploads\/2021\/05\/VIOLENCIA.jpg","contentUrl":"https:\/\/www.eldiario.net\/portal\/wp-content\/uploads\/2021\/05\/VIOLENCIA.jpg","width":820,"height":460},{"@type":"BreadcrumbList","@id":"https:\/\/www.eldiario.net\/portal\/2021\/05\/19\/suman-47-feminicidios-y-11-infanticidios-en-el-pais\/#breadcrumb","itemListElement":[{"@type":"ListItem","position":1,"name":"Portada","item":"https:\/\/www.eldiario.net\/portal\/"},{"@type":"ListItem","position":2,"name":"Suman 47 feminicidios y 11 infanticidios en el pa\u00eds"}]},{"@type":"WebSite","@id":"https:\/\/www.eldiario.net\/portal\/#website","url":"https:\/\/www.eldiario.net\/portal\/","name":"El Diario - Decano de la prensa nacional","description":"El Diario - Decano de la prensa nacional","publisher":{"@id":"https:\/\/www.eldiario.net\/portal\/#organization"},"potentialAction":[{"@type":"SearchAction","target":{"@type":"EntryPoint","urlTemplate":"https:\/\/www.eldiario.net\/portal\/?s={search_term_string}"},"query-input":{"@type":"PropertyValueSpecification","valueRequired":true,"valueName":"search_term_string"}}],"inLanguage":"es"},{"@type":"Organization","@id":"https:\/\/www.eldiario.net\/portal\/#organization","name":"El Diario - Decano de la prensa nacional","url":"https:\/\/www.eldiario.net\/portal\/","logo":{"@type":"ImageObject","inLanguage":"es","@id":"https:\/\/www.eldiario.net\/portal\/#\/schema\/logo\/image\/","url":"https:\/\/www.eldiario.net\/portal\/wp-content\/uploads\/2023\/07\/logo_ED.jpg","contentUrl":"https:\/\/www.eldiario.net\/portal\/wp-content\/uploads\/2023\/07\/logo_ED.jpg","width":272,"height":52,"caption":"El Diario - Decano de la prensa nacional"},"image":{"@id":"https:\/\/www.eldiario.net\/portal\/#\/schema\/logo\/image\/"},"sameAs":["https:\/\/www.facebook.com\/eldiario.bolivia\/","https:\/\/x.com\/eldiario_net"]},{"@type":"Person","@id":"https:\/\/www.eldiario.net\/portal\/#\/schema\/person\/f46445640444750d7d753ccd04ae01b7","name":"Jeanette","image":{"@type":"ImageObject","inLanguage":"es","@id":"https:\/\/secure.gravatar.com\/avatar\/3ea2118a5f7dad2b7138b1187a6b7ee55f160b9968b66013c3a3ef39dd7e5798?s=96&d=mm&r=g","url":"https:\/\/secure.gravatar.com\/avatar\/3ea2118a5f7dad2b7138b1187a6b7ee55f160b9968b66013c3a3ef39dd7e5798?s=96&d=mm&r=g","contentUrl":"https:\/\/secure.gravatar.com\/avatar\/3ea2118a5f7dad2b7138b1187a6b7ee55f160b9968b66013c3a3ef39dd7e5798?s=96&d=mm&r=g","caption":"Jeanette"},"sameAs":["https:\/\/www.eldiario.net\/portal"],"url":"https:\/\/www.eldiario.net\/portal\/author\/jeanette\/"}]}},"_links":{"self":[{"href":"https:\/\/www.eldiario.net\/portal\/wp-json\/wp\/v2\/posts\/4908","targetHints":{"allow":["GET"]}}],"collection":[{"href":"https:\/\/www.eldiario.net\/portal\/wp-json\/wp\/v2\/posts"}],"about":[{"href":"https:\/\/www.eldiario.net\/portal\/wp-json\/wp\/v2\/types\/post"}],"author":[{"embeddable":true,"href":"https:\/\/www.eldiario.net\/portal\/wp-json\/wp\/v2\/users\/1"}],"replies":[{"embeddable":true,"href":"https:\/\/www.eldiario.net\/portal\/wp-json\/wp\/v2\/comments?post=4908"}],"version-history":[{"count":0,"href":"https:\/\/www.eldiario.net\/portal\/wp-json\/wp\/v2\/posts\/4908\/revisions"}],"wp:featuredmedia":[{"embeddable":true,"href":"https:\/\/www.eldiario.net\/portal\/wp-json\/wp\/v2\/media\/4909"}],"wp:attachment":[{"href":"https:\/\/www.eldiario.net\/portal\/wp-json\/wp\/v2\/media?parent=4908"}],"wp:term":[{"taxonomy":"category","embeddable":true,"href":"https:\/\/www.eldiario.net\/portal\/wp-json\/wp\/v2\/categories?post=4908"},{"taxonomy":"post_tag","embeddable":true,"href":"https:\/\/www.eldiario.net\/portal\/wp-json\/wp\/v2\/tags?post=4908"}],"curies":[{"name":"wp","href":"https:\/\/api.w.org\/{rel}","templated":true}]}}