{"id":4895,"date":"2021-05-19T07:43:52","date_gmt":"2021-05-19T11:43:52","guid":{"rendered":"https:\/\/www.eldiario.net\/portal\/?p=4895"},"modified":"2021-05-19T07:43:52","modified_gmt":"2021-05-19T11:43:52","slug":"217-muertos-por-bombardeos-contra-gaza","status":"publish","type":"post","link":"https:\/\/www.eldiario.net\/portal\/2021\/05\/19\/217-muertos-por-bombardeos-contra-gaza\/","title":{"rendered":"217 muertos por bombardeos contra Gaza"},"content":{"rendered":"<p>Alrededor de 217 personas han muerto a causa de los bombardeos ejecutados desde el 10 de mayo por Israel contra la Franja de Gaza, seg\u00fan el \u00faltimo balance facilitado por las autoridades del enclave palestino, controlado por el Movimiento de Resistencia Isl\u00e1mica (Ham\u00e1s).<br \/>\nEl Ministerio de Sanidad gazac\u00ed se\u00f1al\u00f3 que hasta el momento han muerto 212 palestinos, incluidos 58 menores de edad, y ha agregado que 1.450 personas han resultado heridas en el marco de la ofensiva, tal y como ha recogido la agencia palestina de noticias Maan.<br \/>\nLos ataques a\u00e9reos israel\u00edes continuaron a primera hora del d\u00eda, incluido uno que ha alcanzado un edificio perteneciente a la Universidad Isl\u00e1mica en la Franja, que conten\u00eda centros educativos y una biblioteca, sin que haya detalles sobre si adem\u00e1s ha dejado v\u00edctimas.<br \/>\nAsimismo, fueron bombardeadas varias viviendas en las localidades de Ciudad de Gaza, Jan Yunis y Abasan, as\u00ed como oficinas de Ham\u00e1s y edificios gubernamentales en el enclave.<br \/>\nSeg\u00fan las informaciones recogidas por el diario \u201cThe Times of Israel\u201d, durante las \u00faltimas cinco horas no han sido disparados proyectiles desde la Franja, con el \u00faltimo disparado a las 6.15 horas (hora local), en medio de los esfuerzos internacionales para pactar un alto el fuego.<br \/>\nAl balance de v\u00edctimas en Gaza hay que sumar la muerte de diez personas en Israel por el disparo de proyectiles desde la Franja, entre ellas una ciudadana india, y la de m\u00e1s de 20 palestinos en Cisjordania en el marco de la represi\u00f3n de las \u00faltimas movilizaciones para condenar la ofensiva contra Gaza y los sucesos en Jerusal\u00e9n.<br \/>\nEn este sentido, el presidente de Rusia, Vladimir Putin, hizo durante la jornada un llamamiento al fin de las hostilidades y ha destacado que los enfrentamientos \u00abya ha provocado una gran cantidad de v\u00edctimas civiles, entre ellos ni\u00f1os\u00bb, seg\u00fan ha informado la agencia rusa de noticias Sputnik.<br \/>\n\u00abEs imperativo poner fin a los actos de violencia desde los dos bandos\u00bb, manifest\u00f3 Putin, quien ha abogado por buscar una soluci\u00f3n al conflicto que se ajuste a las resoluciones aprobadas hasta la fecha por el Consejo de Seguridad de Naciones Unidas.<br \/>\nEl Ej\u00e9rcito israel\u00ed se\u00f1al\u00f3 a primera hora del d\u00eda que durante la madrugada de este martes ha destruido varios \u00abobjetivos terroristas\u00bb en Ciudad de Gaza, incluidos lanzacohetes y t\u00faneles de Ham\u00e1s. \u00abHam\u00e1s demuestra una vez m\u00e1s que pone deliberadamente objetivos militares en zonas civiles\u00bb, agreg\u00f3.<br \/>\nAsimismo, el portavoz del Ej\u00e9rcito israel\u00ed, Hidai Zilberman, destac\u00f3 que en el marco de sus operaciones ha matado a m\u00e1s de 150 supuestos integrantes de Ham\u00e1s y Yihad Isl\u00e1mica. En este sentido, ha dicho que m\u00e1s de 120 eran integrantes de Ham\u00e1s y m\u00e1s de 25 eran miembros de Yihad Isl\u00e1mica.<\/p>\n<p>PALESTINO<br \/>\nPor otra parte, el Ej\u00e9rcito anunci\u00f3 la \u00abneutralizaci\u00f3n\u00bb de un palestino que intent\u00f3 atacar a militares en la ciudad cisjordana de Hebr\u00f3n, antes de resaltar que iba armado con explosivos, un fusil de fabricaci\u00f3n artesanal y un arma blanca.<br \/>\n\u00abLos soldados han localizado al terrorista cuando se acerc\u00f3 a ellos e intent\u00f3 disparar y lanzarles un explosivo. Los soldados respondieron con fuego y neutralizaron al terrorista\u00bb, manifest\u00f3 el Ej\u00e9rcito a trav\u00e9s de una serie de mensajes publicados en su cuenta en la red social Twitter.<br \/>\nLas tensiones aumentaron el 9 de mayo, cuando las fuerzas israel\u00edes irrumpieron nuevamente en la Explanada de las Mezquitas -lugar conocido como Monte del Templo por los jud\u00edos- y lanzaron gases lacrim\u00f3genos incluso en el interior de la mezquita de Al Aqsa, el tercer lugar m\u00e1s sagrado para los musulmanes.<br \/>\nTras ello, Ham\u00e1s lanz\u00f3 varios proyectiles contra Jerusal\u00e9n y sus alrededores, tras varias advertencias a Israel sobre la represi\u00f3n policial, lo que llev\u00f3 a Israel a responder con una campa\u00f1a de bombardeos contra el enclave, a la que las facciones palestinas han respondido incrementando sus disparo de cohetes.<br \/>\nEl recrudecimiento de los combates se ha visto adem\u00e1s seguido por un aumento de los enfrentamientos entre jud\u00edos y musulmanes en varias ciudades de Israel y de Cisjordania, incluidas palizas e intentos de linchamiento, lo que ha hecho saltar las alarmas ante la posibilidad de un conflicto civil a gran escala.<\/p>\n<p>ISRAEL<br \/>\nPor otro lado, el Consejo Noruego para los Refugiados (NRC) lament\u00f3 ayer la muerte de once menores, con edades comprendidas entre los 10 y los 17 a\u00f1os, que estaban recibiendo apoyo psicol\u00f3gico por parte de los equipos de la ONG a consecuencia de los bombardeos de las fuerzas israel\u00edes sobre sus hogares.<br \/>\nEl NRC cont\u00f3 que once de los m\u00e1s de 60 ni\u00f1os que han muerto durante la \u00faltima semana estaban participando en un programa para ayudarles a lidiar con los traumas y problemas psicol\u00f3gicos derivados de este tipo de conflictos en las 118 escuelas que la ONG tiene repartidas por la Franja de Gaza.<br \/>\n\u00abEstamos devastados al saber que ocho ni\u00f1os a los que est\u00e1bamos ayudando con el trauma fueron bombardeados mientras estaban en casa, pensando que estaban a salvo\u00bb, expres\u00f3 el secretario general de la NRC, Jan Egeland.<br \/>\n\u00abAhora se han ido, asesinados con sus familias, enterrados con sus sue\u00f1os y las pesadillas que los atormentaban. Pedimos a Israel que detenga esta locura, los ni\u00f1os deben ser protegidos. Sus hogares y sus escuelas no deben ser objetivos. Dejen de bombardearlos ya\u00bb, demand\u00f3 Egeland.<br \/>\nSi bien Egeland pidi\u00f3 \u00aba todas las partes\u00bb un alto el fuego para que se pueda atender a las v\u00edctimas, tambi\u00e9n ha remarcado \u00abque no puede haber paz ni seguridad mientras haya injusticias sist\u00e9micas\u00bb, por lo que \u00abEs necesario levantar el asedio de Gaza y poner fin a la ocupaci\u00f3n de los territorios palestinos\u00bb. (Europa Press)<\/p>\n","protected":false},"excerpt":{"rendered":"<p>Alrededor de 217 personas han muerto a causa de los bombardeos ejecutados desde el 10 de mayo por Israel contra la Franja de Gaza, seg\u00fan el \u00faltimo balance facilitado por las autoridades del enclave palestino, controlado por el Movimiento de Resistencia Isl\u00e1mica (Ham\u00e1s). El Ministerio de Sanidad gazac\u00ed se\u00f1al\u00f3 que hasta el momento han muerto [&hellip;]<\/p>\n","protected":false},"author":1,"featured_media":4896,"comment_status":"closed","ping_status":"closed","sticky":false,"template":"","format":"standard","meta":{"_acf_changed":false,"footnotes":""},"categories":[3],"tags":[],"class_list":["post-4895","post","type-post","status-publish","format-standard","has-post-thumbnail","category-internacional"],"acf":{"antetitulo":""},"yoast_head":"<!-- This site is optimized with the Yoast SEO plugin v28.3 - https:\/\/yoast.com\/product\/yoast-seo-wordpress\/ -->\n<title>217 muertos por bombardeos contra Gaza - El Diario - Bolivia<\/title>\n<meta name=\"robots\" content=\"index, follow, max-snippet:-1, max-image-preview:large, max-video-preview:-1\" \/>\n<link rel=\"canonical\" href=\"https:\/\/www.eldiario.net\/portal\/2021\/05\/19\/217-muertos-por-bombardeos-contra-gaza\/\" \/>\n<meta property=\"og:locale\" content=\"es_ES\" \/>\n<meta property=\"og:type\" content=\"article\" \/>\n<meta property=\"og:title\" content=\"217 muertos por bombardeos contra Gaza - El Diario - Bolivia\" \/>\n<meta property=\"og:description\" content=\"Alrededor de 217 personas han muerto a causa de los bombardeos ejecutados desde el 10 de mayo por Israel contra la Franja de Gaza, seg\u00fan el \u00faltimo balance facilitado por las autoridades del enclave palestino, controlado por el Movimiento de Resistencia Isl\u00e1mica (Ham\u00e1s). El Ministerio de Sanidad gazac\u00ed se\u00f1al\u00f3 que hasta el momento han muerto [&hellip;]\" \/>\n<meta property=\"og:url\" content=\"https:\/\/www.eldiario.net\/portal\/2021\/05\/19\/217-muertos-por-bombardeos-contra-gaza\/\" \/>\n<meta property=\"og:site_name\" content=\"El Diario - Bolivia\" \/>\n<meta property=\"article:publisher\" content=\"https:\/\/www.facebook.com\/eldiario.bolivia\/\" \/>\n<meta property=\"article:published_time\" content=\"2021-05-19T11:43:52+00:00\" \/>\n<meta name=\"author\" content=\"Jeanette\" \/>\n<meta name=\"twitter:card\" content=\"summary_large_image\" \/>\n<meta name=\"twitter:creator\" content=\"@eldiario_net\" \/>\n<meta name=\"twitter:site\" content=\"@eldiario_net\" \/>\n<meta name=\"twitter:label1\" content=\"Escrito por\" \/>\n\t<meta name=\"twitter:data1\" content=\"Jeanette\" \/>\n\t<meta name=\"twitter:label2\" content=\"Tiempo de lectura\" \/>\n\t<meta name=\"twitter:data2\" content=\"5 minutos\" \/>\n<script type=\"application\/ld+json\" class=\"yoast-schema-graph\">{\"@context\":\"https:\\\/\\\/schema.org\",\"@graph\":[{\"@type\":\"Article\",\"@id\":\"https:\\\/\\\/www.eldiario.net\\\/portal\\\/2021\\\/05\\\/19\\\/217-muertos-por-bombardeos-contra-gaza\\\/#article\",\"isPartOf\":{\"@id\":\"https:\\\/\\\/www.eldiario.net\\\/portal\\\/2021\\\/05\\\/19\\\/217-muertos-por-bombardeos-contra-gaza\\\/\"},\"author\":{\"name\":\"Jeanette\",\"@id\":\"https:\\\/\\\/www.eldiario.net\\\/portal\\\/#\\\/schema\\\/person\\\/f46445640444750d7d753ccd04ae01b7\"},\"headline\":\"217 muertos por bombardeos contra Gaza\",\"datePublished\":\"2021-05-19T11:43:52+00:00\",\"mainEntityOfPage\":{\"@id\":\"https:\\\/\\\/www.eldiario.net\\\/portal\\\/2021\\\/05\\\/19\\\/217-muertos-por-bombardeos-contra-gaza\\\/\"},\"wordCount\":980,\"publisher\":{\"@id\":\"https:\\\/\\\/www.eldiario.net\\\/portal\\\/#organization\"},\"image\":{\"@id\":\"https:\\\/\\\/www.eldiario.net\\\/portal\\\/2021\\\/05\\\/19\\\/217-muertos-por-bombardeos-contra-gaza\\\/#primaryimage\"},\"thumbnailUrl\":\"\",\"articleSection\":[\"Internacional\"],\"inLanguage\":\"es\"},{\"@type\":\"WebPage\",\"@id\":\"https:\\\/\\\/www.eldiario.net\\\/portal\\\/2021\\\/05\\\/19\\\/217-muertos-por-bombardeos-contra-gaza\\\/\",\"url\":\"https:\\\/\\\/www.eldiario.net\\\/portal\\\/2021\\\/05\\\/19\\\/217-muertos-por-bombardeos-contra-gaza\\\/\",\"name\":\"217 muertos por bombardeos contra Gaza - El Diario - Bolivia\",\"isPartOf\":{\"@id\":\"https:\\\/\\\/www.eldiario.net\\\/portal\\\/#website\"},\"primaryImageOfPage\":{\"@id\":\"https:\\\/\\\/www.eldiario.net\\\/portal\\\/2021\\\/05\\\/19\\\/217-muertos-por-bombardeos-contra-gaza\\\/#primaryimage\"},\"image\":{\"@id\":\"https:\\\/\\\/www.eldiario.net\\\/portal\\\/2021\\\/05\\\/19\\\/217-muertos-por-bombardeos-contra-gaza\\\/#primaryimage\"},\"thumbnailUrl\":\"\",\"datePublished\":\"2021-05-19T11:43:52+00:00\",\"breadcrumb\":{\"@id\":\"https:\\\/\\\/www.eldiario.net\\\/portal\\\/2021\\\/05\\\/19\\\/217-muertos-por-bombardeos-contra-gaza\\\/#breadcrumb\"},\"inLanguage\":\"es\",\"potentialAction\":[{\"@type\":\"ReadAction\",\"target\":[\"https:\\\/\\\/www.eldiario.net\\\/portal\\\/2021\\\/05\\\/19\\\/217-muertos-por-bombardeos-contra-gaza\\\/\"]}]},{\"@type\":\"ImageObject\",\"inLanguage\":\"es\",\"@id\":\"https:\\\/\\\/www.eldiario.net\\\/portal\\\/2021\\\/05\\\/19\\\/217-muertos-por-bombardeos-contra-gaza\\\/#primaryimage\",\"url\":\"\",\"contentUrl\":\"\"},{\"@type\":\"BreadcrumbList\",\"@id\":\"https:\\\/\\\/www.eldiario.net\\\/portal\\\/2021\\\/05\\\/19\\\/217-muertos-por-bombardeos-contra-gaza\\\/#breadcrumb\",\"itemListElement\":[{\"@type\":\"ListItem\",\"position\":1,\"name\":\"Portada\",\"item\":\"https:\\\/\\\/www.eldiario.net\\\/portal\\\/\"},{\"@type\":\"ListItem\",\"position\":2,\"name\":\"217 muertos por bombardeos contra Gaza\"}]},{\"@type\":\"WebSite\",\"@id\":\"https:\\\/\\\/www.eldiario.net\\\/portal\\\/#website\",\"url\":\"https:\\\/\\\/www.eldiario.net\\\/portal\\\/\",\"name\":\"El Diario - Decano de la prensa nacional\",\"description\":\"El Diario - Decano de la prensa nacional\",\"publisher\":{\"@id\":\"https:\\\/\\\/www.eldiario.net\\\/portal\\\/#organization\"},\"potentialAction\":[{\"@type\":\"SearchAction\",\"target\":{\"@type\":\"EntryPoint\",\"urlTemplate\":\"https:\\\/\\\/www.eldiario.net\\\/portal\\\/?s={search_term_string}\"},\"query-input\":{\"@type\":\"PropertyValueSpecification\",\"valueRequired\":true,\"valueName\":\"search_term_string\"}}],\"inLanguage\":\"es\"},{\"@type\":\"Organization\",\"@id\":\"https:\\\/\\\/www.eldiario.net\\\/portal\\\/#organization\",\"name\":\"El Diario - Decano de la prensa nacional\",\"url\":\"https:\\\/\\\/www.eldiario.net\\\/portal\\\/\",\"logo\":{\"@type\":\"ImageObject\",\"inLanguage\":\"es\",\"@id\":\"https:\\\/\\\/www.eldiario.net\\\/portal\\\/#\\\/schema\\\/logo\\\/image\\\/\",\"url\":\"https:\\\/\\\/www.eldiario.net\\\/portal\\\/wp-content\\\/uploads\\\/2023\\\/07\\\/logo_ED.jpg\",\"contentUrl\":\"https:\\\/\\\/www.eldiario.net\\\/portal\\\/wp-content\\\/uploads\\\/2023\\\/07\\\/logo_ED.jpg\",\"width\":272,\"height\":52,\"caption\":\"El Diario - Decano de la prensa nacional\"},\"image\":{\"@id\":\"https:\\\/\\\/www.eldiario.net\\\/portal\\\/#\\\/schema\\\/logo\\\/image\\\/\"},\"sameAs\":[\"https:\\\/\\\/www.facebook.com\\\/eldiario.bolivia\\\/\",\"https:\\\/\\\/x.com\\\/eldiario_net\"]},{\"@type\":\"Person\",\"@id\":\"https:\\\/\\\/www.eldiario.net\\\/portal\\\/#\\\/schema\\\/person\\\/f46445640444750d7d753ccd04ae01b7\",\"name\":\"Jeanette\",\"image\":{\"@type\":\"ImageObject\",\"inLanguage\":\"es\",\"@id\":\"https:\\\/\\\/secure.gravatar.com\\\/avatar\\\/3ea2118a5f7dad2b7138b1187a6b7ee55f160b9968b66013c3a3ef39dd7e5798?s=96&d=mm&r=g\",\"url\":\"https:\\\/\\\/secure.gravatar.com\\\/avatar\\\/3ea2118a5f7dad2b7138b1187a6b7ee55f160b9968b66013c3a3ef39dd7e5798?s=96&d=mm&r=g\",\"contentUrl\":\"https:\\\/\\\/secure.gravatar.com\\\/avatar\\\/3ea2118a5f7dad2b7138b1187a6b7ee55f160b9968b66013c3a3ef39dd7e5798?s=96&d=mm&r=g\",\"caption\":\"Jeanette\"},\"sameAs\":[\"https:\\\/\\\/www.eldiario.net\\\/portal\"],\"url\":\"https:\\\/\\\/www.eldiario.net\\\/portal\\\/author\\\/jeanette\\\/\"}]}<\/script>\n<!-- \/ Yoast SEO plugin. -->","yoast_head_json":{"title":"217 muertos por bombardeos contra Gaza - El Diario - Bolivia","robots":{"index":"index","follow":"follow","max-snippet":"max-snippet:-1","max-image-preview":"max-image-preview:large","max-video-preview":"max-video-preview:-1"},"canonical":"https:\/\/www.eldiario.net\/portal\/2021\/05\/19\/217-muertos-por-bombardeos-contra-gaza\/","og_locale":"es_ES","og_type":"article","og_title":"217 muertos por bombardeos contra Gaza - El Diario - Bolivia","og_description":"Alrededor de 217 personas han muerto a causa de los bombardeos ejecutados desde el 10 de mayo por Israel contra la Franja de Gaza, seg\u00fan el \u00faltimo balance facilitado por las autoridades del enclave palestino, controlado por el Movimiento de Resistencia Isl\u00e1mica (Ham\u00e1s). El Ministerio de Sanidad gazac\u00ed se\u00f1al\u00f3 que hasta el momento han muerto [&hellip;]","og_url":"https:\/\/www.eldiario.net\/portal\/2021\/05\/19\/217-muertos-por-bombardeos-contra-gaza\/","og_site_name":"El Diario - Bolivia","article_publisher":"https:\/\/www.facebook.com\/eldiario.bolivia\/","article_published_time":"2021-05-19T11:43:52+00:00","author":"Jeanette","twitter_card":"summary_large_image","twitter_creator":"@eldiario_net","twitter_site":"@eldiario_net","twitter_misc":{"Escrito por":"Jeanette","Tiempo de lectura":"5 minutos"},"schema":{"@context":"https:\/\/schema.org","@graph":[{"@type":"Article","@id":"https:\/\/www.eldiario.net\/portal\/2021\/05\/19\/217-muertos-por-bombardeos-contra-gaza\/#article","isPartOf":{"@id":"https:\/\/www.eldiario.net\/portal\/2021\/05\/19\/217-muertos-por-bombardeos-contra-gaza\/"},"author":{"name":"Jeanette","@id":"https:\/\/www.eldiario.net\/portal\/#\/schema\/person\/f46445640444750d7d753ccd04ae01b7"},"headline":"217 muertos por bombardeos contra Gaza","datePublished":"2021-05-19T11:43:52+00:00","mainEntityOfPage":{"@id":"https:\/\/www.eldiario.net\/portal\/2021\/05\/19\/217-muertos-por-bombardeos-contra-gaza\/"},"wordCount":980,"publisher":{"@id":"https:\/\/www.eldiario.net\/portal\/#organization"},"image":{"@id":"https:\/\/www.eldiario.net\/portal\/2021\/05\/19\/217-muertos-por-bombardeos-contra-gaza\/#primaryimage"},"thumbnailUrl":"","articleSection":["Internacional"],"inLanguage":"es"},{"@type":"WebPage","@id":"https:\/\/www.eldiario.net\/portal\/2021\/05\/19\/217-muertos-por-bombardeos-contra-gaza\/","url":"https:\/\/www.eldiario.net\/portal\/2021\/05\/19\/217-muertos-por-bombardeos-contra-gaza\/","name":"217 muertos por bombardeos contra Gaza - El Diario - Bolivia","isPartOf":{"@id":"https:\/\/www.eldiario.net\/portal\/#website"},"primaryImageOfPage":{"@id":"https:\/\/www.eldiario.net\/portal\/2021\/05\/19\/217-muertos-por-bombardeos-contra-gaza\/#primaryimage"},"image":{"@id":"https:\/\/www.eldiario.net\/portal\/2021\/05\/19\/217-muertos-por-bombardeos-contra-gaza\/#primaryimage"},"thumbnailUrl":"","datePublished":"2021-05-19T11:43:52+00:00","breadcrumb":{"@id":"https:\/\/www.eldiario.net\/portal\/2021\/05\/19\/217-muertos-por-bombardeos-contra-gaza\/#breadcrumb"},"inLanguage":"es","potentialAction":[{"@type":"ReadAction","target":["https:\/\/www.eldiario.net\/portal\/2021\/05\/19\/217-muertos-por-bombardeos-contra-gaza\/"]}]},{"@type":"ImageObject","inLanguage":"es","@id":"https:\/\/www.eldiario.net\/portal\/2021\/05\/19\/217-muertos-por-bombardeos-contra-gaza\/#primaryimage","url":"","contentUrl":""},{"@type":"BreadcrumbList","@id":"https:\/\/www.eldiario.net\/portal\/2021\/05\/19\/217-muertos-por-bombardeos-contra-gaza\/#breadcrumb","itemListElement":[{"@type":"ListItem","position":1,"name":"Portada","item":"https:\/\/www.eldiario.net\/portal\/"},{"@type":"ListItem","position":2,"name":"217 muertos por bombardeos contra Gaza"}]},{"@type":"WebSite","@id":"https:\/\/www.eldiario.net\/portal\/#website","url":"https:\/\/www.eldiario.net\/portal\/","name":"El Diario - Decano de la prensa nacional","description":"El Diario - Decano de la prensa nacional","publisher":{"@id":"https:\/\/www.eldiario.net\/portal\/#organization"},"potentialAction":[{"@type":"SearchAction","target":{"@type":"EntryPoint","urlTemplate":"https:\/\/www.eldiario.net\/portal\/?s={search_term_string}"},"query-input":{"@type":"PropertyValueSpecification","valueRequired":true,"valueName":"search_term_string"}}],"inLanguage":"es"},{"@type":"Organization","@id":"https:\/\/www.eldiario.net\/portal\/#organization","name":"El Diario - Decano de la prensa nacional","url":"https:\/\/www.eldiario.net\/portal\/","logo":{"@type":"ImageObject","inLanguage":"es","@id":"https:\/\/www.eldiario.net\/portal\/#\/schema\/logo\/image\/","url":"https:\/\/www.eldiario.net\/portal\/wp-content\/uploads\/2023\/07\/logo_ED.jpg","contentUrl":"https:\/\/www.eldiario.net\/portal\/wp-content\/uploads\/2023\/07\/logo_ED.jpg","width":272,"height":52,"caption":"El Diario - Decano de la prensa nacional"},"image":{"@id":"https:\/\/www.eldiario.net\/portal\/#\/schema\/logo\/image\/"},"sameAs":["https:\/\/www.facebook.com\/eldiario.bolivia\/","https:\/\/x.com\/eldiario_net"]},{"@type":"Person","@id":"https:\/\/www.eldiario.net\/portal\/#\/schema\/person\/f46445640444750d7d753ccd04ae01b7","name":"Jeanette","image":{"@type":"ImageObject","inLanguage":"es","@id":"https:\/\/secure.gravatar.com\/avatar\/3ea2118a5f7dad2b7138b1187a6b7ee55f160b9968b66013c3a3ef39dd7e5798?s=96&d=mm&r=g","url":"https:\/\/secure.gravatar.com\/avatar\/3ea2118a5f7dad2b7138b1187a6b7ee55f160b9968b66013c3a3ef39dd7e5798?s=96&d=mm&r=g","contentUrl":"https:\/\/secure.gravatar.com\/avatar\/3ea2118a5f7dad2b7138b1187a6b7ee55f160b9968b66013c3a3ef39dd7e5798?s=96&d=mm&r=g","caption":"Jeanette"},"sameAs":["https:\/\/www.eldiario.net\/portal"],"url":"https:\/\/www.eldiario.net\/portal\/author\/jeanette\/"}]}},"_links":{"self":[{"href":"https:\/\/www.eldiario.net\/portal\/wp-json\/wp\/v2\/posts\/4895","targetHints":{"allow":["GET"]}}],"collection":[{"href":"https:\/\/www.eldiario.net\/portal\/wp-json\/wp\/v2\/posts"}],"about":[{"href":"https:\/\/www.eldiario.net\/portal\/wp-json\/wp\/v2\/types\/post"}],"author":[{"embeddable":true,"href":"https:\/\/www.eldiario.net\/portal\/wp-json\/wp\/v2\/users\/1"}],"replies":[{"embeddable":true,"href":"https:\/\/www.eldiario.net\/portal\/wp-json\/wp\/v2\/comments?post=4895"}],"version-history":[{"count":0,"href":"https:\/\/www.eldiario.net\/portal\/wp-json\/wp\/v2\/posts\/4895\/revisions"}],"wp:attachment":[{"href":"https:\/\/www.eldiario.net\/portal\/wp-json\/wp\/v2\/media?parent=4895"}],"wp:term":[{"taxonomy":"category","embeddable":true,"href":"https:\/\/www.eldiario.net\/portal\/wp-json\/wp\/v2\/categories?post=4895"},{"taxonomy":"post_tag","embeddable":true,"href":"https:\/\/www.eldiario.net\/portal\/wp-json\/wp\/v2\/tags?post=4895"}],"curies":[{"name":"wp","href":"https:\/\/api.w.org\/{rel}","templated":true}]}}