{"id":4892,"date":"2021-05-19T07:42:36","date_gmt":"2021-05-19T11:42:36","guid":{"rendered":"https:\/\/www.eldiario.net\/portal\/?p=4892"},"modified":"2021-05-19T07:42:36","modified_gmt":"2021-05-19T11:42:36","slug":"eeuu-amplia-restricciones-en-frontera-con-mexico-por-pandemia","status":"publish","type":"post","link":"https:\/\/www.eldiario.net\/portal\/2021\/05\/19\/eeuu-amplia-restricciones-en-frontera-con-mexico-por-pandemia\/","title":{"rendered":"EEUU ampl\u00eda restricciones en  frontera con M\u00e9xico por pandemia"},"content":{"rendered":"<p>Washington.- El Ministerio de Asuntos Exteriores de M\u00e9xico inform\u00f3 ayer de que Estados Unidos ha decidido prolongar hasta el 21 de junio las restricciones a los viajes no esenciales que se hagan a trav\u00e9s de su frontera com\u00fan debido a la crisis del coronavirus.<br \/>\n\u00abEllos tomaron la decisi\u00f3n de prolongar todav\u00eda las restricciones, porque no han terminado la vacunaci\u00f3n en toda la zona, hay ciudades que ya terminaron, pero hay otras que no; entonces, su criterio es no abrir o no quitar esas restricciones hasta que terminen la vacunaci\u00f3n, en todo caso ya est\u00e1n cerca de lograrlo\u00bb, cont\u00f3 el ministro de Exteriores, Marcelo Ebrard.<br \/>\nEn su intervenci\u00f3n en la rueda de prensa matutina del presidente, Andr\u00e9s Manuel L\u00f3pez Obrador, explic\u00f3 que por parte de M\u00e9xico, cuando la regi\u00f3n est\u00e1 en la \u201cfase verde\u201d del sem\u00e1foro \u00abya no hay motivos para poner restricciones, salvo que haya alg\u00fan indicador de que la ciudad del otro pa\u00eds tenga problemas\u00bb.<br \/>\nEl ministro, sin embargo, apunt\u00f3 que las ciudades estadounidenses que hacen frontera no tienen ese problema, por lo que espera \u00abregularizar la situaci\u00f3n\u00bb a partir del 22 de junio, debido a la \u00abseveridad\u00bb en \u00abel impacto econ\u00f3mico\u00bb que tiene una decisi\u00f3n como la que ha tomado Washington.<br \/>\n\u00abYa los alcances de la vacunaci\u00f3n que ellos tienen y que nosotros empezamos a tener aconsejar\u00edan quitar las restricciones muy pronto\u00bb, valor\u00f3 Ebrard. (Europa Press)<\/p>\n","protected":false},"excerpt":{"rendered":"<p>Washington.- El Ministerio de Asuntos Exteriores de M\u00e9xico inform\u00f3 ayer de que Estados Unidos ha decidido prolongar hasta el 21 de junio las restricciones a los viajes no esenciales que se hagan a trav\u00e9s de su frontera com\u00fan debido a la crisis del coronavirus. \u00abEllos tomaron la decisi\u00f3n de prolongar todav\u00eda las restricciones, porque no [&hellip;]<\/p>\n","protected":false},"author":1,"featured_media":4893,"comment_status":"closed","ping_status":"closed","sticky":false,"template":"","format":"standard","meta":{"_acf_changed":false,"footnotes":""},"categories":[3],"tags":[],"class_list":["post-4892","post","type-post","status-publish","format-standard","has-post-thumbnail","category-internacional"],"acf":{"antetitulo":""},"yoast_head":"<!-- This site is optimized with the Yoast SEO plugin v28.3 - https:\/\/yoast.com\/product\/yoast-seo-wordpress\/ -->\n<title>EEUU ampl\u00eda restricciones en frontera con M\u00e9xico por pandemia - El Diario - Bolivia<\/title>\n<meta name=\"robots\" content=\"index, follow, max-snippet:-1, max-image-preview:large, max-video-preview:-1\" \/>\n<link rel=\"canonical\" href=\"https:\/\/www.eldiario.net\/portal\/2021\/05\/19\/eeuu-amplia-restricciones-en-frontera-con-mexico-por-pandemia\/\" \/>\n<meta property=\"og:locale\" content=\"es_ES\" \/>\n<meta property=\"og:type\" content=\"article\" \/>\n<meta property=\"og:title\" content=\"EEUU ampl\u00eda restricciones en frontera con M\u00e9xico por pandemia - El Diario - Bolivia\" \/>\n<meta property=\"og:description\" content=\"Washington.- El Ministerio de Asuntos Exteriores de M\u00e9xico inform\u00f3 ayer de que Estados Unidos ha decidido prolongar hasta el 21 de junio las restricciones a los viajes no esenciales que se hagan a trav\u00e9s de su frontera com\u00fan debido a la crisis del coronavirus. \u00abEllos tomaron la decisi\u00f3n de prolongar todav\u00eda las restricciones, porque no [&hellip;]\" \/>\n<meta property=\"og:url\" content=\"https:\/\/www.eldiario.net\/portal\/2021\/05\/19\/eeuu-amplia-restricciones-en-frontera-con-mexico-por-pandemia\/\" \/>\n<meta property=\"og:site_name\" content=\"El Diario - Bolivia\" \/>\n<meta property=\"article:publisher\" content=\"https:\/\/www.facebook.com\/eldiario.bolivia\/\" \/>\n<meta property=\"article:published_time\" content=\"2021-05-19T11:42:36+00:00\" \/>\n<meta name=\"author\" content=\"Jeanette\" \/>\n<meta name=\"twitter:card\" content=\"summary_large_image\" \/>\n<meta name=\"twitter:creator\" content=\"@eldiario_net\" \/>\n<meta name=\"twitter:site\" content=\"@eldiario_net\" \/>\n<meta name=\"twitter:label1\" content=\"Escrito por\" \/>\n\t<meta name=\"twitter:data1\" content=\"Jeanette\" \/>\n\t<meta name=\"twitter:label2\" content=\"Tiempo de lectura\" \/>\n\t<meta name=\"twitter:data2\" content=\"1 minuto\" \/>\n<script type=\"application\/ld+json\" class=\"yoast-schema-graph\">{\"@context\":\"https:\\\/\\\/schema.org\",\"@graph\":[{\"@type\":\"Article\",\"@id\":\"https:\\\/\\\/www.eldiario.net\\\/portal\\\/2021\\\/05\\\/19\\\/eeuu-amplia-restricciones-en-frontera-con-mexico-por-pandemia\\\/#article\",\"isPartOf\":{\"@id\":\"https:\\\/\\\/www.eldiario.net\\\/portal\\\/2021\\\/05\\\/19\\\/eeuu-amplia-restricciones-en-frontera-con-mexico-por-pandemia\\\/\"},\"author\":{\"name\":\"Jeanette\",\"@id\":\"https:\\\/\\\/www.eldiario.net\\\/portal\\\/#\\\/schema\\\/person\\\/f46445640444750d7d753ccd04ae01b7\"},\"headline\":\"EEUU ampl\u00eda restricciones en frontera con M\u00e9xico por pandemia\",\"datePublished\":\"2021-05-19T11:42:36+00:00\",\"mainEntityOfPage\":{\"@id\":\"https:\\\/\\\/www.eldiario.net\\\/portal\\\/2021\\\/05\\\/19\\\/eeuu-amplia-restricciones-en-frontera-con-mexico-por-pandemia\\\/\"},\"wordCount\":259,\"publisher\":{\"@id\":\"https:\\\/\\\/www.eldiario.net\\\/portal\\\/#organization\"},\"image\":{\"@id\":\"https:\\\/\\\/www.eldiario.net\\\/portal\\\/2021\\\/05\\\/19\\\/eeuu-amplia-restricciones-en-frontera-con-mexico-por-pandemia\\\/#primaryimage\"},\"thumbnailUrl\":\"\",\"articleSection\":[\"Internacional\"],\"inLanguage\":\"es\"},{\"@type\":\"WebPage\",\"@id\":\"https:\\\/\\\/www.eldiario.net\\\/portal\\\/2021\\\/05\\\/19\\\/eeuu-amplia-restricciones-en-frontera-con-mexico-por-pandemia\\\/\",\"url\":\"https:\\\/\\\/www.eldiario.net\\\/portal\\\/2021\\\/05\\\/19\\\/eeuu-amplia-restricciones-en-frontera-con-mexico-por-pandemia\\\/\",\"name\":\"EEUU ampl\u00eda restricciones en frontera con M\u00e9xico por pandemia - El Diario - Bolivia\",\"isPartOf\":{\"@id\":\"https:\\\/\\\/www.eldiario.net\\\/portal\\\/#website\"},\"primaryImageOfPage\":{\"@id\":\"https:\\\/\\\/www.eldiario.net\\\/portal\\\/2021\\\/05\\\/19\\\/eeuu-amplia-restricciones-en-frontera-con-mexico-por-pandemia\\\/#primaryimage\"},\"image\":{\"@id\":\"https:\\\/\\\/www.eldiario.net\\\/portal\\\/2021\\\/05\\\/19\\\/eeuu-amplia-restricciones-en-frontera-con-mexico-por-pandemia\\\/#primaryimage\"},\"thumbnailUrl\":\"\",\"datePublished\":\"2021-05-19T11:42:36+00:00\",\"breadcrumb\":{\"@id\":\"https:\\\/\\\/www.eldiario.net\\\/portal\\\/2021\\\/05\\\/19\\\/eeuu-amplia-restricciones-en-frontera-con-mexico-por-pandemia\\\/#breadcrumb\"},\"inLanguage\":\"es\",\"potentialAction\":[{\"@type\":\"ReadAction\",\"target\":[\"https:\\\/\\\/www.eldiario.net\\\/portal\\\/2021\\\/05\\\/19\\\/eeuu-amplia-restricciones-en-frontera-con-mexico-por-pandemia\\\/\"]}]},{\"@type\":\"ImageObject\",\"inLanguage\":\"es\",\"@id\":\"https:\\\/\\\/www.eldiario.net\\\/portal\\\/2021\\\/05\\\/19\\\/eeuu-amplia-restricciones-en-frontera-con-mexico-por-pandemia\\\/#primaryimage\",\"url\":\"\",\"contentUrl\":\"\"},{\"@type\":\"BreadcrumbList\",\"@id\":\"https:\\\/\\\/www.eldiario.net\\\/portal\\\/2021\\\/05\\\/19\\\/eeuu-amplia-restricciones-en-frontera-con-mexico-por-pandemia\\\/#breadcrumb\",\"itemListElement\":[{\"@type\":\"ListItem\",\"position\":1,\"name\":\"Portada\",\"item\":\"https:\\\/\\\/www.eldiario.net\\\/portal\\\/\"},{\"@type\":\"ListItem\",\"position\":2,\"name\":\"EEUU ampl\u00eda restricciones en frontera con M\u00e9xico por pandemia\"}]},{\"@type\":\"WebSite\",\"@id\":\"https:\\\/\\\/www.eldiario.net\\\/portal\\\/#website\",\"url\":\"https:\\\/\\\/www.eldiario.net\\\/portal\\\/\",\"name\":\"El Diario - Decano de la prensa nacional\",\"description\":\"El Diario - Decano de la prensa nacional\",\"publisher\":{\"@id\":\"https:\\\/\\\/www.eldiario.net\\\/portal\\\/#organization\"},\"potentialAction\":[{\"@type\":\"SearchAction\",\"target\":{\"@type\":\"EntryPoint\",\"urlTemplate\":\"https:\\\/\\\/www.eldiario.net\\\/portal\\\/?s={search_term_string}\"},\"query-input\":{\"@type\":\"PropertyValueSpecification\",\"valueRequired\":true,\"valueName\":\"search_term_string\"}}],\"inLanguage\":\"es\"},{\"@type\":\"Organization\",\"@id\":\"https:\\\/\\\/www.eldiario.net\\\/portal\\\/#organization\",\"name\":\"El Diario - Decano de la prensa nacional\",\"url\":\"https:\\\/\\\/www.eldiario.net\\\/portal\\\/\",\"logo\":{\"@type\":\"ImageObject\",\"inLanguage\":\"es\",\"@id\":\"https:\\\/\\\/www.eldiario.net\\\/portal\\\/#\\\/schema\\\/logo\\\/image\\\/\",\"url\":\"https:\\\/\\\/www.eldiario.net\\\/portal\\\/wp-content\\\/uploads\\\/2023\\\/07\\\/logo_ED.jpg\",\"contentUrl\":\"https:\\\/\\\/www.eldiario.net\\\/portal\\\/wp-content\\\/uploads\\\/2023\\\/07\\\/logo_ED.jpg\",\"width\":272,\"height\":52,\"caption\":\"El Diario - Decano de la prensa nacional\"},\"image\":{\"@id\":\"https:\\\/\\\/www.eldiario.net\\\/portal\\\/#\\\/schema\\\/logo\\\/image\\\/\"},\"sameAs\":[\"https:\\\/\\\/www.facebook.com\\\/eldiario.bolivia\\\/\",\"https:\\\/\\\/x.com\\\/eldiario_net\"]},{\"@type\":\"Person\",\"@id\":\"https:\\\/\\\/www.eldiario.net\\\/portal\\\/#\\\/schema\\\/person\\\/f46445640444750d7d753ccd04ae01b7\",\"name\":\"Jeanette\",\"image\":{\"@type\":\"ImageObject\",\"inLanguage\":\"es\",\"@id\":\"https:\\\/\\\/secure.gravatar.com\\\/avatar\\\/3ea2118a5f7dad2b7138b1187a6b7ee55f160b9968b66013c3a3ef39dd7e5798?s=96&d=mm&r=g\",\"url\":\"https:\\\/\\\/secure.gravatar.com\\\/avatar\\\/3ea2118a5f7dad2b7138b1187a6b7ee55f160b9968b66013c3a3ef39dd7e5798?s=96&d=mm&r=g\",\"contentUrl\":\"https:\\\/\\\/secure.gravatar.com\\\/avatar\\\/3ea2118a5f7dad2b7138b1187a6b7ee55f160b9968b66013c3a3ef39dd7e5798?s=96&d=mm&r=g\",\"caption\":\"Jeanette\"},\"sameAs\":[\"https:\\\/\\\/www.eldiario.net\\\/portal\"],\"url\":\"https:\\\/\\\/www.eldiario.net\\\/portal\\\/author\\\/jeanette\\\/\"}]}<\/script>\n<!-- \/ Yoast SEO plugin. -->","yoast_head_json":{"title":"EEUU ampl\u00eda restricciones en frontera con M\u00e9xico por pandemia - El Diario - Bolivia","robots":{"index":"index","follow":"follow","max-snippet":"max-snippet:-1","max-image-preview":"max-image-preview:large","max-video-preview":"max-video-preview:-1"},"canonical":"https:\/\/www.eldiario.net\/portal\/2021\/05\/19\/eeuu-amplia-restricciones-en-frontera-con-mexico-por-pandemia\/","og_locale":"es_ES","og_type":"article","og_title":"EEUU ampl\u00eda restricciones en frontera con M\u00e9xico por pandemia - El Diario - Bolivia","og_description":"Washington.- El Ministerio de Asuntos Exteriores de M\u00e9xico inform\u00f3 ayer de que Estados Unidos ha decidido prolongar hasta el 21 de junio las restricciones a los viajes no esenciales que se hagan a trav\u00e9s de su frontera com\u00fan debido a la crisis del coronavirus. \u00abEllos tomaron la decisi\u00f3n de prolongar todav\u00eda las restricciones, porque no [&hellip;]","og_url":"https:\/\/www.eldiario.net\/portal\/2021\/05\/19\/eeuu-amplia-restricciones-en-frontera-con-mexico-por-pandemia\/","og_site_name":"El Diario - Bolivia","article_publisher":"https:\/\/www.facebook.com\/eldiario.bolivia\/","article_published_time":"2021-05-19T11:42:36+00:00","author":"Jeanette","twitter_card":"summary_large_image","twitter_creator":"@eldiario_net","twitter_site":"@eldiario_net","twitter_misc":{"Escrito por":"Jeanette","Tiempo de lectura":"1 minuto"},"schema":{"@context":"https:\/\/schema.org","@graph":[{"@type":"Article","@id":"https:\/\/www.eldiario.net\/portal\/2021\/05\/19\/eeuu-amplia-restricciones-en-frontera-con-mexico-por-pandemia\/#article","isPartOf":{"@id":"https:\/\/www.eldiario.net\/portal\/2021\/05\/19\/eeuu-amplia-restricciones-en-frontera-con-mexico-por-pandemia\/"},"author":{"name":"Jeanette","@id":"https:\/\/www.eldiario.net\/portal\/#\/schema\/person\/f46445640444750d7d753ccd04ae01b7"},"headline":"EEUU ampl\u00eda restricciones en frontera con M\u00e9xico por pandemia","datePublished":"2021-05-19T11:42:36+00:00","mainEntityOfPage":{"@id":"https:\/\/www.eldiario.net\/portal\/2021\/05\/19\/eeuu-amplia-restricciones-en-frontera-con-mexico-por-pandemia\/"},"wordCount":259,"publisher":{"@id":"https:\/\/www.eldiario.net\/portal\/#organization"},"image":{"@id":"https:\/\/www.eldiario.net\/portal\/2021\/05\/19\/eeuu-amplia-restricciones-en-frontera-con-mexico-por-pandemia\/#primaryimage"},"thumbnailUrl":"","articleSection":["Internacional"],"inLanguage":"es"},{"@type":"WebPage","@id":"https:\/\/www.eldiario.net\/portal\/2021\/05\/19\/eeuu-amplia-restricciones-en-frontera-con-mexico-por-pandemia\/","url":"https:\/\/www.eldiario.net\/portal\/2021\/05\/19\/eeuu-amplia-restricciones-en-frontera-con-mexico-por-pandemia\/","name":"EEUU ampl\u00eda restricciones en frontera con M\u00e9xico por pandemia - El Diario - Bolivia","isPartOf":{"@id":"https:\/\/www.eldiario.net\/portal\/#website"},"primaryImageOfPage":{"@id":"https:\/\/www.eldiario.net\/portal\/2021\/05\/19\/eeuu-amplia-restricciones-en-frontera-con-mexico-por-pandemia\/#primaryimage"},"image":{"@id":"https:\/\/www.eldiario.net\/portal\/2021\/05\/19\/eeuu-amplia-restricciones-en-frontera-con-mexico-por-pandemia\/#primaryimage"},"thumbnailUrl":"","datePublished":"2021-05-19T11:42:36+00:00","breadcrumb":{"@id":"https:\/\/www.eldiario.net\/portal\/2021\/05\/19\/eeuu-amplia-restricciones-en-frontera-con-mexico-por-pandemia\/#breadcrumb"},"inLanguage":"es","potentialAction":[{"@type":"ReadAction","target":["https:\/\/www.eldiario.net\/portal\/2021\/05\/19\/eeuu-amplia-restricciones-en-frontera-con-mexico-por-pandemia\/"]}]},{"@type":"ImageObject","inLanguage":"es","@id":"https:\/\/www.eldiario.net\/portal\/2021\/05\/19\/eeuu-amplia-restricciones-en-frontera-con-mexico-por-pandemia\/#primaryimage","url":"","contentUrl":""},{"@type":"BreadcrumbList","@id":"https:\/\/www.eldiario.net\/portal\/2021\/05\/19\/eeuu-amplia-restricciones-en-frontera-con-mexico-por-pandemia\/#breadcrumb","itemListElement":[{"@type":"ListItem","position":1,"name":"Portada","item":"https:\/\/www.eldiario.net\/portal\/"},{"@type":"ListItem","position":2,"name":"EEUU ampl\u00eda restricciones en frontera con M\u00e9xico por pandemia"}]},{"@type":"WebSite","@id":"https:\/\/www.eldiario.net\/portal\/#website","url":"https:\/\/www.eldiario.net\/portal\/","name":"El Diario - Decano de la prensa nacional","description":"El Diario - Decano de la prensa nacional","publisher":{"@id":"https:\/\/www.eldiario.net\/portal\/#organization"},"potentialAction":[{"@type":"SearchAction","target":{"@type":"EntryPoint","urlTemplate":"https:\/\/www.eldiario.net\/portal\/?s={search_term_string}"},"query-input":{"@type":"PropertyValueSpecification","valueRequired":true,"valueName":"search_term_string"}}],"inLanguage":"es"},{"@type":"Organization","@id":"https:\/\/www.eldiario.net\/portal\/#organization","name":"El Diario - Decano de la prensa nacional","url":"https:\/\/www.eldiario.net\/portal\/","logo":{"@type":"ImageObject","inLanguage":"es","@id":"https:\/\/www.eldiario.net\/portal\/#\/schema\/logo\/image\/","url":"https:\/\/www.eldiario.net\/portal\/wp-content\/uploads\/2023\/07\/logo_ED.jpg","contentUrl":"https:\/\/www.eldiario.net\/portal\/wp-content\/uploads\/2023\/07\/logo_ED.jpg","width":272,"height":52,"caption":"El Diario - Decano de la prensa nacional"},"image":{"@id":"https:\/\/www.eldiario.net\/portal\/#\/schema\/logo\/image\/"},"sameAs":["https:\/\/www.facebook.com\/eldiario.bolivia\/","https:\/\/x.com\/eldiario_net"]},{"@type":"Person","@id":"https:\/\/www.eldiario.net\/portal\/#\/schema\/person\/f46445640444750d7d753ccd04ae01b7","name":"Jeanette","image":{"@type":"ImageObject","inLanguage":"es","@id":"https:\/\/secure.gravatar.com\/avatar\/3ea2118a5f7dad2b7138b1187a6b7ee55f160b9968b66013c3a3ef39dd7e5798?s=96&d=mm&r=g","url":"https:\/\/secure.gravatar.com\/avatar\/3ea2118a5f7dad2b7138b1187a6b7ee55f160b9968b66013c3a3ef39dd7e5798?s=96&d=mm&r=g","contentUrl":"https:\/\/secure.gravatar.com\/avatar\/3ea2118a5f7dad2b7138b1187a6b7ee55f160b9968b66013c3a3ef39dd7e5798?s=96&d=mm&r=g","caption":"Jeanette"},"sameAs":["https:\/\/www.eldiario.net\/portal"],"url":"https:\/\/www.eldiario.net\/portal\/author\/jeanette\/"}]}},"_links":{"self":[{"href":"https:\/\/www.eldiario.net\/portal\/wp-json\/wp\/v2\/posts\/4892","targetHints":{"allow":["GET"]}}],"collection":[{"href":"https:\/\/www.eldiario.net\/portal\/wp-json\/wp\/v2\/posts"}],"about":[{"href":"https:\/\/www.eldiario.net\/portal\/wp-json\/wp\/v2\/types\/post"}],"author":[{"embeddable":true,"href":"https:\/\/www.eldiario.net\/portal\/wp-json\/wp\/v2\/users\/1"}],"replies":[{"embeddable":true,"href":"https:\/\/www.eldiario.net\/portal\/wp-json\/wp\/v2\/comments?post=4892"}],"version-history":[{"count":0,"href":"https:\/\/www.eldiario.net\/portal\/wp-json\/wp\/v2\/posts\/4892\/revisions"}],"wp:attachment":[{"href":"https:\/\/www.eldiario.net\/portal\/wp-json\/wp\/v2\/media?parent=4892"}],"wp:term":[{"taxonomy":"category","embeddable":true,"href":"https:\/\/www.eldiario.net\/portal\/wp-json\/wp\/v2\/categories?post=4892"},{"taxonomy":"post_tag","embeddable":true,"href":"https:\/\/www.eldiario.net\/portal\/wp-json\/wp\/v2\/tags?post=4892"}],"curies":[{"name":"wp","href":"https:\/\/api.w.org\/{rel}","templated":true}]}}