{"id":4804,"date":"2021-05-19T06:55:09","date_gmt":"2021-05-19T10:55:09","guid":{"rendered":"https:\/\/www.eldiario.net\/portal\/?p=4804"},"modified":"2021-05-19T06:55:09","modified_gmt":"2021-05-19T10:55:09","slug":"conmebol-rechaza-pedido-de-river-de-sumar-arqueros","status":"publish","type":"post","link":"https:\/\/www.eldiario.net\/portal\/2021\/05\/19\/conmebol-rechaza-pedido-de-river-de-sumar-arqueros\/","title":{"rendered":"Conmebol rechaza pedido de River de sumar arqueros"},"content":{"rendered":"<p>Conmebol notific\u00f3 ayer a River Plate que su pedido para incluir a los arqueros Alan D\u00edaz y Agust\u00edn G\u00f3mez fue rechazado. El equipo argentino tiene un contagio masivo de covid-19 con 20 jugadores de los 32 que inscribi\u00f3 para la Copa Libertadores, pese a que se habilitaron 50 cupos. De los 12 que no dieron positivo en las pruebas, hay dos lesionados: Javier Pinola y Enzo P\u00e9rez, por lo que Gallardo tendr\u00e1 que jugar con 10, arquero improvisado y sin cambios hoy (20.00 HB) en el Monumental contra Santa Fe por el grupo D.<br \/>\nRiver agot\u00f3 la \u00faltima opci\u00f3n para tener un arquero en el partido de la quinta fecha de la Copa Libertadores. Sin embargo, Conmebol se acogi\u00f3 al reglamento y rechaz\u00f3 el pedido del club argentino, por esta raz\u00f3n Marcelo Gallardo ahora tendr\u00e1 que definir que jugador de campo de los que tiene habilitados ocupar\u00e1 la posici\u00f3n de portero.<br \/>\nHay cinco nombres que desde Argentina se filtran como opciones para el arco de River para este juego de Copa Libertadores. Tres son defensores y uno es el colombiano Jorge Carrascal, este nombre lo filtr\u00f3 el periodista Marcelo Sottile en el programa F90 de ESPN Argentina.<br \/>\nEl argumento que present\u00f3 fue que teniendo en cuenta que Gallardo quiere mantener su bloque defensivo bien establecido, podr\u00eda utilizar al colombiano en esa posici\u00f3n.<br \/>\nMilton Casco ser\u00eda la primera opci\u00f3n que tendr\u00eda el entrenador para poner como arquero, aunque en las \u00faltimas horas el nombre de Enzo P\u00e9rez (tiene una molestia muscular) suena con fuerza, a pesar de su lesi\u00f3n podr\u00eda atajar.<br \/>\nLuego aparece Jonathan Maidana y finalmente el canterano central de 19 a\u00f1os, Tom\u00e1s Lecanda es la otra alternativa que aparecer\u00eda para ocupar el arco, el jugador de la reserva en las pr\u00e1cticas asume el rol de arquero.<br \/>\nLos 10 jugadores disponibles de River. Defensas: Fabrizio Angileri (lateral izquierdo), Jonathan Maidana (central), H\u00e9ctor Mart\u00ednez (central), Milton Casco (lateral izquierdo), Tomas Leonardo (central), Felipe Pe\u00f1a (central). Javier Pinola (recuperado de una lesi\u00f3n. Mediocampistas: Jorge Carrascal y Jos\u00e9 Paradela. Delanteros: Juli\u00e1n \u00c1lvarez y Cristian Fontana.<\/p>\n<p>2 grupo D River Plate es segundo en el Grupo D con seis unidades. Primero es Fluminense con ocho, tercero Junior con tres y cuarto Santa Fe con dos.<\/p>\n","protected":false},"excerpt":{"rendered":"<p>Conmebol notific\u00f3 ayer a River Plate que su pedido para incluir a los arqueros Alan D\u00edaz y Agust\u00edn G\u00f3mez fue rechazado. El equipo argentino tiene un contagio masivo de covid-19 con 20 jugadores de los 32 que inscribi\u00f3 para la Copa Libertadores, pese a que se habilitaron 50 cupos. De los 12 que no dieron [&hellip;]<\/p>\n","protected":false},"author":1,"featured_media":4805,"comment_status":"closed","ping_status":"closed","sticky":false,"template":"","format":"standard","meta":{"_acf_changed":false,"footnotes":""},"categories":[6],"tags":[],"class_list":["post-4804","post","type-post","status-publish","format-standard","has-post-thumbnail","category-deportes"],"acf":{"antetitulo":""},"yoast_head":"<!-- This site is optimized with the Yoast SEO plugin v28.3 - https:\/\/yoast.com\/product\/yoast-seo-wordpress\/ -->\n<title>Conmebol rechaza pedido de River de sumar arqueros - El Diario - Bolivia<\/title>\n<meta name=\"robots\" content=\"index, follow, max-snippet:-1, max-image-preview:large, max-video-preview:-1\" \/>\n<link rel=\"canonical\" href=\"https:\/\/www.eldiario.net\/portal\/2021\/05\/19\/conmebol-rechaza-pedido-de-river-de-sumar-arqueros\/\" \/>\n<meta property=\"og:locale\" content=\"es_ES\" \/>\n<meta property=\"og:type\" content=\"article\" \/>\n<meta property=\"og:title\" content=\"Conmebol rechaza pedido de River de sumar arqueros - El Diario - Bolivia\" \/>\n<meta property=\"og:description\" content=\"Conmebol notific\u00f3 ayer a River Plate que su pedido para incluir a los arqueros Alan D\u00edaz y Agust\u00edn G\u00f3mez fue rechazado. El equipo argentino tiene un contagio masivo de covid-19 con 20 jugadores de los 32 que inscribi\u00f3 para la Copa Libertadores, pese a que se habilitaron 50 cupos. De los 12 que no dieron [&hellip;]\" \/>\n<meta property=\"og:url\" content=\"https:\/\/www.eldiario.net\/portal\/2021\/05\/19\/conmebol-rechaza-pedido-de-river-de-sumar-arqueros\/\" \/>\n<meta property=\"og:site_name\" content=\"El Diario - Bolivia\" \/>\n<meta property=\"article:publisher\" content=\"https:\/\/www.facebook.com\/eldiario.bolivia\/\" \/>\n<meta property=\"article:published_time\" content=\"2021-05-19T10:55:09+00:00\" \/>\n<meta name=\"author\" content=\"Jeanette\" \/>\n<meta name=\"twitter:card\" content=\"summary_large_image\" \/>\n<meta name=\"twitter:creator\" content=\"@eldiario_net\" \/>\n<meta name=\"twitter:site\" content=\"@eldiario_net\" \/>\n<meta name=\"twitter:label1\" content=\"Escrito por\" \/>\n\t<meta name=\"twitter:data1\" content=\"Jeanette\" \/>\n\t<meta name=\"twitter:label2\" content=\"Tiempo de lectura\" \/>\n\t<meta name=\"twitter:data2\" content=\"2 minutos\" \/>\n<script type=\"application\/ld+json\" class=\"yoast-schema-graph\">{\"@context\":\"https:\\\/\\\/schema.org\",\"@graph\":[{\"@type\":\"Article\",\"@id\":\"https:\\\/\\\/www.eldiario.net\\\/portal\\\/2021\\\/05\\\/19\\\/conmebol-rechaza-pedido-de-river-de-sumar-arqueros\\\/#article\",\"isPartOf\":{\"@id\":\"https:\\\/\\\/www.eldiario.net\\\/portal\\\/2021\\\/05\\\/19\\\/conmebol-rechaza-pedido-de-river-de-sumar-arqueros\\\/\"},\"author\":{\"name\":\"Jeanette\",\"@id\":\"https:\\\/\\\/www.eldiario.net\\\/portal\\\/#\\\/schema\\\/person\\\/f46445640444750d7d753ccd04ae01b7\"},\"headline\":\"Conmebol rechaza pedido de River de sumar arqueros\",\"datePublished\":\"2021-05-19T10:55:09+00:00\",\"mainEntityOfPage\":{\"@id\":\"https:\\\/\\\/www.eldiario.net\\\/portal\\\/2021\\\/05\\\/19\\\/conmebol-rechaza-pedido-de-river-de-sumar-arqueros\\\/\"},\"wordCount\":394,\"publisher\":{\"@id\":\"https:\\\/\\\/www.eldiario.net\\\/portal\\\/#organization\"},\"image\":{\"@id\":\"https:\\\/\\\/www.eldiario.net\\\/portal\\\/2021\\\/05\\\/19\\\/conmebol-rechaza-pedido-de-river-de-sumar-arqueros\\\/#primaryimage\"},\"thumbnailUrl\":\"\",\"articleSection\":[\"Deportes\"],\"inLanguage\":\"es\"},{\"@type\":\"WebPage\",\"@id\":\"https:\\\/\\\/www.eldiario.net\\\/portal\\\/2021\\\/05\\\/19\\\/conmebol-rechaza-pedido-de-river-de-sumar-arqueros\\\/\",\"url\":\"https:\\\/\\\/www.eldiario.net\\\/portal\\\/2021\\\/05\\\/19\\\/conmebol-rechaza-pedido-de-river-de-sumar-arqueros\\\/\",\"name\":\"Conmebol rechaza pedido de River de sumar arqueros - El Diario - Bolivia\",\"isPartOf\":{\"@id\":\"https:\\\/\\\/www.eldiario.net\\\/portal\\\/#website\"},\"primaryImageOfPage\":{\"@id\":\"https:\\\/\\\/www.eldiario.net\\\/portal\\\/2021\\\/05\\\/19\\\/conmebol-rechaza-pedido-de-river-de-sumar-arqueros\\\/#primaryimage\"},\"image\":{\"@id\":\"https:\\\/\\\/www.eldiario.net\\\/portal\\\/2021\\\/05\\\/19\\\/conmebol-rechaza-pedido-de-river-de-sumar-arqueros\\\/#primaryimage\"},\"thumbnailUrl\":\"\",\"datePublished\":\"2021-05-19T10:55:09+00:00\",\"breadcrumb\":{\"@id\":\"https:\\\/\\\/www.eldiario.net\\\/portal\\\/2021\\\/05\\\/19\\\/conmebol-rechaza-pedido-de-river-de-sumar-arqueros\\\/#breadcrumb\"},\"inLanguage\":\"es\",\"potentialAction\":[{\"@type\":\"ReadAction\",\"target\":[\"https:\\\/\\\/www.eldiario.net\\\/portal\\\/2021\\\/05\\\/19\\\/conmebol-rechaza-pedido-de-river-de-sumar-arqueros\\\/\"]}]},{\"@type\":\"ImageObject\",\"inLanguage\":\"es\",\"@id\":\"https:\\\/\\\/www.eldiario.net\\\/portal\\\/2021\\\/05\\\/19\\\/conmebol-rechaza-pedido-de-river-de-sumar-arqueros\\\/#primaryimage\",\"url\":\"\",\"contentUrl\":\"\"},{\"@type\":\"BreadcrumbList\",\"@id\":\"https:\\\/\\\/www.eldiario.net\\\/portal\\\/2021\\\/05\\\/19\\\/conmebol-rechaza-pedido-de-river-de-sumar-arqueros\\\/#breadcrumb\",\"itemListElement\":[{\"@type\":\"ListItem\",\"position\":1,\"name\":\"Portada\",\"item\":\"https:\\\/\\\/www.eldiario.net\\\/portal\\\/\"},{\"@type\":\"ListItem\",\"position\":2,\"name\":\"Conmebol rechaza pedido de River de sumar arqueros\"}]},{\"@type\":\"WebSite\",\"@id\":\"https:\\\/\\\/www.eldiario.net\\\/portal\\\/#website\",\"url\":\"https:\\\/\\\/www.eldiario.net\\\/portal\\\/\",\"name\":\"El Diario - Decano de la prensa nacional\",\"description\":\"El Diario - Decano de la prensa nacional\",\"publisher\":{\"@id\":\"https:\\\/\\\/www.eldiario.net\\\/portal\\\/#organization\"},\"potentialAction\":[{\"@type\":\"SearchAction\",\"target\":{\"@type\":\"EntryPoint\",\"urlTemplate\":\"https:\\\/\\\/www.eldiario.net\\\/portal\\\/?s={search_term_string}\"},\"query-input\":{\"@type\":\"PropertyValueSpecification\",\"valueRequired\":true,\"valueName\":\"search_term_string\"}}],\"inLanguage\":\"es\"},{\"@type\":\"Organization\",\"@id\":\"https:\\\/\\\/www.eldiario.net\\\/portal\\\/#organization\",\"name\":\"El Diario - Decano de la prensa nacional\",\"url\":\"https:\\\/\\\/www.eldiario.net\\\/portal\\\/\",\"logo\":{\"@type\":\"ImageObject\",\"inLanguage\":\"es\",\"@id\":\"https:\\\/\\\/www.eldiario.net\\\/portal\\\/#\\\/schema\\\/logo\\\/image\\\/\",\"url\":\"https:\\\/\\\/www.eldiario.net\\\/portal\\\/wp-content\\\/uploads\\\/2023\\\/07\\\/logo_ED.jpg\",\"contentUrl\":\"https:\\\/\\\/www.eldiario.net\\\/portal\\\/wp-content\\\/uploads\\\/2023\\\/07\\\/logo_ED.jpg\",\"width\":272,\"height\":52,\"caption\":\"El Diario - Decano de la prensa nacional\"},\"image\":{\"@id\":\"https:\\\/\\\/www.eldiario.net\\\/portal\\\/#\\\/schema\\\/logo\\\/image\\\/\"},\"sameAs\":[\"https:\\\/\\\/www.facebook.com\\\/eldiario.bolivia\\\/\",\"https:\\\/\\\/x.com\\\/eldiario_net\"]},{\"@type\":\"Person\",\"@id\":\"https:\\\/\\\/www.eldiario.net\\\/portal\\\/#\\\/schema\\\/person\\\/f46445640444750d7d753ccd04ae01b7\",\"name\":\"Jeanette\",\"image\":{\"@type\":\"ImageObject\",\"inLanguage\":\"es\",\"@id\":\"https:\\\/\\\/secure.gravatar.com\\\/avatar\\\/3ea2118a5f7dad2b7138b1187a6b7ee55f160b9968b66013c3a3ef39dd7e5798?s=96&d=mm&r=g\",\"url\":\"https:\\\/\\\/secure.gravatar.com\\\/avatar\\\/3ea2118a5f7dad2b7138b1187a6b7ee55f160b9968b66013c3a3ef39dd7e5798?s=96&d=mm&r=g\",\"contentUrl\":\"https:\\\/\\\/secure.gravatar.com\\\/avatar\\\/3ea2118a5f7dad2b7138b1187a6b7ee55f160b9968b66013c3a3ef39dd7e5798?s=96&d=mm&r=g\",\"caption\":\"Jeanette\"},\"sameAs\":[\"https:\\\/\\\/www.eldiario.net\\\/portal\"],\"url\":\"https:\\\/\\\/www.eldiario.net\\\/portal\\\/author\\\/jeanette\\\/\"}]}<\/script>\n<!-- \/ Yoast SEO plugin. -->","yoast_head_json":{"title":"Conmebol rechaza pedido de River de sumar arqueros - El Diario - Bolivia","robots":{"index":"index","follow":"follow","max-snippet":"max-snippet:-1","max-image-preview":"max-image-preview:large","max-video-preview":"max-video-preview:-1"},"canonical":"https:\/\/www.eldiario.net\/portal\/2021\/05\/19\/conmebol-rechaza-pedido-de-river-de-sumar-arqueros\/","og_locale":"es_ES","og_type":"article","og_title":"Conmebol rechaza pedido de River de sumar arqueros - El Diario - Bolivia","og_description":"Conmebol notific\u00f3 ayer a River Plate que su pedido para incluir a los arqueros Alan D\u00edaz y Agust\u00edn G\u00f3mez fue rechazado. El equipo argentino tiene un contagio masivo de covid-19 con 20 jugadores de los 32 que inscribi\u00f3 para la Copa Libertadores, pese a que se habilitaron 50 cupos. De los 12 que no dieron [&hellip;]","og_url":"https:\/\/www.eldiario.net\/portal\/2021\/05\/19\/conmebol-rechaza-pedido-de-river-de-sumar-arqueros\/","og_site_name":"El Diario - Bolivia","article_publisher":"https:\/\/www.facebook.com\/eldiario.bolivia\/","article_published_time":"2021-05-19T10:55:09+00:00","author":"Jeanette","twitter_card":"summary_large_image","twitter_creator":"@eldiario_net","twitter_site":"@eldiario_net","twitter_misc":{"Escrito por":"Jeanette","Tiempo de lectura":"2 minutos"},"schema":{"@context":"https:\/\/schema.org","@graph":[{"@type":"Article","@id":"https:\/\/www.eldiario.net\/portal\/2021\/05\/19\/conmebol-rechaza-pedido-de-river-de-sumar-arqueros\/#article","isPartOf":{"@id":"https:\/\/www.eldiario.net\/portal\/2021\/05\/19\/conmebol-rechaza-pedido-de-river-de-sumar-arqueros\/"},"author":{"name":"Jeanette","@id":"https:\/\/www.eldiario.net\/portal\/#\/schema\/person\/f46445640444750d7d753ccd04ae01b7"},"headline":"Conmebol rechaza pedido de River de sumar arqueros","datePublished":"2021-05-19T10:55:09+00:00","mainEntityOfPage":{"@id":"https:\/\/www.eldiario.net\/portal\/2021\/05\/19\/conmebol-rechaza-pedido-de-river-de-sumar-arqueros\/"},"wordCount":394,"publisher":{"@id":"https:\/\/www.eldiario.net\/portal\/#organization"},"image":{"@id":"https:\/\/www.eldiario.net\/portal\/2021\/05\/19\/conmebol-rechaza-pedido-de-river-de-sumar-arqueros\/#primaryimage"},"thumbnailUrl":"","articleSection":["Deportes"],"inLanguage":"es"},{"@type":"WebPage","@id":"https:\/\/www.eldiario.net\/portal\/2021\/05\/19\/conmebol-rechaza-pedido-de-river-de-sumar-arqueros\/","url":"https:\/\/www.eldiario.net\/portal\/2021\/05\/19\/conmebol-rechaza-pedido-de-river-de-sumar-arqueros\/","name":"Conmebol rechaza pedido de River de sumar arqueros - El Diario - Bolivia","isPartOf":{"@id":"https:\/\/www.eldiario.net\/portal\/#website"},"primaryImageOfPage":{"@id":"https:\/\/www.eldiario.net\/portal\/2021\/05\/19\/conmebol-rechaza-pedido-de-river-de-sumar-arqueros\/#primaryimage"},"image":{"@id":"https:\/\/www.eldiario.net\/portal\/2021\/05\/19\/conmebol-rechaza-pedido-de-river-de-sumar-arqueros\/#primaryimage"},"thumbnailUrl":"","datePublished":"2021-05-19T10:55:09+00:00","breadcrumb":{"@id":"https:\/\/www.eldiario.net\/portal\/2021\/05\/19\/conmebol-rechaza-pedido-de-river-de-sumar-arqueros\/#breadcrumb"},"inLanguage":"es","potentialAction":[{"@type":"ReadAction","target":["https:\/\/www.eldiario.net\/portal\/2021\/05\/19\/conmebol-rechaza-pedido-de-river-de-sumar-arqueros\/"]}]},{"@type":"ImageObject","inLanguage":"es","@id":"https:\/\/www.eldiario.net\/portal\/2021\/05\/19\/conmebol-rechaza-pedido-de-river-de-sumar-arqueros\/#primaryimage","url":"","contentUrl":""},{"@type":"BreadcrumbList","@id":"https:\/\/www.eldiario.net\/portal\/2021\/05\/19\/conmebol-rechaza-pedido-de-river-de-sumar-arqueros\/#breadcrumb","itemListElement":[{"@type":"ListItem","position":1,"name":"Portada","item":"https:\/\/www.eldiario.net\/portal\/"},{"@type":"ListItem","position":2,"name":"Conmebol rechaza pedido de River de sumar arqueros"}]},{"@type":"WebSite","@id":"https:\/\/www.eldiario.net\/portal\/#website","url":"https:\/\/www.eldiario.net\/portal\/","name":"El Diario - Decano de la prensa nacional","description":"El Diario - Decano de la prensa nacional","publisher":{"@id":"https:\/\/www.eldiario.net\/portal\/#organization"},"potentialAction":[{"@type":"SearchAction","target":{"@type":"EntryPoint","urlTemplate":"https:\/\/www.eldiario.net\/portal\/?s={search_term_string}"},"query-input":{"@type":"PropertyValueSpecification","valueRequired":true,"valueName":"search_term_string"}}],"inLanguage":"es"},{"@type":"Organization","@id":"https:\/\/www.eldiario.net\/portal\/#organization","name":"El Diario - Decano de la prensa nacional","url":"https:\/\/www.eldiario.net\/portal\/","logo":{"@type":"ImageObject","inLanguage":"es","@id":"https:\/\/www.eldiario.net\/portal\/#\/schema\/logo\/image\/","url":"https:\/\/www.eldiario.net\/portal\/wp-content\/uploads\/2023\/07\/logo_ED.jpg","contentUrl":"https:\/\/www.eldiario.net\/portal\/wp-content\/uploads\/2023\/07\/logo_ED.jpg","width":272,"height":52,"caption":"El Diario - Decano de la prensa nacional"},"image":{"@id":"https:\/\/www.eldiario.net\/portal\/#\/schema\/logo\/image\/"},"sameAs":["https:\/\/www.facebook.com\/eldiario.bolivia\/","https:\/\/x.com\/eldiario_net"]},{"@type":"Person","@id":"https:\/\/www.eldiario.net\/portal\/#\/schema\/person\/f46445640444750d7d753ccd04ae01b7","name":"Jeanette","image":{"@type":"ImageObject","inLanguage":"es","@id":"https:\/\/secure.gravatar.com\/avatar\/3ea2118a5f7dad2b7138b1187a6b7ee55f160b9968b66013c3a3ef39dd7e5798?s=96&d=mm&r=g","url":"https:\/\/secure.gravatar.com\/avatar\/3ea2118a5f7dad2b7138b1187a6b7ee55f160b9968b66013c3a3ef39dd7e5798?s=96&d=mm&r=g","contentUrl":"https:\/\/secure.gravatar.com\/avatar\/3ea2118a5f7dad2b7138b1187a6b7ee55f160b9968b66013c3a3ef39dd7e5798?s=96&d=mm&r=g","caption":"Jeanette"},"sameAs":["https:\/\/www.eldiario.net\/portal"],"url":"https:\/\/www.eldiario.net\/portal\/author\/jeanette\/"}]}},"_links":{"self":[{"href":"https:\/\/www.eldiario.net\/portal\/wp-json\/wp\/v2\/posts\/4804","targetHints":{"allow":["GET"]}}],"collection":[{"href":"https:\/\/www.eldiario.net\/portal\/wp-json\/wp\/v2\/posts"}],"about":[{"href":"https:\/\/www.eldiario.net\/portal\/wp-json\/wp\/v2\/types\/post"}],"author":[{"embeddable":true,"href":"https:\/\/www.eldiario.net\/portal\/wp-json\/wp\/v2\/users\/1"}],"replies":[{"embeddable":true,"href":"https:\/\/www.eldiario.net\/portal\/wp-json\/wp\/v2\/comments?post=4804"}],"version-history":[{"count":0,"href":"https:\/\/www.eldiario.net\/portal\/wp-json\/wp\/v2\/posts\/4804\/revisions"}],"wp:attachment":[{"href":"https:\/\/www.eldiario.net\/portal\/wp-json\/wp\/v2\/media?parent=4804"}],"wp:term":[{"taxonomy":"category","embeddable":true,"href":"https:\/\/www.eldiario.net\/portal\/wp-json\/wp\/v2\/categories?post=4804"},{"taxonomy":"post_tag","embeddable":true,"href":"https:\/\/www.eldiario.net\/portal\/wp-json\/wp\/v2\/tags?post=4804"}],"curies":[{"name":"wp","href":"https:\/\/api.w.org\/{rel}","templated":true}]}}