{"id":4677,"date":"2021-05-18T06:07:21","date_gmt":"2021-05-18T10:07:21","guid":{"rendered":"https:\/\/www.eldiario.net\/portal\/?p=4677"},"modified":"2021-05-18T06:07:21","modified_gmt":"2021-05-18T10:07:21","slug":"dudas-sobre-futuro-de-chile-por-proceso-constitucional","status":"publish","type":"post","link":"https:\/\/www.eldiario.net\/portal\/2021\/05\/18\/dudas-sobre-futuro-de-chile-por-proceso-constitucional\/","title":{"rendered":"Dudas sobre futuro de Chile  por Proceso constitucional"},"content":{"rendered":"<p>Santiago.- La derrota de las fuerzas pol\u00edticas chilenas tradicionales a manos emergentes fuerzas de izquierda en la elecci\u00f3n de los delegados que redactar\u00e1n una Constituci\u00f3n para reemplazar la heredada de la dictadura de Augusto Pinochet, despierta dudas sobre el futuro de un pa\u00eds conocido por su modelo de libre mercado, seg\u00fan expertos.<\/p>\n<p>El creciente descontento por la profunda desigualdad, que gener\u00f3 un estallido social a fines de 2019, deriv\u00f3 en un proceso constitucional, que el fin de semana llev\u00f3 a una variopinta elecci\u00f3n de 155 delegados de redactar el nuevo texto.<\/p>\n<p>\u00abHay un rechazo al sistema pol\u00edtico en general y eso queda demostrado en el nivel de abstenci\u00f3n que est\u00e1 cercano al 58%. Segundo, hay un rechazo a los partidos pol\u00edticos tradicionales obtendr\u00e1n la m\u00e1s baja votaci\u00f3n respecto a todas las elecciones anteriores\u00bb, dijo a Reuters el analista pol\u00edtico Guillermo Holzmann.<\/p>\n<p>Para el experto, la relaci\u00f3n entre el Estado y el mercado se modificar\u00eda intentando que \u00absea eficiente, est\u00e9 cercano y sirva a la ciudadan\u00eda\u00bb.<\/p>\n<p>La centroderecha oficialista no conquist\u00f3 un tercio de los esca\u00f1os, cifra clave para bloquear directamente eventuales cambios dr\u00e1sticos al modelo, mientras que la centroizquierda -que gobern\u00f3 mayormente al pa\u00eds desde la vuelta a la democracia-obtuvo un resultado inferior a las fuerzas emergentes de izquierda.<\/p>\n<p>\u00abEs probable que la mayor incertidumbre pol\u00edtica antes de las elecciones presidenciales afecte los activos hacia adelante, dado que es probable que los mercados interpreten esto como una encuesta a gran escala sobre el sentimiento chileno\u00bb, dijo Citi en una nota a clientes.<\/p>\n<p>El resultado de los comicios es otro fracaso para el presidente conservador Sebasti\u00e1n Pi\u00f1era, cuya popularidad se hundi\u00f3 en medio del descontento social y el intento de su gobierno por bloquear retiros de los ahorros en los fondos de pensiones para paliar la crisis desatada por la pandemia de coronavirus.<\/p>\n<p>La mirada est\u00e1 ahora puesta en los acuerdos que puedan alcanzar el conjunto de delegados constitucionales, liderado por independientes, aunque con clara mayor\u00eda de movimientos cr\u00edticos de la pol\u00edtica tradicional.<\/p>\n<p>La elecci\u00f3n remeci\u00f3 a los mercados locales, llevando al peso chileno a perder m\u00e1s del 2% en una sesi\u00f3n de medios, mientras que el \u00edndice l\u00edder de la bolsa lleg\u00f3 a rozar un desplome del 10%. Los bonos soberanos del pa\u00eds tambi\u00e9n resintieron le resultado.<\/p>\n<p>La agencia Fitch dijo que la calificaci\u00f3n actual del pa\u00eds es muy s\u00f3lida y podr\u00e1 soportar importantes incertidumbres pol\u00edticas y econ\u00f3micas despu\u00e9s de la rebaja realizada en octubre de 2020.<\/p>\n<p>Sin embargo, dijo que la nueva carta magna podr\u00eda generar riesgos para la gobernabilidad, la situaci\u00f3n fiscal y de deuda y las perspectivas de crecimiento a mediano plazo.<\/p>\n<p>Joaqu\u00edn Villarino, presidente del Consejo Minero -que agrupa a las grandes mineras del mayor productor mundial de cobre- dijo que el desaf\u00edo para los delegados incorporar\u00e1 equilibradamente las diversas visiones y enfocarse en la b\u00fasqueda de acuerdos.<\/p>\n<p>\u00abCreemos que es fundamental que este espacio de di\u00e1logo se caracterice por discusiones serias y bien fundadas. Si, por el contrario, se trata de discusiones desinformadas y con miradas cortoplacistas, habr\u00e1 razones para el pesimismo\u00bb, dijo el ejecutivo en una declaraci\u00f3n enviada a Reuters.<\/p>\n<p>La agitaci\u00f3n pol\u00edtica en dos naciones importantes productoras de cobre como son Chile y Per\u00fa aumenta la incertidumbre sobre la oferta del metal. (Reuters)<\/p>\n","protected":false},"excerpt":{"rendered":"<p>Santiago.- La derrota de las fuerzas pol\u00edticas chilenas tradicionales a manos emergentes fuerzas de izquierda en la elecci\u00f3n de los delegados que redactar\u00e1n una Constituci\u00f3n para reemplazar la heredada de la dictadura de Augusto Pinochet, despierta dudas sobre el futuro de un pa\u00eds conocido por su modelo de libre mercado, seg\u00fan expertos. El creciente descontento [&hellip;]<\/p>\n","protected":false},"author":1,"featured_media":4678,"comment_status":"closed","ping_status":"closed","sticky":false,"template":"","format":"standard","meta":{"_acf_changed":false,"footnotes":""},"categories":[3],"tags":[],"class_list":["post-4677","post","type-post","status-publish","format-standard","has-post-thumbnail","category-internacional"],"acf":{"antetitulo":""},"yoast_head":"<!-- This site is optimized with the Yoast SEO plugin v28.3 - https:\/\/yoast.com\/product\/yoast-seo-wordpress\/ -->\n<title>Dudas sobre futuro de Chile por Proceso constitucional - El Diario - Bolivia<\/title>\n<meta name=\"robots\" content=\"index, follow, max-snippet:-1, max-image-preview:large, max-video-preview:-1\" \/>\n<link rel=\"canonical\" href=\"https:\/\/www.eldiario.net\/portal\/2021\/05\/18\/dudas-sobre-futuro-de-chile-por-proceso-constitucional\/\" \/>\n<meta property=\"og:locale\" content=\"es_ES\" \/>\n<meta property=\"og:type\" content=\"article\" \/>\n<meta property=\"og:title\" content=\"Dudas sobre futuro de Chile por Proceso constitucional - El Diario - Bolivia\" \/>\n<meta property=\"og:description\" content=\"Santiago.- La derrota de las fuerzas pol\u00edticas chilenas tradicionales a manos emergentes fuerzas de izquierda en la elecci\u00f3n de los delegados que redactar\u00e1n una Constituci\u00f3n para reemplazar la heredada de la dictadura de Augusto Pinochet, despierta dudas sobre el futuro de un pa\u00eds conocido por su modelo de libre mercado, seg\u00fan expertos. El creciente descontento [&hellip;]\" \/>\n<meta property=\"og:url\" content=\"https:\/\/www.eldiario.net\/portal\/2021\/05\/18\/dudas-sobre-futuro-de-chile-por-proceso-constitucional\/\" \/>\n<meta property=\"og:site_name\" content=\"El Diario - Bolivia\" \/>\n<meta property=\"article:publisher\" content=\"https:\/\/www.facebook.com\/eldiario.bolivia\/\" \/>\n<meta property=\"article:published_time\" content=\"2021-05-18T10:07:21+00:00\" \/>\n<meta property=\"og:image\" content=\"https:\/\/www.eldiario.net\/portal\/wp-content\/uploads\/2021\/05\/INTE-Dudas-sobre-futuro-de-Chile.jpg\" \/>\n\t<meta property=\"og:image:width\" content=\"1280\" \/>\n\t<meta property=\"og:image:height\" content=\"853\" \/>\n\t<meta property=\"og:image:type\" content=\"image\/jpeg\" \/>\n<meta name=\"author\" content=\"Jeanette\" \/>\n<meta name=\"twitter:card\" content=\"summary_large_image\" \/>\n<meta name=\"twitter:creator\" content=\"@eldiario_net\" \/>\n<meta name=\"twitter:site\" content=\"@eldiario_net\" \/>\n<meta name=\"twitter:label1\" content=\"Escrito por\" \/>\n\t<meta name=\"twitter:data1\" content=\"Jeanette\" \/>\n\t<meta name=\"twitter:label2\" content=\"Tiempo de lectura\" \/>\n\t<meta name=\"twitter:data2\" content=\"3 minutos\" \/>\n<script type=\"application\/ld+json\" class=\"yoast-schema-graph\">{\"@context\":\"https:\\\/\\\/schema.org\",\"@graph\":[{\"@type\":\"Article\",\"@id\":\"https:\\\/\\\/www.eldiario.net\\\/portal\\\/2021\\\/05\\\/18\\\/dudas-sobre-futuro-de-chile-por-proceso-constitucional\\\/#article\",\"isPartOf\":{\"@id\":\"https:\\\/\\\/www.eldiario.net\\\/portal\\\/2021\\\/05\\\/18\\\/dudas-sobre-futuro-de-chile-por-proceso-constitucional\\\/\"},\"author\":{\"name\":\"Jeanette\",\"@id\":\"https:\\\/\\\/www.eldiario.net\\\/portal\\\/#\\\/schema\\\/person\\\/f46445640444750d7d753ccd04ae01b7\"},\"headline\":\"Dudas sobre futuro de Chile por Proceso constitucional\",\"datePublished\":\"2021-05-18T10:07:21+00:00\",\"mainEntityOfPage\":{\"@id\":\"https:\\\/\\\/www.eldiario.net\\\/portal\\\/2021\\\/05\\\/18\\\/dudas-sobre-futuro-de-chile-por-proceso-constitucional\\\/\"},\"wordCount\":590,\"publisher\":{\"@id\":\"https:\\\/\\\/www.eldiario.net\\\/portal\\\/#organization\"},\"image\":{\"@id\":\"https:\\\/\\\/www.eldiario.net\\\/portal\\\/2021\\\/05\\\/18\\\/dudas-sobre-futuro-de-chile-por-proceso-constitucional\\\/#primaryimage\"},\"thumbnailUrl\":\"https:\\\/\\\/www.eldiario.net\\\/portal\\\/wp-content\\\/uploads\\\/2021\\\/05\\\/INTE-Dudas-sobre-futuro-de-Chile.jpg\",\"articleSection\":[\"Internacional\"],\"inLanguage\":\"es\"},{\"@type\":\"WebPage\",\"@id\":\"https:\\\/\\\/www.eldiario.net\\\/portal\\\/2021\\\/05\\\/18\\\/dudas-sobre-futuro-de-chile-por-proceso-constitucional\\\/\",\"url\":\"https:\\\/\\\/www.eldiario.net\\\/portal\\\/2021\\\/05\\\/18\\\/dudas-sobre-futuro-de-chile-por-proceso-constitucional\\\/\",\"name\":\"Dudas sobre futuro de Chile por Proceso constitucional - El Diario - Bolivia\",\"isPartOf\":{\"@id\":\"https:\\\/\\\/www.eldiario.net\\\/portal\\\/#website\"},\"primaryImageOfPage\":{\"@id\":\"https:\\\/\\\/www.eldiario.net\\\/portal\\\/2021\\\/05\\\/18\\\/dudas-sobre-futuro-de-chile-por-proceso-constitucional\\\/#primaryimage\"},\"image\":{\"@id\":\"https:\\\/\\\/www.eldiario.net\\\/portal\\\/2021\\\/05\\\/18\\\/dudas-sobre-futuro-de-chile-por-proceso-constitucional\\\/#primaryimage\"},\"thumbnailUrl\":\"https:\\\/\\\/www.eldiario.net\\\/portal\\\/wp-content\\\/uploads\\\/2021\\\/05\\\/INTE-Dudas-sobre-futuro-de-Chile.jpg\",\"datePublished\":\"2021-05-18T10:07:21+00:00\",\"breadcrumb\":{\"@id\":\"https:\\\/\\\/www.eldiario.net\\\/portal\\\/2021\\\/05\\\/18\\\/dudas-sobre-futuro-de-chile-por-proceso-constitucional\\\/#breadcrumb\"},\"inLanguage\":\"es\",\"potentialAction\":[{\"@type\":\"ReadAction\",\"target\":[\"https:\\\/\\\/www.eldiario.net\\\/portal\\\/2021\\\/05\\\/18\\\/dudas-sobre-futuro-de-chile-por-proceso-constitucional\\\/\"]}]},{\"@type\":\"ImageObject\",\"inLanguage\":\"es\",\"@id\":\"https:\\\/\\\/www.eldiario.net\\\/portal\\\/2021\\\/05\\\/18\\\/dudas-sobre-futuro-de-chile-por-proceso-constitucional\\\/#primaryimage\",\"url\":\"https:\\\/\\\/www.eldiario.net\\\/portal\\\/wp-content\\\/uploads\\\/2021\\\/05\\\/INTE-Dudas-sobre-futuro-de-Chile.jpg\",\"contentUrl\":\"https:\\\/\\\/www.eldiario.net\\\/portal\\\/wp-content\\\/uploads\\\/2021\\\/05\\\/INTE-Dudas-sobre-futuro-de-Chile.jpg\",\"width\":1280,\"height\":853},{\"@type\":\"BreadcrumbList\",\"@id\":\"https:\\\/\\\/www.eldiario.net\\\/portal\\\/2021\\\/05\\\/18\\\/dudas-sobre-futuro-de-chile-por-proceso-constitucional\\\/#breadcrumb\",\"itemListElement\":[{\"@type\":\"ListItem\",\"position\":1,\"name\":\"Portada\",\"item\":\"https:\\\/\\\/www.eldiario.net\\\/portal\\\/\"},{\"@type\":\"ListItem\",\"position\":2,\"name\":\"Dudas sobre futuro de Chile por Proceso constitucional\"}]},{\"@type\":\"WebSite\",\"@id\":\"https:\\\/\\\/www.eldiario.net\\\/portal\\\/#website\",\"url\":\"https:\\\/\\\/www.eldiario.net\\\/portal\\\/\",\"name\":\"El Diario - Decano de la prensa nacional\",\"description\":\"El Diario - Decano de la prensa nacional\",\"publisher\":{\"@id\":\"https:\\\/\\\/www.eldiario.net\\\/portal\\\/#organization\"},\"potentialAction\":[{\"@type\":\"SearchAction\",\"target\":{\"@type\":\"EntryPoint\",\"urlTemplate\":\"https:\\\/\\\/www.eldiario.net\\\/portal\\\/?s={search_term_string}\"},\"query-input\":{\"@type\":\"PropertyValueSpecification\",\"valueRequired\":true,\"valueName\":\"search_term_string\"}}],\"inLanguage\":\"es\"},{\"@type\":\"Organization\",\"@id\":\"https:\\\/\\\/www.eldiario.net\\\/portal\\\/#organization\",\"name\":\"El Diario - Decano de la prensa nacional\",\"url\":\"https:\\\/\\\/www.eldiario.net\\\/portal\\\/\",\"logo\":{\"@type\":\"ImageObject\",\"inLanguage\":\"es\",\"@id\":\"https:\\\/\\\/www.eldiario.net\\\/portal\\\/#\\\/schema\\\/logo\\\/image\\\/\",\"url\":\"https:\\\/\\\/www.eldiario.net\\\/portal\\\/wp-content\\\/uploads\\\/2023\\\/07\\\/logo_ED.jpg\",\"contentUrl\":\"https:\\\/\\\/www.eldiario.net\\\/portal\\\/wp-content\\\/uploads\\\/2023\\\/07\\\/logo_ED.jpg\",\"width\":272,\"height\":52,\"caption\":\"El Diario - Decano de la prensa nacional\"},\"image\":{\"@id\":\"https:\\\/\\\/www.eldiario.net\\\/portal\\\/#\\\/schema\\\/logo\\\/image\\\/\"},\"sameAs\":[\"https:\\\/\\\/www.facebook.com\\\/eldiario.bolivia\\\/\",\"https:\\\/\\\/x.com\\\/eldiario_net\"]},{\"@type\":\"Person\",\"@id\":\"https:\\\/\\\/www.eldiario.net\\\/portal\\\/#\\\/schema\\\/person\\\/f46445640444750d7d753ccd04ae01b7\",\"name\":\"Jeanette\",\"image\":{\"@type\":\"ImageObject\",\"inLanguage\":\"es\",\"@id\":\"https:\\\/\\\/secure.gravatar.com\\\/avatar\\\/3ea2118a5f7dad2b7138b1187a6b7ee55f160b9968b66013c3a3ef39dd7e5798?s=96&d=mm&r=g\",\"url\":\"https:\\\/\\\/secure.gravatar.com\\\/avatar\\\/3ea2118a5f7dad2b7138b1187a6b7ee55f160b9968b66013c3a3ef39dd7e5798?s=96&d=mm&r=g\",\"contentUrl\":\"https:\\\/\\\/secure.gravatar.com\\\/avatar\\\/3ea2118a5f7dad2b7138b1187a6b7ee55f160b9968b66013c3a3ef39dd7e5798?s=96&d=mm&r=g\",\"caption\":\"Jeanette\"},\"sameAs\":[\"https:\\\/\\\/www.eldiario.net\\\/portal\"],\"url\":\"https:\\\/\\\/www.eldiario.net\\\/portal\\\/author\\\/jeanette\\\/\"}]}<\/script>\n<!-- \/ Yoast SEO plugin. -->","yoast_head_json":{"title":"Dudas sobre futuro de Chile por Proceso constitucional - El Diario - Bolivia","robots":{"index":"index","follow":"follow","max-snippet":"max-snippet:-1","max-image-preview":"max-image-preview:large","max-video-preview":"max-video-preview:-1"},"canonical":"https:\/\/www.eldiario.net\/portal\/2021\/05\/18\/dudas-sobre-futuro-de-chile-por-proceso-constitucional\/","og_locale":"es_ES","og_type":"article","og_title":"Dudas sobre futuro de Chile por Proceso constitucional - El Diario - Bolivia","og_description":"Santiago.- La derrota de las fuerzas pol\u00edticas chilenas tradicionales a manos emergentes fuerzas de izquierda en la elecci\u00f3n de los delegados que redactar\u00e1n una Constituci\u00f3n para reemplazar la heredada de la dictadura de Augusto Pinochet, despierta dudas sobre el futuro de un pa\u00eds conocido por su modelo de libre mercado, seg\u00fan expertos. El creciente descontento [&hellip;]","og_url":"https:\/\/www.eldiario.net\/portal\/2021\/05\/18\/dudas-sobre-futuro-de-chile-por-proceso-constitucional\/","og_site_name":"El Diario - Bolivia","article_publisher":"https:\/\/www.facebook.com\/eldiario.bolivia\/","article_published_time":"2021-05-18T10:07:21+00:00","og_image":[{"width":1280,"height":853,"url":"https:\/\/www.eldiario.net\/portal\/wp-content\/uploads\/2021\/05\/INTE-Dudas-sobre-futuro-de-Chile.jpg","type":"image\/jpeg"}],"author":"Jeanette","twitter_card":"summary_large_image","twitter_creator":"@eldiario_net","twitter_site":"@eldiario_net","twitter_misc":{"Escrito por":"Jeanette","Tiempo de lectura":"3 minutos"},"schema":{"@context":"https:\/\/schema.org","@graph":[{"@type":"Article","@id":"https:\/\/www.eldiario.net\/portal\/2021\/05\/18\/dudas-sobre-futuro-de-chile-por-proceso-constitucional\/#article","isPartOf":{"@id":"https:\/\/www.eldiario.net\/portal\/2021\/05\/18\/dudas-sobre-futuro-de-chile-por-proceso-constitucional\/"},"author":{"name":"Jeanette","@id":"https:\/\/www.eldiario.net\/portal\/#\/schema\/person\/f46445640444750d7d753ccd04ae01b7"},"headline":"Dudas sobre futuro de Chile por Proceso constitucional","datePublished":"2021-05-18T10:07:21+00:00","mainEntityOfPage":{"@id":"https:\/\/www.eldiario.net\/portal\/2021\/05\/18\/dudas-sobre-futuro-de-chile-por-proceso-constitucional\/"},"wordCount":590,"publisher":{"@id":"https:\/\/www.eldiario.net\/portal\/#organization"},"image":{"@id":"https:\/\/www.eldiario.net\/portal\/2021\/05\/18\/dudas-sobre-futuro-de-chile-por-proceso-constitucional\/#primaryimage"},"thumbnailUrl":"https:\/\/www.eldiario.net\/portal\/wp-content\/uploads\/2021\/05\/INTE-Dudas-sobre-futuro-de-Chile.jpg","articleSection":["Internacional"],"inLanguage":"es"},{"@type":"WebPage","@id":"https:\/\/www.eldiario.net\/portal\/2021\/05\/18\/dudas-sobre-futuro-de-chile-por-proceso-constitucional\/","url":"https:\/\/www.eldiario.net\/portal\/2021\/05\/18\/dudas-sobre-futuro-de-chile-por-proceso-constitucional\/","name":"Dudas sobre futuro de Chile por Proceso constitucional - El Diario - Bolivia","isPartOf":{"@id":"https:\/\/www.eldiario.net\/portal\/#website"},"primaryImageOfPage":{"@id":"https:\/\/www.eldiario.net\/portal\/2021\/05\/18\/dudas-sobre-futuro-de-chile-por-proceso-constitucional\/#primaryimage"},"image":{"@id":"https:\/\/www.eldiario.net\/portal\/2021\/05\/18\/dudas-sobre-futuro-de-chile-por-proceso-constitucional\/#primaryimage"},"thumbnailUrl":"https:\/\/www.eldiario.net\/portal\/wp-content\/uploads\/2021\/05\/INTE-Dudas-sobre-futuro-de-Chile.jpg","datePublished":"2021-05-18T10:07:21+00:00","breadcrumb":{"@id":"https:\/\/www.eldiario.net\/portal\/2021\/05\/18\/dudas-sobre-futuro-de-chile-por-proceso-constitucional\/#breadcrumb"},"inLanguage":"es","potentialAction":[{"@type":"ReadAction","target":["https:\/\/www.eldiario.net\/portal\/2021\/05\/18\/dudas-sobre-futuro-de-chile-por-proceso-constitucional\/"]}]},{"@type":"ImageObject","inLanguage":"es","@id":"https:\/\/www.eldiario.net\/portal\/2021\/05\/18\/dudas-sobre-futuro-de-chile-por-proceso-constitucional\/#primaryimage","url":"https:\/\/www.eldiario.net\/portal\/wp-content\/uploads\/2021\/05\/INTE-Dudas-sobre-futuro-de-Chile.jpg","contentUrl":"https:\/\/www.eldiario.net\/portal\/wp-content\/uploads\/2021\/05\/INTE-Dudas-sobre-futuro-de-Chile.jpg","width":1280,"height":853},{"@type":"BreadcrumbList","@id":"https:\/\/www.eldiario.net\/portal\/2021\/05\/18\/dudas-sobre-futuro-de-chile-por-proceso-constitucional\/#breadcrumb","itemListElement":[{"@type":"ListItem","position":1,"name":"Portada","item":"https:\/\/www.eldiario.net\/portal\/"},{"@type":"ListItem","position":2,"name":"Dudas sobre futuro de Chile por Proceso constitucional"}]},{"@type":"WebSite","@id":"https:\/\/www.eldiario.net\/portal\/#website","url":"https:\/\/www.eldiario.net\/portal\/","name":"El Diario - Decano de la prensa nacional","description":"El Diario - Decano de la prensa nacional","publisher":{"@id":"https:\/\/www.eldiario.net\/portal\/#organization"},"potentialAction":[{"@type":"SearchAction","target":{"@type":"EntryPoint","urlTemplate":"https:\/\/www.eldiario.net\/portal\/?s={search_term_string}"},"query-input":{"@type":"PropertyValueSpecification","valueRequired":true,"valueName":"search_term_string"}}],"inLanguage":"es"},{"@type":"Organization","@id":"https:\/\/www.eldiario.net\/portal\/#organization","name":"El Diario - Decano de la prensa nacional","url":"https:\/\/www.eldiario.net\/portal\/","logo":{"@type":"ImageObject","inLanguage":"es","@id":"https:\/\/www.eldiario.net\/portal\/#\/schema\/logo\/image\/","url":"https:\/\/www.eldiario.net\/portal\/wp-content\/uploads\/2023\/07\/logo_ED.jpg","contentUrl":"https:\/\/www.eldiario.net\/portal\/wp-content\/uploads\/2023\/07\/logo_ED.jpg","width":272,"height":52,"caption":"El Diario - Decano de la prensa nacional"},"image":{"@id":"https:\/\/www.eldiario.net\/portal\/#\/schema\/logo\/image\/"},"sameAs":["https:\/\/www.facebook.com\/eldiario.bolivia\/","https:\/\/x.com\/eldiario_net"]},{"@type":"Person","@id":"https:\/\/www.eldiario.net\/portal\/#\/schema\/person\/f46445640444750d7d753ccd04ae01b7","name":"Jeanette","image":{"@type":"ImageObject","inLanguage":"es","@id":"https:\/\/secure.gravatar.com\/avatar\/3ea2118a5f7dad2b7138b1187a6b7ee55f160b9968b66013c3a3ef39dd7e5798?s=96&d=mm&r=g","url":"https:\/\/secure.gravatar.com\/avatar\/3ea2118a5f7dad2b7138b1187a6b7ee55f160b9968b66013c3a3ef39dd7e5798?s=96&d=mm&r=g","contentUrl":"https:\/\/secure.gravatar.com\/avatar\/3ea2118a5f7dad2b7138b1187a6b7ee55f160b9968b66013c3a3ef39dd7e5798?s=96&d=mm&r=g","caption":"Jeanette"},"sameAs":["https:\/\/www.eldiario.net\/portal"],"url":"https:\/\/www.eldiario.net\/portal\/author\/jeanette\/"}]}},"_links":{"self":[{"href":"https:\/\/www.eldiario.net\/portal\/wp-json\/wp\/v2\/posts\/4677","targetHints":{"allow":["GET"]}}],"collection":[{"href":"https:\/\/www.eldiario.net\/portal\/wp-json\/wp\/v2\/posts"}],"about":[{"href":"https:\/\/www.eldiario.net\/portal\/wp-json\/wp\/v2\/types\/post"}],"author":[{"embeddable":true,"href":"https:\/\/www.eldiario.net\/portal\/wp-json\/wp\/v2\/users\/1"}],"replies":[{"embeddable":true,"href":"https:\/\/www.eldiario.net\/portal\/wp-json\/wp\/v2\/comments?post=4677"}],"version-history":[{"count":0,"href":"https:\/\/www.eldiario.net\/portal\/wp-json\/wp\/v2\/posts\/4677\/revisions"}],"wp:featuredmedia":[{"embeddable":true,"href":"https:\/\/www.eldiario.net\/portal\/wp-json\/wp\/v2\/media\/4678"}],"wp:attachment":[{"href":"https:\/\/www.eldiario.net\/portal\/wp-json\/wp\/v2\/media?parent=4677"}],"wp:term":[{"taxonomy":"category","embeddable":true,"href":"https:\/\/www.eldiario.net\/portal\/wp-json\/wp\/v2\/categories?post=4677"},{"taxonomy":"post_tag","embeddable":true,"href":"https:\/\/www.eldiario.net\/portal\/wp-json\/wp\/v2\/tags?post=4677"}],"curies":[{"name":"wp","href":"https:\/\/api.w.org\/{rel}","templated":true}]}}