{"id":4674,"date":"2021-05-18T06:05:18","date_gmt":"2021-05-18T10:05:18","guid":{"rendered":"https:\/\/www.eldiario.net\/portal\/?p=4674"},"modified":"2021-05-18T06:05:18","modified_gmt":"2021-05-18T10:05:18","slug":"eeuu-anuncia-exportacion-de-vacunas-covid-19-autorizadas","status":"publish","type":"post","link":"https:\/\/www.eldiario.net\/portal\/2021\/05\/18\/eeuu-anuncia-exportacion-de-vacunas-covid-19-autorizadas\/","title":{"rendered":"EEUU anuncia exportaci\u00f3n de  vacunas Covid-19 autorizadas"},"content":{"rendered":"<p>Washington.- El presidente estadounidense, Joe Biden, anunci\u00f3 este lunes su intenci\u00f3n de donar 20 millones de dosis adicionales de vacunas contra el coronavirus para finales de junio, con lo que ha comprometido ya 80 millones de dosis en donaciones. Esta ser\u00e1 la primera exportaci\u00f3n de vacunas aprobadas para su uso en Estados Unidos.<\/p>\n<p>\u00abEs lo correcto. Es lo inteligente. Es lo potente que podemos hacer\u00bb, declar\u00f3 Biden en una comparecencia p\u00fablica. El mandatario ha destacado que son dosis suficientes para vacunar a toda la poblaci\u00f3n estadounidense de menos de 12 a\u00f1os.<\/p>\n<p>\u00abEstados Unidos va a compartir al menos 20 millones de esas dosis con otros pa\u00edses, el suministro adicional (&#8230;). No vamos a utilizar nuestras vacunas para conseguir favores de otros pa\u00edses\u00bb, afirm\u00f3 en un dardo para China o Rusia, acusados de condicionar las donaciones o ventas a sus objetivos diplom\u00e1ticos.<\/p>\n<p>Biden destac\u00f3 que estas medidas son solo el primer paso de un cambio de postura para enfrentar la pandemia tambi\u00e9n en el extranjero y ha reiterado su compromiso de convertir a su pa\u00eds en el \u00abarsenal\u00bb del suministro mundial de vacunas.<\/p>\n<p>Antes que Biden compareci\u00f3 la portavoz de la Casa Blanca, Jen Psaki, quien ha dado a conocer la cifra de 20 millones de vacunas y ha concretado que se trata de dosis de las farmac\u00e9uticas Moderna, Pfizer, Johnson&amp;Johnson y AstraZeneca cuya autorizaci\u00f3n para la exportaci\u00f3n ya se est\u00e1 gestionando.<\/p>\n<p>Esta cifra \u00abquintuplica la mayor cifra de dosis donada por cualquier otro pa\u00eds del mundo\u00bb, ha subrayado Psaki en rueda de prensa.<\/p>\n<p>El mes pasado Washington ya anunci\u00f3 la donaci\u00f3n de 60 millones de dosis de la vacuna de AstraZeneca tras la presi\u00f3n de congresistas y expertos sanitarios y las cr\u00edticas al \u00abnacionalismo de vacunas\u00bb. Parte de estas vacunas habr\u00edan llegado ya a M\u00e9xico o Canad\u00e1.<\/p>\n<p>Este domingo Estados Unidos inform\u00f3 de casi 17.000 nuevos contagios, la cifra m\u00e1s baja desde marzo de 2020. Adem\u00e1s, el 37 por ciento de la poblaci\u00f3n adulta est\u00e1 ya inmunizada, mientras que el 47 por ciento ha recibido al menos una dosis de la vacuna, seg\u00fan los Centros para el Control y Prevenci\u00f3n de Enfermedades (CDC). (Europa Press)<\/p>\n","protected":false},"excerpt":{"rendered":"<p>Washington.- El presidente estadounidense, Joe Biden, anunci\u00f3 este lunes su intenci\u00f3n de donar 20 millones de dosis adicionales de vacunas contra el coronavirus para finales de junio, con lo que ha comprometido ya 80 millones de dosis en donaciones. Esta ser\u00e1 la primera exportaci\u00f3n de vacunas aprobadas para su uso en Estados Unidos. \u00abEs lo [&hellip;]<\/p>\n","protected":false},"author":1,"featured_media":4675,"comment_status":"closed","ping_status":"closed","sticky":false,"template":"","format":"standard","meta":{"_acf_changed":false,"footnotes":""},"categories":[3],"tags":[],"class_list":["post-4674","post","type-post","status-publish","format-standard","has-post-thumbnail","category-internacional"],"acf":{"antetitulo":""},"yoast_head":"<!-- This site is optimized with the Yoast SEO plugin v28.3 - https:\/\/yoast.com\/product\/yoast-seo-wordpress\/ -->\n<title>EEUU anuncia exportaci\u00f3n de vacunas Covid-19 autorizadas - El Diario - Bolivia<\/title>\n<meta name=\"robots\" content=\"index, follow, max-snippet:-1, max-image-preview:large, max-video-preview:-1\" \/>\n<link rel=\"canonical\" href=\"https:\/\/www.eldiario.net\/portal\/2021\/05\/18\/eeuu-anuncia-exportacion-de-vacunas-covid-19-autorizadas\/\" \/>\n<meta property=\"og:locale\" content=\"es_ES\" \/>\n<meta property=\"og:type\" content=\"article\" \/>\n<meta property=\"og:title\" content=\"EEUU anuncia exportaci\u00f3n de vacunas Covid-19 autorizadas - El Diario - Bolivia\" \/>\n<meta property=\"og:description\" content=\"Washington.- El presidente estadounidense, Joe Biden, anunci\u00f3 este lunes su intenci\u00f3n de donar 20 millones de dosis adicionales de vacunas contra el coronavirus para finales de junio, con lo que ha comprometido ya 80 millones de dosis en donaciones. Esta ser\u00e1 la primera exportaci\u00f3n de vacunas aprobadas para su uso en Estados Unidos. \u00abEs lo [&hellip;]\" \/>\n<meta property=\"og:url\" content=\"https:\/\/www.eldiario.net\/portal\/2021\/05\/18\/eeuu-anuncia-exportacion-de-vacunas-covid-19-autorizadas\/\" \/>\n<meta property=\"og:site_name\" content=\"El Diario - Bolivia\" \/>\n<meta property=\"article:publisher\" content=\"https:\/\/www.facebook.com\/eldiario.bolivia\/\" \/>\n<meta property=\"article:published_time\" content=\"2021-05-18T10:05:18+00:00\" \/>\n<meta property=\"og:image\" content=\"https:\/\/www.eldiario.net\/portal\/wp-content\/uploads\/2021\/05\/INTE-EEUU-anuncia-exportacion-de.jpg\" \/>\n\t<meta property=\"og:image:width\" content=\"1200\" \/>\n\t<meta property=\"og:image:height\" content=\"630\" \/>\n\t<meta property=\"og:image:type\" content=\"image\/jpeg\" \/>\n<meta name=\"author\" content=\"Jeanette\" \/>\n<meta name=\"twitter:card\" content=\"summary_large_image\" \/>\n<meta name=\"twitter:creator\" content=\"@eldiario_net\" \/>\n<meta name=\"twitter:site\" content=\"@eldiario_net\" \/>\n<meta name=\"twitter:label1\" content=\"Escrito por\" \/>\n\t<meta name=\"twitter:data1\" content=\"Jeanette\" \/>\n\t<meta name=\"twitter:label2\" content=\"Tiempo de lectura\" \/>\n\t<meta name=\"twitter:data2\" content=\"2 minutos\" \/>\n<script type=\"application\/ld+json\" class=\"yoast-schema-graph\">{\"@context\":\"https:\\\/\\\/schema.org\",\"@graph\":[{\"@type\":\"Article\",\"@id\":\"https:\\\/\\\/www.eldiario.net\\\/portal\\\/2021\\\/05\\\/18\\\/eeuu-anuncia-exportacion-de-vacunas-covid-19-autorizadas\\\/#article\",\"isPartOf\":{\"@id\":\"https:\\\/\\\/www.eldiario.net\\\/portal\\\/2021\\\/05\\\/18\\\/eeuu-anuncia-exportacion-de-vacunas-covid-19-autorizadas\\\/\"},\"author\":{\"name\":\"Jeanette\",\"@id\":\"https:\\\/\\\/www.eldiario.net\\\/portal\\\/#\\\/schema\\\/person\\\/f46445640444750d7d753ccd04ae01b7\"},\"headline\":\"EEUU anuncia exportaci\u00f3n de vacunas Covid-19 autorizadas\",\"datePublished\":\"2021-05-18T10:05:18+00:00\",\"mainEntityOfPage\":{\"@id\":\"https:\\\/\\\/www.eldiario.net\\\/portal\\\/2021\\\/05\\\/18\\\/eeuu-anuncia-exportacion-de-vacunas-covid-19-autorizadas\\\/\"},\"wordCount\":379,\"publisher\":{\"@id\":\"https:\\\/\\\/www.eldiario.net\\\/portal\\\/#organization\"},\"image\":{\"@id\":\"https:\\\/\\\/www.eldiario.net\\\/portal\\\/2021\\\/05\\\/18\\\/eeuu-anuncia-exportacion-de-vacunas-covid-19-autorizadas\\\/#primaryimage\"},\"thumbnailUrl\":\"https:\\\/\\\/www.eldiario.net\\\/portal\\\/wp-content\\\/uploads\\\/2021\\\/05\\\/INTE-EEUU-anuncia-exportacion-de.jpg\",\"articleSection\":[\"Internacional\"],\"inLanguage\":\"es\"},{\"@type\":\"WebPage\",\"@id\":\"https:\\\/\\\/www.eldiario.net\\\/portal\\\/2021\\\/05\\\/18\\\/eeuu-anuncia-exportacion-de-vacunas-covid-19-autorizadas\\\/\",\"url\":\"https:\\\/\\\/www.eldiario.net\\\/portal\\\/2021\\\/05\\\/18\\\/eeuu-anuncia-exportacion-de-vacunas-covid-19-autorizadas\\\/\",\"name\":\"EEUU anuncia exportaci\u00f3n de vacunas Covid-19 autorizadas - El Diario - Bolivia\",\"isPartOf\":{\"@id\":\"https:\\\/\\\/www.eldiario.net\\\/portal\\\/#website\"},\"primaryImageOfPage\":{\"@id\":\"https:\\\/\\\/www.eldiario.net\\\/portal\\\/2021\\\/05\\\/18\\\/eeuu-anuncia-exportacion-de-vacunas-covid-19-autorizadas\\\/#primaryimage\"},\"image\":{\"@id\":\"https:\\\/\\\/www.eldiario.net\\\/portal\\\/2021\\\/05\\\/18\\\/eeuu-anuncia-exportacion-de-vacunas-covid-19-autorizadas\\\/#primaryimage\"},\"thumbnailUrl\":\"https:\\\/\\\/www.eldiario.net\\\/portal\\\/wp-content\\\/uploads\\\/2021\\\/05\\\/INTE-EEUU-anuncia-exportacion-de.jpg\",\"datePublished\":\"2021-05-18T10:05:18+00:00\",\"breadcrumb\":{\"@id\":\"https:\\\/\\\/www.eldiario.net\\\/portal\\\/2021\\\/05\\\/18\\\/eeuu-anuncia-exportacion-de-vacunas-covid-19-autorizadas\\\/#breadcrumb\"},\"inLanguage\":\"es\",\"potentialAction\":[{\"@type\":\"ReadAction\",\"target\":[\"https:\\\/\\\/www.eldiario.net\\\/portal\\\/2021\\\/05\\\/18\\\/eeuu-anuncia-exportacion-de-vacunas-covid-19-autorizadas\\\/\"]}]},{\"@type\":\"ImageObject\",\"inLanguage\":\"es\",\"@id\":\"https:\\\/\\\/www.eldiario.net\\\/portal\\\/2021\\\/05\\\/18\\\/eeuu-anuncia-exportacion-de-vacunas-covid-19-autorizadas\\\/#primaryimage\",\"url\":\"https:\\\/\\\/www.eldiario.net\\\/portal\\\/wp-content\\\/uploads\\\/2021\\\/05\\\/INTE-EEUU-anuncia-exportacion-de.jpg\",\"contentUrl\":\"https:\\\/\\\/www.eldiario.net\\\/portal\\\/wp-content\\\/uploads\\\/2021\\\/05\\\/INTE-EEUU-anuncia-exportacion-de.jpg\",\"width\":1200,\"height\":630},{\"@type\":\"BreadcrumbList\",\"@id\":\"https:\\\/\\\/www.eldiario.net\\\/portal\\\/2021\\\/05\\\/18\\\/eeuu-anuncia-exportacion-de-vacunas-covid-19-autorizadas\\\/#breadcrumb\",\"itemListElement\":[{\"@type\":\"ListItem\",\"position\":1,\"name\":\"Portada\",\"item\":\"https:\\\/\\\/www.eldiario.net\\\/portal\\\/\"},{\"@type\":\"ListItem\",\"position\":2,\"name\":\"EEUU anuncia exportaci\u00f3n de vacunas Covid-19 autorizadas\"}]},{\"@type\":\"WebSite\",\"@id\":\"https:\\\/\\\/www.eldiario.net\\\/portal\\\/#website\",\"url\":\"https:\\\/\\\/www.eldiario.net\\\/portal\\\/\",\"name\":\"El Diario - Decano de la prensa nacional\",\"description\":\"El Diario - Decano de la prensa nacional\",\"publisher\":{\"@id\":\"https:\\\/\\\/www.eldiario.net\\\/portal\\\/#organization\"},\"potentialAction\":[{\"@type\":\"SearchAction\",\"target\":{\"@type\":\"EntryPoint\",\"urlTemplate\":\"https:\\\/\\\/www.eldiario.net\\\/portal\\\/?s={search_term_string}\"},\"query-input\":{\"@type\":\"PropertyValueSpecification\",\"valueRequired\":true,\"valueName\":\"search_term_string\"}}],\"inLanguage\":\"es\"},{\"@type\":\"Organization\",\"@id\":\"https:\\\/\\\/www.eldiario.net\\\/portal\\\/#organization\",\"name\":\"El Diario - Decano de la prensa nacional\",\"url\":\"https:\\\/\\\/www.eldiario.net\\\/portal\\\/\",\"logo\":{\"@type\":\"ImageObject\",\"inLanguage\":\"es\",\"@id\":\"https:\\\/\\\/www.eldiario.net\\\/portal\\\/#\\\/schema\\\/logo\\\/image\\\/\",\"url\":\"https:\\\/\\\/www.eldiario.net\\\/portal\\\/wp-content\\\/uploads\\\/2023\\\/07\\\/logo_ED.jpg\",\"contentUrl\":\"https:\\\/\\\/www.eldiario.net\\\/portal\\\/wp-content\\\/uploads\\\/2023\\\/07\\\/logo_ED.jpg\",\"width\":272,\"height\":52,\"caption\":\"El Diario - Decano de la prensa nacional\"},\"image\":{\"@id\":\"https:\\\/\\\/www.eldiario.net\\\/portal\\\/#\\\/schema\\\/logo\\\/image\\\/\"},\"sameAs\":[\"https:\\\/\\\/www.facebook.com\\\/eldiario.bolivia\\\/\",\"https:\\\/\\\/x.com\\\/eldiario_net\"]},{\"@type\":\"Person\",\"@id\":\"https:\\\/\\\/www.eldiario.net\\\/portal\\\/#\\\/schema\\\/person\\\/f46445640444750d7d753ccd04ae01b7\",\"name\":\"Jeanette\",\"image\":{\"@type\":\"ImageObject\",\"inLanguage\":\"es\",\"@id\":\"https:\\\/\\\/secure.gravatar.com\\\/avatar\\\/3ea2118a5f7dad2b7138b1187a6b7ee55f160b9968b66013c3a3ef39dd7e5798?s=96&d=mm&r=g\",\"url\":\"https:\\\/\\\/secure.gravatar.com\\\/avatar\\\/3ea2118a5f7dad2b7138b1187a6b7ee55f160b9968b66013c3a3ef39dd7e5798?s=96&d=mm&r=g\",\"contentUrl\":\"https:\\\/\\\/secure.gravatar.com\\\/avatar\\\/3ea2118a5f7dad2b7138b1187a6b7ee55f160b9968b66013c3a3ef39dd7e5798?s=96&d=mm&r=g\",\"caption\":\"Jeanette\"},\"sameAs\":[\"https:\\\/\\\/www.eldiario.net\\\/portal\"],\"url\":\"https:\\\/\\\/www.eldiario.net\\\/portal\\\/author\\\/jeanette\\\/\"}]}<\/script>\n<!-- \/ Yoast SEO plugin. -->","yoast_head_json":{"title":"EEUU anuncia exportaci\u00f3n de vacunas Covid-19 autorizadas - El Diario - Bolivia","robots":{"index":"index","follow":"follow","max-snippet":"max-snippet:-1","max-image-preview":"max-image-preview:large","max-video-preview":"max-video-preview:-1"},"canonical":"https:\/\/www.eldiario.net\/portal\/2021\/05\/18\/eeuu-anuncia-exportacion-de-vacunas-covid-19-autorizadas\/","og_locale":"es_ES","og_type":"article","og_title":"EEUU anuncia exportaci\u00f3n de vacunas Covid-19 autorizadas - El Diario - Bolivia","og_description":"Washington.- El presidente estadounidense, Joe Biden, anunci\u00f3 este lunes su intenci\u00f3n de donar 20 millones de dosis adicionales de vacunas contra el coronavirus para finales de junio, con lo que ha comprometido ya 80 millones de dosis en donaciones. Esta ser\u00e1 la primera exportaci\u00f3n de vacunas aprobadas para su uso en Estados Unidos. \u00abEs lo [&hellip;]","og_url":"https:\/\/www.eldiario.net\/portal\/2021\/05\/18\/eeuu-anuncia-exportacion-de-vacunas-covid-19-autorizadas\/","og_site_name":"El Diario - Bolivia","article_publisher":"https:\/\/www.facebook.com\/eldiario.bolivia\/","article_published_time":"2021-05-18T10:05:18+00:00","og_image":[{"width":1200,"height":630,"url":"https:\/\/www.eldiario.net\/portal\/wp-content\/uploads\/2021\/05\/INTE-EEUU-anuncia-exportacion-de.jpg","type":"image\/jpeg"}],"author":"Jeanette","twitter_card":"summary_large_image","twitter_creator":"@eldiario_net","twitter_site":"@eldiario_net","twitter_misc":{"Escrito por":"Jeanette","Tiempo de lectura":"2 minutos"},"schema":{"@context":"https:\/\/schema.org","@graph":[{"@type":"Article","@id":"https:\/\/www.eldiario.net\/portal\/2021\/05\/18\/eeuu-anuncia-exportacion-de-vacunas-covid-19-autorizadas\/#article","isPartOf":{"@id":"https:\/\/www.eldiario.net\/portal\/2021\/05\/18\/eeuu-anuncia-exportacion-de-vacunas-covid-19-autorizadas\/"},"author":{"name":"Jeanette","@id":"https:\/\/www.eldiario.net\/portal\/#\/schema\/person\/f46445640444750d7d753ccd04ae01b7"},"headline":"EEUU anuncia exportaci\u00f3n de vacunas Covid-19 autorizadas","datePublished":"2021-05-18T10:05:18+00:00","mainEntityOfPage":{"@id":"https:\/\/www.eldiario.net\/portal\/2021\/05\/18\/eeuu-anuncia-exportacion-de-vacunas-covid-19-autorizadas\/"},"wordCount":379,"publisher":{"@id":"https:\/\/www.eldiario.net\/portal\/#organization"},"image":{"@id":"https:\/\/www.eldiario.net\/portal\/2021\/05\/18\/eeuu-anuncia-exportacion-de-vacunas-covid-19-autorizadas\/#primaryimage"},"thumbnailUrl":"https:\/\/www.eldiario.net\/portal\/wp-content\/uploads\/2021\/05\/INTE-EEUU-anuncia-exportacion-de.jpg","articleSection":["Internacional"],"inLanguage":"es"},{"@type":"WebPage","@id":"https:\/\/www.eldiario.net\/portal\/2021\/05\/18\/eeuu-anuncia-exportacion-de-vacunas-covid-19-autorizadas\/","url":"https:\/\/www.eldiario.net\/portal\/2021\/05\/18\/eeuu-anuncia-exportacion-de-vacunas-covid-19-autorizadas\/","name":"EEUU anuncia exportaci\u00f3n de vacunas Covid-19 autorizadas - El Diario - Bolivia","isPartOf":{"@id":"https:\/\/www.eldiario.net\/portal\/#website"},"primaryImageOfPage":{"@id":"https:\/\/www.eldiario.net\/portal\/2021\/05\/18\/eeuu-anuncia-exportacion-de-vacunas-covid-19-autorizadas\/#primaryimage"},"image":{"@id":"https:\/\/www.eldiario.net\/portal\/2021\/05\/18\/eeuu-anuncia-exportacion-de-vacunas-covid-19-autorizadas\/#primaryimage"},"thumbnailUrl":"https:\/\/www.eldiario.net\/portal\/wp-content\/uploads\/2021\/05\/INTE-EEUU-anuncia-exportacion-de.jpg","datePublished":"2021-05-18T10:05:18+00:00","breadcrumb":{"@id":"https:\/\/www.eldiario.net\/portal\/2021\/05\/18\/eeuu-anuncia-exportacion-de-vacunas-covid-19-autorizadas\/#breadcrumb"},"inLanguage":"es","potentialAction":[{"@type":"ReadAction","target":["https:\/\/www.eldiario.net\/portal\/2021\/05\/18\/eeuu-anuncia-exportacion-de-vacunas-covid-19-autorizadas\/"]}]},{"@type":"ImageObject","inLanguage":"es","@id":"https:\/\/www.eldiario.net\/portal\/2021\/05\/18\/eeuu-anuncia-exportacion-de-vacunas-covid-19-autorizadas\/#primaryimage","url":"https:\/\/www.eldiario.net\/portal\/wp-content\/uploads\/2021\/05\/INTE-EEUU-anuncia-exportacion-de.jpg","contentUrl":"https:\/\/www.eldiario.net\/portal\/wp-content\/uploads\/2021\/05\/INTE-EEUU-anuncia-exportacion-de.jpg","width":1200,"height":630},{"@type":"BreadcrumbList","@id":"https:\/\/www.eldiario.net\/portal\/2021\/05\/18\/eeuu-anuncia-exportacion-de-vacunas-covid-19-autorizadas\/#breadcrumb","itemListElement":[{"@type":"ListItem","position":1,"name":"Portada","item":"https:\/\/www.eldiario.net\/portal\/"},{"@type":"ListItem","position":2,"name":"EEUU anuncia exportaci\u00f3n de vacunas Covid-19 autorizadas"}]},{"@type":"WebSite","@id":"https:\/\/www.eldiario.net\/portal\/#website","url":"https:\/\/www.eldiario.net\/portal\/","name":"El Diario - Decano de la prensa nacional","description":"El Diario - Decano de la prensa nacional","publisher":{"@id":"https:\/\/www.eldiario.net\/portal\/#organization"},"potentialAction":[{"@type":"SearchAction","target":{"@type":"EntryPoint","urlTemplate":"https:\/\/www.eldiario.net\/portal\/?s={search_term_string}"},"query-input":{"@type":"PropertyValueSpecification","valueRequired":true,"valueName":"search_term_string"}}],"inLanguage":"es"},{"@type":"Organization","@id":"https:\/\/www.eldiario.net\/portal\/#organization","name":"El Diario - Decano de la prensa nacional","url":"https:\/\/www.eldiario.net\/portal\/","logo":{"@type":"ImageObject","inLanguage":"es","@id":"https:\/\/www.eldiario.net\/portal\/#\/schema\/logo\/image\/","url":"https:\/\/www.eldiario.net\/portal\/wp-content\/uploads\/2023\/07\/logo_ED.jpg","contentUrl":"https:\/\/www.eldiario.net\/portal\/wp-content\/uploads\/2023\/07\/logo_ED.jpg","width":272,"height":52,"caption":"El Diario - Decano de la prensa nacional"},"image":{"@id":"https:\/\/www.eldiario.net\/portal\/#\/schema\/logo\/image\/"},"sameAs":["https:\/\/www.facebook.com\/eldiario.bolivia\/","https:\/\/x.com\/eldiario_net"]},{"@type":"Person","@id":"https:\/\/www.eldiario.net\/portal\/#\/schema\/person\/f46445640444750d7d753ccd04ae01b7","name":"Jeanette","image":{"@type":"ImageObject","inLanguage":"es","@id":"https:\/\/secure.gravatar.com\/avatar\/3ea2118a5f7dad2b7138b1187a6b7ee55f160b9968b66013c3a3ef39dd7e5798?s=96&d=mm&r=g","url":"https:\/\/secure.gravatar.com\/avatar\/3ea2118a5f7dad2b7138b1187a6b7ee55f160b9968b66013c3a3ef39dd7e5798?s=96&d=mm&r=g","contentUrl":"https:\/\/secure.gravatar.com\/avatar\/3ea2118a5f7dad2b7138b1187a6b7ee55f160b9968b66013c3a3ef39dd7e5798?s=96&d=mm&r=g","caption":"Jeanette"},"sameAs":["https:\/\/www.eldiario.net\/portal"],"url":"https:\/\/www.eldiario.net\/portal\/author\/jeanette\/"}]}},"_links":{"self":[{"href":"https:\/\/www.eldiario.net\/portal\/wp-json\/wp\/v2\/posts\/4674","targetHints":{"allow":["GET"]}}],"collection":[{"href":"https:\/\/www.eldiario.net\/portal\/wp-json\/wp\/v2\/posts"}],"about":[{"href":"https:\/\/www.eldiario.net\/portal\/wp-json\/wp\/v2\/types\/post"}],"author":[{"embeddable":true,"href":"https:\/\/www.eldiario.net\/portal\/wp-json\/wp\/v2\/users\/1"}],"replies":[{"embeddable":true,"href":"https:\/\/www.eldiario.net\/portal\/wp-json\/wp\/v2\/comments?post=4674"}],"version-history":[{"count":0,"href":"https:\/\/www.eldiario.net\/portal\/wp-json\/wp\/v2\/posts\/4674\/revisions"}],"wp:featuredmedia":[{"embeddable":true,"href":"https:\/\/www.eldiario.net\/portal\/wp-json\/wp\/v2\/media\/4675"}],"wp:attachment":[{"href":"https:\/\/www.eldiario.net\/portal\/wp-json\/wp\/v2\/media?parent=4674"}],"wp:term":[{"taxonomy":"category","embeddable":true,"href":"https:\/\/www.eldiario.net\/portal\/wp-json\/wp\/v2\/categories?post=4674"},{"taxonomy":"post_tag","embeddable":true,"href":"https:\/\/www.eldiario.net\/portal\/wp-json\/wp\/v2\/tags?post=4674"}],"curies":[{"name":"wp","href":"https:\/\/api.w.org\/{rel}","templated":true}]}}