{"id":4671,"date":"2021-05-18T06:04:04","date_gmt":"2021-05-18T10:04:04","guid":{"rendered":"https:\/\/www.eldiario.net\/portal\/?p=4671"},"modified":"2021-05-18T06:04:04","modified_gmt":"2021-05-18T10:04:04","slug":"eeuu-sanciona-a-birmanos-vinculados-con-aparato-militar","status":"publish","type":"post","link":"https:\/\/www.eldiario.net\/portal\/2021\/05\/18\/eeuu-sanciona-a-birmanos-vinculados-con-aparato-militar\/","title":{"rendered":"EEUU sanciona a birmanos  vinculados con aparato militar"},"content":{"rendered":"<p>Washington.- El Departamento del Tesoro de Estados Unidos emiti\u00f3 este lunes sanciones contra 16 individuos y el Consejo Administrativo Estatal de Birmania, relacionados con el aparato militar responsable del golpe de Estado del 1 de febrero en el pa\u00eds asi\u00e1tico.<\/p>\n<p>De los individuos sancionados, 13 son miembros \u00abclave\u00bb del r\u00e9gimen militar birmano, que, seg\u00fan ha recordado el Tesoro en un comunicado, \u00abreprime violentamente\u00bb el movimiento prodemocr\u00e1tico en el pa\u00eds y es responsable de los ataques \u00abletales\u00bb contra la ciudadan\u00eda birmana, ni\u00f1os incluido. Los otros tres son hijos adultos de militares birmanos previamente sancionados.<\/p>\n<p>En cuanto al Consejo Administrativo Estatal, que es el nombre oficial del Gobierno militar birmano, las sanciones estadounidenses implican el reconocimiento del mismo como una \u00absubdivisi\u00f3n pol\u00edtica\u00bb o \u00abagencia\u00bb del Gobierno de Birmania. Se form\u00f3 un d\u00eda despu\u00e9s del golpe de Estado y est\u00e1 compuesto en su mayor parte por oficiales militares.<\/p>\n<p>\u00abEl r\u00e9gimen birmano contin\u00faa llevando a cabo abusos contra los Derechos Humanos y oprimiendo a la ciudadan\u00eda de Birmania\u00bb, se\u00f1al\u00f3 la directora de la Oficina de Control de Activos Extranjeros (OFAC, por sus siglas en ingl\u00e9s), Andrea Gacki, que ha sostenido que las sanciones muestran el compromiso de Estados Unidos de trabajar con sus socios internacionales para \u00abpresionar\u00bb a la junta militar y promover la rendici\u00f3n de cuentas de los responsables por el golpe y la violencia.<\/p>\n<p>Como resultado de la acci\u00f3n estadounidense, todas las transacciones realizadas por estadounidenses que involucren cualquier propiedad o intereses en la propiedad de los sancionados quedan prohibidas. La prohibici\u00f3n incluye la realizaci\u00f3n de cualquier contribuci\u00f3n, bienes o servicios por o para beneficio de cualquier persona sancionada.<\/p>\n<p>Estados Unidos ya sancion\u00f3 a varios militares birmanos, incluido al comandante del Ej\u00e9rcito de Birmania, el general Min Aung Hlaing, que lider\u00f3 el golpe de Estado en el pa\u00eds asi\u00e1tico.<\/p>\n<p>El Ej\u00e9rcito de Birmania asumi\u00f3 el poder el 1 de febrero y declar\u00f3 el estado de emergencia durante un a\u00f1o tras detener a los principales dirigentes del pa\u00eds. El golpe lleg\u00f3 tras las recientes tensiones a ra\u00edz de las elecciones generales de noviembre, en las que tanto la oposici\u00f3n como el Ej\u00e9rcito han denunciado posibles irregularidades, aunque sin presentar pruebas. Las manifestaciones se han sucedido hasta el momento en contra de la junta militar. (Europa Press)<\/p>\n<p>&nbsp;<\/p>\n","protected":false},"excerpt":{"rendered":"<p>Washington.- El Departamento del Tesoro de Estados Unidos emiti\u00f3 este lunes sanciones contra 16 individuos y el Consejo Administrativo Estatal de Birmania, relacionados con el aparato militar responsable del golpe de Estado del 1 de febrero en el pa\u00eds asi\u00e1tico. De los individuos sancionados, 13 son miembros \u00abclave\u00bb del r\u00e9gimen militar birmano, que, seg\u00fan ha [&hellip;]<\/p>\n","protected":false},"author":1,"featured_media":4672,"comment_status":"closed","ping_status":"closed","sticky":false,"template":"","format":"standard","meta":{"_acf_changed":false,"footnotes":""},"categories":[3],"tags":[],"class_list":["post-4671","post","type-post","status-publish","format-standard","has-post-thumbnail","category-internacional"],"acf":{"antetitulo":""},"yoast_head":"<!-- This site is optimized with the Yoast SEO plugin v28.3 - https:\/\/yoast.com\/product\/yoast-seo-wordpress\/ -->\n<title>EEUU sanciona a birmanos vinculados con aparato militar - El Diario - Bolivia<\/title>\n<meta name=\"robots\" content=\"index, follow, max-snippet:-1, max-image-preview:large, max-video-preview:-1\" \/>\n<link rel=\"canonical\" href=\"https:\/\/www.eldiario.net\/portal\/2021\/05\/18\/eeuu-sanciona-a-birmanos-vinculados-con-aparato-militar\/\" \/>\n<meta property=\"og:locale\" content=\"es_ES\" \/>\n<meta property=\"og:type\" content=\"article\" \/>\n<meta property=\"og:title\" content=\"EEUU sanciona a birmanos vinculados con aparato militar - El Diario - Bolivia\" \/>\n<meta property=\"og:description\" content=\"Washington.- El Departamento del Tesoro de Estados Unidos emiti\u00f3 este lunes sanciones contra 16 individuos y el Consejo Administrativo Estatal de Birmania, relacionados con el aparato militar responsable del golpe de Estado del 1 de febrero en el pa\u00eds asi\u00e1tico. De los individuos sancionados, 13 son miembros \u00abclave\u00bb del r\u00e9gimen militar birmano, que, seg\u00fan ha [&hellip;]\" \/>\n<meta property=\"og:url\" content=\"https:\/\/www.eldiario.net\/portal\/2021\/05\/18\/eeuu-sanciona-a-birmanos-vinculados-con-aparato-militar\/\" \/>\n<meta property=\"og:site_name\" content=\"El Diario - Bolivia\" \/>\n<meta property=\"article:publisher\" content=\"https:\/\/www.facebook.com\/eldiario.bolivia\/\" \/>\n<meta property=\"article:published_time\" content=\"2021-05-18T10:04:04+00:00\" \/>\n<meta name=\"author\" content=\"Jeanette\" \/>\n<meta name=\"twitter:card\" content=\"summary_large_image\" \/>\n<meta name=\"twitter:creator\" content=\"@eldiario_net\" \/>\n<meta name=\"twitter:site\" content=\"@eldiario_net\" \/>\n<meta name=\"twitter:label1\" content=\"Escrito por\" \/>\n\t<meta name=\"twitter:data1\" content=\"Jeanette\" \/>\n\t<meta name=\"twitter:label2\" content=\"Tiempo de lectura\" \/>\n\t<meta name=\"twitter:data2\" content=\"2 minutos\" \/>\n<script type=\"application\/ld+json\" class=\"yoast-schema-graph\">{\"@context\":\"https:\\\/\\\/schema.org\",\"@graph\":[{\"@type\":\"Article\",\"@id\":\"https:\\\/\\\/www.eldiario.net\\\/portal\\\/2021\\\/05\\\/18\\\/eeuu-sanciona-a-birmanos-vinculados-con-aparato-militar\\\/#article\",\"isPartOf\":{\"@id\":\"https:\\\/\\\/www.eldiario.net\\\/portal\\\/2021\\\/05\\\/18\\\/eeuu-sanciona-a-birmanos-vinculados-con-aparato-militar\\\/\"},\"author\":{\"name\":\"Jeanette\",\"@id\":\"https:\\\/\\\/www.eldiario.net\\\/portal\\\/#\\\/schema\\\/person\\\/f46445640444750d7d753ccd04ae01b7\"},\"headline\":\"EEUU sanciona a birmanos vinculados con aparato militar\",\"datePublished\":\"2021-05-18T10:04:04+00:00\",\"mainEntityOfPage\":{\"@id\":\"https:\\\/\\\/www.eldiario.net\\\/portal\\\/2021\\\/05\\\/18\\\/eeuu-sanciona-a-birmanos-vinculados-con-aparato-militar\\\/\"},\"wordCount\":410,\"publisher\":{\"@id\":\"https:\\\/\\\/www.eldiario.net\\\/portal\\\/#organization\"},\"image\":{\"@id\":\"https:\\\/\\\/www.eldiario.net\\\/portal\\\/2021\\\/05\\\/18\\\/eeuu-sanciona-a-birmanos-vinculados-con-aparato-militar\\\/#primaryimage\"},\"thumbnailUrl\":\"\",\"articleSection\":[\"Internacional\"],\"inLanguage\":\"es\"},{\"@type\":\"WebPage\",\"@id\":\"https:\\\/\\\/www.eldiario.net\\\/portal\\\/2021\\\/05\\\/18\\\/eeuu-sanciona-a-birmanos-vinculados-con-aparato-militar\\\/\",\"url\":\"https:\\\/\\\/www.eldiario.net\\\/portal\\\/2021\\\/05\\\/18\\\/eeuu-sanciona-a-birmanos-vinculados-con-aparato-militar\\\/\",\"name\":\"EEUU sanciona a birmanos vinculados con aparato militar - El Diario - Bolivia\",\"isPartOf\":{\"@id\":\"https:\\\/\\\/www.eldiario.net\\\/portal\\\/#website\"},\"primaryImageOfPage\":{\"@id\":\"https:\\\/\\\/www.eldiario.net\\\/portal\\\/2021\\\/05\\\/18\\\/eeuu-sanciona-a-birmanos-vinculados-con-aparato-militar\\\/#primaryimage\"},\"image\":{\"@id\":\"https:\\\/\\\/www.eldiario.net\\\/portal\\\/2021\\\/05\\\/18\\\/eeuu-sanciona-a-birmanos-vinculados-con-aparato-militar\\\/#primaryimage\"},\"thumbnailUrl\":\"\",\"datePublished\":\"2021-05-18T10:04:04+00:00\",\"breadcrumb\":{\"@id\":\"https:\\\/\\\/www.eldiario.net\\\/portal\\\/2021\\\/05\\\/18\\\/eeuu-sanciona-a-birmanos-vinculados-con-aparato-militar\\\/#breadcrumb\"},\"inLanguage\":\"es\",\"potentialAction\":[{\"@type\":\"ReadAction\",\"target\":[\"https:\\\/\\\/www.eldiario.net\\\/portal\\\/2021\\\/05\\\/18\\\/eeuu-sanciona-a-birmanos-vinculados-con-aparato-militar\\\/\"]}]},{\"@type\":\"ImageObject\",\"inLanguage\":\"es\",\"@id\":\"https:\\\/\\\/www.eldiario.net\\\/portal\\\/2021\\\/05\\\/18\\\/eeuu-sanciona-a-birmanos-vinculados-con-aparato-militar\\\/#primaryimage\",\"url\":\"\",\"contentUrl\":\"\"},{\"@type\":\"BreadcrumbList\",\"@id\":\"https:\\\/\\\/www.eldiario.net\\\/portal\\\/2021\\\/05\\\/18\\\/eeuu-sanciona-a-birmanos-vinculados-con-aparato-militar\\\/#breadcrumb\",\"itemListElement\":[{\"@type\":\"ListItem\",\"position\":1,\"name\":\"Portada\",\"item\":\"https:\\\/\\\/www.eldiario.net\\\/portal\\\/\"},{\"@type\":\"ListItem\",\"position\":2,\"name\":\"EEUU sanciona a birmanos vinculados con aparato militar\"}]},{\"@type\":\"WebSite\",\"@id\":\"https:\\\/\\\/www.eldiario.net\\\/portal\\\/#website\",\"url\":\"https:\\\/\\\/www.eldiario.net\\\/portal\\\/\",\"name\":\"El Diario - Decano de la prensa nacional\",\"description\":\"El Diario - Decano de la prensa nacional\",\"publisher\":{\"@id\":\"https:\\\/\\\/www.eldiario.net\\\/portal\\\/#organization\"},\"potentialAction\":[{\"@type\":\"SearchAction\",\"target\":{\"@type\":\"EntryPoint\",\"urlTemplate\":\"https:\\\/\\\/www.eldiario.net\\\/portal\\\/?s={search_term_string}\"},\"query-input\":{\"@type\":\"PropertyValueSpecification\",\"valueRequired\":true,\"valueName\":\"search_term_string\"}}],\"inLanguage\":\"es\"},{\"@type\":\"Organization\",\"@id\":\"https:\\\/\\\/www.eldiario.net\\\/portal\\\/#organization\",\"name\":\"El Diario - Decano de la prensa nacional\",\"url\":\"https:\\\/\\\/www.eldiario.net\\\/portal\\\/\",\"logo\":{\"@type\":\"ImageObject\",\"inLanguage\":\"es\",\"@id\":\"https:\\\/\\\/www.eldiario.net\\\/portal\\\/#\\\/schema\\\/logo\\\/image\\\/\",\"url\":\"https:\\\/\\\/www.eldiario.net\\\/portal\\\/wp-content\\\/uploads\\\/2023\\\/07\\\/logo_ED.jpg\",\"contentUrl\":\"https:\\\/\\\/www.eldiario.net\\\/portal\\\/wp-content\\\/uploads\\\/2023\\\/07\\\/logo_ED.jpg\",\"width\":272,\"height\":52,\"caption\":\"El Diario - Decano de la prensa nacional\"},\"image\":{\"@id\":\"https:\\\/\\\/www.eldiario.net\\\/portal\\\/#\\\/schema\\\/logo\\\/image\\\/\"},\"sameAs\":[\"https:\\\/\\\/www.facebook.com\\\/eldiario.bolivia\\\/\",\"https:\\\/\\\/x.com\\\/eldiario_net\"]},{\"@type\":\"Person\",\"@id\":\"https:\\\/\\\/www.eldiario.net\\\/portal\\\/#\\\/schema\\\/person\\\/f46445640444750d7d753ccd04ae01b7\",\"name\":\"Jeanette\",\"image\":{\"@type\":\"ImageObject\",\"inLanguage\":\"es\",\"@id\":\"https:\\\/\\\/secure.gravatar.com\\\/avatar\\\/3ea2118a5f7dad2b7138b1187a6b7ee55f160b9968b66013c3a3ef39dd7e5798?s=96&d=mm&r=g\",\"url\":\"https:\\\/\\\/secure.gravatar.com\\\/avatar\\\/3ea2118a5f7dad2b7138b1187a6b7ee55f160b9968b66013c3a3ef39dd7e5798?s=96&d=mm&r=g\",\"contentUrl\":\"https:\\\/\\\/secure.gravatar.com\\\/avatar\\\/3ea2118a5f7dad2b7138b1187a6b7ee55f160b9968b66013c3a3ef39dd7e5798?s=96&d=mm&r=g\",\"caption\":\"Jeanette\"},\"sameAs\":[\"https:\\\/\\\/www.eldiario.net\\\/portal\"],\"url\":\"https:\\\/\\\/www.eldiario.net\\\/portal\\\/author\\\/jeanette\\\/\"}]}<\/script>\n<!-- \/ Yoast SEO plugin. -->","yoast_head_json":{"title":"EEUU sanciona a birmanos vinculados con aparato militar - El Diario - Bolivia","robots":{"index":"index","follow":"follow","max-snippet":"max-snippet:-1","max-image-preview":"max-image-preview:large","max-video-preview":"max-video-preview:-1"},"canonical":"https:\/\/www.eldiario.net\/portal\/2021\/05\/18\/eeuu-sanciona-a-birmanos-vinculados-con-aparato-militar\/","og_locale":"es_ES","og_type":"article","og_title":"EEUU sanciona a birmanos vinculados con aparato militar - El Diario - Bolivia","og_description":"Washington.- El Departamento del Tesoro de Estados Unidos emiti\u00f3 este lunes sanciones contra 16 individuos y el Consejo Administrativo Estatal de Birmania, relacionados con el aparato militar responsable del golpe de Estado del 1 de febrero en el pa\u00eds asi\u00e1tico. De los individuos sancionados, 13 son miembros \u00abclave\u00bb del r\u00e9gimen militar birmano, que, seg\u00fan ha [&hellip;]","og_url":"https:\/\/www.eldiario.net\/portal\/2021\/05\/18\/eeuu-sanciona-a-birmanos-vinculados-con-aparato-militar\/","og_site_name":"El Diario - Bolivia","article_publisher":"https:\/\/www.facebook.com\/eldiario.bolivia\/","article_published_time":"2021-05-18T10:04:04+00:00","author":"Jeanette","twitter_card":"summary_large_image","twitter_creator":"@eldiario_net","twitter_site":"@eldiario_net","twitter_misc":{"Escrito por":"Jeanette","Tiempo de lectura":"2 minutos"},"schema":{"@context":"https:\/\/schema.org","@graph":[{"@type":"Article","@id":"https:\/\/www.eldiario.net\/portal\/2021\/05\/18\/eeuu-sanciona-a-birmanos-vinculados-con-aparato-militar\/#article","isPartOf":{"@id":"https:\/\/www.eldiario.net\/portal\/2021\/05\/18\/eeuu-sanciona-a-birmanos-vinculados-con-aparato-militar\/"},"author":{"name":"Jeanette","@id":"https:\/\/www.eldiario.net\/portal\/#\/schema\/person\/f46445640444750d7d753ccd04ae01b7"},"headline":"EEUU sanciona a birmanos vinculados con aparato militar","datePublished":"2021-05-18T10:04:04+00:00","mainEntityOfPage":{"@id":"https:\/\/www.eldiario.net\/portal\/2021\/05\/18\/eeuu-sanciona-a-birmanos-vinculados-con-aparato-militar\/"},"wordCount":410,"publisher":{"@id":"https:\/\/www.eldiario.net\/portal\/#organization"},"image":{"@id":"https:\/\/www.eldiario.net\/portal\/2021\/05\/18\/eeuu-sanciona-a-birmanos-vinculados-con-aparato-militar\/#primaryimage"},"thumbnailUrl":"","articleSection":["Internacional"],"inLanguage":"es"},{"@type":"WebPage","@id":"https:\/\/www.eldiario.net\/portal\/2021\/05\/18\/eeuu-sanciona-a-birmanos-vinculados-con-aparato-militar\/","url":"https:\/\/www.eldiario.net\/portal\/2021\/05\/18\/eeuu-sanciona-a-birmanos-vinculados-con-aparato-militar\/","name":"EEUU sanciona a birmanos vinculados con aparato militar - El Diario - Bolivia","isPartOf":{"@id":"https:\/\/www.eldiario.net\/portal\/#website"},"primaryImageOfPage":{"@id":"https:\/\/www.eldiario.net\/portal\/2021\/05\/18\/eeuu-sanciona-a-birmanos-vinculados-con-aparato-militar\/#primaryimage"},"image":{"@id":"https:\/\/www.eldiario.net\/portal\/2021\/05\/18\/eeuu-sanciona-a-birmanos-vinculados-con-aparato-militar\/#primaryimage"},"thumbnailUrl":"","datePublished":"2021-05-18T10:04:04+00:00","breadcrumb":{"@id":"https:\/\/www.eldiario.net\/portal\/2021\/05\/18\/eeuu-sanciona-a-birmanos-vinculados-con-aparato-militar\/#breadcrumb"},"inLanguage":"es","potentialAction":[{"@type":"ReadAction","target":["https:\/\/www.eldiario.net\/portal\/2021\/05\/18\/eeuu-sanciona-a-birmanos-vinculados-con-aparato-militar\/"]}]},{"@type":"ImageObject","inLanguage":"es","@id":"https:\/\/www.eldiario.net\/portal\/2021\/05\/18\/eeuu-sanciona-a-birmanos-vinculados-con-aparato-militar\/#primaryimage","url":"","contentUrl":""},{"@type":"BreadcrumbList","@id":"https:\/\/www.eldiario.net\/portal\/2021\/05\/18\/eeuu-sanciona-a-birmanos-vinculados-con-aparato-militar\/#breadcrumb","itemListElement":[{"@type":"ListItem","position":1,"name":"Portada","item":"https:\/\/www.eldiario.net\/portal\/"},{"@type":"ListItem","position":2,"name":"EEUU sanciona a birmanos vinculados con aparato militar"}]},{"@type":"WebSite","@id":"https:\/\/www.eldiario.net\/portal\/#website","url":"https:\/\/www.eldiario.net\/portal\/","name":"El Diario - Decano de la prensa nacional","description":"El Diario - Decano de la prensa nacional","publisher":{"@id":"https:\/\/www.eldiario.net\/portal\/#organization"},"potentialAction":[{"@type":"SearchAction","target":{"@type":"EntryPoint","urlTemplate":"https:\/\/www.eldiario.net\/portal\/?s={search_term_string}"},"query-input":{"@type":"PropertyValueSpecification","valueRequired":true,"valueName":"search_term_string"}}],"inLanguage":"es"},{"@type":"Organization","@id":"https:\/\/www.eldiario.net\/portal\/#organization","name":"El Diario - Decano de la prensa nacional","url":"https:\/\/www.eldiario.net\/portal\/","logo":{"@type":"ImageObject","inLanguage":"es","@id":"https:\/\/www.eldiario.net\/portal\/#\/schema\/logo\/image\/","url":"https:\/\/www.eldiario.net\/portal\/wp-content\/uploads\/2023\/07\/logo_ED.jpg","contentUrl":"https:\/\/www.eldiario.net\/portal\/wp-content\/uploads\/2023\/07\/logo_ED.jpg","width":272,"height":52,"caption":"El Diario - Decano de la prensa nacional"},"image":{"@id":"https:\/\/www.eldiario.net\/portal\/#\/schema\/logo\/image\/"},"sameAs":["https:\/\/www.facebook.com\/eldiario.bolivia\/","https:\/\/x.com\/eldiario_net"]},{"@type":"Person","@id":"https:\/\/www.eldiario.net\/portal\/#\/schema\/person\/f46445640444750d7d753ccd04ae01b7","name":"Jeanette","image":{"@type":"ImageObject","inLanguage":"es","@id":"https:\/\/secure.gravatar.com\/avatar\/3ea2118a5f7dad2b7138b1187a6b7ee55f160b9968b66013c3a3ef39dd7e5798?s=96&d=mm&r=g","url":"https:\/\/secure.gravatar.com\/avatar\/3ea2118a5f7dad2b7138b1187a6b7ee55f160b9968b66013c3a3ef39dd7e5798?s=96&d=mm&r=g","contentUrl":"https:\/\/secure.gravatar.com\/avatar\/3ea2118a5f7dad2b7138b1187a6b7ee55f160b9968b66013c3a3ef39dd7e5798?s=96&d=mm&r=g","caption":"Jeanette"},"sameAs":["https:\/\/www.eldiario.net\/portal"],"url":"https:\/\/www.eldiario.net\/portal\/author\/jeanette\/"}]}},"_links":{"self":[{"href":"https:\/\/www.eldiario.net\/portal\/wp-json\/wp\/v2\/posts\/4671","targetHints":{"allow":["GET"]}}],"collection":[{"href":"https:\/\/www.eldiario.net\/portal\/wp-json\/wp\/v2\/posts"}],"about":[{"href":"https:\/\/www.eldiario.net\/portal\/wp-json\/wp\/v2\/types\/post"}],"author":[{"embeddable":true,"href":"https:\/\/www.eldiario.net\/portal\/wp-json\/wp\/v2\/users\/1"}],"replies":[{"embeddable":true,"href":"https:\/\/www.eldiario.net\/portal\/wp-json\/wp\/v2\/comments?post=4671"}],"version-history":[{"count":0,"href":"https:\/\/www.eldiario.net\/portal\/wp-json\/wp\/v2\/posts\/4671\/revisions"}],"wp:attachment":[{"href":"https:\/\/www.eldiario.net\/portal\/wp-json\/wp\/v2\/media?parent=4671"}],"wp:term":[{"taxonomy":"category","embeddable":true,"href":"https:\/\/www.eldiario.net\/portal\/wp-json\/wp\/v2\/categories?post=4671"},{"taxonomy":"post_tag","embeddable":true,"href":"https:\/\/www.eldiario.net\/portal\/wp-json\/wp\/v2\/tags?post=4671"}],"curies":[{"name":"wp","href":"https:\/\/api.w.org\/{rel}","templated":true}]}}