{"id":4668,"date":"2021-05-18T06:02:22","date_gmt":"2021-05-18T10:02:22","guid":{"rendered":"https:\/\/www.eldiario.net\/portal\/?p=4668"},"modified":"2021-05-18T06:02:22","modified_gmt":"2021-05-18T10:02:22","slug":"prision-preventiva-en-ecuador-para-defensor-del-pueblo","status":"publish","type":"post","link":"https:\/\/www.eldiario.net\/portal\/2021\/05\/18\/prision-preventiva-en-ecuador-para-defensor-del-pueblo\/","title":{"rendered":"Prisi\u00f3n preventiva en Ecuador  para Defensor del Pueblo"},"content":{"rendered":"<p>Quito.- La Fiscal\u00eda de Ecuador inform\u00f3 este lunes de que un tribunal ha acogido su petici\u00f3n y ha dictado prisi\u00f3n preventiva contra el Defensor del Pueblo, Freddy Carri\u00f3n, por un presunto delito de abuso sexual.<\/p>\n<p>Asimismo, mediante un mensaje publicado en su cuenta de Twitter, el Ministerio P\u00fablico ha detallado que el tribunal tambi\u00e9n ha dispuesto medidas de protecci\u00f3n para la v\u00edctima.<\/p>\n<p>Previamente, la Fiscal\u00eda hab\u00eda informado de la apertura de una investigaci\u00f3n contra Carri\u00f3n y el exministro de Sanidad Mauro Falcon\u00ed. Una fiscal experta en delitos de este tipo estar\u00e1 al frente de las pesquisas, que se basan en un incidente registrado el fin de semana en el sector de El Bosque, en Quito, la capital.<\/p>\n<p>Un informe policial apunta a que, a lo largo del s\u00e1bado por la noche, los agentes habr\u00edan acudido a la zona tras registrarse un incidente. Los agentes han se\u00f1alado que se registr\u00f3 una pelea \u00abcon agresi\u00f3n f\u00edsica\u00bb entre Carri\u00f3n y Falcon\u00ed, seg\u00fan informaciones del diario &#8216;El Comercio&#8217;.<\/p>\n<p>Los agentes acudieron a la zona tras recibir llamadas de varios residentes, que aseguraban que se estaba produciendo un \u00abesc\u00e1ndalo\u00bb. Una mujer ha denunciado as\u00ed haber sido v\u00edctima de una \u00abagresi\u00f3n de car\u00e1cter sexual\u00bb.<\/p>\n<p>Adem\u00e1s, los vecinos indicaron que en la zona se estar\u00eda produciendo una \u00abfiesta clandestina\u00bb. Los agentes, por su parte, han confirmado que al llegar a la zona hab\u00eda cinco personas, dos de las cuales eran parte de la seguridad del Defensor del Pueblo.<\/p>\n<p>En la Asamblea de Ecuador, varios diputados afirmaron que abrir\u00e1n un proceso de destituci\u00f3n pol\u00edtica contra Carri\u00f3n, que ha asegurado que recibe atenci\u00f3n m\u00e9dica debido al \u00abquebranto\u00bb sufrido en su salud. As\u00ed, ha negado haber participado en una \u00abfiesta clandestina\u00bb. (Europa Press)<\/p>\n","protected":false},"excerpt":{"rendered":"<p>Quito.- La Fiscal\u00eda de Ecuador inform\u00f3 este lunes de que un tribunal ha acogido su petici\u00f3n y ha dictado prisi\u00f3n preventiva contra el Defensor del Pueblo, Freddy Carri\u00f3n, por un presunto delito de abuso sexual. Asimismo, mediante un mensaje publicado en su cuenta de Twitter, el Ministerio P\u00fablico ha detallado que el tribunal tambi\u00e9n ha [&hellip;]<\/p>\n","protected":false},"author":1,"featured_media":4669,"comment_status":"closed","ping_status":"closed","sticky":false,"template":"","format":"standard","meta":{"_acf_changed":false,"footnotes":""},"categories":[3],"tags":[],"class_list":["post-4668","post","type-post","status-publish","format-standard","has-post-thumbnail","category-internacional"],"acf":{"antetitulo":""},"yoast_head":"<!-- This site is optimized with the Yoast SEO plugin v28.3 - https:\/\/yoast.com\/product\/yoast-seo-wordpress\/ -->\n<title>Prisi\u00f3n preventiva en Ecuador para Defensor del Pueblo - El Diario - Bolivia<\/title>\n<meta name=\"robots\" content=\"index, follow, max-snippet:-1, max-image-preview:large, max-video-preview:-1\" \/>\n<link rel=\"canonical\" href=\"https:\/\/www.eldiario.net\/portal\/2021\/05\/18\/prision-preventiva-en-ecuador-para-defensor-del-pueblo\/\" \/>\n<meta property=\"og:locale\" content=\"es_ES\" \/>\n<meta property=\"og:type\" content=\"article\" \/>\n<meta property=\"og:title\" content=\"Prisi\u00f3n preventiva en Ecuador para Defensor del Pueblo - El Diario - Bolivia\" \/>\n<meta property=\"og:description\" content=\"Quito.- La Fiscal\u00eda de Ecuador inform\u00f3 este lunes de que un tribunal ha acogido su petici\u00f3n y ha dictado prisi\u00f3n preventiva contra el Defensor del Pueblo, Freddy Carri\u00f3n, por un presunto delito de abuso sexual. Asimismo, mediante un mensaje publicado en su cuenta de Twitter, el Ministerio P\u00fablico ha detallado que el tribunal tambi\u00e9n ha [&hellip;]\" \/>\n<meta property=\"og:url\" content=\"https:\/\/www.eldiario.net\/portal\/2021\/05\/18\/prision-preventiva-en-ecuador-para-defensor-del-pueblo\/\" \/>\n<meta property=\"og:site_name\" content=\"El Diario - Bolivia\" \/>\n<meta property=\"article:publisher\" content=\"https:\/\/www.facebook.com\/eldiario.bolivia\/\" \/>\n<meta property=\"article:published_time\" content=\"2021-05-18T10:02:22+00:00\" \/>\n<meta name=\"author\" content=\"Jeanette\" \/>\n<meta name=\"twitter:card\" content=\"summary_large_image\" \/>\n<meta name=\"twitter:creator\" content=\"@eldiario_net\" \/>\n<meta name=\"twitter:site\" content=\"@eldiario_net\" \/>\n<meta name=\"twitter:label1\" content=\"Escrito por\" \/>\n\t<meta name=\"twitter:data1\" content=\"Jeanette\" \/>\n\t<meta name=\"twitter:label2\" content=\"Tiempo de lectura\" \/>\n\t<meta name=\"twitter:data2\" content=\"2 minutos\" \/>\n<script type=\"application\/ld+json\" class=\"yoast-schema-graph\">{\"@context\":\"https:\\\/\\\/schema.org\",\"@graph\":[{\"@type\":\"Article\",\"@id\":\"https:\\\/\\\/www.eldiario.net\\\/portal\\\/2021\\\/05\\\/18\\\/prision-preventiva-en-ecuador-para-defensor-del-pueblo\\\/#article\",\"isPartOf\":{\"@id\":\"https:\\\/\\\/www.eldiario.net\\\/portal\\\/2021\\\/05\\\/18\\\/prision-preventiva-en-ecuador-para-defensor-del-pueblo\\\/\"},\"author\":{\"name\":\"Jeanette\",\"@id\":\"https:\\\/\\\/www.eldiario.net\\\/portal\\\/#\\\/schema\\\/person\\\/f46445640444750d7d753ccd04ae01b7\"},\"headline\":\"Prisi\u00f3n preventiva en Ecuador para Defensor del Pueblo\",\"datePublished\":\"2021-05-18T10:02:22+00:00\",\"mainEntityOfPage\":{\"@id\":\"https:\\\/\\\/www.eldiario.net\\\/portal\\\/2021\\\/05\\\/18\\\/prision-preventiva-en-ecuador-para-defensor-del-pueblo\\\/\"},\"wordCount\":325,\"publisher\":{\"@id\":\"https:\\\/\\\/www.eldiario.net\\\/portal\\\/#organization\"},\"image\":{\"@id\":\"https:\\\/\\\/www.eldiario.net\\\/portal\\\/2021\\\/05\\\/18\\\/prision-preventiva-en-ecuador-para-defensor-del-pueblo\\\/#primaryimage\"},\"thumbnailUrl\":\"\",\"articleSection\":[\"Internacional\"],\"inLanguage\":\"es\"},{\"@type\":\"WebPage\",\"@id\":\"https:\\\/\\\/www.eldiario.net\\\/portal\\\/2021\\\/05\\\/18\\\/prision-preventiva-en-ecuador-para-defensor-del-pueblo\\\/\",\"url\":\"https:\\\/\\\/www.eldiario.net\\\/portal\\\/2021\\\/05\\\/18\\\/prision-preventiva-en-ecuador-para-defensor-del-pueblo\\\/\",\"name\":\"Prisi\u00f3n preventiva en Ecuador para Defensor del Pueblo - El Diario - Bolivia\",\"isPartOf\":{\"@id\":\"https:\\\/\\\/www.eldiario.net\\\/portal\\\/#website\"},\"primaryImageOfPage\":{\"@id\":\"https:\\\/\\\/www.eldiario.net\\\/portal\\\/2021\\\/05\\\/18\\\/prision-preventiva-en-ecuador-para-defensor-del-pueblo\\\/#primaryimage\"},\"image\":{\"@id\":\"https:\\\/\\\/www.eldiario.net\\\/portal\\\/2021\\\/05\\\/18\\\/prision-preventiva-en-ecuador-para-defensor-del-pueblo\\\/#primaryimage\"},\"thumbnailUrl\":\"\",\"datePublished\":\"2021-05-18T10:02:22+00:00\",\"breadcrumb\":{\"@id\":\"https:\\\/\\\/www.eldiario.net\\\/portal\\\/2021\\\/05\\\/18\\\/prision-preventiva-en-ecuador-para-defensor-del-pueblo\\\/#breadcrumb\"},\"inLanguage\":\"es\",\"potentialAction\":[{\"@type\":\"ReadAction\",\"target\":[\"https:\\\/\\\/www.eldiario.net\\\/portal\\\/2021\\\/05\\\/18\\\/prision-preventiva-en-ecuador-para-defensor-del-pueblo\\\/\"]}]},{\"@type\":\"ImageObject\",\"inLanguage\":\"es\",\"@id\":\"https:\\\/\\\/www.eldiario.net\\\/portal\\\/2021\\\/05\\\/18\\\/prision-preventiva-en-ecuador-para-defensor-del-pueblo\\\/#primaryimage\",\"url\":\"\",\"contentUrl\":\"\"},{\"@type\":\"BreadcrumbList\",\"@id\":\"https:\\\/\\\/www.eldiario.net\\\/portal\\\/2021\\\/05\\\/18\\\/prision-preventiva-en-ecuador-para-defensor-del-pueblo\\\/#breadcrumb\",\"itemListElement\":[{\"@type\":\"ListItem\",\"position\":1,\"name\":\"Portada\",\"item\":\"https:\\\/\\\/www.eldiario.net\\\/portal\\\/\"},{\"@type\":\"ListItem\",\"position\":2,\"name\":\"Prisi\u00f3n preventiva en Ecuador para Defensor del Pueblo\"}]},{\"@type\":\"WebSite\",\"@id\":\"https:\\\/\\\/www.eldiario.net\\\/portal\\\/#website\",\"url\":\"https:\\\/\\\/www.eldiario.net\\\/portal\\\/\",\"name\":\"El Diario - Decano de la prensa nacional\",\"description\":\"El Diario - Decano de la prensa nacional\",\"publisher\":{\"@id\":\"https:\\\/\\\/www.eldiario.net\\\/portal\\\/#organization\"},\"potentialAction\":[{\"@type\":\"SearchAction\",\"target\":{\"@type\":\"EntryPoint\",\"urlTemplate\":\"https:\\\/\\\/www.eldiario.net\\\/portal\\\/?s={search_term_string}\"},\"query-input\":{\"@type\":\"PropertyValueSpecification\",\"valueRequired\":true,\"valueName\":\"search_term_string\"}}],\"inLanguage\":\"es\"},{\"@type\":\"Organization\",\"@id\":\"https:\\\/\\\/www.eldiario.net\\\/portal\\\/#organization\",\"name\":\"El Diario - Decano de la prensa nacional\",\"url\":\"https:\\\/\\\/www.eldiario.net\\\/portal\\\/\",\"logo\":{\"@type\":\"ImageObject\",\"inLanguage\":\"es\",\"@id\":\"https:\\\/\\\/www.eldiario.net\\\/portal\\\/#\\\/schema\\\/logo\\\/image\\\/\",\"url\":\"https:\\\/\\\/www.eldiario.net\\\/portal\\\/wp-content\\\/uploads\\\/2023\\\/07\\\/logo_ED.jpg\",\"contentUrl\":\"https:\\\/\\\/www.eldiario.net\\\/portal\\\/wp-content\\\/uploads\\\/2023\\\/07\\\/logo_ED.jpg\",\"width\":272,\"height\":52,\"caption\":\"El Diario - Decano de la prensa nacional\"},\"image\":{\"@id\":\"https:\\\/\\\/www.eldiario.net\\\/portal\\\/#\\\/schema\\\/logo\\\/image\\\/\"},\"sameAs\":[\"https:\\\/\\\/www.facebook.com\\\/eldiario.bolivia\\\/\",\"https:\\\/\\\/x.com\\\/eldiario_net\"]},{\"@type\":\"Person\",\"@id\":\"https:\\\/\\\/www.eldiario.net\\\/portal\\\/#\\\/schema\\\/person\\\/f46445640444750d7d753ccd04ae01b7\",\"name\":\"Jeanette\",\"image\":{\"@type\":\"ImageObject\",\"inLanguage\":\"es\",\"@id\":\"https:\\\/\\\/secure.gravatar.com\\\/avatar\\\/3ea2118a5f7dad2b7138b1187a6b7ee55f160b9968b66013c3a3ef39dd7e5798?s=96&d=mm&r=g\",\"url\":\"https:\\\/\\\/secure.gravatar.com\\\/avatar\\\/3ea2118a5f7dad2b7138b1187a6b7ee55f160b9968b66013c3a3ef39dd7e5798?s=96&d=mm&r=g\",\"contentUrl\":\"https:\\\/\\\/secure.gravatar.com\\\/avatar\\\/3ea2118a5f7dad2b7138b1187a6b7ee55f160b9968b66013c3a3ef39dd7e5798?s=96&d=mm&r=g\",\"caption\":\"Jeanette\"},\"sameAs\":[\"https:\\\/\\\/www.eldiario.net\\\/portal\"],\"url\":\"https:\\\/\\\/www.eldiario.net\\\/portal\\\/author\\\/jeanette\\\/\"}]}<\/script>\n<!-- \/ Yoast SEO plugin. -->","yoast_head_json":{"title":"Prisi\u00f3n preventiva en Ecuador para Defensor del Pueblo - El Diario - Bolivia","robots":{"index":"index","follow":"follow","max-snippet":"max-snippet:-1","max-image-preview":"max-image-preview:large","max-video-preview":"max-video-preview:-1"},"canonical":"https:\/\/www.eldiario.net\/portal\/2021\/05\/18\/prision-preventiva-en-ecuador-para-defensor-del-pueblo\/","og_locale":"es_ES","og_type":"article","og_title":"Prisi\u00f3n preventiva en Ecuador para Defensor del Pueblo - El Diario - Bolivia","og_description":"Quito.- La Fiscal\u00eda de Ecuador inform\u00f3 este lunes de que un tribunal ha acogido su petici\u00f3n y ha dictado prisi\u00f3n preventiva contra el Defensor del Pueblo, Freddy Carri\u00f3n, por un presunto delito de abuso sexual. Asimismo, mediante un mensaje publicado en su cuenta de Twitter, el Ministerio P\u00fablico ha detallado que el tribunal tambi\u00e9n ha [&hellip;]","og_url":"https:\/\/www.eldiario.net\/portal\/2021\/05\/18\/prision-preventiva-en-ecuador-para-defensor-del-pueblo\/","og_site_name":"El Diario - Bolivia","article_publisher":"https:\/\/www.facebook.com\/eldiario.bolivia\/","article_published_time":"2021-05-18T10:02:22+00:00","author":"Jeanette","twitter_card":"summary_large_image","twitter_creator":"@eldiario_net","twitter_site":"@eldiario_net","twitter_misc":{"Escrito por":"Jeanette","Tiempo de lectura":"2 minutos"},"schema":{"@context":"https:\/\/schema.org","@graph":[{"@type":"Article","@id":"https:\/\/www.eldiario.net\/portal\/2021\/05\/18\/prision-preventiva-en-ecuador-para-defensor-del-pueblo\/#article","isPartOf":{"@id":"https:\/\/www.eldiario.net\/portal\/2021\/05\/18\/prision-preventiva-en-ecuador-para-defensor-del-pueblo\/"},"author":{"name":"Jeanette","@id":"https:\/\/www.eldiario.net\/portal\/#\/schema\/person\/f46445640444750d7d753ccd04ae01b7"},"headline":"Prisi\u00f3n preventiva en Ecuador para Defensor del Pueblo","datePublished":"2021-05-18T10:02:22+00:00","mainEntityOfPage":{"@id":"https:\/\/www.eldiario.net\/portal\/2021\/05\/18\/prision-preventiva-en-ecuador-para-defensor-del-pueblo\/"},"wordCount":325,"publisher":{"@id":"https:\/\/www.eldiario.net\/portal\/#organization"},"image":{"@id":"https:\/\/www.eldiario.net\/portal\/2021\/05\/18\/prision-preventiva-en-ecuador-para-defensor-del-pueblo\/#primaryimage"},"thumbnailUrl":"","articleSection":["Internacional"],"inLanguage":"es"},{"@type":"WebPage","@id":"https:\/\/www.eldiario.net\/portal\/2021\/05\/18\/prision-preventiva-en-ecuador-para-defensor-del-pueblo\/","url":"https:\/\/www.eldiario.net\/portal\/2021\/05\/18\/prision-preventiva-en-ecuador-para-defensor-del-pueblo\/","name":"Prisi\u00f3n preventiva en Ecuador para Defensor del Pueblo - El Diario - Bolivia","isPartOf":{"@id":"https:\/\/www.eldiario.net\/portal\/#website"},"primaryImageOfPage":{"@id":"https:\/\/www.eldiario.net\/portal\/2021\/05\/18\/prision-preventiva-en-ecuador-para-defensor-del-pueblo\/#primaryimage"},"image":{"@id":"https:\/\/www.eldiario.net\/portal\/2021\/05\/18\/prision-preventiva-en-ecuador-para-defensor-del-pueblo\/#primaryimage"},"thumbnailUrl":"","datePublished":"2021-05-18T10:02:22+00:00","breadcrumb":{"@id":"https:\/\/www.eldiario.net\/portal\/2021\/05\/18\/prision-preventiva-en-ecuador-para-defensor-del-pueblo\/#breadcrumb"},"inLanguage":"es","potentialAction":[{"@type":"ReadAction","target":["https:\/\/www.eldiario.net\/portal\/2021\/05\/18\/prision-preventiva-en-ecuador-para-defensor-del-pueblo\/"]}]},{"@type":"ImageObject","inLanguage":"es","@id":"https:\/\/www.eldiario.net\/portal\/2021\/05\/18\/prision-preventiva-en-ecuador-para-defensor-del-pueblo\/#primaryimage","url":"","contentUrl":""},{"@type":"BreadcrumbList","@id":"https:\/\/www.eldiario.net\/portal\/2021\/05\/18\/prision-preventiva-en-ecuador-para-defensor-del-pueblo\/#breadcrumb","itemListElement":[{"@type":"ListItem","position":1,"name":"Portada","item":"https:\/\/www.eldiario.net\/portal\/"},{"@type":"ListItem","position":2,"name":"Prisi\u00f3n preventiva en Ecuador para Defensor del Pueblo"}]},{"@type":"WebSite","@id":"https:\/\/www.eldiario.net\/portal\/#website","url":"https:\/\/www.eldiario.net\/portal\/","name":"El Diario - Decano de la prensa nacional","description":"El Diario - Decano de la prensa nacional","publisher":{"@id":"https:\/\/www.eldiario.net\/portal\/#organization"},"potentialAction":[{"@type":"SearchAction","target":{"@type":"EntryPoint","urlTemplate":"https:\/\/www.eldiario.net\/portal\/?s={search_term_string}"},"query-input":{"@type":"PropertyValueSpecification","valueRequired":true,"valueName":"search_term_string"}}],"inLanguage":"es"},{"@type":"Organization","@id":"https:\/\/www.eldiario.net\/portal\/#organization","name":"El Diario - Decano de la prensa nacional","url":"https:\/\/www.eldiario.net\/portal\/","logo":{"@type":"ImageObject","inLanguage":"es","@id":"https:\/\/www.eldiario.net\/portal\/#\/schema\/logo\/image\/","url":"https:\/\/www.eldiario.net\/portal\/wp-content\/uploads\/2023\/07\/logo_ED.jpg","contentUrl":"https:\/\/www.eldiario.net\/portal\/wp-content\/uploads\/2023\/07\/logo_ED.jpg","width":272,"height":52,"caption":"El Diario - Decano de la prensa nacional"},"image":{"@id":"https:\/\/www.eldiario.net\/portal\/#\/schema\/logo\/image\/"},"sameAs":["https:\/\/www.facebook.com\/eldiario.bolivia\/","https:\/\/x.com\/eldiario_net"]},{"@type":"Person","@id":"https:\/\/www.eldiario.net\/portal\/#\/schema\/person\/f46445640444750d7d753ccd04ae01b7","name":"Jeanette","image":{"@type":"ImageObject","inLanguage":"es","@id":"https:\/\/secure.gravatar.com\/avatar\/3ea2118a5f7dad2b7138b1187a6b7ee55f160b9968b66013c3a3ef39dd7e5798?s=96&d=mm&r=g","url":"https:\/\/secure.gravatar.com\/avatar\/3ea2118a5f7dad2b7138b1187a6b7ee55f160b9968b66013c3a3ef39dd7e5798?s=96&d=mm&r=g","contentUrl":"https:\/\/secure.gravatar.com\/avatar\/3ea2118a5f7dad2b7138b1187a6b7ee55f160b9968b66013c3a3ef39dd7e5798?s=96&d=mm&r=g","caption":"Jeanette"},"sameAs":["https:\/\/www.eldiario.net\/portal"],"url":"https:\/\/www.eldiario.net\/portal\/author\/jeanette\/"}]}},"_links":{"self":[{"href":"https:\/\/www.eldiario.net\/portal\/wp-json\/wp\/v2\/posts\/4668","targetHints":{"allow":["GET"]}}],"collection":[{"href":"https:\/\/www.eldiario.net\/portal\/wp-json\/wp\/v2\/posts"}],"about":[{"href":"https:\/\/www.eldiario.net\/portal\/wp-json\/wp\/v2\/types\/post"}],"author":[{"embeddable":true,"href":"https:\/\/www.eldiario.net\/portal\/wp-json\/wp\/v2\/users\/1"}],"replies":[{"embeddable":true,"href":"https:\/\/www.eldiario.net\/portal\/wp-json\/wp\/v2\/comments?post=4668"}],"version-history":[{"count":0,"href":"https:\/\/www.eldiario.net\/portal\/wp-json\/wp\/v2\/posts\/4668\/revisions"}],"wp:attachment":[{"href":"https:\/\/www.eldiario.net\/portal\/wp-json\/wp\/v2\/media?parent=4668"}],"wp:term":[{"taxonomy":"category","embeddable":true,"href":"https:\/\/www.eldiario.net\/portal\/wp-json\/wp\/v2\/categories?post=4668"},{"taxonomy":"post_tag","embeddable":true,"href":"https:\/\/www.eldiario.net\/portal\/wp-json\/wp\/v2\/tags?post=4668"}],"curies":[{"name":"wp","href":"https:\/\/api.w.org\/{rel}","templated":true}]}}