{"id":4665,"date":"2021-05-18T06:01:06","date_gmt":"2021-05-18T10:01:06","guid":{"rendered":"https:\/\/www.eldiario.net\/portal\/?p=4665"},"modified":"2021-05-18T06:01:06","modified_gmt":"2021-05-18T10:01:06","slug":"venezuela-tardaria-10-anos-en-inocular-a-su-poblacion","status":"publish","type":"post","link":"https:\/\/www.eldiario.net\/portal\/2021\/05\/18\/venezuela-tardaria-10-anos-en-inocular-a-su-poblacion\/","title":{"rendered":"Venezuela tardar\u00eda 10 a\u00f1os  en inocular a su poblaci\u00f3n"},"content":{"rendered":"<p>Caracas.- El coronavirus seguir\u00e1 su curso en Venezuela con altas tasas de contagio y mortalidad, mientras el lento ritmo de vacunaci\u00f3n podr\u00eda hacer que lleve hasta 10 a\u00f1os que se inocule (Vacunar o inmunizar) a toda la poblaci\u00f3n, dijo el lunes el presidente de la Academia de Medicina.<\/p>\n<p>Venezuela, que tiene unos 30 millones de habitantes, ha recibido 1,4 millones de vacunas, seg\u00fan el Ministerio de Salud, que destaca que las autoridades aspiran a recibir del sistema COVAX, de la Organizaci\u00f3n Mundial de la Salud, dosis para unos 5 millones de personas.\u00a0Las autoridades no han informado el total de personas inoculadas.<\/p>\n<p>El pa\u00eds OPEP report\u00f3 hasta el fin de semana 215.301 casos y 2.396 fallecidos por Covid-19, reconociendo una segunda ola a partir de marzo, con entre 800 y 1.000 infectados diarios.<\/p>\n<p>Pero el m\u00e9dico Enrique L\u00f3pez-Loyo, presidente de la Academia Nacional de Medicina de Venezuela, dijo que especialistas en esa instituci\u00f3n independiente y estudios internacionales calculan que la cifra oficial deber\u00eda multiplicarse por 8 o por 10 debido al bajo n\u00famero de pruebas que se hacen cada d\u00eda en el pa\u00eds.<\/p>\n<p>Indic\u00f3 que mientras para fines del 2020 en Venezuela se hac\u00edan unas 2.500 a 3.000 pruebas diarias, en pa\u00edses de la regi\u00f3n como Chile o Colombia se reportaban diariamente 30.000 a 50.000.<\/p>\n<p>Dijo que \u00abning\u00fan mecanismo de flexibilizaci\u00f3n o restricci\u00f3n (a la cuarentena) es perfecto\u00bb por lo cual \u00abla realidad es la vacunaci\u00f3n\u00bb como forma de controlar la pandemia.<\/p>\n<p>Sin embargo, \u00abno llegamos ni al 1% de los venezolanos (vacunados) (&#8230;) \u00bfqu\u00e9 va a pasar? Hay un curso inexorable de la patolog\u00eda, va a seguir el pico continuo de infecciones y mortalidades elevadas\u00bb, agreg\u00f3 L\u00f3pez -Loyo en un video conferencia de prensa con corresponsales extranjeros.<\/p>\n<p>\u00abA esta velocidad (de vacunaci\u00f3n) que vamos (&#8230;) podr\u00edamos tardar hasta 10 a\u00f1os en vacunarnos sino existe una vacunaci\u00f3n efectiva. Venezuela ser\u00eda entonces un punto negro dentro de todos los aspectos de control en el \u00e1rea subregional de Am\u00e9rica Latina\u00bb, dijo L\u00f3pez-Loyo, m\u00e9dico pat\u00f3logo, quien dijo que ya tuvo Covid-19.<\/p>\n<p>El Ministerio de Informaci\u00f3n no respondi\u00f3 de inmediato una solicitud de comentario. (Reuters)<\/p>\n","protected":false},"excerpt":{"rendered":"<p>Caracas.- El coronavirus seguir\u00e1 su curso en Venezuela con altas tasas de contagio y mortalidad, mientras el lento ritmo de vacunaci\u00f3n podr\u00eda hacer que lleve hasta 10 a\u00f1os que se inocule (Vacunar o inmunizar) a toda la poblaci\u00f3n, dijo el lunes el presidente de la Academia de Medicina. Venezuela, que tiene unos 30 millones de [&hellip;]<\/p>\n","protected":false},"author":1,"featured_media":4666,"comment_status":"closed","ping_status":"closed","sticky":false,"template":"","format":"standard","meta":{"_acf_changed":false,"footnotes":""},"categories":[3],"tags":[],"class_list":["post-4665","post","type-post","status-publish","format-standard","has-post-thumbnail","category-internacional"],"acf":{"antetitulo":""},"yoast_head":"<!-- This site is optimized with the Yoast SEO plugin v28.3 - https:\/\/yoast.com\/product\/yoast-seo-wordpress\/ -->\n<title>Venezuela tardar\u00eda 10 a\u00f1os en inocular a su poblaci\u00f3n - El Diario - Bolivia<\/title>\n<meta name=\"robots\" content=\"index, follow, max-snippet:-1, max-image-preview:large, max-video-preview:-1\" \/>\n<link rel=\"canonical\" href=\"https:\/\/www.eldiario.net\/portal\/2021\/05\/18\/venezuela-tardaria-10-anos-en-inocular-a-su-poblacion\/\" \/>\n<meta property=\"og:locale\" content=\"es_ES\" \/>\n<meta property=\"og:type\" content=\"article\" \/>\n<meta property=\"og:title\" content=\"Venezuela tardar\u00eda 10 a\u00f1os en inocular a su poblaci\u00f3n - El Diario - Bolivia\" \/>\n<meta property=\"og:description\" content=\"Caracas.- El coronavirus seguir\u00e1 su curso en Venezuela con altas tasas de contagio y mortalidad, mientras el lento ritmo de vacunaci\u00f3n podr\u00eda hacer que lleve hasta 10 a\u00f1os que se inocule (Vacunar o inmunizar) a toda la poblaci\u00f3n, dijo el lunes el presidente de la Academia de Medicina. Venezuela, que tiene unos 30 millones de [&hellip;]\" \/>\n<meta property=\"og:url\" content=\"https:\/\/www.eldiario.net\/portal\/2021\/05\/18\/venezuela-tardaria-10-anos-en-inocular-a-su-poblacion\/\" \/>\n<meta property=\"og:site_name\" content=\"El Diario - Bolivia\" \/>\n<meta property=\"article:publisher\" content=\"https:\/\/www.facebook.com\/eldiario.bolivia\/\" \/>\n<meta property=\"article:published_time\" content=\"2021-05-18T10:01:06+00:00\" \/>\n<meta name=\"author\" content=\"Jeanette\" \/>\n<meta name=\"twitter:card\" content=\"summary_large_image\" \/>\n<meta name=\"twitter:creator\" content=\"@eldiario_net\" \/>\n<meta name=\"twitter:site\" content=\"@eldiario_net\" \/>\n<meta name=\"twitter:label1\" content=\"Escrito por\" \/>\n\t<meta name=\"twitter:data1\" content=\"Jeanette\" \/>\n\t<meta name=\"twitter:label2\" content=\"Tiempo de lectura\" \/>\n\t<meta name=\"twitter:data2\" content=\"2 minutos\" \/>\n<script type=\"application\/ld+json\" class=\"yoast-schema-graph\">{\"@context\":\"https:\\\/\\\/schema.org\",\"@graph\":[{\"@type\":\"Article\",\"@id\":\"https:\\\/\\\/www.eldiario.net\\\/portal\\\/2021\\\/05\\\/18\\\/venezuela-tardaria-10-anos-en-inocular-a-su-poblacion\\\/#article\",\"isPartOf\":{\"@id\":\"https:\\\/\\\/www.eldiario.net\\\/portal\\\/2021\\\/05\\\/18\\\/venezuela-tardaria-10-anos-en-inocular-a-su-poblacion\\\/\"},\"author\":{\"name\":\"Jeanette\",\"@id\":\"https:\\\/\\\/www.eldiario.net\\\/portal\\\/#\\\/schema\\\/person\\\/f46445640444750d7d753ccd04ae01b7\"},\"headline\":\"Venezuela tardar\u00eda 10 a\u00f1os en inocular a su poblaci\u00f3n\",\"datePublished\":\"2021-05-18T10:01:06+00:00\",\"mainEntityOfPage\":{\"@id\":\"https:\\\/\\\/www.eldiario.net\\\/portal\\\/2021\\\/05\\\/18\\\/venezuela-tardaria-10-anos-en-inocular-a-su-poblacion\\\/\"},\"wordCount\":377,\"publisher\":{\"@id\":\"https:\\\/\\\/www.eldiario.net\\\/portal\\\/#organization\"},\"image\":{\"@id\":\"https:\\\/\\\/www.eldiario.net\\\/portal\\\/2021\\\/05\\\/18\\\/venezuela-tardaria-10-anos-en-inocular-a-su-poblacion\\\/#primaryimage\"},\"thumbnailUrl\":\"\",\"articleSection\":[\"Internacional\"],\"inLanguage\":\"es\"},{\"@type\":\"WebPage\",\"@id\":\"https:\\\/\\\/www.eldiario.net\\\/portal\\\/2021\\\/05\\\/18\\\/venezuela-tardaria-10-anos-en-inocular-a-su-poblacion\\\/\",\"url\":\"https:\\\/\\\/www.eldiario.net\\\/portal\\\/2021\\\/05\\\/18\\\/venezuela-tardaria-10-anos-en-inocular-a-su-poblacion\\\/\",\"name\":\"Venezuela tardar\u00eda 10 a\u00f1os en inocular a su poblaci\u00f3n - El Diario - Bolivia\",\"isPartOf\":{\"@id\":\"https:\\\/\\\/www.eldiario.net\\\/portal\\\/#website\"},\"primaryImageOfPage\":{\"@id\":\"https:\\\/\\\/www.eldiario.net\\\/portal\\\/2021\\\/05\\\/18\\\/venezuela-tardaria-10-anos-en-inocular-a-su-poblacion\\\/#primaryimage\"},\"image\":{\"@id\":\"https:\\\/\\\/www.eldiario.net\\\/portal\\\/2021\\\/05\\\/18\\\/venezuela-tardaria-10-anos-en-inocular-a-su-poblacion\\\/#primaryimage\"},\"thumbnailUrl\":\"\",\"datePublished\":\"2021-05-18T10:01:06+00:00\",\"breadcrumb\":{\"@id\":\"https:\\\/\\\/www.eldiario.net\\\/portal\\\/2021\\\/05\\\/18\\\/venezuela-tardaria-10-anos-en-inocular-a-su-poblacion\\\/#breadcrumb\"},\"inLanguage\":\"es\",\"potentialAction\":[{\"@type\":\"ReadAction\",\"target\":[\"https:\\\/\\\/www.eldiario.net\\\/portal\\\/2021\\\/05\\\/18\\\/venezuela-tardaria-10-anos-en-inocular-a-su-poblacion\\\/\"]}]},{\"@type\":\"ImageObject\",\"inLanguage\":\"es\",\"@id\":\"https:\\\/\\\/www.eldiario.net\\\/portal\\\/2021\\\/05\\\/18\\\/venezuela-tardaria-10-anos-en-inocular-a-su-poblacion\\\/#primaryimage\",\"url\":\"\",\"contentUrl\":\"\"},{\"@type\":\"BreadcrumbList\",\"@id\":\"https:\\\/\\\/www.eldiario.net\\\/portal\\\/2021\\\/05\\\/18\\\/venezuela-tardaria-10-anos-en-inocular-a-su-poblacion\\\/#breadcrumb\",\"itemListElement\":[{\"@type\":\"ListItem\",\"position\":1,\"name\":\"Portada\",\"item\":\"https:\\\/\\\/www.eldiario.net\\\/portal\\\/\"},{\"@type\":\"ListItem\",\"position\":2,\"name\":\"Venezuela tardar\u00eda 10 a\u00f1os en inocular a su poblaci\u00f3n\"}]},{\"@type\":\"WebSite\",\"@id\":\"https:\\\/\\\/www.eldiario.net\\\/portal\\\/#website\",\"url\":\"https:\\\/\\\/www.eldiario.net\\\/portal\\\/\",\"name\":\"El Diario - Decano de la prensa nacional\",\"description\":\"El Diario - Decano de la prensa nacional\",\"publisher\":{\"@id\":\"https:\\\/\\\/www.eldiario.net\\\/portal\\\/#organization\"},\"potentialAction\":[{\"@type\":\"SearchAction\",\"target\":{\"@type\":\"EntryPoint\",\"urlTemplate\":\"https:\\\/\\\/www.eldiario.net\\\/portal\\\/?s={search_term_string}\"},\"query-input\":{\"@type\":\"PropertyValueSpecification\",\"valueRequired\":true,\"valueName\":\"search_term_string\"}}],\"inLanguage\":\"es\"},{\"@type\":\"Organization\",\"@id\":\"https:\\\/\\\/www.eldiario.net\\\/portal\\\/#organization\",\"name\":\"El Diario - Decano de la prensa nacional\",\"url\":\"https:\\\/\\\/www.eldiario.net\\\/portal\\\/\",\"logo\":{\"@type\":\"ImageObject\",\"inLanguage\":\"es\",\"@id\":\"https:\\\/\\\/www.eldiario.net\\\/portal\\\/#\\\/schema\\\/logo\\\/image\\\/\",\"url\":\"https:\\\/\\\/www.eldiario.net\\\/portal\\\/wp-content\\\/uploads\\\/2023\\\/07\\\/logo_ED.jpg\",\"contentUrl\":\"https:\\\/\\\/www.eldiario.net\\\/portal\\\/wp-content\\\/uploads\\\/2023\\\/07\\\/logo_ED.jpg\",\"width\":272,\"height\":52,\"caption\":\"El Diario - Decano de la prensa nacional\"},\"image\":{\"@id\":\"https:\\\/\\\/www.eldiario.net\\\/portal\\\/#\\\/schema\\\/logo\\\/image\\\/\"},\"sameAs\":[\"https:\\\/\\\/www.facebook.com\\\/eldiario.bolivia\\\/\",\"https:\\\/\\\/x.com\\\/eldiario_net\"]},{\"@type\":\"Person\",\"@id\":\"https:\\\/\\\/www.eldiario.net\\\/portal\\\/#\\\/schema\\\/person\\\/f46445640444750d7d753ccd04ae01b7\",\"name\":\"Jeanette\",\"image\":{\"@type\":\"ImageObject\",\"inLanguage\":\"es\",\"@id\":\"https:\\\/\\\/secure.gravatar.com\\\/avatar\\\/3ea2118a5f7dad2b7138b1187a6b7ee55f160b9968b66013c3a3ef39dd7e5798?s=96&d=mm&r=g\",\"url\":\"https:\\\/\\\/secure.gravatar.com\\\/avatar\\\/3ea2118a5f7dad2b7138b1187a6b7ee55f160b9968b66013c3a3ef39dd7e5798?s=96&d=mm&r=g\",\"contentUrl\":\"https:\\\/\\\/secure.gravatar.com\\\/avatar\\\/3ea2118a5f7dad2b7138b1187a6b7ee55f160b9968b66013c3a3ef39dd7e5798?s=96&d=mm&r=g\",\"caption\":\"Jeanette\"},\"sameAs\":[\"https:\\\/\\\/www.eldiario.net\\\/portal\"],\"url\":\"https:\\\/\\\/www.eldiario.net\\\/portal\\\/author\\\/jeanette\\\/\"}]}<\/script>\n<!-- \/ Yoast SEO plugin. -->","yoast_head_json":{"title":"Venezuela tardar\u00eda 10 a\u00f1os en inocular a su poblaci\u00f3n - El Diario - Bolivia","robots":{"index":"index","follow":"follow","max-snippet":"max-snippet:-1","max-image-preview":"max-image-preview:large","max-video-preview":"max-video-preview:-1"},"canonical":"https:\/\/www.eldiario.net\/portal\/2021\/05\/18\/venezuela-tardaria-10-anos-en-inocular-a-su-poblacion\/","og_locale":"es_ES","og_type":"article","og_title":"Venezuela tardar\u00eda 10 a\u00f1os en inocular a su poblaci\u00f3n - El Diario - Bolivia","og_description":"Caracas.- El coronavirus seguir\u00e1 su curso en Venezuela con altas tasas de contagio y mortalidad, mientras el lento ritmo de vacunaci\u00f3n podr\u00eda hacer que lleve hasta 10 a\u00f1os que se inocule (Vacunar o inmunizar) a toda la poblaci\u00f3n, dijo el lunes el presidente de la Academia de Medicina. Venezuela, que tiene unos 30 millones de [&hellip;]","og_url":"https:\/\/www.eldiario.net\/portal\/2021\/05\/18\/venezuela-tardaria-10-anos-en-inocular-a-su-poblacion\/","og_site_name":"El Diario - Bolivia","article_publisher":"https:\/\/www.facebook.com\/eldiario.bolivia\/","article_published_time":"2021-05-18T10:01:06+00:00","author":"Jeanette","twitter_card":"summary_large_image","twitter_creator":"@eldiario_net","twitter_site":"@eldiario_net","twitter_misc":{"Escrito por":"Jeanette","Tiempo de lectura":"2 minutos"},"schema":{"@context":"https:\/\/schema.org","@graph":[{"@type":"Article","@id":"https:\/\/www.eldiario.net\/portal\/2021\/05\/18\/venezuela-tardaria-10-anos-en-inocular-a-su-poblacion\/#article","isPartOf":{"@id":"https:\/\/www.eldiario.net\/portal\/2021\/05\/18\/venezuela-tardaria-10-anos-en-inocular-a-su-poblacion\/"},"author":{"name":"Jeanette","@id":"https:\/\/www.eldiario.net\/portal\/#\/schema\/person\/f46445640444750d7d753ccd04ae01b7"},"headline":"Venezuela tardar\u00eda 10 a\u00f1os en inocular a su poblaci\u00f3n","datePublished":"2021-05-18T10:01:06+00:00","mainEntityOfPage":{"@id":"https:\/\/www.eldiario.net\/portal\/2021\/05\/18\/venezuela-tardaria-10-anos-en-inocular-a-su-poblacion\/"},"wordCount":377,"publisher":{"@id":"https:\/\/www.eldiario.net\/portal\/#organization"},"image":{"@id":"https:\/\/www.eldiario.net\/portal\/2021\/05\/18\/venezuela-tardaria-10-anos-en-inocular-a-su-poblacion\/#primaryimage"},"thumbnailUrl":"","articleSection":["Internacional"],"inLanguage":"es"},{"@type":"WebPage","@id":"https:\/\/www.eldiario.net\/portal\/2021\/05\/18\/venezuela-tardaria-10-anos-en-inocular-a-su-poblacion\/","url":"https:\/\/www.eldiario.net\/portal\/2021\/05\/18\/venezuela-tardaria-10-anos-en-inocular-a-su-poblacion\/","name":"Venezuela tardar\u00eda 10 a\u00f1os en inocular a su poblaci\u00f3n - El Diario - Bolivia","isPartOf":{"@id":"https:\/\/www.eldiario.net\/portal\/#website"},"primaryImageOfPage":{"@id":"https:\/\/www.eldiario.net\/portal\/2021\/05\/18\/venezuela-tardaria-10-anos-en-inocular-a-su-poblacion\/#primaryimage"},"image":{"@id":"https:\/\/www.eldiario.net\/portal\/2021\/05\/18\/venezuela-tardaria-10-anos-en-inocular-a-su-poblacion\/#primaryimage"},"thumbnailUrl":"","datePublished":"2021-05-18T10:01:06+00:00","breadcrumb":{"@id":"https:\/\/www.eldiario.net\/portal\/2021\/05\/18\/venezuela-tardaria-10-anos-en-inocular-a-su-poblacion\/#breadcrumb"},"inLanguage":"es","potentialAction":[{"@type":"ReadAction","target":["https:\/\/www.eldiario.net\/portal\/2021\/05\/18\/venezuela-tardaria-10-anos-en-inocular-a-su-poblacion\/"]}]},{"@type":"ImageObject","inLanguage":"es","@id":"https:\/\/www.eldiario.net\/portal\/2021\/05\/18\/venezuela-tardaria-10-anos-en-inocular-a-su-poblacion\/#primaryimage","url":"","contentUrl":""},{"@type":"BreadcrumbList","@id":"https:\/\/www.eldiario.net\/portal\/2021\/05\/18\/venezuela-tardaria-10-anos-en-inocular-a-su-poblacion\/#breadcrumb","itemListElement":[{"@type":"ListItem","position":1,"name":"Portada","item":"https:\/\/www.eldiario.net\/portal\/"},{"@type":"ListItem","position":2,"name":"Venezuela tardar\u00eda 10 a\u00f1os en inocular a su poblaci\u00f3n"}]},{"@type":"WebSite","@id":"https:\/\/www.eldiario.net\/portal\/#website","url":"https:\/\/www.eldiario.net\/portal\/","name":"El Diario - Decano de la prensa nacional","description":"El Diario - Decano de la prensa nacional","publisher":{"@id":"https:\/\/www.eldiario.net\/portal\/#organization"},"potentialAction":[{"@type":"SearchAction","target":{"@type":"EntryPoint","urlTemplate":"https:\/\/www.eldiario.net\/portal\/?s={search_term_string}"},"query-input":{"@type":"PropertyValueSpecification","valueRequired":true,"valueName":"search_term_string"}}],"inLanguage":"es"},{"@type":"Organization","@id":"https:\/\/www.eldiario.net\/portal\/#organization","name":"El Diario - Decano de la prensa nacional","url":"https:\/\/www.eldiario.net\/portal\/","logo":{"@type":"ImageObject","inLanguage":"es","@id":"https:\/\/www.eldiario.net\/portal\/#\/schema\/logo\/image\/","url":"https:\/\/www.eldiario.net\/portal\/wp-content\/uploads\/2023\/07\/logo_ED.jpg","contentUrl":"https:\/\/www.eldiario.net\/portal\/wp-content\/uploads\/2023\/07\/logo_ED.jpg","width":272,"height":52,"caption":"El Diario - Decano de la prensa nacional"},"image":{"@id":"https:\/\/www.eldiario.net\/portal\/#\/schema\/logo\/image\/"},"sameAs":["https:\/\/www.facebook.com\/eldiario.bolivia\/","https:\/\/x.com\/eldiario_net"]},{"@type":"Person","@id":"https:\/\/www.eldiario.net\/portal\/#\/schema\/person\/f46445640444750d7d753ccd04ae01b7","name":"Jeanette","image":{"@type":"ImageObject","inLanguage":"es","@id":"https:\/\/secure.gravatar.com\/avatar\/3ea2118a5f7dad2b7138b1187a6b7ee55f160b9968b66013c3a3ef39dd7e5798?s=96&d=mm&r=g","url":"https:\/\/secure.gravatar.com\/avatar\/3ea2118a5f7dad2b7138b1187a6b7ee55f160b9968b66013c3a3ef39dd7e5798?s=96&d=mm&r=g","contentUrl":"https:\/\/secure.gravatar.com\/avatar\/3ea2118a5f7dad2b7138b1187a6b7ee55f160b9968b66013c3a3ef39dd7e5798?s=96&d=mm&r=g","caption":"Jeanette"},"sameAs":["https:\/\/www.eldiario.net\/portal"],"url":"https:\/\/www.eldiario.net\/portal\/author\/jeanette\/"}]}},"_links":{"self":[{"href":"https:\/\/www.eldiario.net\/portal\/wp-json\/wp\/v2\/posts\/4665","targetHints":{"allow":["GET"]}}],"collection":[{"href":"https:\/\/www.eldiario.net\/portal\/wp-json\/wp\/v2\/posts"}],"about":[{"href":"https:\/\/www.eldiario.net\/portal\/wp-json\/wp\/v2\/types\/post"}],"author":[{"embeddable":true,"href":"https:\/\/www.eldiario.net\/portal\/wp-json\/wp\/v2\/users\/1"}],"replies":[{"embeddable":true,"href":"https:\/\/www.eldiario.net\/portal\/wp-json\/wp\/v2\/comments?post=4665"}],"version-history":[{"count":0,"href":"https:\/\/www.eldiario.net\/portal\/wp-json\/wp\/v2\/posts\/4665\/revisions"}],"wp:attachment":[{"href":"https:\/\/www.eldiario.net\/portal\/wp-json\/wp\/v2\/media?parent=4665"}],"wp:term":[{"taxonomy":"category","embeddable":true,"href":"https:\/\/www.eldiario.net\/portal\/wp-json\/wp\/v2\/categories?post=4665"},{"taxonomy":"post_tag","embeddable":true,"href":"https:\/\/www.eldiario.net\/portal\/wp-json\/wp\/v2\/tags?post=4665"}],"curies":[{"name":"wp","href":"https:\/\/api.w.org\/{rel}","templated":true}]}}