{"id":4657,"date":"2021-05-18T05:49:58","date_gmt":"2021-05-18T09:49:58","guid":{"rendered":"https:\/\/www.eldiario.net\/portal\/?p=4657"},"modified":"2021-05-18T05:49:58","modified_gmt":"2021-05-18T09:49:58","slug":"aprehendieron-a-exjefe-policial","status":"publish","type":"post","link":"https:\/\/www.eldiario.net\/portal\/2021\/05\/18\/aprehendieron-a-exjefe-policial\/","title":{"rendered":"Aprehendieron a exjefe policial"},"content":{"rendered":"<p>Despu\u00e9s de prestar su declaraci\u00f3n informativa dentro de la investigaci\u00f3n por asociaci\u00f3n delictuosa y ejercicio indebido de la profesi\u00f3n, porque presuntamente autoriz\u00f3 el uso de uniformes del Grupo de Apoyo Civil a la Polic\u00eda (Gacip), el Ministerio P\u00fablico determin\u00f3 este lunes la aprehensi\u00f3n del coronel David de la T., exjefe departamental de la Direcci\u00f3n de Prevenci\u00f3n e Investigaci\u00f3n de Robo de Veh\u00edculos (Diprove).<\/p>\n<p>El coordinador de la Fiscal\u00eda Departamental de La Paz, Sergio Bustillos, inform\u00f3 este lunes, que el funcionario policial y la periodista Melissa I. fueron denunciados por un vecino, quien manifest\u00f3 que el 5 de mayo de 2020, cuando en el pa\u00eds reg\u00eda la cuarentena r\u00edgida, en la zona Sur de la ciudad de La Paz fue v\u00edctima de una tentativa de rapto por una pareja que conduc\u00eda un veh\u00edculo blanco.<\/p>\n<p>De acuerdo con la denuncia, presuntamente la v\u00edctima fue interceptada por un hombre y una mujer, en un coche de color blanco. Estas personas supuestamente se identificaron como miembros del Gacip.<\/p>\n<p>Las investigaciones determinaron que el motorizado era de propiedad de la periodista, y tras la requisa se comprob\u00f3 que en su interior hab\u00eda uniformes y manillas que pertenecen al Gacip.<\/p>\n<p>\u201cSe realizaron las investigaciones y se lleg\u00f3 a establecer que estas personas no trabajaban en el Gacip y aparte que no eran del grupo de ayuda civil, habr\u00edan sido utilizados por un oficial de la Polic\u00eda para que puedan utilizar los uniformes\u201d, dijo.<\/p>\n<p>La autoridad de la Fiscal\u00eda precis\u00f3 que la periodista dio a conocer que fue v\u00edctima del robo del motorizado, sin embargo, no present\u00f3 la denuncia ni en la Polic\u00eda ni en Diprove, aunque s\u00ed a la compa\u00f1\u00eda aseguradora que desembols\u00f3 el dinero por la p\u00f3liza en caso de p\u00e9rdida.<\/p>\n<p>\u201cLo que m\u00e1s llam\u00f3 la atenci\u00f3n al Ministerio P\u00fablico, aparte de estos elementos, es que se encontr\u00f3 la llave original del veh\u00edculo en el mismo\u201d, afirm\u00f3 Bustillos.<\/p>\n<p>En ese marco aclar\u00f3 que la periodista fue convocada para declarar a las 10:00 horas del martes 18 de mayo por el delito penal de encubrimiento, mientras el exjefe de Diprove se encuentra en celdas policiales a la espera de su imputaci\u00f3n formal y su posterior audiencia de medidas cautelares.<\/p>\n","protected":false},"excerpt":{"rendered":"<p>Despu\u00e9s de prestar su declaraci\u00f3n informativa dentro de la investigaci\u00f3n por asociaci\u00f3n delictuosa y ejercicio indebido de la profesi\u00f3n, porque presuntamente autoriz\u00f3 el uso de uniformes del Grupo de Apoyo Civil a la Polic\u00eda (Gacip), el Ministerio P\u00fablico determin\u00f3 este lunes la aprehensi\u00f3n del coronel David de la T., exjefe departamental de la Direcci\u00f3n de [&hellip;]<\/p>\n","protected":false},"author":1,"featured_media":4658,"comment_status":"closed","ping_status":"closed","sticky":false,"template":"","format":"standard","meta":{"_acf_changed":false,"footnotes":""},"categories":[39],"tags":[],"class_list":["post-4657","post","type-post","status-publish","format-standard","has-post-thumbnail","category-sociedad"],"acf":{"antetitulo":""},"yoast_head":"<!-- This site is optimized with the Yoast SEO plugin v28.3 - https:\/\/yoast.com\/product\/yoast-seo-wordpress\/ -->\n<title>Aprehendieron a exjefe policial - El Diario - Bolivia<\/title>\n<meta name=\"robots\" content=\"index, follow, max-snippet:-1, max-image-preview:large, max-video-preview:-1\" \/>\n<link rel=\"canonical\" href=\"https:\/\/www.eldiario.net\/portal\/2021\/05\/18\/aprehendieron-a-exjefe-policial\/\" \/>\n<meta property=\"og:locale\" content=\"es_ES\" \/>\n<meta property=\"og:type\" content=\"article\" \/>\n<meta property=\"og:title\" content=\"Aprehendieron a exjefe policial - El Diario - Bolivia\" \/>\n<meta property=\"og:description\" content=\"Despu\u00e9s de prestar su declaraci\u00f3n informativa dentro de la investigaci\u00f3n por asociaci\u00f3n delictuosa y ejercicio indebido de la profesi\u00f3n, porque presuntamente autoriz\u00f3 el uso de uniformes del Grupo de Apoyo Civil a la Polic\u00eda (Gacip), el Ministerio P\u00fablico determin\u00f3 este lunes la aprehensi\u00f3n del coronel David de la T., exjefe departamental de la Direcci\u00f3n de [&hellip;]\" \/>\n<meta property=\"og:url\" content=\"https:\/\/www.eldiario.net\/portal\/2021\/05\/18\/aprehendieron-a-exjefe-policial\/\" \/>\n<meta property=\"og:site_name\" content=\"El Diario - Bolivia\" \/>\n<meta property=\"article:publisher\" content=\"https:\/\/www.facebook.com\/eldiario.bolivia\/\" \/>\n<meta property=\"article:published_time\" content=\"2021-05-18T09:49:58+00:00\" \/>\n<meta property=\"og:image\" content=\"https:\/\/www.eldiario.net\/portal\/wp-content\/uploads\/2021\/05\/SEGU-Aprehendieron-a-exjefe-policial.jpg\" \/>\n\t<meta property=\"og:image:width\" content=\"702\" \/>\n\t<meta property=\"og:image:height\" content=\"506\" \/>\n\t<meta property=\"og:image:type\" content=\"image\/jpeg\" \/>\n<meta name=\"author\" content=\"Jeanette\" \/>\n<meta name=\"twitter:card\" content=\"summary_large_image\" \/>\n<meta name=\"twitter:creator\" content=\"@eldiario_net\" \/>\n<meta name=\"twitter:site\" content=\"@eldiario_net\" \/>\n<meta name=\"twitter:label1\" content=\"Escrito por\" \/>\n\t<meta name=\"twitter:data1\" content=\"Jeanette\" \/>\n\t<meta name=\"twitter:label2\" content=\"Tiempo de lectura\" \/>\n\t<meta name=\"twitter:data2\" content=\"2 minutos\" \/>\n<script type=\"application\/ld+json\" class=\"yoast-schema-graph\">{\"@context\":\"https:\\\/\\\/schema.org\",\"@graph\":[{\"@type\":\"Article\",\"@id\":\"https:\\\/\\\/www.eldiario.net\\\/portal\\\/2021\\\/05\\\/18\\\/aprehendieron-a-exjefe-policial\\\/#article\",\"isPartOf\":{\"@id\":\"https:\\\/\\\/www.eldiario.net\\\/portal\\\/2021\\\/05\\\/18\\\/aprehendieron-a-exjefe-policial\\\/\"},\"author\":{\"name\":\"Jeanette\",\"@id\":\"https:\\\/\\\/www.eldiario.net\\\/portal\\\/#\\\/schema\\\/person\\\/f46445640444750d7d753ccd04ae01b7\"},\"headline\":\"Aprehendieron a exjefe policial\",\"datePublished\":\"2021-05-18T09:49:58+00:00\",\"mainEntityOfPage\":{\"@id\":\"https:\\\/\\\/www.eldiario.net\\\/portal\\\/2021\\\/05\\\/18\\\/aprehendieron-a-exjefe-policial\\\/\"},\"wordCount\":397,\"publisher\":{\"@id\":\"https:\\\/\\\/www.eldiario.net\\\/portal\\\/#organization\"},\"image\":{\"@id\":\"https:\\\/\\\/www.eldiario.net\\\/portal\\\/2021\\\/05\\\/18\\\/aprehendieron-a-exjefe-policial\\\/#primaryimage\"},\"thumbnailUrl\":\"https:\\\/\\\/www.eldiario.net\\\/portal\\\/wp-content\\\/uploads\\\/2021\\\/05\\\/SEGU-Aprehendieron-a-exjefe-policial.jpg\",\"articleSection\":[\"Sociedad - Seguridad\"],\"inLanguage\":\"es\"},{\"@type\":\"WebPage\",\"@id\":\"https:\\\/\\\/www.eldiario.net\\\/portal\\\/2021\\\/05\\\/18\\\/aprehendieron-a-exjefe-policial\\\/\",\"url\":\"https:\\\/\\\/www.eldiario.net\\\/portal\\\/2021\\\/05\\\/18\\\/aprehendieron-a-exjefe-policial\\\/\",\"name\":\"Aprehendieron a exjefe policial - El Diario - Bolivia\",\"isPartOf\":{\"@id\":\"https:\\\/\\\/www.eldiario.net\\\/portal\\\/#website\"},\"primaryImageOfPage\":{\"@id\":\"https:\\\/\\\/www.eldiario.net\\\/portal\\\/2021\\\/05\\\/18\\\/aprehendieron-a-exjefe-policial\\\/#primaryimage\"},\"image\":{\"@id\":\"https:\\\/\\\/www.eldiario.net\\\/portal\\\/2021\\\/05\\\/18\\\/aprehendieron-a-exjefe-policial\\\/#primaryimage\"},\"thumbnailUrl\":\"https:\\\/\\\/www.eldiario.net\\\/portal\\\/wp-content\\\/uploads\\\/2021\\\/05\\\/SEGU-Aprehendieron-a-exjefe-policial.jpg\",\"datePublished\":\"2021-05-18T09:49:58+00:00\",\"breadcrumb\":{\"@id\":\"https:\\\/\\\/www.eldiario.net\\\/portal\\\/2021\\\/05\\\/18\\\/aprehendieron-a-exjefe-policial\\\/#breadcrumb\"},\"inLanguage\":\"es\",\"potentialAction\":[{\"@type\":\"ReadAction\",\"target\":[\"https:\\\/\\\/www.eldiario.net\\\/portal\\\/2021\\\/05\\\/18\\\/aprehendieron-a-exjefe-policial\\\/\"]}]},{\"@type\":\"ImageObject\",\"inLanguage\":\"es\",\"@id\":\"https:\\\/\\\/www.eldiario.net\\\/portal\\\/2021\\\/05\\\/18\\\/aprehendieron-a-exjefe-policial\\\/#primaryimage\",\"url\":\"https:\\\/\\\/www.eldiario.net\\\/portal\\\/wp-content\\\/uploads\\\/2021\\\/05\\\/SEGU-Aprehendieron-a-exjefe-policial.jpg\",\"contentUrl\":\"https:\\\/\\\/www.eldiario.net\\\/portal\\\/wp-content\\\/uploads\\\/2021\\\/05\\\/SEGU-Aprehendieron-a-exjefe-policial.jpg\",\"width\":702,\"height\":506},{\"@type\":\"BreadcrumbList\",\"@id\":\"https:\\\/\\\/www.eldiario.net\\\/portal\\\/2021\\\/05\\\/18\\\/aprehendieron-a-exjefe-policial\\\/#breadcrumb\",\"itemListElement\":[{\"@type\":\"ListItem\",\"position\":1,\"name\":\"Portada\",\"item\":\"https:\\\/\\\/www.eldiario.net\\\/portal\\\/\"},{\"@type\":\"ListItem\",\"position\":2,\"name\":\"Aprehendieron a exjefe policial\"}]},{\"@type\":\"WebSite\",\"@id\":\"https:\\\/\\\/www.eldiario.net\\\/portal\\\/#website\",\"url\":\"https:\\\/\\\/www.eldiario.net\\\/portal\\\/\",\"name\":\"El Diario - Decano de la prensa nacional\",\"description\":\"El Diario - Decano de la prensa nacional\",\"publisher\":{\"@id\":\"https:\\\/\\\/www.eldiario.net\\\/portal\\\/#organization\"},\"potentialAction\":[{\"@type\":\"SearchAction\",\"target\":{\"@type\":\"EntryPoint\",\"urlTemplate\":\"https:\\\/\\\/www.eldiario.net\\\/portal\\\/?s={search_term_string}\"},\"query-input\":{\"@type\":\"PropertyValueSpecification\",\"valueRequired\":true,\"valueName\":\"search_term_string\"}}],\"inLanguage\":\"es\"},{\"@type\":\"Organization\",\"@id\":\"https:\\\/\\\/www.eldiario.net\\\/portal\\\/#organization\",\"name\":\"El Diario - Decano de la prensa nacional\",\"url\":\"https:\\\/\\\/www.eldiario.net\\\/portal\\\/\",\"logo\":{\"@type\":\"ImageObject\",\"inLanguage\":\"es\",\"@id\":\"https:\\\/\\\/www.eldiario.net\\\/portal\\\/#\\\/schema\\\/logo\\\/image\\\/\",\"url\":\"https:\\\/\\\/www.eldiario.net\\\/portal\\\/wp-content\\\/uploads\\\/2023\\\/07\\\/logo_ED.jpg\",\"contentUrl\":\"https:\\\/\\\/www.eldiario.net\\\/portal\\\/wp-content\\\/uploads\\\/2023\\\/07\\\/logo_ED.jpg\",\"width\":272,\"height\":52,\"caption\":\"El Diario - Decano de la prensa nacional\"},\"image\":{\"@id\":\"https:\\\/\\\/www.eldiario.net\\\/portal\\\/#\\\/schema\\\/logo\\\/image\\\/\"},\"sameAs\":[\"https:\\\/\\\/www.facebook.com\\\/eldiario.bolivia\\\/\",\"https:\\\/\\\/x.com\\\/eldiario_net\"]},{\"@type\":\"Person\",\"@id\":\"https:\\\/\\\/www.eldiario.net\\\/portal\\\/#\\\/schema\\\/person\\\/f46445640444750d7d753ccd04ae01b7\",\"name\":\"Jeanette\",\"image\":{\"@type\":\"ImageObject\",\"inLanguage\":\"es\",\"@id\":\"https:\\\/\\\/secure.gravatar.com\\\/avatar\\\/3ea2118a5f7dad2b7138b1187a6b7ee55f160b9968b66013c3a3ef39dd7e5798?s=96&d=mm&r=g\",\"url\":\"https:\\\/\\\/secure.gravatar.com\\\/avatar\\\/3ea2118a5f7dad2b7138b1187a6b7ee55f160b9968b66013c3a3ef39dd7e5798?s=96&d=mm&r=g\",\"contentUrl\":\"https:\\\/\\\/secure.gravatar.com\\\/avatar\\\/3ea2118a5f7dad2b7138b1187a6b7ee55f160b9968b66013c3a3ef39dd7e5798?s=96&d=mm&r=g\",\"caption\":\"Jeanette\"},\"sameAs\":[\"https:\\\/\\\/www.eldiario.net\\\/portal\"],\"url\":\"https:\\\/\\\/www.eldiario.net\\\/portal\\\/author\\\/jeanette\\\/\"}]}<\/script>\n<!-- \/ Yoast SEO plugin. -->","yoast_head_json":{"title":"Aprehendieron a exjefe policial - El Diario - Bolivia","robots":{"index":"index","follow":"follow","max-snippet":"max-snippet:-1","max-image-preview":"max-image-preview:large","max-video-preview":"max-video-preview:-1"},"canonical":"https:\/\/www.eldiario.net\/portal\/2021\/05\/18\/aprehendieron-a-exjefe-policial\/","og_locale":"es_ES","og_type":"article","og_title":"Aprehendieron a exjefe policial - El Diario - Bolivia","og_description":"Despu\u00e9s de prestar su declaraci\u00f3n informativa dentro de la investigaci\u00f3n por asociaci\u00f3n delictuosa y ejercicio indebido de la profesi\u00f3n, porque presuntamente autoriz\u00f3 el uso de uniformes del Grupo de Apoyo Civil a la Polic\u00eda (Gacip), el Ministerio P\u00fablico determin\u00f3 este lunes la aprehensi\u00f3n del coronel David de la T., exjefe departamental de la Direcci\u00f3n de [&hellip;]","og_url":"https:\/\/www.eldiario.net\/portal\/2021\/05\/18\/aprehendieron-a-exjefe-policial\/","og_site_name":"El Diario - Bolivia","article_publisher":"https:\/\/www.facebook.com\/eldiario.bolivia\/","article_published_time":"2021-05-18T09:49:58+00:00","og_image":[{"width":702,"height":506,"url":"https:\/\/www.eldiario.net\/portal\/wp-content\/uploads\/2021\/05\/SEGU-Aprehendieron-a-exjefe-policial.jpg","type":"image\/jpeg"}],"author":"Jeanette","twitter_card":"summary_large_image","twitter_creator":"@eldiario_net","twitter_site":"@eldiario_net","twitter_misc":{"Escrito por":"Jeanette","Tiempo de lectura":"2 minutos"},"schema":{"@context":"https:\/\/schema.org","@graph":[{"@type":"Article","@id":"https:\/\/www.eldiario.net\/portal\/2021\/05\/18\/aprehendieron-a-exjefe-policial\/#article","isPartOf":{"@id":"https:\/\/www.eldiario.net\/portal\/2021\/05\/18\/aprehendieron-a-exjefe-policial\/"},"author":{"name":"Jeanette","@id":"https:\/\/www.eldiario.net\/portal\/#\/schema\/person\/f46445640444750d7d753ccd04ae01b7"},"headline":"Aprehendieron a exjefe policial","datePublished":"2021-05-18T09:49:58+00:00","mainEntityOfPage":{"@id":"https:\/\/www.eldiario.net\/portal\/2021\/05\/18\/aprehendieron-a-exjefe-policial\/"},"wordCount":397,"publisher":{"@id":"https:\/\/www.eldiario.net\/portal\/#organization"},"image":{"@id":"https:\/\/www.eldiario.net\/portal\/2021\/05\/18\/aprehendieron-a-exjefe-policial\/#primaryimage"},"thumbnailUrl":"https:\/\/www.eldiario.net\/portal\/wp-content\/uploads\/2021\/05\/SEGU-Aprehendieron-a-exjefe-policial.jpg","articleSection":["Sociedad - Seguridad"],"inLanguage":"es"},{"@type":"WebPage","@id":"https:\/\/www.eldiario.net\/portal\/2021\/05\/18\/aprehendieron-a-exjefe-policial\/","url":"https:\/\/www.eldiario.net\/portal\/2021\/05\/18\/aprehendieron-a-exjefe-policial\/","name":"Aprehendieron a exjefe policial - El Diario - Bolivia","isPartOf":{"@id":"https:\/\/www.eldiario.net\/portal\/#website"},"primaryImageOfPage":{"@id":"https:\/\/www.eldiario.net\/portal\/2021\/05\/18\/aprehendieron-a-exjefe-policial\/#primaryimage"},"image":{"@id":"https:\/\/www.eldiario.net\/portal\/2021\/05\/18\/aprehendieron-a-exjefe-policial\/#primaryimage"},"thumbnailUrl":"https:\/\/www.eldiario.net\/portal\/wp-content\/uploads\/2021\/05\/SEGU-Aprehendieron-a-exjefe-policial.jpg","datePublished":"2021-05-18T09:49:58+00:00","breadcrumb":{"@id":"https:\/\/www.eldiario.net\/portal\/2021\/05\/18\/aprehendieron-a-exjefe-policial\/#breadcrumb"},"inLanguage":"es","potentialAction":[{"@type":"ReadAction","target":["https:\/\/www.eldiario.net\/portal\/2021\/05\/18\/aprehendieron-a-exjefe-policial\/"]}]},{"@type":"ImageObject","inLanguage":"es","@id":"https:\/\/www.eldiario.net\/portal\/2021\/05\/18\/aprehendieron-a-exjefe-policial\/#primaryimage","url":"https:\/\/www.eldiario.net\/portal\/wp-content\/uploads\/2021\/05\/SEGU-Aprehendieron-a-exjefe-policial.jpg","contentUrl":"https:\/\/www.eldiario.net\/portal\/wp-content\/uploads\/2021\/05\/SEGU-Aprehendieron-a-exjefe-policial.jpg","width":702,"height":506},{"@type":"BreadcrumbList","@id":"https:\/\/www.eldiario.net\/portal\/2021\/05\/18\/aprehendieron-a-exjefe-policial\/#breadcrumb","itemListElement":[{"@type":"ListItem","position":1,"name":"Portada","item":"https:\/\/www.eldiario.net\/portal\/"},{"@type":"ListItem","position":2,"name":"Aprehendieron a exjefe policial"}]},{"@type":"WebSite","@id":"https:\/\/www.eldiario.net\/portal\/#website","url":"https:\/\/www.eldiario.net\/portal\/","name":"El Diario - Decano de la prensa nacional","description":"El Diario - Decano de la prensa nacional","publisher":{"@id":"https:\/\/www.eldiario.net\/portal\/#organization"},"potentialAction":[{"@type":"SearchAction","target":{"@type":"EntryPoint","urlTemplate":"https:\/\/www.eldiario.net\/portal\/?s={search_term_string}"},"query-input":{"@type":"PropertyValueSpecification","valueRequired":true,"valueName":"search_term_string"}}],"inLanguage":"es"},{"@type":"Organization","@id":"https:\/\/www.eldiario.net\/portal\/#organization","name":"El Diario - Decano de la prensa nacional","url":"https:\/\/www.eldiario.net\/portal\/","logo":{"@type":"ImageObject","inLanguage":"es","@id":"https:\/\/www.eldiario.net\/portal\/#\/schema\/logo\/image\/","url":"https:\/\/www.eldiario.net\/portal\/wp-content\/uploads\/2023\/07\/logo_ED.jpg","contentUrl":"https:\/\/www.eldiario.net\/portal\/wp-content\/uploads\/2023\/07\/logo_ED.jpg","width":272,"height":52,"caption":"El Diario - Decano de la prensa nacional"},"image":{"@id":"https:\/\/www.eldiario.net\/portal\/#\/schema\/logo\/image\/"},"sameAs":["https:\/\/www.facebook.com\/eldiario.bolivia\/","https:\/\/x.com\/eldiario_net"]},{"@type":"Person","@id":"https:\/\/www.eldiario.net\/portal\/#\/schema\/person\/f46445640444750d7d753ccd04ae01b7","name":"Jeanette","image":{"@type":"ImageObject","inLanguage":"es","@id":"https:\/\/secure.gravatar.com\/avatar\/3ea2118a5f7dad2b7138b1187a6b7ee55f160b9968b66013c3a3ef39dd7e5798?s=96&d=mm&r=g","url":"https:\/\/secure.gravatar.com\/avatar\/3ea2118a5f7dad2b7138b1187a6b7ee55f160b9968b66013c3a3ef39dd7e5798?s=96&d=mm&r=g","contentUrl":"https:\/\/secure.gravatar.com\/avatar\/3ea2118a5f7dad2b7138b1187a6b7ee55f160b9968b66013c3a3ef39dd7e5798?s=96&d=mm&r=g","caption":"Jeanette"},"sameAs":["https:\/\/www.eldiario.net\/portal"],"url":"https:\/\/www.eldiario.net\/portal\/author\/jeanette\/"}]}},"_links":{"self":[{"href":"https:\/\/www.eldiario.net\/portal\/wp-json\/wp\/v2\/posts\/4657","targetHints":{"allow":["GET"]}}],"collection":[{"href":"https:\/\/www.eldiario.net\/portal\/wp-json\/wp\/v2\/posts"}],"about":[{"href":"https:\/\/www.eldiario.net\/portal\/wp-json\/wp\/v2\/types\/post"}],"author":[{"embeddable":true,"href":"https:\/\/www.eldiario.net\/portal\/wp-json\/wp\/v2\/users\/1"}],"replies":[{"embeddable":true,"href":"https:\/\/www.eldiario.net\/portal\/wp-json\/wp\/v2\/comments?post=4657"}],"version-history":[{"count":0,"href":"https:\/\/www.eldiario.net\/portal\/wp-json\/wp\/v2\/posts\/4657\/revisions"}],"wp:featuredmedia":[{"embeddable":true,"href":"https:\/\/www.eldiario.net\/portal\/wp-json\/wp\/v2\/media\/4658"}],"wp:attachment":[{"href":"https:\/\/www.eldiario.net\/portal\/wp-json\/wp\/v2\/media?parent=4657"}],"wp:term":[{"taxonomy":"category","embeddable":true,"href":"https:\/\/www.eldiario.net\/portal\/wp-json\/wp\/v2\/categories?post=4657"},{"taxonomy":"post_tag","embeddable":true,"href":"https:\/\/www.eldiario.net\/portal\/wp-json\/wp\/v2\/tags?post=4657"}],"curies":[{"name":"wp","href":"https:\/\/api.w.org\/{rel}","templated":true}]}}