{"id":4654,"date":"2021-05-18T05:48:45","date_gmt":"2021-05-18T09:48:45","guid":{"rendered":"https:\/\/www.eldiario.net\/portal\/?p=4654"},"modified":"2021-05-18T05:48:45","modified_gmt":"2021-05-18T09:48:45","slug":"exalcalde-de-la-paz-declaro-ante-fiscalia-sobre-deuda-a-emapa","status":"publish","type":"post","link":"https:\/\/www.eldiario.net\/portal\/2021\/05\/18\/exalcalde-de-la-paz-declaro-ante-fiscalia-sobre-deuda-a-emapa\/","title":{"rendered":"Exalcalde de La Paz declar\u00f3 ante Fiscal\u00eda sobre deuda a Emapa"},"content":{"rendered":"<p>El exalcalde de La Paz Luis Revilla declar\u00f3 ayer ante la Fiscal\u00eda a denuncia de la Empresa de Apoyo a la Producci\u00f3n de Alimentos (Emapa) por un delito de incumplimiento de contrato. El exmun\u00edcipe aclar\u00f3 que no se pag\u00f3 la deuda con la firma estatal debido a los efectos econ\u00f3micos que provoc\u00f3 la Covid-19 y asegur\u00f3 que estar\u00e1 atento a cualquier solicitud del Ministerio P\u00fablico.<\/p>\n<p>\u201cHemos acudido al llamado del Ministerio P\u00fablico para coadyuvar en las investigaciones y para proporcionar informaci\u00f3n directa respecto a esta deuda que tiene el Gobierno Municipal con Emapa y que se tiene que pagar en el curso de las siguientes semanas o meses. (El pago) no ha sido posible hacerlo por la pandemia porque los ingresos de los municipios han bajado significativamente (\u2026) y eso nos ha generado una situaci\u00f3n financiera dif\u00edcil\u201d, dijo Revilla al salir de su declaraci\u00f3n informativa.<\/p>\n<p>La Fiscal\u00eda de La Paz inici\u00f3 un proceso penal en contra del exalcalde Revilla debido a que la Alcald\u00eda hab\u00eda contratado a Emapa para la provisi\u00f3n de alimentos para los escolares por un monto de Bs 37 millones y solo se habr\u00eda cancelado un primer pago.<\/p>\n<p>El fiscal Marco Villa ratific\u00f3 la versi\u00f3n de Revilla y remarc\u00f3 que ahora estos \u201cextremos\u201d ser\u00e1n debidamente valorados.<\/p>\n<p>\u201cSe logr\u00f3 tener nombres de otras personas que de alguna forma estar\u00edan relacionadas en el presente hecho (\u2026) y en ese sentido el Ministerio P\u00fablico va a analizar (tambi\u00e9n) y de ser necesario se va a ampliar (la investigaci\u00f3n) contra estas personas porque (la exautoridad) puntualmente refiere que la responsabilidad habr\u00eda reca\u00eddo en la direcci\u00f3n de programaci\u00f3n financiera\u201d, se\u00f1al\u00f3.<\/p>\n<p>Asimismo, el fiscal confirm\u00f3 que Revilla se defender\u00e1 en libertad porque logr\u00f3 acreditar tener un domicilio y fuente laboral.<\/p>\n<p>Por otro lado, el alcalde Iv\u00e1n Arias asegur\u00f3 este lunes que la Alcald\u00eda de La Paz asumir\u00e1 la deuda que tiene con Emapa, asumida por la gesti\u00f3n de Luis Revilla, por la provisi\u00f3n de alimentos para las canastas estudiantiles que se entregaron en 2020.<\/p>\n<p>\u201cEstamos haciendo un an\u00e1lisis y vamos a hacer una negociaci\u00f3n con Emapa para ver c\u00f3mo se puede pagar esta deuda\u201d, afirm\u00f3 Arias, en entrevista con Red Uno.<\/p>\n<p>&nbsp;<\/p>\n","protected":false},"excerpt":{"rendered":"<p>El exalcalde de La Paz Luis Revilla declar\u00f3 ayer ante la Fiscal\u00eda a denuncia de la Empresa de Apoyo a la Producci\u00f3n de Alimentos (Emapa) por un delito de incumplimiento de contrato. El exmun\u00edcipe aclar\u00f3 que no se pag\u00f3 la deuda con la firma estatal debido a los efectos econ\u00f3micos que provoc\u00f3 la Covid-19 y [&hellip;]<\/p>\n","protected":false},"author":1,"featured_media":4655,"comment_status":"closed","ping_status":"closed","sticky":false,"template":"","format":"standard","meta":{"_acf_changed":false,"footnotes":""},"categories":[39],"tags":[],"class_list":["post-4654","post","type-post","status-publish","format-standard","has-post-thumbnail","category-sociedad"],"acf":{"antetitulo":""},"yoast_head":"<!-- This site is optimized with the Yoast SEO plugin v28.3 - https:\/\/yoast.com\/product\/yoast-seo-wordpress\/ -->\n<title>Exalcalde de La Paz declar\u00f3 ante Fiscal\u00eda sobre deuda a Emapa - El Diario - Bolivia<\/title>\n<meta name=\"robots\" content=\"index, follow, max-snippet:-1, max-image-preview:large, max-video-preview:-1\" \/>\n<link rel=\"canonical\" href=\"https:\/\/www.eldiario.net\/portal\/2021\/05\/18\/exalcalde-de-la-paz-declaro-ante-fiscalia-sobre-deuda-a-emapa\/\" \/>\n<meta property=\"og:locale\" content=\"es_ES\" \/>\n<meta property=\"og:type\" content=\"article\" \/>\n<meta property=\"og:title\" content=\"Exalcalde de La Paz declar\u00f3 ante Fiscal\u00eda sobre deuda a Emapa - El Diario - Bolivia\" \/>\n<meta property=\"og:description\" content=\"El exalcalde de La Paz Luis Revilla declar\u00f3 ayer ante la Fiscal\u00eda a denuncia de la Empresa de Apoyo a la Producci\u00f3n de Alimentos (Emapa) por un delito de incumplimiento de contrato. El exmun\u00edcipe aclar\u00f3 que no se pag\u00f3 la deuda con la firma estatal debido a los efectos econ\u00f3micos que provoc\u00f3 la Covid-19 y [&hellip;]\" \/>\n<meta property=\"og:url\" content=\"https:\/\/www.eldiario.net\/portal\/2021\/05\/18\/exalcalde-de-la-paz-declaro-ante-fiscalia-sobre-deuda-a-emapa\/\" \/>\n<meta property=\"og:site_name\" content=\"El Diario - Bolivia\" \/>\n<meta property=\"article:publisher\" content=\"https:\/\/www.facebook.com\/eldiario.bolivia\/\" \/>\n<meta property=\"article:published_time\" content=\"2021-05-18T09:48:45+00:00\" \/>\n<meta name=\"author\" content=\"Jeanette\" \/>\n<meta name=\"twitter:card\" content=\"summary_large_image\" \/>\n<meta name=\"twitter:creator\" content=\"@eldiario_net\" \/>\n<meta name=\"twitter:site\" content=\"@eldiario_net\" \/>\n<meta name=\"twitter:label1\" content=\"Escrito por\" \/>\n\t<meta name=\"twitter:data1\" content=\"Jeanette\" \/>\n\t<meta name=\"twitter:label2\" content=\"Tiempo de lectura\" \/>\n\t<meta name=\"twitter:data2\" content=\"2 minutos\" \/>\n<script type=\"application\/ld+json\" class=\"yoast-schema-graph\">{\"@context\":\"https:\\\/\\\/schema.org\",\"@graph\":[{\"@type\":\"Article\",\"@id\":\"https:\\\/\\\/www.eldiario.net\\\/portal\\\/2021\\\/05\\\/18\\\/exalcalde-de-la-paz-declaro-ante-fiscalia-sobre-deuda-a-emapa\\\/#article\",\"isPartOf\":{\"@id\":\"https:\\\/\\\/www.eldiario.net\\\/portal\\\/2021\\\/05\\\/18\\\/exalcalde-de-la-paz-declaro-ante-fiscalia-sobre-deuda-a-emapa\\\/\"},\"author\":{\"name\":\"Jeanette\",\"@id\":\"https:\\\/\\\/www.eldiario.net\\\/portal\\\/#\\\/schema\\\/person\\\/f46445640444750d7d753ccd04ae01b7\"},\"headline\":\"Exalcalde de La Paz declar\u00f3 ante Fiscal\u00eda sobre deuda a Emapa\",\"datePublished\":\"2021-05-18T09:48:45+00:00\",\"mainEntityOfPage\":{\"@id\":\"https:\\\/\\\/www.eldiario.net\\\/portal\\\/2021\\\/05\\\/18\\\/exalcalde-de-la-paz-declaro-ante-fiscalia-sobre-deuda-a-emapa\\\/\"},\"wordCount\":400,\"publisher\":{\"@id\":\"https:\\\/\\\/www.eldiario.net\\\/portal\\\/#organization\"},\"image\":{\"@id\":\"https:\\\/\\\/www.eldiario.net\\\/portal\\\/2021\\\/05\\\/18\\\/exalcalde-de-la-paz-declaro-ante-fiscalia-sobre-deuda-a-emapa\\\/#primaryimage\"},\"thumbnailUrl\":\"\",\"articleSection\":[\"Sociedad - Seguridad\"],\"inLanguage\":\"es\"},{\"@type\":\"WebPage\",\"@id\":\"https:\\\/\\\/www.eldiario.net\\\/portal\\\/2021\\\/05\\\/18\\\/exalcalde-de-la-paz-declaro-ante-fiscalia-sobre-deuda-a-emapa\\\/\",\"url\":\"https:\\\/\\\/www.eldiario.net\\\/portal\\\/2021\\\/05\\\/18\\\/exalcalde-de-la-paz-declaro-ante-fiscalia-sobre-deuda-a-emapa\\\/\",\"name\":\"Exalcalde de La Paz declar\u00f3 ante Fiscal\u00eda sobre deuda a Emapa - El Diario - Bolivia\",\"isPartOf\":{\"@id\":\"https:\\\/\\\/www.eldiario.net\\\/portal\\\/#website\"},\"primaryImageOfPage\":{\"@id\":\"https:\\\/\\\/www.eldiario.net\\\/portal\\\/2021\\\/05\\\/18\\\/exalcalde-de-la-paz-declaro-ante-fiscalia-sobre-deuda-a-emapa\\\/#primaryimage\"},\"image\":{\"@id\":\"https:\\\/\\\/www.eldiario.net\\\/portal\\\/2021\\\/05\\\/18\\\/exalcalde-de-la-paz-declaro-ante-fiscalia-sobre-deuda-a-emapa\\\/#primaryimage\"},\"thumbnailUrl\":\"\",\"datePublished\":\"2021-05-18T09:48:45+00:00\",\"breadcrumb\":{\"@id\":\"https:\\\/\\\/www.eldiario.net\\\/portal\\\/2021\\\/05\\\/18\\\/exalcalde-de-la-paz-declaro-ante-fiscalia-sobre-deuda-a-emapa\\\/#breadcrumb\"},\"inLanguage\":\"es\",\"potentialAction\":[{\"@type\":\"ReadAction\",\"target\":[\"https:\\\/\\\/www.eldiario.net\\\/portal\\\/2021\\\/05\\\/18\\\/exalcalde-de-la-paz-declaro-ante-fiscalia-sobre-deuda-a-emapa\\\/\"]}]},{\"@type\":\"ImageObject\",\"inLanguage\":\"es\",\"@id\":\"https:\\\/\\\/www.eldiario.net\\\/portal\\\/2021\\\/05\\\/18\\\/exalcalde-de-la-paz-declaro-ante-fiscalia-sobre-deuda-a-emapa\\\/#primaryimage\",\"url\":\"\",\"contentUrl\":\"\"},{\"@type\":\"BreadcrumbList\",\"@id\":\"https:\\\/\\\/www.eldiario.net\\\/portal\\\/2021\\\/05\\\/18\\\/exalcalde-de-la-paz-declaro-ante-fiscalia-sobre-deuda-a-emapa\\\/#breadcrumb\",\"itemListElement\":[{\"@type\":\"ListItem\",\"position\":1,\"name\":\"Portada\",\"item\":\"https:\\\/\\\/www.eldiario.net\\\/portal\\\/\"},{\"@type\":\"ListItem\",\"position\":2,\"name\":\"Exalcalde de La Paz declar\u00f3 ante Fiscal\u00eda sobre deuda a Emapa\"}]},{\"@type\":\"WebSite\",\"@id\":\"https:\\\/\\\/www.eldiario.net\\\/portal\\\/#website\",\"url\":\"https:\\\/\\\/www.eldiario.net\\\/portal\\\/\",\"name\":\"El Diario - Decano de la prensa nacional\",\"description\":\"El Diario - Decano de la prensa nacional\",\"publisher\":{\"@id\":\"https:\\\/\\\/www.eldiario.net\\\/portal\\\/#organization\"},\"potentialAction\":[{\"@type\":\"SearchAction\",\"target\":{\"@type\":\"EntryPoint\",\"urlTemplate\":\"https:\\\/\\\/www.eldiario.net\\\/portal\\\/?s={search_term_string}\"},\"query-input\":{\"@type\":\"PropertyValueSpecification\",\"valueRequired\":true,\"valueName\":\"search_term_string\"}}],\"inLanguage\":\"es\"},{\"@type\":\"Organization\",\"@id\":\"https:\\\/\\\/www.eldiario.net\\\/portal\\\/#organization\",\"name\":\"El Diario - Decano de la prensa nacional\",\"url\":\"https:\\\/\\\/www.eldiario.net\\\/portal\\\/\",\"logo\":{\"@type\":\"ImageObject\",\"inLanguage\":\"es\",\"@id\":\"https:\\\/\\\/www.eldiario.net\\\/portal\\\/#\\\/schema\\\/logo\\\/image\\\/\",\"url\":\"https:\\\/\\\/www.eldiario.net\\\/portal\\\/wp-content\\\/uploads\\\/2023\\\/07\\\/logo_ED.jpg\",\"contentUrl\":\"https:\\\/\\\/www.eldiario.net\\\/portal\\\/wp-content\\\/uploads\\\/2023\\\/07\\\/logo_ED.jpg\",\"width\":272,\"height\":52,\"caption\":\"El Diario - Decano de la prensa nacional\"},\"image\":{\"@id\":\"https:\\\/\\\/www.eldiario.net\\\/portal\\\/#\\\/schema\\\/logo\\\/image\\\/\"},\"sameAs\":[\"https:\\\/\\\/www.facebook.com\\\/eldiario.bolivia\\\/\",\"https:\\\/\\\/x.com\\\/eldiario_net\"]},{\"@type\":\"Person\",\"@id\":\"https:\\\/\\\/www.eldiario.net\\\/portal\\\/#\\\/schema\\\/person\\\/f46445640444750d7d753ccd04ae01b7\",\"name\":\"Jeanette\",\"image\":{\"@type\":\"ImageObject\",\"inLanguage\":\"es\",\"@id\":\"https:\\\/\\\/secure.gravatar.com\\\/avatar\\\/3ea2118a5f7dad2b7138b1187a6b7ee55f160b9968b66013c3a3ef39dd7e5798?s=96&d=mm&r=g\",\"url\":\"https:\\\/\\\/secure.gravatar.com\\\/avatar\\\/3ea2118a5f7dad2b7138b1187a6b7ee55f160b9968b66013c3a3ef39dd7e5798?s=96&d=mm&r=g\",\"contentUrl\":\"https:\\\/\\\/secure.gravatar.com\\\/avatar\\\/3ea2118a5f7dad2b7138b1187a6b7ee55f160b9968b66013c3a3ef39dd7e5798?s=96&d=mm&r=g\",\"caption\":\"Jeanette\"},\"sameAs\":[\"https:\\\/\\\/www.eldiario.net\\\/portal\"],\"url\":\"https:\\\/\\\/www.eldiario.net\\\/portal\\\/author\\\/jeanette\\\/\"}]}<\/script>\n<!-- \/ Yoast SEO plugin. -->","yoast_head_json":{"title":"Exalcalde de La Paz declar\u00f3 ante Fiscal\u00eda sobre deuda a Emapa - El Diario - Bolivia","robots":{"index":"index","follow":"follow","max-snippet":"max-snippet:-1","max-image-preview":"max-image-preview:large","max-video-preview":"max-video-preview:-1"},"canonical":"https:\/\/www.eldiario.net\/portal\/2021\/05\/18\/exalcalde-de-la-paz-declaro-ante-fiscalia-sobre-deuda-a-emapa\/","og_locale":"es_ES","og_type":"article","og_title":"Exalcalde de La Paz declar\u00f3 ante Fiscal\u00eda sobre deuda a Emapa - El Diario - Bolivia","og_description":"El exalcalde de La Paz Luis Revilla declar\u00f3 ayer ante la Fiscal\u00eda a denuncia de la Empresa de Apoyo a la Producci\u00f3n de Alimentos (Emapa) por un delito de incumplimiento de contrato. El exmun\u00edcipe aclar\u00f3 que no se pag\u00f3 la deuda con la firma estatal debido a los efectos econ\u00f3micos que provoc\u00f3 la Covid-19 y [&hellip;]","og_url":"https:\/\/www.eldiario.net\/portal\/2021\/05\/18\/exalcalde-de-la-paz-declaro-ante-fiscalia-sobre-deuda-a-emapa\/","og_site_name":"El Diario - Bolivia","article_publisher":"https:\/\/www.facebook.com\/eldiario.bolivia\/","article_published_time":"2021-05-18T09:48:45+00:00","author":"Jeanette","twitter_card":"summary_large_image","twitter_creator":"@eldiario_net","twitter_site":"@eldiario_net","twitter_misc":{"Escrito por":"Jeanette","Tiempo de lectura":"2 minutos"},"schema":{"@context":"https:\/\/schema.org","@graph":[{"@type":"Article","@id":"https:\/\/www.eldiario.net\/portal\/2021\/05\/18\/exalcalde-de-la-paz-declaro-ante-fiscalia-sobre-deuda-a-emapa\/#article","isPartOf":{"@id":"https:\/\/www.eldiario.net\/portal\/2021\/05\/18\/exalcalde-de-la-paz-declaro-ante-fiscalia-sobre-deuda-a-emapa\/"},"author":{"name":"Jeanette","@id":"https:\/\/www.eldiario.net\/portal\/#\/schema\/person\/f46445640444750d7d753ccd04ae01b7"},"headline":"Exalcalde de La Paz declar\u00f3 ante Fiscal\u00eda sobre deuda a Emapa","datePublished":"2021-05-18T09:48:45+00:00","mainEntityOfPage":{"@id":"https:\/\/www.eldiario.net\/portal\/2021\/05\/18\/exalcalde-de-la-paz-declaro-ante-fiscalia-sobre-deuda-a-emapa\/"},"wordCount":400,"publisher":{"@id":"https:\/\/www.eldiario.net\/portal\/#organization"},"image":{"@id":"https:\/\/www.eldiario.net\/portal\/2021\/05\/18\/exalcalde-de-la-paz-declaro-ante-fiscalia-sobre-deuda-a-emapa\/#primaryimage"},"thumbnailUrl":"","articleSection":["Sociedad - Seguridad"],"inLanguage":"es"},{"@type":"WebPage","@id":"https:\/\/www.eldiario.net\/portal\/2021\/05\/18\/exalcalde-de-la-paz-declaro-ante-fiscalia-sobre-deuda-a-emapa\/","url":"https:\/\/www.eldiario.net\/portal\/2021\/05\/18\/exalcalde-de-la-paz-declaro-ante-fiscalia-sobre-deuda-a-emapa\/","name":"Exalcalde de La Paz declar\u00f3 ante Fiscal\u00eda sobre deuda a Emapa - El Diario - Bolivia","isPartOf":{"@id":"https:\/\/www.eldiario.net\/portal\/#website"},"primaryImageOfPage":{"@id":"https:\/\/www.eldiario.net\/portal\/2021\/05\/18\/exalcalde-de-la-paz-declaro-ante-fiscalia-sobre-deuda-a-emapa\/#primaryimage"},"image":{"@id":"https:\/\/www.eldiario.net\/portal\/2021\/05\/18\/exalcalde-de-la-paz-declaro-ante-fiscalia-sobre-deuda-a-emapa\/#primaryimage"},"thumbnailUrl":"","datePublished":"2021-05-18T09:48:45+00:00","breadcrumb":{"@id":"https:\/\/www.eldiario.net\/portal\/2021\/05\/18\/exalcalde-de-la-paz-declaro-ante-fiscalia-sobre-deuda-a-emapa\/#breadcrumb"},"inLanguage":"es","potentialAction":[{"@type":"ReadAction","target":["https:\/\/www.eldiario.net\/portal\/2021\/05\/18\/exalcalde-de-la-paz-declaro-ante-fiscalia-sobre-deuda-a-emapa\/"]}]},{"@type":"ImageObject","inLanguage":"es","@id":"https:\/\/www.eldiario.net\/portal\/2021\/05\/18\/exalcalde-de-la-paz-declaro-ante-fiscalia-sobre-deuda-a-emapa\/#primaryimage","url":"","contentUrl":""},{"@type":"BreadcrumbList","@id":"https:\/\/www.eldiario.net\/portal\/2021\/05\/18\/exalcalde-de-la-paz-declaro-ante-fiscalia-sobre-deuda-a-emapa\/#breadcrumb","itemListElement":[{"@type":"ListItem","position":1,"name":"Portada","item":"https:\/\/www.eldiario.net\/portal\/"},{"@type":"ListItem","position":2,"name":"Exalcalde de La Paz declar\u00f3 ante Fiscal\u00eda sobre deuda a Emapa"}]},{"@type":"WebSite","@id":"https:\/\/www.eldiario.net\/portal\/#website","url":"https:\/\/www.eldiario.net\/portal\/","name":"El Diario - Decano de la prensa nacional","description":"El Diario - Decano de la prensa nacional","publisher":{"@id":"https:\/\/www.eldiario.net\/portal\/#organization"},"potentialAction":[{"@type":"SearchAction","target":{"@type":"EntryPoint","urlTemplate":"https:\/\/www.eldiario.net\/portal\/?s={search_term_string}"},"query-input":{"@type":"PropertyValueSpecification","valueRequired":true,"valueName":"search_term_string"}}],"inLanguage":"es"},{"@type":"Organization","@id":"https:\/\/www.eldiario.net\/portal\/#organization","name":"El Diario - Decano de la prensa nacional","url":"https:\/\/www.eldiario.net\/portal\/","logo":{"@type":"ImageObject","inLanguage":"es","@id":"https:\/\/www.eldiario.net\/portal\/#\/schema\/logo\/image\/","url":"https:\/\/www.eldiario.net\/portal\/wp-content\/uploads\/2023\/07\/logo_ED.jpg","contentUrl":"https:\/\/www.eldiario.net\/portal\/wp-content\/uploads\/2023\/07\/logo_ED.jpg","width":272,"height":52,"caption":"El Diario - Decano de la prensa nacional"},"image":{"@id":"https:\/\/www.eldiario.net\/portal\/#\/schema\/logo\/image\/"},"sameAs":["https:\/\/www.facebook.com\/eldiario.bolivia\/","https:\/\/x.com\/eldiario_net"]},{"@type":"Person","@id":"https:\/\/www.eldiario.net\/portal\/#\/schema\/person\/f46445640444750d7d753ccd04ae01b7","name":"Jeanette","image":{"@type":"ImageObject","inLanguage":"es","@id":"https:\/\/secure.gravatar.com\/avatar\/3ea2118a5f7dad2b7138b1187a6b7ee55f160b9968b66013c3a3ef39dd7e5798?s=96&d=mm&r=g","url":"https:\/\/secure.gravatar.com\/avatar\/3ea2118a5f7dad2b7138b1187a6b7ee55f160b9968b66013c3a3ef39dd7e5798?s=96&d=mm&r=g","contentUrl":"https:\/\/secure.gravatar.com\/avatar\/3ea2118a5f7dad2b7138b1187a6b7ee55f160b9968b66013c3a3ef39dd7e5798?s=96&d=mm&r=g","caption":"Jeanette"},"sameAs":["https:\/\/www.eldiario.net\/portal"],"url":"https:\/\/www.eldiario.net\/portal\/author\/jeanette\/"}]}},"_links":{"self":[{"href":"https:\/\/www.eldiario.net\/portal\/wp-json\/wp\/v2\/posts\/4654","targetHints":{"allow":["GET"]}}],"collection":[{"href":"https:\/\/www.eldiario.net\/portal\/wp-json\/wp\/v2\/posts"}],"about":[{"href":"https:\/\/www.eldiario.net\/portal\/wp-json\/wp\/v2\/types\/post"}],"author":[{"embeddable":true,"href":"https:\/\/www.eldiario.net\/portal\/wp-json\/wp\/v2\/users\/1"}],"replies":[{"embeddable":true,"href":"https:\/\/www.eldiario.net\/portal\/wp-json\/wp\/v2\/comments?post=4654"}],"version-history":[{"count":0,"href":"https:\/\/www.eldiario.net\/portal\/wp-json\/wp\/v2\/posts\/4654\/revisions"}],"wp:attachment":[{"href":"https:\/\/www.eldiario.net\/portal\/wp-json\/wp\/v2\/media?parent=4654"}],"wp:term":[{"taxonomy":"category","embeddable":true,"href":"https:\/\/www.eldiario.net\/portal\/wp-json\/wp\/v2\/categories?post=4654"},{"taxonomy":"post_tag","embeddable":true,"href":"https:\/\/www.eldiario.net\/portal\/wp-json\/wp\/v2\/tags?post=4654"}],"curies":[{"name":"wp","href":"https:\/\/api.w.org\/{rel}","templated":true}]}}