{"id":4651,"date":"2021-05-18T05:47:38","date_gmt":"2021-05-18T09:47:38","guid":{"rendered":"https:\/\/www.eldiario.net\/portal\/?p=4651"},"modified":"2021-05-18T05:47:38","modified_gmt":"2021-05-18T09:47:38","slug":"fiscalia-inicia-un-nuevo-proceso-contra-murillo","status":"publish","type":"post","link":"https:\/\/www.eldiario.net\/portal\/2021\/05\/18\/fiscalia-inicia-un-nuevo-proceso-contra-murillo\/","title":{"rendered":"Fiscal\u00eda inicia un nuevo  proceso contra Murillo"},"content":{"rendered":"<p>El director de la Fiscal\u00eda especializada en Delitos de Narcotr\u00e1fico, Mois\u00e9s Palma, inform\u00f3 este lunes que el Ministerio P\u00fablico inici\u00f3 de oficio una investigaci\u00f3n contra el exministro de Gobierno, Arturo Murillo, por la presunta desaparici\u00f3n de 400 kilos de coca\u00edna incautada en troncones, en 2020.<\/p>\n<p>\u201cSe trata de un cargamento de madera que sal\u00eda de Bolivia con origen a B\u00e9lgica, entre ellas exist\u00edan 60 troncones y otras cantidades de vigas alistonadas, el 26 de diciembre de 2019 se encontraban con salida de Tambo Quemado, pero la FELCN (Fuerza Especial de Lucha Contra el Narcotr\u00e1fico) sospech\u00f3 que en el contenedor podr\u00eda existir sustancia controlada, por ello el contenedor retorn\u00f3 a la ciudad de El Alto el 30 de diciembre y el 7 de enero se realiz\u00f3 la perforaci\u00f3n a algunos de los horcones y se advirti\u00f3 la presencia de una sustancia extra\u00f1a que, sometida a prueba de campo, dio positivo para coca\u00edna\u201d, explic\u00f3 Palma.<\/p>\n<p>La autoridad agreg\u00f3 que, el 8 de enero se realiz\u00f3 el pesaje de la coca\u00edna y se hizo conocer de la existencia de una tonelada con 435 kilos de coca\u00edna que se encontraban en las 60 columnas de madera, informaci\u00f3n que se hizo p\u00fablica en una conferencia de prensa por parte del exdirector de la Felcn y el exministro de Gobierno, Arturo Murillo.<\/p>\n<p>El 15 de enero se realiz\u00f3 la incineraci\u00f3n de la sustancia controlada en \u201cLa Rinconada\u201d puesto de control de Umopar &#8211; La Paz, en presencia de medios de comunicaci\u00f3n, polic\u00edas asignados al caso, fiscal, representante de la Oficina de Naciones Unidas contra la Droga y el Delito (Unodc).<\/p>\n<p>De acuerdo a la Unodc, de los 60 horcones 18 no contaban con la sustancia controlada, por lo tanto, se procedi\u00f3 a incinerar una tonelada y cuatro kilos aproximadamente, seg\u00fan se\u00f1ala el acta.<\/p>\n<p>Pero UNODC en la valoraci\u00f3n de incineraci\u00f3n evidenciaron la ausencia de aproximadamente 400 kilos de coca\u00edna, respecto a la cantidad inicial, situaci\u00f3n que tambi\u00e9n fue dada a conocer por el actual Ministro de Gobierno.<\/p>\n<p>\u201cAnte esta situaci\u00f3n, el Ministerio P\u00fablico inici\u00f3 de oficio las investigaciones y se tienen identificados los nombres de las personas por la presunta participaci\u00f3n en el delito de alteraci\u00f3n o sustituci\u00f3n del cuerpo del delito y se convocar\u00e1 paulatinamente a otras para que presten su declaraci\u00f3n informativa\u201d, sostuvo Palma.<\/p>\n<p>&nbsp;<\/p>\n","protected":false},"excerpt":{"rendered":"<p>El director de la Fiscal\u00eda especializada en Delitos de Narcotr\u00e1fico, Mois\u00e9s Palma, inform\u00f3 este lunes que el Ministerio P\u00fablico inici\u00f3 de oficio una investigaci\u00f3n contra el exministro de Gobierno, Arturo Murillo, por la presunta desaparici\u00f3n de 400 kilos de coca\u00edna incautada en troncones, en 2020. \u201cSe trata de un cargamento de madera que sal\u00eda de [&hellip;]<\/p>\n","protected":false},"author":1,"featured_media":4652,"comment_status":"closed","ping_status":"closed","sticky":false,"template":"","format":"standard","meta":{"_acf_changed":false,"footnotes":""},"categories":[39],"tags":[],"class_list":["post-4651","post","type-post","status-publish","format-standard","has-post-thumbnail","category-sociedad"],"acf":{"antetitulo":""},"yoast_head":"<!-- This site is optimized with the Yoast SEO plugin v28.3 - https:\/\/yoast.com\/product\/yoast-seo-wordpress\/ -->\n<title>Fiscal\u00eda inicia un nuevo proceso contra Murillo - El Diario - Bolivia<\/title>\n<meta name=\"robots\" content=\"index, follow, max-snippet:-1, max-image-preview:large, max-video-preview:-1\" \/>\n<link rel=\"canonical\" href=\"https:\/\/www.eldiario.net\/portal\/2021\/05\/18\/fiscalia-inicia-un-nuevo-proceso-contra-murillo\/\" \/>\n<meta property=\"og:locale\" content=\"es_ES\" \/>\n<meta property=\"og:type\" content=\"article\" \/>\n<meta property=\"og:title\" content=\"Fiscal\u00eda inicia un nuevo proceso contra Murillo - El Diario - Bolivia\" \/>\n<meta property=\"og:description\" content=\"El director de la Fiscal\u00eda especializada en Delitos de Narcotr\u00e1fico, Mois\u00e9s Palma, inform\u00f3 este lunes que el Ministerio P\u00fablico inici\u00f3 de oficio una investigaci\u00f3n contra el exministro de Gobierno, Arturo Murillo, por la presunta desaparici\u00f3n de 400 kilos de coca\u00edna incautada en troncones, en 2020. \u201cSe trata de un cargamento de madera que sal\u00eda de [&hellip;]\" \/>\n<meta property=\"og:url\" content=\"https:\/\/www.eldiario.net\/portal\/2021\/05\/18\/fiscalia-inicia-un-nuevo-proceso-contra-murillo\/\" \/>\n<meta property=\"og:site_name\" content=\"El Diario - Bolivia\" \/>\n<meta property=\"article:publisher\" content=\"https:\/\/www.facebook.com\/eldiario.bolivia\/\" \/>\n<meta property=\"article:published_time\" content=\"2021-05-18T09:47:38+00:00\" \/>\n<meta name=\"author\" content=\"Jeanette\" \/>\n<meta name=\"twitter:card\" content=\"summary_large_image\" \/>\n<meta name=\"twitter:creator\" content=\"@eldiario_net\" \/>\n<meta name=\"twitter:site\" content=\"@eldiario_net\" \/>\n<meta name=\"twitter:label1\" content=\"Escrito por\" \/>\n\t<meta name=\"twitter:data1\" content=\"Jeanette\" \/>\n\t<meta name=\"twitter:label2\" content=\"Tiempo de lectura\" \/>\n\t<meta name=\"twitter:data2\" content=\"2 minutos\" \/>\n<script type=\"application\/ld+json\" class=\"yoast-schema-graph\">{\"@context\":\"https:\\\/\\\/schema.org\",\"@graph\":[{\"@type\":\"Article\",\"@id\":\"https:\\\/\\\/www.eldiario.net\\\/portal\\\/2021\\\/05\\\/18\\\/fiscalia-inicia-un-nuevo-proceso-contra-murillo\\\/#article\",\"isPartOf\":{\"@id\":\"https:\\\/\\\/www.eldiario.net\\\/portal\\\/2021\\\/05\\\/18\\\/fiscalia-inicia-un-nuevo-proceso-contra-murillo\\\/\"},\"author\":{\"name\":\"Jeanette\",\"@id\":\"https:\\\/\\\/www.eldiario.net\\\/portal\\\/#\\\/schema\\\/person\\\/f46445640444750d7d753ccd04ae01b7\"},\"headline\":\"Fiscal\u00eda inicia un nuevo proceso contra Murillo\",\"datePublished\":\"2021-05-18T09:47:38+00:00\",\"mainEntityOfPage\":{\"@id\":\"https:\\\/\\\/www.eldiario.net\\\/portal\\\/2021\\\/05\\\/18\\\/fiscalia-inicia-un-nuevo-proceso-contra-murillo\\\/\"},\"wordCount\":410,\"publisher\":{\"@id\":\"https:\\\/\\\/www.eldiario.net\\\/portal\\\/#organization\"},\"image\":{\"@id\":\"https:\\\/\\\/www.eldiario.net\\\/portal\\\/2021\\\/05\\\/18\\\/fiscalia-inicia-un-nuevo-proceso-contra-murillo\\\/#primaryimage\"},\"thumbnailUrl\":\"\",\"articleSection\":[\"Sociedad - Seguridad\"],\"inLanguage\":\"es\"},{\"@type\":\"WebPage\",\"@id\":\"https:\\\/\\\/www.eldiario.net\\\/portal\\\/2021\\\/05\\\/18\\\/fiscalia-inicia-un-nuevo-proceso-contra-murillo\\\/\",\"url\":\"https:\\\/\\\/www.eldiario.net\\\/portal\\\/2021\\\/05\\\/18\\\/fiscalia-inicia-un-nuevo-proceso-contra-murillo\\\/\",\"name\":\"Fiscal\u00eda inicia un nuevo proceso contra Murillo - El Diario - Bolivia\",\"isPartOf\":{\"@id\":\"https:\\\/\\\/www.eldiario.net\\\/portal\\\/#website\"},\"primaryImageOfPage\":{\"@id\":\"https:\\\/\\\/www.eldiario.net\\\/portal\\\/2021\\\/05\\\/18\\\/fiscalia-inicia-un-nuevo-proceso-contra-murillo\\\/#primaryimage\"},\"image\":{\"@id\":\"https:\\\/\\\/www.eldiario.net\\\/portal\\\/2021\\\/05\\\/18\\\/fiscalia-inicia-un-nuevo-proceso-contra-murillo\\\/#primaryimage\"},\"thumbnailUrl\":\"\",\"datePublished\":\"2021-05-18T09:47:38+00:00\",\"breadcrumb\":{\"@id\":\"https:\\\/\\\/www.eldiario.net\\\/portal\\\/2021\\\/05\\\/18\\\/fiscalia-inicia-un-nuevo-proceso-contra-murillo\\\/#breadcrumb\"},\"inLanguage\":\"es\",\"potentialAction\":[{\"@type\":\"ReadAction\",\"target\":[\"https:\\\/\\\/www.eldiario.net\\\/portal\\\/2021\\\/05\\\/18\\\/fiscalia-inicia-un-nuevo-proceso-contra-murillo\\\/\"]}]},{\"@type\":\"ImageObject\",\"inLanguage\":\"es\",\"@id\":\"https:\\\/\\\/www.eldiario.net\\\/portal\\\/2021\\\/05\\\/18\\\/fiscalia-inicia-un-nuevo-proceso-contra-murillo\\\/#primaryimage\",\"url\":\"\",\"contentUrl\":\"\"},{\"@type\":\"BreadcrumbList\",\"@id\":\"https:\\\/\\\/www.eldiario.net\\\/portal\\\/2021\\\/05\\\/18\\\/fiscalia-inicia-un-nuevo-proceso-contra-murillo\\\/#breadcrumb\",\"itemListElement\":[{\"@type\":\"ListItem\",\"position\":1,\"name\":\"Portada\",\"item\":\"https:\\\/\\\/www.eldiario.net\\\/portal\\\/\"},{\"@type\":\"ListItem\",\"position\":2,\"name\":\"Fiscal\u00eda inicia un nuevo proceso contra Murillo\"}]},{\"@type\":\"WebSite\",\"@id\":\"https:\\\/\\\/www.eldiario.net\\\/portal\\\/#website\",\"url\":\"https:\\\/\\\/www.eldiario.net\\\/portal\\\/\",\"name\":\"El Diario - Decano de la prensa nacional\",\"description\":\"El Diario - Decano de la prensa nacional\",\"publisher\":{\"@id\":\"https:\\\/\\\/www.eldiario.net\\\/portal\\\/#organization\"},\"potentialAction\":[{\"@type\":\"SearchAction\",\"target\":{\"@type\":\"EntryPoint\",\"urlTemplate\":\"https:\\\/\\\/www.eldiario.net\\\/portal\\\/?s={search_term_string}\"},\"query-input\":{\"@type\":\"PropertyValueSpecification\",\"valueRequired\":true,\"valueName\":\"search_term_string\"}}],\"inLanguage\":\"es\"},{\"@type\":\"Organization\",\"@id\":\"https:\\\/\\\/www.eldiario.net\\\/portal\\\/#organization\",\"name\":\"El Diario - Decano de la prensa nacional\",\"url\":\"https:\\\/\\\/www.eldiario.net\\\/portal\\\/\",\"logo\":{\"@type\":\"ImageObject\",\"inLanguage\":\"es\",\"@id\":\"https:\\\/\\\/www.eldiario.net\\\/portal\\\/#\\\/schema\\\/logo\\\/image\\\/\",\"url\":\"https:\\\/\\\/www.eldiario.net\\\/portal\\\/wp-content\\\/uploads\\\/2023\\\/07\\\/logo_ED.jpg\",\"contentUrl\":\"https:\\\/\\\/www.eldiario.net\\\/portal\\\/wp-content\\\/uploads\\\/2023\\\/07\\\/logo_ED.jpg\",\"width\":272,\"height\":52,\"caption\":\"El Diario - Decano de la prensa nacional\"},\"image\":{\"@id\":\"https:\\\/\\\/www.eldiario.net\\\/portal\\\/#\\\/schema\\\/logo\\\/image\\\/\"},\"sameAs\":[\"https:\\\/\\\/www.facebook.com\\\/eldiario.bolivia\\\/\",\"https:\\\/\\\/x.com\\\/eldiario_net\"]},{\"@type\":\"Person\",\"@id\":\"https:\\\/\\\/www.eldiario.net\\\/portal\\\/#\\\/schema\\\/person\\\/f46445640444750d7d753ccd04ae01b7\",\"name\":\"Jeanette\",\"image\":{\"@type\":\"ImageObject\",\"inLanguage\":\"es\",\"@id\":\"https:\\\/\\\/secure.gravatar.com\\\/avatar\\\/3ea2118a5f7dad2b7138b1187a6b7ee55f160b9968b66013c3a3ef39dd7e5798?s=96&d=mm&r=g\",\"url\":\"https:\\\/\\\/secure.gravatar.com\\\/avatar\\\/3ea2118a5f7dad2b7138b1187a6b7ee55f160b9968b66013c3a3ef39dd7e5798?s=96&d=mm&r=g\",\"contentUrl\":\"https:\\\/\\\/secure.gravatar.com\\\/avatar\\\/3ea2118a5f7dad2b7138b1187a6b7ee55f160b9968b66013c3a3ef39dd7e5798?s=96&d=mm&r=g\",\"caption\":\"Jeanette\"},\"sameAs\":[\"https:\\\/\\\/www.eldiario.net\\\/portal\"],\"url\":\"https:\\\/\\\/www.eldiario.net\\\/portal\\\/author\\\/jeanette\\\/\"}]}<\/script>\n<!-- \/ Yoast SEO plugin. -->","yoast_head_json":{"title":"Fiscal\u00eda inicia un nuevo proceso contra Murillo - El Diario - Bolivia","robots":{"index":"index","follow":"follow","max-snippet":"max-snippet:-1","max-image-preview":"max-image-preview:large","max-video-preview":"max-video-preview:-1"},"canonical":"https:\/\/www.eldiario.net\/portal\/2021\/05\/18\/fiscalia-inicia-un-nuevo-proceso-contra-murillo\/","og_locale":"es_ES","og_type":"article","og_title":"Fiscal\u00eda inicia un nuevo proceso contra Murillo - El Diario - Bolivia","og_description":"El director de la Fiscal\u00eda especializada en Delitos de Narcotr\u00e1fico, Mois\u00e9s Palma, inform\u00f3 este lunes que el Ministerio P\u00fablico inici\u00f3 de oficio una investigaci\u00f3n contra el exministro de Gobierno, Arturo Murillo, por la presunta desaparici\u00f3n de 400 kilos de coca\u00edna incautada en troncones, en 2020. \u201cSe trata de un cargamento de madera que sal\u00eda de [&hellip;]","og_url":"https:\/\/www.eldiario.net\/portal\/2021\/05\/18\/fiscalia-inicia-un-nuevo-proceso-contra-murillo\/","og_site_name":"El Diario - Bolivia","article_publisher":"https:\/\/www.facebook.com\/eldiario.bolivia\/","article_published_time":"2021-05-18T09:47:38+00:00","author":"Jeanette","twitter_card":"summary_large_image","twitter_creator":"@eldiario_net","twitter_site":"@eldiario_net","twitter_misc":{"Escrito por":"Jeanette","Tiempo de lectura":"2 minutos"},"schema":{"@context":"https:\/\/schema.org","@graph":[{"@type":"Article","@id":"https:\/\/www.eldiario.net\/portal\/2021\/05\/18\/fiscalia-inicia-un-nuevo-proceso-contra-murillo\/#article","isPartOf":{"@id":"https:\/\/www.eldiario.net\/portal\/2021\/05\/18\/fiscalia-inicia-un-nuevo-proceso-contra-murillo\/"},"author":{"name":"Jeanette","@id":"https:\/\/www.eldiario.net\/portal\/#\/schema\/person\/f46445640444750d7d753ccd04ae01b7"},"headline":"Fiscal\u00eda inicia un nuevo proceso contra Murillo","datePublished":"2021-05-18T09:47:38+00:00","mainEntityOfPage":{"@id":"https:\/\/www.eldiario.net\/portal\/2021\/05\/18\/fiscalia-inicia-un-nuevo-proceso-contra-murillo\/"},"wordCount":410,"publisher":{"@id":"https:\/\/www.eldiario.net\/portal\/#organization"},"image":{"@id":"https:\/\/www.eldiario.net\/portal\/2021\/05\/18\/fiscalia-inicia-un-nuevo-proceso-contra-murillo\/#primaryimage"},"thumbnailUrl":"","articleSection":["Sociedad - Seguridad"],"inLanguage":"es"},{"@type":"WebPage","@id":"https:\/\/www.eldiario.net\/portal\/2021\/05\/18\/fiscalia-inicia-un-nuevo-proceso-contra-murillo\/","url":"https:\/\/www.eldiario.net\/portal\/2021\/05\/18\/fiscalia-inicia-un-nuevo-proceso-contra-murillo\/","name":"Fiscal\u00eda inicia un nuevo proceso contra Murillo - El Diario - Bolivia","isPartOf":{"@id":"https:\/\/www.eldiario.net\/portal\/#website"},"primaryImageOfPage":{"@id":"https:\/\/www.eldiario.net\/portal\/2021\/05\/18\/fiscalia-inicia-un-nuevo-proceso-contra-murillo\/#primaryimage"},"image":{"@id":"https:\/\/www.eldiario.net\/portal\/2021\/05\/18\/fiscalia-inicia-un-nuevo-proceso-contra-murillo\/#primaryimage"},"thumbnailUrl":"","datePublished":"2021-05-18T09:47:38+00:00","breadcrumb":{"@id":"https:\/\/www.eldiario.net\/portal\/2021\/05\/18\/fiscalia-inicia-un-nuevo-proceso-contra-murillo\/#breadcrumb"},"inLanguage":"es","potentialAction":[{"@type":"ReadAction","target":["https:\/\/www.eldiario.net\/portal\/2021\/05\/18\/fiscalia-inicia-un-nuevo-proceso-contra-murillo\/"]}]},{"@type":"ImageObject","inLanguage":"es","@id":"https:\/\/www.eldiario.net\/portal\/2021\/05\/18\/fiscalia-inicia-un-nuevo-proceso-contra-murillo\/#primaryimage","url":"","contentUrl":""},{"@type":"BreadcrumbList","@id":"https:\/\/www.eldiario.net\/portal\/2021\/05\/18\/fiscalia-inicia-un-nuevo-proceso-contra-murillo\/#breadcrumb","itemListElement":[{"@type":"ListItem","position":1,"name":"Portada","item":"https:\/\/www.eldiario.net\/portal\/"},{"@type":"ListItem","position":2,"name":"Fiscal\u00eda inicia un nuevo proceso contra Murillo"}]},{"@type":"WebSite","@id":"https:\/\/www.eldiario.net\/portal\/#website","url":"https:\/\/www.eldiario.net\/portal\/","name":"El Diario - Decano de la prensa nacional","description":"El Diario - Decano de la prensa nacional","publisher":{"@id":"https:\/\/www.eldiario.net\/portal\/#organization"},"potentialAction":[{"@type":"SearchAction","target":{"@type":"EntryPoint","urlTemplate":"https:\/\/www.eldiario.net\/portal\/?s={search_term_string}"},"query-input":{"@type":"PropertyValueSpecification","valueRequired":true,"valueName":"search_term_string"}}],"inLanguage":"es"},{"@type":"Organization","@id":"https:\/\/www.eldiario.net\/portal\/#organization","name":"El Diario - Decano de la prensa nacional","url":"https:\/\/www.eldiario.net\/portal\/","logo":{"@type":"ImageObject","inLanguage":"es","@id":"https:\/\/www.eldiario.net\/portal\/#\/schema\/logo\/image\/","url":"https:\/\/www.eldiario.net\/portal\/wp-content\/uploads\/2023\/07\/logo_ED.jpg","contentUrl":"https:\/\/www.eldiario.net\/portal\/wp-content\/uploads\/2023\/07\/logo_ED.jpg","width":272,"height":52,"caption":"El Diario - Decano de la prensa nacional"},"image":{"@id":"https:\/\/www.eldiario.net\/portal\/#\/schema\/logo\/image\/"},"sameAs":["https:\/\/www.facebook.com\/eldiario.bolivia\/","https:\/\/x.com\/eldiario_net"]},{"@type":"Person","@id":"https:\/\/www.eldiario.net\/portal\/#\/schema\/person\/f46445640444750d7d753ccd04ae01b7","name":"Jeanette","image":{"@type":"ImageObject","inLanguage":"es","@id":"https:\/\/secure.gravatar.com\/avatar\/3ea2118a5f7dad2b7138b1187a6b7ee55f160b9968b66013c3a3ef39dd7e5798?s=96&d=mm&r=g","url":"https:\/\/secure.gravatar.com\/avatar\/3ea2118a5f7dad2b7138b1187a6b7ee55f160b9968b66013c3a3ef39dd7e5798?s=96&d=mm&r=g","contentUrl":"https:\/\/secure.gravatar.com\/avatar\/3ea2118a5f7dad2b7138b1187a6b7ee55f160b9968b66013c3a3ef39dd7e5798?s=96&d=mm&r=g","caption":"Jeanette"},"sameAs":["https:\/\/www.eldiario.net\/portal"],"url":"https:\/\/www.eldiario.net\/portal\/author\/jeanette\/"}]}},"_links":{"self":[{"href":"https:\/\/www.eldiario.net\/portal\/wp-json\/wp\/v2\/posts\/4651","targetHints":{"allow":["GET"]}}],"collection":[{"href":"https:\/\/www.eldiario.net\/portal\/wp-json\/wp\/v2\/posts"}],"about":[{"href":"https:\/\/www.eldiario.net\/portal\/wp-json\/wp\/v2\/types\/post"}],"author":[{"embeddable":true,"href":"https:\/\/www.eldiario.net\/portal\/wp-json\/wp\/v2\/users\/1"}],"replies":[{"embeddable":true,"href":"https:\/\/www.eldiario.net\/portal\/wp-json\/wp\/v2\/comments?post=4651"}],"version-history":[{"count":0,"href":"https:\/\/www.eldiario.net\/portal\/wp-json\/wp\/v2\/posts\/4651\/revisions"}],"wp:attachment":[{"href":"https:\/\/www.eldiario.net\/portal\/wp-json\/wp\/v2\/media?parent=4651"}],"wp:term":[{"taxonomy":"category","embeddable":true,"href":"https:\/\/www.eldiario.net\/portal\/wp-json\/wp\/v2\/categories?post=4651"},{"taxonomy":"post_tag","embeddable":true,"href":"https:\/\/www.eldiario.net\/portal\/wp-json\/wp\/v2\/tags?post=4651"}],"curies":[{"name":"wp","href":"https:\/\/api.w.org\/{rel}","templated":true}]}}