{"id":4648,"date":"2021-05-18T05:46:11","date_gmt":"2021-05-18T09:46:11","guid":{"rendered":"https:\/\/www.eldiario.net\/portal\/?p=4648"},"modified":"2021-05-18T05:46:11","modified_gmt":"2021-05-18T09:46:11","slug":"always-ready-cuenta-las-horas-para-su-duelo-ante-el-tachira","status":"publish","type":"post","link":"https:\/\/www.eldiario.net\/portal\/2021\/05\/18\/always-ready-cuenta-las-horas-para-su-duelo-ante-el-tachira\/","title":{"rendered":"Always Ready cuenta las horas para su duelo ante el T\u00e1chira"},"content":{"rendered":"<p>Con Juan Carlos Arce incluido, Always Ready ya se encuentra en Venezuela. El primer plantel, que emprendi\u00f3 viaje ayer, lleg\u00f3 a territorio venezolano donde ma\u00f1ana, a partir de las 22.00 HB, se medir\u00e1 ante el Deportivo T\u00e1chira, por el grupo B de la Copa Libertadores de Am\u00e9rica.<\/p>\n<p>El Millonario ya palpita su duelo copero donde tiene la obligaci\u00f3n de sumar si quiere tener aspiraciones de clasificar a octavos de final. El primer equipo ya se encuentra en tierras venezolanas con Arce incluido. El delantero no ten\u00eda su presencia asegurada debido a una lesi\u00f3n que sufri\u00f3 en el anterior choque ante Olimpia de Paraguay.<\/p>\n<p>Todo indica que el h\u00e1bil delantero super\u00f3 esta molestia (contractura en el aductor) y que ser\u00e1 parte del onceno titular. Asimismo, el director t\u00e9cnico Omar Asad ya podr\u00e1 contar con el defensor paname\u00f1o Harold Cummings, quien ya cumpli\u00f3 su partido de suspensi\u00f3n por acumulaci\u00f3n de tarjetas amarillas.<\/p>\n<p>\u201cT\u00e1chira es un rival que se hace duro en su casa y ocupa bien los espacios. Hay que estar atentos a eso. Nosotros apostaremos al juego que tenemos. Creo que en todos los partidos de Copa demostramos que jugamos bien al f\u00fatbol\u201d, mencion\u00f3 Asad.<\/p>\n<p>Internacional, de Brasil, Always Ready, Olimpia y T\u00e1chira tienen todos seis puntos en la llave B. Los Millonarios buscan repetir la haza\u00f1a de Blooming cuando un 21 de marzo de 1985 derrot\u00f3 como visitante a Deportivo T\u00e1chira (0-1). De no ser as\u00ed, deber\u00e1 al menos sumar un empate e imitar lo que realiz\u00f3 Oriente Petrolero el 17 de marzo de 1985, donde igual\u00f3 frente a este rival por 1-1.<\/p>\n<p>DATOS<\/p>\n<p>Hoy por la ma\u00f1ana el equipo de El Alto tendr\u00e1 un entrenamiento en ese pa\u00eds para despu\u00e9s en la noche hacer el reconocimiento del estadio Polideportivo de Pueblo Nuevo donde sostendr\u00e1 este choque.<\/p>\n","protected":false},"excerpt":{"rendered":"<p>Con Juan Carlos Arce incluido, Always Ready ya se encuentra en Venezuela. El primer plantel, que emprendi\u00f3 viaje ayer, lleg\u00f3 a territorio venezolano donde ma\u00f1ana, a partir de las 22.00 HB, se medir\u00e1 ante el Deportivo T\u00e1chira, por el grupo B de la Copa Libertadores de Am\u00e9rica. El Millonario ya palpita su duelo copero donde [&hellip;]<\/p>\n","protected":false},"author":1,"featured_media":4649,"comment_status":"closed","ping_status":"closed","sticky":false,"template":"","format":"standard","meta":{"_acf_changed":false,"footnotes":""},"categories":[6],"tags":[],"class_list":["post-4648","post","type-post","status-publish","format-standard","has-post-thumbnail","category-deportes"],"acf":{"antetitulo":""},"yoast_head":"<!-- This site is optimized with the Yoast SEO plugin v28.3 - https:\/\/yoast.com\/product\/yoast-seo-wordpress\/ -->\n<title>Always Ready cuenta las horas para su duelo ante el T\u00e1chira - El Diario - Bolivia<\/title>\n<meta name=\"robots\" content=\"index, follow, max-snippet:-1, max-image-preview:large, max-video-preview:-1\" \/>\n<link rel=\"canonical\" href=\"https:\/\/www.eldiario.net\/portal\/2021\/05\/18\/always-ready-cuenta-las-horas-para-su-duelo-ante-el-tachira\/\" \/>\n<meta property=\"og:locale\" content=\"es_ES\" \/>\n<meta property=\"og:type\" content=\"article\" \/>\n<meta property=\"og:title\" content=\"Always Ready cuenta las horas para su duelo ante el T\u00e1chira - El Diario - Bolivia\" \/>\n<meta property=\"og:description\" content=\"Con Juan Carlos Arce incluido, Always Ready ya se encuentra en Venezuela. El primer plantel, que emprendi\u00f3 viaje ayer, lleg\u00f3 a territorio venezolano donde ma\u00f1ana, a partir de las 22.00 HB, se medir\u00e1 ante el Deportivo T\u00e1chira, por el grupo B de la Copa Libertadores de Am\u00e9rica. El Millonario ya palpita su duelo copero donde [&hellip;]\" \/>\n<meta property=\"og:url\" content=\"https:\/\/www.eldiario.net\/portal\/2021\/05\/18\/always-ready-cuenta-las-horas-para-su-duelo-ante-el-tachira\/\" \/>\n<meta property=\"og:site_name\" content=\"El Diario - Bolivia\" \/>\n<meta property=\"article:publisher\" content=\"https:\/\/www.facebook.com\/eldiario.bolivia\/\" \/>\n<meta property=\"article:published_time\" content=\"2021-05-18T09:46:11+00:00\" \/>\n<meta name=\"author\" content=\"Jeanette\" \/>\n<meta name=\"twitter:card\" content=\"summary_large_image\" \/>\n<meta name=\"twitter:creator\" content=\"@eldiario_net\" \/>\n<meta name=\"twitter:site\" content=\"@eldiario_net\" \/>\n<meta name=\"twitter:label1\" content=\"Escrito por\" \/>\n\t<meta name=\"twitter:data1\" content=\"Jeanette\" \/>\n\t<meta name=\"twitter:label2\" content=\"Tiempo de lectura\" \/>\n\t<meta name=\"twitter:data2\" content=\"2 minutos\" \/>\n<script type=\"application\/ld+json\" class=\"yoast-schema-graph\">{\"@context\":\"https:\\\/\\\/schema.org\",\"@graph\":[{\"@type\":\"Article\",\"@id\":\"https:\\\/\\\/www.eldiario.net\\\/portal\\\/2021\\\/05\\\/18\\\/always-ready-cuenta-las-horas-para-su-duelo-ante-el-tachira\\\/#article\",\"isPartOf\":{\"@id\":\"https:\\\/\\\/www.eldiario.net\\\/portal\\\/2021\\\/05\\\/18\\\/always-ready-cuenta-las-horas-para-su-duelo-ante-el-tachira\\\/\"},\"author\":{\"name\":\"Jeanette\",\"@id\":\"https:\\\/\\\/www.eldiario.net\\\/portal\\\/#\\\/schema\\\/person\\\/f46445640444750d7d753ccd04ae01b7\"},\"headline\":\"Always Ready cuenta las horas para su duelo ante el T\u00e1chira\",\"datePublished\":\"2021-05-18T09:46:11+00:00\",\"mainEntityOfPage\":{\"@id\":\"https:\\\/\\\/www.eldiario.net\\\/portal\\\/2021\\\/05\\\/18\\\/always-ready-cuenta-las-horas-para-su-duelo-ante-el-tachira\\\/\"},\"wordCount\":323,\"publisher\":{\"@id\":\"https:\\\/\\\/www.eldiario.net\\\/portal\\\/#organization\"},\"image\":{\"@id\":\"https:\\\/\\\/www.eldiario.net\\\/portal\\\/2021\\\/05\\\/18\\\/always-ready-cuenta-las-horas-para-su-duelo-ante-el-tachira\\\/#primaryimage\"},\"thumbnailUrl\":\"\",\"articleSection\":[\"Deportes\"],\"inLanguage\":\"es\"},{\"@type\":\"WebPage\",\"@id\":\"https:\\\/\\\/www.eldiario.net\\\/portal\\\/2021\\\/05\\\/18\\\/always-ready-cuenta-las-horas-para-su-duelo-ante-el-tachira\\\/\",\"url\":\"https:\\\/\\\/www.eldiario.net\\\/portal\\\/2021\\\/05\\\/18\\\/always-ready-cuenta-las-horas-para-su-duelo-ante-el-tachira\\\/\",\"name\":\"Always Ready cuenta las horas para su duelo ante el T\u00e1chira - El Diario - Bolivia\",\"isPartOf\":{\"@id\":\"https:\\\/\\\/www.eldiario.net\\\/portal\\\/#website\"},\"primaryImageOfPage\":{\"@id\":\"https:\\\/\\\/www.eldiario.net\\\/portal\\\/2021\\\/05\\\/18\\\/always-ready-cuenta-las-horas-para-su-duelo-ante-el-tachira\\\/#primaryimage\"},\"image\":{\"@id\":\"https:\\\/\\\/www.eldiario.net\\\/portal\\\/2021\\\/05\\\/18\\\/always-ready-cuenta-las-horas-para-su-duelo-ante-el-tachira\\\/#primaryimage\"},\"thumbnailUrl\":\"\",\"datePublished\":\"2021-05-18T09:46:11+00:00\",\"breadcrumb\":{\"@id\":\"https:\\\/\\\/www.eldiario.net\\\/portal\\\/2021\\\/05\\\/18\\\/always-ready-cuenta-las-horas-para-su-duelo-ante-el-tachira\\\/#breadcrumb\"},\"inLanguage\":\"es\",\"potentialAction\":[{\"@type\":\"ReadAction\",\"target\":[\"https:\\\/\\\/www.eldiario.net\\\/portal\\\/2021\\\/05\\\/18\\\/always-ready-cuenta-las-horas-para-su-duelo-ante-el-tachira\\\/\"]}]},{\"@type\":\"ImageObject\",\"inLanguage\":\"es\",\"@id\":\"https:\\\/\\\/www.eldiario.net\\\/portal\\\/2021\\\/05\\\/18\\\/always-ready-cuenta-las-horas-para-su-duelo-ante-el-tachira\\\/#primaryimage\",\"url\":\"\",\"contentUrl\":\"\"},{\"@type\":\"BreadcrumbList\",\"@id\":\"https:\\\/\\\/www.eldiario.net\\\/portal\\\/2021\\\/05\\\/18\\\/always-ready-cuenta-las-horas-para-su-duelo-ante-el-tachira\\\/#breadcrumb\",\"itemListElement\":[{\"@type\":\"ListItem\",\"position\":1,\"name\":\"Portada\",\"item\":\"https:\\\/\\\/www.eldiario.net\\\/portal\\\/\"},{\"@type\":\"ListItem\",\"position\":2,\"name\":\"Always Ready cuenta las horas para su duelo ante el T\u00e1chira\"}]},{\"@type\":\"WebSite\",\"@id\":\"https:\\\/\\\/www.eldiario.net\\\/portal\\\/#website\",\"url\":\"https:\\\/\\\/www.eldiario.net\\\/portal\\\/\",\"name\":\"El Diario - Decano de la prensa nacional\",\"description\":\"El Diario - Decano de la prensa nacional\",\"publisher\":{\"@id\":\"https:\\\/\\\/www.eldiario.net\\\/portal\\\/#organization\"},\"potentialAction\":[{\"@type\":\"SearchAction\",\"target\":{\"@type\":\"EntryPoint\",\"urlTemplate\":\"https:\\\/\\\/www.eldiario.net\\\/portal\\\/?s={search_term_string}\"},\"query-input\":{\"@type\":\"PropertyValueSpecification\",\"valueRequired\":true,\"valueName\":\"search_term_string\"}}],\"inLanguage\":\"es\"},{\"@type\":\"Organization\",\"@id\":\"https:\\\/\\\/www.eldiario.net\\\/portal\\\/#organization\",\"name\":\"El Diario - Decano de la prensa nacional\",\"url\":\"https:\\\/\\\/www.eldiario.net\\\/portal\\\/\",\"logo\":{\"@type\":\"ImageObject\",\"inLanguage\":\"es\",\"@id\":\"https:\\\/\\\/www.eldiario.net\\\/portal\\\/#\\\/schema\\\/logo\\\/image\\\/\",\"url\":\"https:\\\/\\\/www.eldiario.net\\\/portal\\\/wp-content\\\/uploads\\\/2023\\\/07\\\/logo_ED.jpg\",\"contentUrl\":\"https:\\\/\\\/www.eldiario.net\\\/portal\\\/wp-content\\\/uploads\\\/2023\\\/07\\\/logo_ED.jpg\",\"width\":272,\"height\":52,\"caption\":\"El Diario - Decano de la prensa nacional\"},\"image\":{\"@id\":\"https:\\\/\\\/www.eldiario.net\\\/portal\\\/#\\\/schema\\\/logo\\\/image\\\/\"},\"sameAs\":[\"https:\\\/\\\/www.facebook.com\\\/eldiario.bolivia\\\/\",\"https:\\\/\\\/x.com\\\/eldiario_net\"]},{\"@type\":\"Person\",\"@id\":\"https:\\\/\\\/www.eldiario.net\\\/portal\\\/#\\\/schema\\\/person\\\/f46445640444750d7d753ccd04ae01b7\",\"name\":\"Jeanette\",\"image\":{\"@type\":\"ImageObject\",\"inLanguage\":\"es\",\"@id\":\"https:\\\/\\\/secure.gravatar.com\\\/avatar\\\/3ea2118a5f7dad2b7138b1187a6b7ee55f160b9968b66013c3a3ef39dd7e5798?s=96&d=mm&r=g\",\"url\":\"https:\\\/\\\/secure.gravatar.com\\\/avatar\\\/3ea2118a5f7dad2b7138b1187a6b7ee55f160b9968b66013c3a3ef39dd7e5798?s=96&d=mm&r=g\",\"contentUrl\":\"https:\\\/\\\/secure.gravatar.com\\\/avatar\\\/3ea2118a5f7dad2b7138b1187a6b7ee55f160b9968b66013c3a3ef39dd7e5798?s=96&d=mm&r=g\",\"caption\":\"Jeanette\"},\"sameAs\":[\"https:\\\/\\\/www.eldiario.net\\\/portal\"],\"url\":\"https:\\\/\\\/www.eldiario.net\\\/portal\\\/author\\\/jeanette\\\/\"}]}<\/script>\n<!-- \/ Yoast SEO plugin. -->","yoast_head_json":{"title":"Always Ready cuenta las horas para su duelo ante el T\u00e1chira - El Diario - Bolivia","robots":{"index":"index","follow":"follow","max-snippet":"max-snippet:-1","max-image-preview":"max-image-preview:large","max-video-preview":"max-video-preview:-1"},"canonical":"https:\/\/www.eldiario.net\/portal\/2021\/05\/18\/always-ready-cuenta-las-horas-para-su-duelo-ante-el-tachira\/","og_locale":"es_ES","og_type":"article","og_title":"Always Ready cuenta las horas para su duelo ante el T\u00e1chira - El Diario - Bolivia","og_description":"Con Juan Carlos Arce incluido, Always Ready ya se encuentra en Venezuela. El primer plantel, que emprendi\u00f3 viaje ayer, lleg\u00f3 a territorio venezolano donde ma\u00f1ana, a partir de las 22.00 HB, se medir\u00e1 ante el Deportivo T\u00e1chira, por el grupo B de la Copa Libertadores de Am\u00e9rica. El Millonario ya palpita su duelo copero donde [&hellip;]","og_url":"https:\/\/www.eldiario.net\/portal\/2021\/05\/18\/always-ready-cuenta-las-horas-para-su-duelo-ante-el-tachira\/","og_site_name":"El Diario - Bolivia","article_publisher":"https:\/\/www.facebook.com\/eldiario.bolivia\/","article_published_time":"2021-05-18T09:46:11+00:00","author":"Jeanette","twitter_card":"summary_large_image","twitter_creator":"@eldiario_net","twitter_site":"@eldiario_net","twitter_misc":{"Escrito por":"Jeanette","Tiempo de lectura":"2 minutos"},"schema":{"@context":"https:\/\/schema.org","@graph":[{"@type":"Article","@id":"https:\/\/www.eldiario.net\/portal\/2021\/05\/18\/always-ready-cuenta-las-horas-para-su-duelo-ante-el-tachira\/#article","isPartOf":{"@id":"https:\/\/www.eldiario.net\/portal\/2021\/05\/18\/always-ready-cuenta-las-horas-para-su-duelo-ante-el-tachira\/"},"author":{"name":"Jeanette","@id":"https:\/\/www.eldiario.net\/portal\/#\/schema\/person\/f46445640444750d7d753ccd04ae01b7"},"headline":"Always Ready cuenta las horas para su duelo ante el T\u00e1chira","datePublished":"2021-05-18T09:46:11+00:00","mainEntityOfPage":{"@id":"https:\/\/www.eldiario.net\/portal\/2021\/05\/18\/always-ready-cuenta-las-horas-para-su-duelo-ante-el-tachira\/"},"wordCount":323,"publisher":{"@id":"https:\/\/www.eldiario.net\/portal\/#organization"},"image":{"@id":"https:\/\/www.eldiario.net\/portal\/2021\/05\/18\/always-ready-cuenta-las-horas-para-su-duelo-ante-el-tachira\/#primaryimage"},"thumbnailUrl":"","articleSection":["Deportes"],"inLanguage":"es"},{"@type":"WebPage","@id":"https:\/\/www.eldiario.net\/portal\/2021\/05\/18\/always-ready-cuenta-las-horas-para-su-duelo-ante-el-tachira\/","url":"https:\/\/www.eldiario.net\/portal\/2021\/05\/18\/always-ready-cuenta-las-horas-para-su-duelo-ante-el-tachira\/","name":"Always Ready cuenta las horas para su duelo ante el T\u00e1chira - El Diario - Bolivia","isPartOf":{"@id":"https:\/\/www.eldiario.net\/portal\/#website"},"primaryImageOfPage":{"@id":"https:\/\/www.eldiario.net\/portal\/2021\/05\/18\/always-ready-cuenta-las-horas-para-su-duelo-ante-el-tachira\/#primaryimage"},"image":{"@id":"https:\/\/www.eldiario.net\/portal\/2021\/05\/18\/always-ready-cuenta-las-horas-para-su-duelo-ante-el-tachira\/#primaryimage"},"thumbnailUrl":"","datePublished":"2021-05-18T09:46:11+00:00","breadcrumb":{"@id":"https:\/\/www.eldiario.net\/portal\/2021\/05\/18\/always-ready-cuenta-las-horas-para-su-duelo-ante-el-tachira\/#breadcrumb"},"inLanguage":"es","potentialAction":[{"@type":"ReadAction","target":["https:\/\/www.eldiario.net\/portal\/2021\/05\/18\/always-ready-cuenta-las-horas-para-su-duelo-ante-el-tachira\/"]}]},{"@type":"ImageObject","inLanguage":"es","@id":"https:\/\/www.eldiario.net\/portal\/2021\/05\/18\/always-ready-cuenta-las-horas-para-su-duelo-ante-el-tachira\/#primaryimage","url":"","contentUrl":""},{"@type":"BreadcrumbList","@id":"https:\/\/www.eldiario.net\/portal\/2021\/05\/18\/always-ready-cuenta-las-horas-para-su-duelo-ante-el-tachira\/#breadcrumb","itemListElement":[{"@type":"ListItem","position":1,"name":"Portada","item":"https:\/\/www.eldiario.net\/portal\/"},{"@type":"ListItem","position":2,"name":"Always Ready cuenta las horas para su duelo ante el T\u00e1chira"}]},{"@type":"WebSite","@id":"https:\/\/www.eldiario.net\/portal\/#website","url":"https:\/\/www.eldiario.net\/portal\/","name":"El Diario - Decano de la prensa nacional","description":"El Diario - Decano de la prensa nacional","publisher":{"@id":"https:\/\/www.eldiario.net\/portal\/#organization"},"potentialAction":[{"@type":"SearchAction","target":{"@type":"EntryPoint","urlTemplate":"https:\/\/www.eldiario.net\/portal\/?s={search_term_string}"},"query-input":{"@type":"PropertyValueSpecification","valueRequired":true,"valueName":"search_term_string"}}],"inLanguage":"es"},{"@type":"Organization","@id":"https:\/\/www.eldiario.net\/portal\/#organization","name":"El Diario - Decano de la prensa nacional","url":"https:\/\/www.eldiario.net\/portal\/","logo":{"@type":"ImageObject","inLanguage":"es","@id":"https:\/\/www.eldiario.net\/portal\/#\/schema\/logo\/image\/","url":"https:\/\/www.eldiario.net\/portal\/wp-content\/uploads\/2023\/07\/logo_ED.jpg","contentUrl":"https:\/\/www.eldiario.net\/portal\/wp-content\/uploads\/2023\/07\/logo_ED.jpg","width":272,"height":52,"caption":"El Diario - Decano de la prensa nacional"},"image":{"@id":"https:\/\/www.eldiario.net\/portal\/#\/schema\/logo\/image\/"},"sameAs":["https:\/\/www.facebook.com\/eldiario.bolivia\/","https:\/\/x.com\/eldiario_net"]},{"@type":"Person","@id":"https:\/\/www.eldiario.net\/portal\/#\/schema\/person\/f46445640444750d7d753ccd04ae01b7","name":"Jeanette","image":{"@type":"ImageObject","inLanguage":"es","@id":"https:\/\/secure.gravatar.com\/avatar\/3ea2118a5f7dad2b7138b1187a6b7ee55f160b9968b66013c3a3ef39dd7e5798?s=96&d=mm&r=g","url":"https:\/\/secure.gravatar.com\/avatar\/3ea2118a5f7dad2b7138b1187a6b7ee55f160b9968b66013c3a3ef39dd7e5798?s=96&d=mm&r=g","contentUrl":"https:\/\/secure.gravatar.com\/avatar\/3ea2118a5f7dad2b7138b1187a6b7ee55f160b9968b66013c3a3ef39dd7e5798?s=96&d=mm&r=g","caption":"Jeanette"},"sameAs":["https:\/\/www.eldiario.net\/portal"],"url":"https:\/\/www.eldiario.net\/portal\/author\/jeanette\/"}]}},"_links":{"self":[{"href":"https:\/\/www.eldiario.net\/portal\/wp-json\/wp\/v2\/posts\/4648","targetHints":{"allow":["GET"]}}],"collection":[{"href":"https:\/\/www.eldiario.net\/portal\/wp-json\/wp\/v2\/posts"}],"about":[{"href":"https:\/\/www.eldiario.net\/portal\/wp-json\/wp\/v2\/types\/post"}],"author":[{"embeddable":true,"href":"https:\/\/www.eldiario.net\/portal\/wp-json\/wp\/v2\/users\/1"}],"replies":[{"embeddable":true,"href":"https:\/\/www.eldiario.net\/portal\/wp-json\/wp\/v2\/comments?post=4648"}],"version-history":[{"count":0,"href":"https:\/\/www.eldiario.net\/portal\/wp-json\/wp\/v2\/posts\/4648\/revisions"}],"wp:attachment":[{"href":"https:\/\/www.eldiario.net\/portal\/wp-json\/wp\/v2\/media?parent=4648"}],"wp:term":[{"taxonomy":"category","embeddable":true,"href":"https:\/\/www.eldiario.net\/portal\/wp-json\/wp\/v2\/categories?post=4648"},{"taxonomy":"post_tag","embeddable":true,"href":"https:\/\/www.eldiario.net\/portal\/wp-json\/wp\/v2\/tags?post=4648"}],"curies":[{"name":"wp","href":"https:\/\/api.w.org\/{rel}","templated":true}]}}