{"id":4645,"date":"2021-05-18T05:42:30","date_gmt":"2021-05-18T09:42:30","guid":{"rendered":"https:\/\/www.eldiario.net\/portal\/?p=4645"},"modified":"2021-05-18T05:42:30","modified_gmt":"2021-05-18T09:42:30","slug":"america-de-cali-llega-a-santa-cruz-para-el-atipico-duelo-de-libertadores","status":"publish","type":"post","link":"https:\/\/www.eldiario.net\/portal\/2021\/05\/18\/america-de-cali-llega-a-santa-cruz-para-el-atipico-duelo-de-libertadores\/","title":{"rendered":"Am\u00e9rica de Cali llega a Santa Cruz para el at\u00edpico duelo de Libertadores"},"content":{"rendered":"<p>En un escenario ajeno, el plantel colombiano de Am\u00e9rica de Cali ser\u00e1 local contra Deportivo La Guaira (Venezuela) este mi\u00e9rcoles, a partir de las 22:00, en el estadio Ram\u00f3n Aguilera Costas, buscando su primer triunfo en el grupo \u00abH\u00bb de la Copa Libertadores de Am\u00e9rica.<\/p>\n<p>Debido a los conflictos sociales y pol\u00edticos que atraviesa Colombia, la Conmebol cambi\u00f3 la sede de Am\u00e9rica de Cali a la ciudad de Santa Cruz, donde oficiar\u00e1 de anfitri\u00f3n en el compromiso de la pen\u00faltima jornada.<\/p>\n<p>Sin chances para pelear por uno de los cupos a los octavos de final de la Libertadores, al cuadro colombiano le queda como consuelo los octavos de la Sudamericana como tercero de su grupo, pero antes de pensar en ese premio necesita ganar este mi\u00e9rcoles.<\/p>\n<p>Am\u00e9rica de Cali llegar\u00e1 este martes a Santa Cruz con un punto acumulado frente a los tres que tiene La Guaira, con dos fechas por jugarse, la lucha por el tercer sitio tiene involucrado a estos dos elencos. Con esa urgencia de sumar, el plantel colombiano cumpli\u00f3 los entrenamientos este lunes.<\/p>\n<p>Los resultados de las 48 pruebas PCR dieron negativo en los jugadores del club cale\u00f1o e integrantes del cuerpo t\u00e9cnico que llegar\u00e1 a la capital oriental. Los resultados se dieron a conocer ayer por la tarde.<\/p>\n<p>El entrenador Jersson Gonz\u00e1lez tendr\u00e1 las ausencias de Marlon Torres por lesi\u00f3n y Cristian Arrieta y Kevin Andrade por acumulaci\u00f3n de amonestaciones, luego del cotejo ante el brasile\u00f1o Atl\u00e9tico Mineiro (1-3).<\/p>\n<p>Esta es la n\u00f3mina de Am\u00e9rica de Cali que llegar\u00e1 a Santa Cruz: Joel Graterol, Diego Novoa, Joao Rodr\u00edguez, Jerson Malag\u00f3n, Pablo Ortiz, Guillermo Murillo, Luis Alejandro Paz, Diber Cambindo, Santiago Moreno, Duv\u00e1n Vergara, Daniel Qui\u00f1ones, Yes\u00fas Cabrera, Marlon Torres, Luis S\u00e1nchez, Jeison Lucum\u00ed, H\u00e9ctor Qui\u00f1ones, Rafael Carrascal, Rodrigo Ure\u00f1a y Adri\u00e1n Ramos.<\/p>\n<p>&nbsp;<\/p>\n","protected":false},"excerpt":{"rendered":"<p>En un escenario ajeno, el plantel colombiano de Am\u00e9rica de Cali ser\u00e1 local contra Deportivo La Guaira (Venezuela) este mi\u00e9rcoles, a partir de las 22:00, en el estadio Ram\u00f3n Aguilera Costas, buscando su primer triunfo en el grupo \u00abH\u00bb de la Copa Libertadores de Am\u00e9rica. Debido a los conflictos sociales y pol\u00edticos que atraviesa Colombia, [&hellip;]<\/p>\n","protected":false},"author":1,"featured_media":4646,"comment_status":"closed","ping_status":"closed","sticky":false,"template":"","format":"standard","meta":{"_acf_changed":false,"footnotes":""},"categories":[6],"tags":[],"class_list":["post-4645","post","type-post","status-publish","format-standard","has-post-thumbnail","category-deportes"],"acf":{"antetitulo":""},"yoast_head":"<!-- This site is optimized with the Yoast SEO plugin v28.3 - https:\/\/yoast.com\/product\/yoast-seo-wordpress\/ -->\n<title>Am\u00e9rica de Cali llega a Santa Cruz para el at\u00edpico duelo de Libertadores - El Diario - Bolivia<\/title>\n<meta name=\"robots\" content=\"index, follow, max-snippet:-1, max-image-preview:large, max-video-preview:-1\" \/>\n<link rel=\"canonical\" href=\"https:\/\/www.eldiario.net\/portal\/2021\/05\/18\/america-de-cali-llega-a-santa-cruz-para-el-atipico-duelo-de-libertadores\/\" \/>\n<meta property=\"og:locale\" content=\"es_ES\" \/>\n<meta property=\"og:type\" content=\"article\" \/>\n<meta property=\"og:title\" content=\"Am\u00e9rica de Cali llega a Santa Cruz para el at\u00edpico duelo de Libertadores - El Diario - Bolivia\" \/>\n<meta property=\"og:description\" content=\"En un escenario ajeno, el plantel colombiano de Am\u00e9rica de Cali ser\u00e1 local contra Deportivo La Guaira (Venezuela) este mi\u00e9rcoles, a partir de las 22:00, en el estadio Ram\u00f3n Aguilera Costas, buscando su primer triunfo en el grupo \u00abH\u00bb de la Copa Libertadores de Am\u00e9rica. Debido a los conflictos sociales y pol\u00edticos que atraviesa Colombia, [&hellip;]\" \/>\n<meta property=\"og:url\" content=\"https:\/\/www.eldiario.net\/portal\/2021\/05\/18\/america-de-cali-llega-a-santa-cruz-para-el-atipico-duelo-de-libertadores\/\" \/>\n<meta property=\"og:site_name\" content=\"El Diario - Bolivia\" \/>\n<meta property=\"article:publisher\" content=\"https:\/\/www.facebook.com\/eldiario.bolivia\/\" \/>\n<meta property=\"article:published_time\" content=\"2021-05-18T09:42:30+00:00\" \/>\n<meta property=\"og:image\" content=\"https:\/\/www.eldiario.net\/portal\/wp-content\/uploads\/2021\/05\/DEPO-America-de-Cali-llega-a-Santa-Cruz.jpg\" \/>\n\t<meta property=\"og:image:width\" content=\"2048\" \/>\n\t<meta property=\"og:image:height\" content=\"1024\" \/>\n\t<meta property=\"og:image:type\" content=\"image\/jpeg\" \/>\n<meta name=\"author\" content=\"Jeanette\" \/>\n<meta name=\"twitter:card\" content=\"summary_large_image\" \/>\n<meta name=\"twitter:creator\" content=\"@eldiario_net\" \/>\n<meta name=\"twitter:site\" content=\"@eldiario_net\" \/>\n<meta name=\"twitter:label1\" content=\"Escrito por\" \/>\n\t<meta name=\"twitter:data1\" content=\"Jeanette\" \/>\n\t<meta name=\"twitter:label2\" content=\"Tiempo de lectura\" \/>\n\t<meta name=\"twitter:data2\" content=\"2 minutos\" \/>\n<script type=\"application\/ld+json\" class=\"yoast-schema-graph\">{\"@context\":\"https:\\\/\\\/schema.org\",\"@graph\":[{\"@type\":\"Article\",\"@id\":\"https:\\\/\\\/www.eldiario.net\\\/portal\\\/2021\\\/05\\\/18\\\/america-de-cali-llega-a-santa-cruz-para-el-atipico-duelo-de-libertadores\\\/#article\",\"isPartOf\":{\"@id\":\"https:\\\/\\\/www.eldiario.net\\\/portal\\\/2021\\\/05\\\/18\\\/america-de-cali-llega-a-santa-cruz-para-el-atipico-duelo-de-libertadores\\\/\"},\"author\":{\"name\":\"Jeanette\",\"@id\":\"https:\\\/\\\/www.eldiario.net\\\/portal\\\/#\\\/schema\\\/person\\\/f46445640444750d7d753ccd04ae01b7\"},\"headline\":\"Am\u00e9rica de Cali llega a Santa Cruz para el at\u00edpico duelo de Libertadores\",\"datePublished\":\"2021-05-18T09:42:30+00:00\",\"mainEntityOfPage\":{\"@id\":\"https:\\\/\\\/www.eldiario.net\\\/portal\\\/2021\\\/05\\\/18\\\/america-de-cali-llega-a-santa-cruz-para-el-atipico-duelo-de-libertadores\\\/\"},\"wordCount\":340,\"publisher\":{\"@id\":\"https:\\\/\\\/www.eldiario.net\\\/portal\\\/#organization\"},\"image\":{\"@id\":\"https:\\\/\\\/www.eldiario.net\\\/portal\\\/2021\\\/05\\\/18\\\/america-de-cali-llega-a-santa-cruz-para-el-atipico-duelo-de-libertadores\\\/#primaryimage\"},\"thumbnailUrl\":\"https:\\\/\\\/www.eldiario.net\\\/portal\\\/wp-content\\\/uploads\\\/2021\\\/05\\\/DEPO-America-de-Cali-llega-a-Santa-Cruz.jpg\",\"articleSection\":[\"Deportes\"],\"inLanguage\":\"es\"},{\"@type\":\"WebPage\",\"@id\":\"https:\\\/\\\/www.eldiario.net\\\/portal\\\/2021\\\/05\\\/18\\\/america-de-cali-llega-a-santa-cruz-para-el-atipico-duelo-de-libertadores\\\/\",\"url\":\"https:\\\/\\\/www.eldiario.net\\\/portal\\\/2021\\\/05\\\/18\\\/america-de-cali-llega-a-santa-cruz-para-el-atipico-duelo-de-libertadores\\\/\",\"name\":\"Am\u00e9rica de Cali llega a Santa Cruz para el at\u00edpico duelo de Libertadores - El Diario - Bolivia\",\"isPartOf\":{\"@id\":\"https:\\\/\\\/www.eldiario.net\\\/portal\\\/#website\"},\"primaryImageOfPage\":{\"@id\":\"https:\\\/\\\/www.eldiario.net\\\/portal\\\/2021\\\/05\\\/18\\\/america-de-cali-llega-a-santa-cruz-para-el-atipico-duelo-de-libertadores\\\/#primaryimage\"},\"image\":{\"@id\":\"https:\\\/\\\/www.eldiario.net\\\/portal\\\/2021\\\/05\\\/18\\\/america-de-cali-llega-a-santa-cruz-para-el-atipico-duelo-de-libertadores\\\/#primaryimage\"},\"thumbnailUrl\":\"https:\\\/\\\/www.eldiario.net\\\/portal\\\/wp-content\\\/uploads\\\/2021\\\/05\\\/DEPO-America-de-Cali-llega-a-Santa-Cruz.jpg\",\"datePublished\":\"2021-05-18T09:42:30+00:00\",\"breadcrumb\":{\"@id\":\"https:\\\/\\\/www.eldiario.net\\\/portal\\\/2021\\\/05\\\/18\\\/america-de-cali-llega-a-santa-cruz-para-el-atipico-duelo-de-libertadores\\\/#breadcrumb\"},\"inLanguage\":\"es\",\"potentialAction\":[{\"@type\":\"ReadAction\",\"target\":[\"https:\\\/\\\/www.eldiario.net\\\/portal\\\/2021\\\/05\\\/18\\\/america-de-cali-llega-a-santa-cruz-para-el-atipico-duelo-de-libertadores\\\/\"]}]},{\"@type\":\"ImageObject\",\"inLanguage\":\"es\",\"@id\":\"https:\\\/\\\/www.eldiario.net\\\/portal\\\/2021\\\/05\\\/18\\\/america-de-cali-llega-a-santa-cruz-para-el-atipico-duelo-de-libertadores\\\/#primaryimage\",\"url\":\"https:\\\/\\\/www.eldiario.net\\\/portal\\\/wp-content\\\/uploads\\\/2021\\\/05\\\/DEPO-America-de-Cali-llega-a-Santa-Cruz.jpg\",\"contentUrl\":\"https:\\\/\\\/www.eldiario.net\\\/portal\\\/wp-content\\\/uploads\\\/2021\\\/05\\\/DEPO-America-de-Cali-llega-a-Santa-Cruz.jpg\",\"width\":2048,\"height\":1024},{\"@type\":\"BreadcrumbList\",\"@id\":\"https:\\\/\\\/www.eldiario.net\\\/portal\\\/2021\\\/05\\\/18\\\/america-de-cali-llega-a-santa-cruz-para-el-atipico-duelo-de-libertadores\\\/#breadcrumb\",\"itemListElement\":[{\"@type\":\"ListItem\",\"position\":1,\"name\":\"Portada\",\"item\":\"https:\\\/\\\/www.eldiario.net\\\/portal\\\/\"},{\"@type\":\"ListItem\",\"position\":2,\"name\":\"Am\u00e9rica de Cali llega a Santa Cruz para el at\u00edpico duelo de Libertadores\"}]},{\"@type\":\"WebSite\",\"@id\":\"https:\\\/\\\/www.eldiario.net\\\/portal\\\/#website\",\"url\":\"https:\\\/\\\/www.eldiario.net\\\/portal\\\/\",\"name\":\"El Diario - Decano de la prensa nacional\",\"description\":\"El Diario - Decano de la prensa nacional\",\"publisher\":{\"@id\":\"https:\\\/\\\/www.eldiario.net\\\/portal\\\/#organization\"},\"potentialAction\":[{\"@type\":\"SearchAction\",\"target\":{\"@type\":\"EntryPoint\",\"urlTemplate\":\"https:\\\/\\\/www.eldiario.net\\\/portal\\\/?s={search_term_string}\"},\"query-input\":{\"@type\":\"PropertyValueSpecification\",\"valueRequired\":true,\"valueName\":\"search_term_string\"}}],\"inLanguage\":\"es\"},{\"@type\":\"Organization\",\"@id\":\"https:\\\/\\\/www.eldiario.net\\\/portal\\\/#organization\",\"name\":\"El Diario - Decano de la prensa nacional\",\"url\":\"https:\\\/\\\/www.eldiario.net\\\/portal\\\/\",\"logo\":{\"@type\":\"ImageObject\",\"inLanguage\":\"es\",\"@id\":\"https:\\\/\\\/www.eldiario.net\\\/portal\\\/#\\\/schema\\\/logo\\\/image\\\/\",\"url\":\"https:\\\/\\\/www.eldiario.net\\\/portal\\\/wp-content\\\/uploads\\\/2023\\\/07\\\/logo_ED.jpg\",\"contentUrl\":\"https:\\\/\\\/www.eldiario.net\\\/portal\\\/wp-content\\\/uploads\\\/2023\\\/07\\\/logo_ED.jpg\",\"width\":272,\"height\":52,\"caption\":\"El Diario - Decano de la prensa nacional\"},\"image\":{\"@id\":\"https:\\\/\\\/www.eldiario.net\\\/portal\\\/#\\\/schema\\\/logo\\\/image\\\/\"},\"sameAs\":[\"https:\\\/\\\/www.facebook.com\\\/eldiario.bolivia\\\/\",\"https:\\\/\\\/x.com\\\/eldiario_net\"]},{\"@type\":\"Person\",\"@id\":\"https:\\\/\\\/www.eldiario.net\\\/portal\\\/#\\\/schema\\\/person\\\/f46445640444750d7d753ccd04ae01b7\",\"name\":\"Jeanette\",\"image\":{\"@type\":\"ImageObject\",\"inLanguage\":\"es\",\"@id\":\"https:\\\/\\\/secure.gravatar.com\\\/avatar\\\/3ea2118a5f7dad2b7138b1187a6b7ee55f160b9968b66013c3a3ef39dd7e5798?s=96&d=mm&r=g\",\"url\":\"https:\\\/\\\/secure.gravatar.com\\\/avatar\\\/3ea2118a5f7dad2b7138b1187a6b7ee55f160b9968b66013c3a3ef39dd7e5798?s=96&d=mm&r=g\",\"contentUrl\":\"https:\\\/\\\/secure.gravatar.com\\\/avatar\\\/3ea2118a5f7dad2b7138b1187a6b7ee55f160b9968b66013c3a3ef39dd7e5798?s=96&d=mm&r=g\",\"caption\":\"Jeanette\"},\"sameAs\":[\"https:\\\/\\\/www.eldiario.net\\\/portal\"],\"url\":\"https:\\\/\\\/www.eldiario.net\\\/portal\\\/author\\\/jeanette\\\/\"}]}<\/script>\n<!-- \/ Yoast SEO plugin. -->","yoast_head_json":{"title":"Am\u00e9rica de Cali llega a Santa Cruz para el at\u00edpico duelo de Libertadores - El Diario - Bolivia","robots":{"index":"index","follow":"follow","max-snippet":"max-snippet:-1","max-image-preview":"max-image-preview:large","max-video-preview":"max-video-preview:-1"},"canonical":"https:\/\/www.eldiario.net\/portal\/2021\/05\/18\/america-de-cali-llega-a-santa-cruz-para-el-atipico-duelo-de-libertadores\/","og_locale":"es_ES","og_type":"article","og_title":"Am\u00e9rica de Cali llega a Santa Cruz para el at\u00edpico duelo de Libertadores - El Diario - Bolivia","og_description":"En un escenario ajeno, el plantel colombiano de Am\u00e9rica de Cali ser\u00e1 local contra Deportivo La Guaira (Venezuela) este mi\u00e9rcoles, a partir de las 22:00, en el estadio Ram\u00f3n Aguilera Costas, buscando su primer triunfo en el grupo \u00abH\u00bb de la Copa Libertadores de Am\u00e9rica. Debido a los conflictos sociales y pol\u00edticos que atraviesa Colombia, [&hellip;]","og_url":"https:\/\/www.eldiario.net\/portal\/2021\/05\/18\/america-de-cali-llega-a-santa-cruz-para-el-atipico-duelo-de-libertadores\/","og_site_name":"El Diario - Bolivia","article_publisher":"https:\/\/www.facebook.com\/eldiario.bolivia\/","article_published_time":"2021-05-18T09:42:30+00:00","og_image":[{"width":2048,"height":1024,"url":"https:\/\/www.eldiario.net\/portal\/wp-content\/uploads\/2021\/05\/DEPO-America-de-Cali-llega-a-Santa-Cruz.jpg","type":"image\/jpeg"}],"author":"Jeanette","twitter_card":"summary_large_image","twitter_creator":"@eldiario_net","twitter_site":"@eldiario_net","twitter_misc":{"Escrito por":"Jeanette","Tiempo de lectura":"2 minutos"},"schema":{"@context":"https:\/\/schema.org","@graph":[{"@type":"Article","@id":"https:\/\/www.eldiario.net\/portal\/2021\/05\/18\/america-de-cali-llega-a-santa-cruz-para-el-atipico-duelo-de-libertadores\/#article","isPartOf":{"@id":"https:\/\/www.eldiario.net\/portal\/2021\/05\/18\/america-de-cali-llega-a-santa-cruz-para-el-atipico-duelo-de-libertadores\/"},"author":{"name":"Jeanette","@id":"https:\/\/www.eldiario.net\/portal\/#\/schema\/person\/f46445640444750d7d753ccd04ae01b7"},"headline":"Am\u00e9rica de Cali llega a Santa Cruz para el at\u00edpico duelo de Libertadores","datePublished":"2021-05-18T09:42:30+00:00","mainEntityOfPage":{"@id":"https:\/\/www.eldiario.net\/portal\/2021\/05\/18\/america-de-cali-llega-a-santa-cruz-para-el-atipico-duelo-de-libertadores\/"},"wordCount":340,"publisher":{"@id":"https:\/\/www.eldiario.net\/portal\/#organization"},"image":{"@id":"https:\/\/www.eldiario.net\/portal\/2021\/05\/18\/america-de-cali-llega-a-santa-cruz-para-el-atipico-duelo-de-libertadores\/#primaryimage"},"thumbnailUrl":"https:\/\/www.eldiario.net\/portal\/wp-content\/uploads\/2021\/05\/DEPO-America-de-Cali-llega-a-Santa-Cruz.jpg","articleSection":["Deportes"],"inLanguage":"es"},{"@type":"WebPage","@id":"https:\/\/www.eldiario.net\/portal\/2021\/05\/18\/america-de-cali-llega-a-santa-cruz-para-el-atipico-duelo-de-libertadores\/","url":"https:\/\/www.eldiario.net\/portal\/2021\/05\/18\/america-de-cali-llega-a-santa-cruz-para-el-atipico-duelo-de-libertadores\/","name":"Am\u00e9rica de Cali llega a Santa Cruz para el at\u00edpico duelo de Libertadores - El Diario - Bolivia","isPartOf":{"@id":"https:\/\/www.eldiario.net\/portal\/#website"},"primaryImageOfPage":{"@id":"https:\/\/www.eldiario.net\/portal\/2021\/05\/18\/america-de-cali-llega-a-santa-cruz-para-el-atipico-duelo-de-libertadores\/#primaryimage"},"image":{"@id":"https:\/\/www.eldiario.net\/portal\/2021\/05\/18\/america-de-cali-llega-a-santa-cruz-para-el-atipico-duelo-de-libertadores\/#primaryimage"},"thumbnailUrl":"https:\/\/www.eldiario.net\/portal\/wp-content\/uploads\/2021\/05\/DEPO-America-de-Cali-llega-a-Santa-Cruz.jpg","datePublished":"2021-05-18T09:42:30+00:00","breadcrumb":{"@id":"https:\/\/www.eldiario.net\/portal\/2021\/05\/18\/america-de-cali-llega-a-santa-cruz-para-el-atipico-duelo-de-libertadores\/#breadcrumb"},"inLanguage":"es","potentialAction":[{"@type":"ReadAction","target":["https:\/\/www.eldiario.net\/portal\/2021\/05\/18\/america-de-cali-llega-a-santa-cruz-para-el-atipico-duelo-de-libertadores\/"]}]},{"@type":"ImageObject","inLanguage":"es","@id":"https:\/\/www.eldiario.net\/portal\/2021\/05\/18\/america-de-cali-llega-a-santa-cruz-para-el-atipico-duelo-de-libertadores\/#primaryimage","url":"https:\/\/www.eldiario.net\/portal\/wp-content\/uploads\/2021\/05\/DEPO-America-de-Cali-llega-a-Santa-Cruz.jpg","contentUrl":"https:\/\/www.eldiario.net\/portal\/wp-content\/uploads\/2021\/05\/DEPO-America-de-Cali-llega-a-Santa-Cruz.jpg","width":2048,"height":1024},{"@type":"BreadcrumbList","@id":"https:\/\/www.eldiario.net\/portal\/2021\/05\/18\/america-de-cali-llega-a-santa-cruz-para-el-atipico-duelo-de-libertadores\/#breadcrumb","itemListElement":[{"@type":"ListItem","position":1,"name":"Portada","item":"https:\/\/www.eldiario.net\/portal\/"},{"@type":"ListItem","position":2,"name":"Am\u00e9rica de Cali llega a Santa Cruz para el at\u00edpico duelo de Libertadores"}]},{"@type":"WebSite","@id":"https:\/\/www.eldiario.net\/portal\/#website","url":"https:\/\/www.eldiario.net\/portal\/","name":"El Diario - Decano de la prensa nacional","description":"El Diario - Decano de la prensa nacional","publisher":{"@id":"https:\/\/www.eldiario.net\/portal\/#organization"},"potentialAction":[{"@type":"SearchAction","target":{"@type":"EntryPoint","urlTemplate":"https:\/\/www.eldiario.net\/portal\/?s={search_term_string}"},"query-input":{"@type":"PropertyValueSpecification","valueRequired":true,"valueName":"search_term_string"}}],"inLanguage":"es"},{"@type":"Organization","@id":"https:\/\/www.eldiario.net\/portal\/#organization","name":"El Diario - Decano de la prensa nacional","url":"https:\/\/www.eldiario.net\/portal\/","logo":{"@type":"ImageObject","inLanguage":"es","@id":"https:\/\/www.eldiario.net\/portal\/#\/schema\/logo\/image\/","url":"https:\/\/www.eldiario.net\/portal\/wp-content\/uploads\/2023\/07\/logo_ED.jpg","contentUrl":"https:\/\/www.eldiario.net\/portal\/wp-content\/uploads\/2023\/07\/logo_ED.jpg","width":272,"height":52,"caption":"El Diario - Decano de la prensa nacional"},"image":{"@id":"https:\/\/www.eldiario.net\/portal\/#\/schema\/logo\/image\/"},"sameAs":["https:\/\/www.facebook.com\/eldiario.bolivia\/","https:\/\/x.com\/eldiario_net"]},{"@type":"Person","@id":"https:\/\/www.eldiario.net\/portal\/#\/schema\/person\/f46445640444750d7d753ccd04ae01b7","name":"Jeanette","image":{"@type":"ImageObject","inLanguage":"es","@id":"https:\/\/secure.gravatar.com\/avatar\/3ea2118a5f7dad2b7138b1187a6b7ee55f160b9968b66013c3a3ef39dd7e5798?s=96&d=mm&r=g","url":"https:\/\/secure.gravatar.com\/avatar\/3ea2118a5f7dad2b7138b1187a6b7ee55f160b9968b66013c3a3ef39dd7e5798?s=96&d=mm&r=g","contentUrl":"https:\/\/secure.gravatar.com\/avatar\/3ea2118a5f7dad2b7138b1187a6b7ee55f160b9968b66013c3a3ef39dd7e5798?s=96&d=mm&r=g","caption":"Jeanette"},"sameAs":["https:\/\/www.eldiario.net\/portal"],"url":"https:\/\/www.eldiario.net\/portal\/author\/jeanette\/"}]}},"_links":{"self":[{"href":"https:\/\/www.eldiario.net\/portal\/wp-json\/wp\/v2\/posts\/4645","targetHints":{"allow":["GET"]}}],"collection":[{"href":"https:\/\/www.eldiario.net\/portal\/wp-json\/wp\/v2\/posts"}],"about":[{"href":"https:\/\/www.eldiario.net\/portal\/wp-json\/wp\/v2\/types\/post"}],"author":[{"embeddable":true,"href":"https:\/\/www.eldiario.net\/portal\/wp-json\/wp\/v2\/users\/1"}],"replies":[{"embeddable":true,"href":"https:\/\/www.eldiario.net\/portal\/wp-json\/wp\/v2\/comments?post=4645"}],"version-history":[{"count":0,"href":"https:\/\/www.eldiario.net\/portal\/wp-json\/wp\/v2\/posts\/4645\/revisions"}],"wp:featuredmedia":[{"embeddable":true,"href":"https:\/\/www.eldiario.net\/portal\/wp-json\/wp\/v2\/media\/4646"}],"wp:attachment":[{"href":"https:\/\/www.eldiario.net\/portal\/wp-json\/wp\/v2\/media?parent=4645"}],"wp:term":[{"taxonomy":"category","embeddable":true,"href":"https:\/\/www.eldiario.net\/portal\/wp-json\/wp\/v2\/categories?post=4645"},{"taxonomy":"post_tag","embeddable":true,"href":"https:\/\/www.eldiario.net\/portal\/wp-json\/wp\/v2\/tags?post=4645"}],"curies":[{"name":"wp","href":"https:\/\/api.w.org\/{rel}","templated":true}]}}