{"id":4642,"date":"2021-05-18T05:41:44","date_gmt":"2021-05-18T09:41:44","guid":{"rendered":"https:\/\/www.eldiario.net\/portal\/?p=4642"},"modified":"2021-05-18T05:41:44","modified_gmt":"2021-05-18T09:41:44","slug":"atletas-se-concentran-en-villa-tunari-pensando-en-el-sudamericano-de-guayaquil","status":"publish","type":"post","link":"https:\/\/www.eldiario.net\/portal\/2021\/05\/18\/atletas-se-concentran-en-villa-tunari-pensando-en-el-sudamericano-de-guayaquil\/","title":{"rendered":"Atletas se concentran en Villa Tunari pensando en el Sudamericano de Guayaquil"},"content":{"rendered":"<p>Los atletas Sof\u00eda Luizaga, Vidal Basco, H\u00e9ctor Garibay y David Ninavia cumplir\u00e1n un campamento de entrenamiento en el Centro de Alto Rendimiento Deportivo de Villa Tunari en la recta final de su preparaci\u00f3n antes de participar en el Campeonato Sudamericano, que tendr\u00e1 como sede la ciudad de Guayaquil, del 29 al 31 de mayo.<\/p>\n<p>El fin de semana, la Viceministra de Deportes, Cielo Veizaga Arteaga, sostuvo una reuni\u00f3n con los atletas llegando a un acuerdo en el que los deportistas cumplir\u00e1n un entrenamiento desde la fecha hasta el 24 de mayo en la pista atl\u00e9tica del Centro de Alto Rendimiento con acceso a transporte interno.<\/p>\n<p>Los cuatro deportistas tienen la especialidad de fondo. Luizaga correr\u00e1 en los 10 mil metros planos, Basco en los 5.000, Garibay en los 10 mil metros y Ninavia en los cinco mil metros. Sus sesiones est\u00e1n bajo la supervisi\u00f3n del entrenador Marco Pe\u00f1aranda.<\/p>\n<p>El seleccionado boliviano de atletismo para el Sudamericano est\u00e1 formado por 14 atletas; adem\u00e1s de los cuatro mencionados tambi\u00e9n participar\u00e1n: \u00c1ngela Castro (marcha 20 mil metros); Cecilia G\u00f3mez en 200 y 400 metros; Valeria Quispe en salto largo; Jhoselyn Camargo en 5.000 y 10.000; Leticia Arispe en 100 y 200 metros; Carla R\u00edos en salto alto.<\/p>\n<p>Bruno Rojas en 100 y 200 metros; Julian Vargas en 100 y 200 metros; Aldo Gonz\u00e1les en impulso de bala y Melbin Soto en lanzamiento de jabalina completan la n\u00f3mina que public\u00f3 la Federaci\u00f3n Atl\u00e9tica de Bolivia (FAB).<\/p>\n<p>El presidente de la Federaci\u00f3n, Marco Luque, confirm\u00f3 que con recursos de la entidad que preside se pudo cubrir los pasajes a\u00e9reos de Castro, G\u00f3mez, Quispe, Camargo, Basco, Rojas y Gonz\u00e1lez, adem\u00e1s de los entrenadores Luis Daniel Valenzuela y C\u00e9sar Condarco.<\/p>\n<p>Los dem\u00e1s atletas recibieron apoyo del Comit\u00e9 Ol\u00edmpico Boliviano y del Servicio Departamental de Deportes (Sedede) de Oruro ante la ausencia de la colaboraci\u00f3n de las entidades gubernamentales.<\/p>\n","protected":false},"excerpt":{"rendered":"<p>Los atletas Sof\u00eda Luizaga, Vidal Basco, H\u00e9ctor Garibay y David Ninavia cumplir\u00e1n un campamento de entrenamiento en el Centro de Alto Rendimiento Deportivo de Villa Tunari en la recta final de su preparaci\u00f3n antes de participar en el Campeonato Sudamericano, que tendr\u00e1 como sede la ciudad de Guayaquil, del 29 al 31 de mayo. El [&hellip;]<\/p>\n","protected":false},"author":1,"featured_media":4643,"comment_status":"closed","ping_status":"closed","sticky":false,"template":"","format":"standard","meta":{"_acf_changed":false,"footnotes":""},"categories":[6],"tags":[],"class_list":["post-4642","post","type-post","status-publish","format-standard","has-post-thumbnail","category-deportes"],"acf":{"antetitulo":""},"yoast_head":"<!-- This site is optimized with the Yoast SEO plugin v28.3 - https:\/\/yoast.com\/product\/yoast-seo-wordpress\/ -->\n<title>Atletas se concentran en Villa Tunari pensando en el Sudamericano de Guayaquil - El Diario - Bolivia<\/title>\n<meta name=\"robots\" content=\"index, follow, max-snippet:-1, max-image-preview:large, max-video-preview:-1\" \/>\n<link rel=\"canonical\" href=\"https:\/\/www.eldiario.net\/portal\/2021\/05\/18\/atletas-se-concentran-en-villa-tunari-pensando-en-el-sudamericano-de-guayaquil\/\" \/>\n<meta property=\"og:locale\" content=\"es_ES\" \/>\n<meta property=\"og:type\" content=\"article\" \/>\n<meta property=\"og:title\" content=\"Atletas se concentran en Villa Tunari pensando en el Sudamericano de Guayaquil - El Diario - Bolivia\" \/>\n<meta property=\"og:description\" content=\"Los atletas Sof\u00eda Luizaga, Vidal Basco, H\u00e9ctor Garibay y David Ninavia cumplir\u00e1n un campamento de entrenamiento en el Centro de Alto Rendimiento Deportivo de Villa Tunari en la recta final de su preparaci\u00f3n antes de participar en el Campeonato Sudamericano, que tendr\u00e1 como sede la ciudad de Guayaquil, del 29 al 31 de mayo. El [&hellip;]\" \/>\n<meta property=\"og:url\" content=\"https:\/\/www.eldiario.net\/portal\/2021\/05\/18\/atletas-se-concentran-en-villa-tunari-pensando-en-el-sudamericano-de-guayaquil\/\" \/>\n<meta property=\"og:site_name\" content=\"El Diario - Bolivia\" \/>\n<meta property=\"article:publisher\" content=\"https:\/\/www.facebook.com\/eldiario.bolivia\/\" \/>\n<meta property=\"article:published_time\" content=\"2021-05-18T09:41:44+00:00\" \/>\n<meta name=\"author\" content=\"Jeanette\" \/>\n<meta name=\"twitter:card\" content=\"summary_large_image\" \/>\n<meta name=\"twitter:creator\" content=\"@eldiario_net\" \/>\n<meta name=\"twitter:site\" content=\"@eldiario_net\" \/>\n<meta name=\"twitter:label1\" content=\"Escrito por\" \/>\n\t<meta name=\"twitter:data1\" content=\"Jeanette\" \/>\n\t<meta name=\"twitter:label2\" content=\"Tiempo de lectura\" \/>\n\t<meta name=\"twitter:data2\" content=\"2 minutos\" \/>\n<script type=\"application\/ld+json\" class=\"yoast-schema-graph\">{\"@context\":\"https:\\\/\\\/schema.org\",\"@graph\":[{\"@type\":\"Article\",\"@id\":\"https:\\\/\\\/www.eldiario.net\\\/portal\\\/2021\\\/05\\\/18\\\/atletas-se-concentran-en-villa-tunari-pensando-en-el-sudamericano-de-guayaquil\\\/#article\",\"isPartOf\":{\"@id\":\"https:\\\/\\\/www.eldiario.net\\\/portal\\\/2021\\\/05\\\/18\\\/atletas-se-concentran-en-villa-tunari-pensando-en-el-sudamericano-de-guayaquil\\\/\"},\"author\":{\"name\":\"Jeanette\",\"@id\":\"https:\\\/\\\/www.eldiario.net\\\/portal\\\/#\\\/schema\\\/person\\\/f46445640444750d7d753ccd04ae01b7\"},\"headline\":\"Atletas se concentran en Villa Tunari pensando en el Sudamericano de Guayaquil\",\"datePublished\":\"2021-05-18T09:41:44+00:00\",\"mainEntityOfPage\":{\"@id\":\"https:\\\/\\\/www.eldiario.net\\\/portal\\\/2021\\\/05\\\/18\\\/atletas-se-concentran-en-villa-tunari-pensando-en-el-sudamericano-de-guayaquil\\\/\"},\"wordCount\":333,\"publisher\":{\"@id\":\"https:\\\/\\\/www.eldiario.net\\\/portal\\\/#organization\"},\"image\":{\"@id\":\"https:\\\/\\\/www.eldiario.net\\\/portal\\\/2021\\\/05\\\/18\\\/atletas-se-concentran-en-villa-tunari-pensando-en-el-sudamericano-de-guayaquil\\\/#primaryimage\"},\"thumbnailUrl\":\"\",\"articleSection\":[\"Deportes\"],\"inLanguage\":\"es\"},{\"@type\":\"WebPage\",\"@id\":\"https:\\\/\\\/www.eldiario.net\\\/portal\\\/2021\\\/05\\\/18\\\/atletas-se-concentran-en-villa-tunari-pensando-en-el-sudamericano-de-guayaquil\\\/\",\"url\":\"https:\\\/\\\/www.eldiario.net\\\/portal\\\/2021\\\/05\\\/18\\\/atletas-se-concentran-en-villa-tunari-pensando-en-el-sudamericano-de-guayaquil\\\/\",\"name\":\"Atletas se concentran en Villa Tunari pensando en el Sudamericano de Guayaquil - El Diario - Bolivia\",\"isPartOf\":{\"@id\":\"https:\\\/\\\/www.eldiario.net\\\/portal\\\/#website\"},\"primaryImageOfPage\":{\"@id\":\"https:\\\/\\\/www.eldiario.net\\\/portal\\\/2021\\\/05\\\/18\\\/atletas-se-concentran-en-villa-tunari-pensando-en-el-sudamericano-de-guayaquil\\\/#primaryimage\"},\"image\":{\"@id\":\"https:\\\/\\\/www.eldiario.net\\\/portal\\\/2021\\\/05\\\/18\\\/atletas-se-concentran-en-villa-tunari-pensando-en-el-sudamericano-de-guayaquil\\\/#primaryimage\"},\"thumbnailUrl\":\"\",\"datePublished\":\"2021-05-18T09:41:44+00:00\",\"breadcrumb\":{\"@id\":\"https:\\\/\\\/www.eldiario.net\\\/portal\\\/2021\\\/05\\\/18\\\/atletas-se-concentran-en-villa-tunari-pensando-en-el-sudamericano-de-guayaquil\\\/#breadcrumb\"},\"inLanguage\":\"es\",\"potentialAction\":[{\"@type\":\"ReadAction\",\"target\":[\"https:\\\/\\\/www.eldiario.net\\\/portal\\\/2021\\\/05\\\/18\\\/atletas-se-concentran-en-villa-tunari-pensando-en-el-sudamericano-de-guayaquil\\\/\"]}]},{\"@type\":\"ImageObject\",\"inLanguage\":\"es\",\"@id\":\"https:\\\/\\\/www.eldiario.net\\\/portal\\\/2021\\\/05\\\/18\\\/atletas-se-concentran-en-villa-tunari-pensando-en-el-sudamericano-de-guayaquil\\\/#primaryimage\",\"url\":\"\",\"contentUrl\":\"\"},{\"@type\":\"BreadcrumbList\",\"@id\":\"https:\\\/\\\/www.eldiario.net\\\/portal\\\/2021\\\/05\\\/18\\\/atletas-se-concentran-en-villa-tunari-pensando-en-el-sudamericano-de-guayaquil\\\/#breadcrumb\",\"itemListElement\":[{\"@type\":\"ListItem\",\"position\":1,\"name\":\"Portada\",\"item\":\"https:\\\/\\\/www.eldiario.net\\\/portal\\\/\"},{\"@type\":\"ListItem\",\"position\":2,\"name\":\"Atletas se concentran en Villa Tunari pensando en el Sudamericano de Guayaquil\"}]},{\"@type\":\"WebSite\",\"@id\":\"https:\\\/\\\/www.eldiario.net\\\/portal\\\/#website\",\"url\":\"https:\\\/\\\/www.eldiario.net\\\/portal\\\/\",\"name\":\"El Diario - Decano de la prensa nacional\",\"description\":\"El Diario - Decano de la prensa nacional\",\"publisher\":{\"@id\":\"https:\\\/\\\/www.eldiario.net\\\/portal\\\/#organization\"},\"potentialAction\":[{\"@type\":\"SearchAction\",\"target\":{\"@type\":\"EntryPoint\",\"urlTemplate\":\"https:\\\/\\\/www.eldiario.net\\\/portal\\\/?s={search_term_string}\"},\"query-input\":{\"@type\":\"PropertyValueSpecification\",\"valueRequired\":true,\"valueName\":\"search_term_string\"}}],\"inLanguage\":\"es\"},{\"@type\":\"Organization\",\"@id\":\"https:\\\/\\\/www.eldiario.net\\\/portal\\\/#organization\",\"name\":\"El Diario - Decano de la prensa nacional\",\"url\":\"https:\\\/\\\/www.eldiario.net\\\/portal\\\/\",\"logo\":{\"@type\":\"ImageObject\",\"inLanguage\":\"es\",\"@id\":\"https:\\\/\\\/www.eldiario.net\\\/portal\\\/#\\\/schema\\\/logo\\\/image\\\/\",\"url\":\"https:\\\/\\\/www.eldiario.net\\\/portal\\\/wp-content\\\/uploads\\\/2023\\\/07\\\/logo_ED.jpg\",\"contentUrl\":\"https:\\\/\\\/www.eldiario.net\\\/portal\\\/wp-content\\\/uploads\\\/2023\\\/07\\\/logo_ED.jpg\",\"width\":272,\"height\":52,\"caption\":\"El Diario - Decano de la prensa nacional\"},\"image\":{\"@id\":\"https:\\\/\\\/www.eldiario.net\\\/portal\\\/#\\\/schema\\\/logo\\\/image\\\/\"},\"sameAs\":[\"https:\\\/\\\/www.facebook.com\\\/eldiario.bolivia\\\/\",\"https:\\\/\\\/x.com\\\/eldiario_net\"]},{\"@type\":\"Person\",\"@id\":\"https:\\\/\\\/www.eldiario.net\\\/portal\\\/#\\\/schema\\\/person\\\/f46445640444750d7d753ccd04ae01b7\",\"name\":\"Jeanette\",\"image\":{\"@type\":\"ImageObject\",\"inLanguage\":\"es\",\"@id\":\"https:\\\/\\\/secure.gravatar.com\\\/avatar\\\/3ea2118a5f7dad2b7138b1187a6b7ee55f160b9968b66013c3a3ef39dd7e5798?s=96&d=mm&r=g\",\"url\":\"https:\\\/\\\/secure.gravatar.com\\\/avatar\\\/3ea2118a5f7dad2b7138b1187a6b7ee55f160b9968b66013c3a3ef39dd7e5798?s=96&d=mm&r=g\",\"contentUrl\":\"https:\\\/\\\/secure.gravatar.com\\\/avatar\\\/3ea2118a5f7dad2b7138b1187a6b7ee55f160b9968b66013c3a3ef39dd7e5798?s=96&d=mm&r=g\",\"caption\":\"Jeanette\"},\"sameAs\":[\"https:\\\/\\\/www.eldiario.net\\\/portal\"],\"url\":\"https:\\\/\\\/www.eldiario.net\\\/portal\\\/author\\\/jeanette\\\/\"}]}<\/script>\n<!-- \/ Yoast SEO plugin. -->","yoast_head_json":{"title":"Atletas se concentran en Villa Tunari pensando en el Sudamericano de Guayaquil - El Diario - Bolivia","robots":{"index":"index","follow":"follow","max-snippet":"max-snippet:-1","max-image-preview":"max-image-preview:large","max-video-preview":"max-video-preview:-1"},"canonical":"https:\/\/www.eldiario.net\/portal\/2021\/05\/18\/atletas-se-concentran-en-villa-tunari-pensando-en-el-sudamericano-de-guayaquil\/","og_locale":"es_ES","og_type":"article","og_title":"Atletas se concentran en Villa Tunari pensando en el Sudamericano de Guayaquil - El Diario - Bolivia","og_description":"Los atletas Sof\u00eda Luizaga, Vidal Basco, H\u00e9ctor Garibay y David Ninavia cumplir\u00e1n un campamento de entrenamiento en el Centro de Alto Rendimiento Deportivo de Villa Tunari en la recta final de su preparaci\u00f3n antes de participar en el Campeonato Sudamericano, que tendr\u00e1 como sede la ciudad de Guayaquil, del 29 al 31 de mayo. El [&hellip;]","og_url":"https:\/\/www.eldiario.net\/portal\/2021\/05\/18\/atletas-se-concentran-en-villa-tunari-pensando-en-el-sudamericano-de-guayaquil\/","og_site_name":"El Diario - Bolivia","article_publisher":"https:\/\/www.facebook.com\/eldiario.bolivia\/","article_published_time":"2021-05-18T09:41:44+00:00","author":"Jeanette","twitter_card":"summary_large_image","twitter_creator":"@eldiario_net","twitter_site":"@eldiario_net","twitter_misc":{"Escrito por":"Jeanette","Tiempo de lectura":"2 minutos"},"schema":{"@context":"https:\/\/schema.org","@graph":[{"@type":"Article","@id":"https:\/\/www.eldiario.net\/portal\/2021\/05\/18\/atletas-se-concentran-en-villa-tunari-pensando-en-el-sudamericano-de-guayaquil\/#article","isPartOf":{"@id":"https:\/\/www.eldiario.net\/portal\/2021\/05\/18\/atletas-se-concentran-en-villa-tunari-pensando-en-el-sudamericano-de-guayaquil\/"},"author":{"name":"Jeanette","@id":"https:\/\/www.eldiario.net\/portal\/#\/schema\/person\/f46445640444750d7d753ccd04ae01b7"},"headline":"Atletas se concentran en Villa Tunari pensando en el Sudamericano de Guayaquil","datePublished":"2021-05-18T09:41:44+00:00","mainEntityOfPage":{"@id":"https:\/\/www.eldiario.net\/portal\/2021\/05\/18\/atletas-se-concentran-en-villa-tunari-pensando-en-el-sudamericano-de-guayaquil\/"},"wordCount":333,"publisher":{"@id":"https:\/\/www.eldiario.net\/portal\/#organization"},"image":{"@id":"https:\/\/www.eldiario.net\/portal\/2021\/05\/18\/atletas-se-concentran-en-villa-tunari-pensando-en-el-sudamericano-de-guayaquil\/#primaryimage"},"thumbnailUrl":"","articleSection":["Deportes"],"inLanguage":"es"},{"@type":"WebPage","@id":"https:\/\/www.eldiario.net\/portal\/2021\/05\/18\/atletas-se-concentran-en-villa-tunari-pensando-en-el-sudamericano-de-guayaquil\/","url":"https:\/\/www.eldiario.net\/portal\/2021\/05\/18\/atletas-se-concentran-en-villa-tunari-pensando-en-el-sudamericano-de-guayaquil\/","name":"Atletas se concentran en Villa Tunari pensando en el Sudamericano de Guayaquil - El Diario - Bolivia","isPartOf":{"@id":"https:\/\/www.eldiario.net\/portal\/#website"},"primaryImageOfPage":{"@id":"https:\/\/www.eldiario.net\/portal\/2021\/05\/18\/atletas-se-concentran-en-villa-tunari-pensando-en-el-sudamericano-de-guayaquil\/#primaryimage"},"image":{"@id":"https:\/\/www.eldiario.net\/portal\/2021\/05\/18\/atletas-se-concentran-en-villa-tunari-pensando-en-el-sudamericano-de-guayaquil\/#primaryimage"},"thumbnailUrl":"","datePublished":"2021-05-18T09:41:44+00:00","breadcrumb":{"@id":"https:\/\/www.eldiario.net\/portal\/2021\/05\/18\/atletas-se-concentran-en-villa-tunari-pensando-en-el-sudamericano-de-guayaquil\/#breadcrumb"},"inLanguage":"es","potentialAction":[{"@type":"ReadAction","target":["https:\/\/www.eldiario.net\/portal\/2021\/05\/18\/atletas-se-concentran-en-villa-tunari-pensando-en-el-sudamericano-de-guayaquil\/"]}]},{"@type":"ImageObject","inLanguage":"es","@id":"https:\/\/www.eldiario.net\/portal\/2021\/05\/18\/atletas-se-concentran-en-villa-tunari-pensando-en-el-sudamericano-de-guayaquil\/#primaryimage","url":"","contentUrl":""},{"@type":"BreadcrumbList","@id":"https:\/\/www.eldiario.net\/portal\/2021\/05\/18\/atletas-se-concentran-en-villa-tunari-pensando-en-el-sudamericano-de-guayaquil\/#breadcrumb","itemListElement":[{"@type":"ListItem","position":1,"name":"Portada","item":"https:\/\/www.eldiario.net\/portal\/"},{"@type":"ListItem","position":2,"name":"Atletas se concentran en Villa Tunari pensando en el Sudamericano de Guayaquil"}]},{"@type":"WebSite","@id":"https:\/\/www.eldiario.net\/portal\/#website","url":"https:\/\/www.eldiario.net\/portal\/","name":"El Diario - Decano de la prensa nacional","description":"El Diario - Decano de la prensa nacional","publisher":{"@id":"https:\/\/www.eldiario.net\/portal\/#organization"},"potentialAction":[{"@type":"SearchAction","target":{"@type":"EntryPoint","urlTemplate":"https:\/\/www.eldiario.net\/portal\/?s={search_term_string}"},"query-input":{"@type":"PropertyValueSpecification","valueRequired":true,"valueName":"search_term_string"}}],"inLanguage":"es"},{"@type":"Organization","@id":"https:\/\/www.eldiario.net\/portal\/#organization","name":"El Diario - Decano de la prensa nacional","url":"https:\/\/www.eldiario.net\/portal\/","logo":{"@type":"ImageObject","inLanguage":"es","@id":"https:\/\/www.eldiario.net\/portal\/#\/schema\/logo\/image\/","url":"https:\/\/www.eldiario.net\/portal\/wp-content\/uploads\/2023\/07\/logo_ED.jpg","contentUrl":"https:\/\/www.eldiario.net\/portal\/wp-content\/uploads\/2023\/07\/logo_ED.jpg","width":272,"height":52,"caption":"El Diario - Decano de la prensa nacional"},"image":{"@id":"https:\/\/www.eldiario.net\/portal\/#\/schema\/logo\/image\/"},"sameAs":["https:\/\/www.facebook.com\/eldiario.bolivia\/","https:\/\/x.com\/eldiario_net"]},{"@type":"Person","@id":"https:\/\/www.eldiario.net\/portal\/#\/schema\/person\/f46445640444750d7d753ccd04ae01b7","name":"Jeanette","image":{"@type":"ImageObject","inLanguage":"es","@id":"https:\/\/secure.gravatar.com\/avatar\/3ea2118a5f7dad2b7138b1187a6b7ee55f160b9968b66013c3a3ef39dd7e5798?s=96&d=mm&r=g","url":"https:\/\/secure.gravatar.com\/avatar\/3ea2118a5f7dad2b7138b1187a6b7ee55f160b9968b66013c3a3ef39dd7e5798?s=96&d=mm&r=g","contentUrl":"https:\/\/secure.gravatar.com\/avatar\/3ea2118a5f7dad2b7138b1187a6b7ee55f160b9968b66013c3a3ef39dd7e5798?s=96&d=mm&r=g","caption":"Jeanette"},"sameAs":["https:\/\/www.eldiario.net\/portal"],"url":"https:\/\/www.eldiario.net\/portal\/author\/jeanette\/"}]}},"_links":{"self":[{"href":"https:\/\/www.eldiario.net\/portal\/wp-json\/wp\/v2\/posts\/4642","targetHints":{"allow":["GET"]}}],"collection":[{"href":"https:\/\/www.eldiario.net\/portal\/wp-json\/wp\/v2\/posts"}],"about":[{"href":"https:\/\/www.eldiario.net\/portal\/wp-json\/wp\/v2\/types\/post"}],"author":[{"embeddable":true,"href":"https:\/\/www.eldiario.net\/portal\/wp-json\/wp\/v2\/users\/1"}],"replies":[{"embeddable":true,"href":"https:\/\/www.eldiario.net\/portal\/wp-json\/wp\/v2\/comments?post=4642"}],"version-history":[{"count":0,"href":"https:\/\/www.eldiario.net\/portal\/wp-json\/wp\/v2\/posts\/4642\/revisions"}],"wp:attachment":[{"href":"https:\/\/www.eldiario.net\/portal\/wp-json\/wp\/v2\/media?parent=4642"}],"wp:term":[{"taxonomy":"category","embeddable":true,"href":"https:\/\/www.eldiario.net\/portal\/wp-json\/wp\/v2\/categories?post=4642"},{"taxonomy":"post_tag","embeddable":true,"href":"https:\/\/www.eldiario.net\/portal\/wp-json\/wp\/v2\/tags?post=4642"}],"curies":[{"name":"wp","href":"https:\/\/api.w.org\/{rel}","templated":true}]}}