{"id":4590,"date":"2021-05-18T05:05:34","date_gmt":"2021-05-18T09:05:34","guid":{"rendered":"https:\/\/www.eldiario.net\/portal\/?p=4590"},"modified":"2021-05-18T05:05:34","modified_gmt":"2021-05-18T09:05:34","slug":"oea-cataloga-a-hamas-como-organizacion-terrorista","status":"publish","type":"post","link":"https:\/\/www.eldiario.net\/portal\/2021\/05\/18\/oea-cataloga-a-hamas-como-organizacion-terrorista\/","title":{"rendered":"OEA cataloga a Ham\u00e1s como  \u00aborganizaci\u00f3n terrorista\u00bb"},"content":{"rendered":"<p>La secretar\u00eda de la Organizaci\u00f3n de Estados Americanos (OEA) catalog\u00f3 de \u00aborganizaci\u00f3n terrorista\u00bb al partido-milicia palestino Ham\u00e1s, al que ha acusado de utilizar a ni\u00f1os como \u00abescudos humanos\u00bb en un supuesto intento por evitar los bombardeos lanzados por las fuerzas israel\u00edes sobre la Franja de Gaza.<\/p>\n<p>\u00abLos recientes ataques iniciados por Ham\u00e1s contra la poblaci\u00f3n civil israel\u00ed constituyen indudablemente atentados de naturaleza terrorista. La violencia de los mismos y los objetivos que persiguen claramente tienen esa caracter\u00edstica\u00bb, sentenci\u00f3 la oficina de Luis Almagro en un comunicado.<\/p>\n<p>Seg\u00fan el liderazgo de esta organizaci\u00f3n, de la que forman parte Estados Unidos y otros pa\u00edses de las Am\u00e9ricas, \u00abla agresi\u00f3n terrorista de Ham\u00e1s es ilimitada y siempre procura v\u00edctimas civiles, persigue escalar din\u00e1micas de conflictos y acciones armadas, as\u00ed como sembrar el terror sobre poblaci\u00f3n inocente, sea israel\u00ed o palestina\u00bb.<\/p>\n<p>La secretar\u00eda ha tachado de \u00abinmoral e indigno\u00bb el uso de \u00abescudos humanos\u00bb por parte de Ham\u00e1s y la \u00abmilitarizaci\u00f3n\u00bb de zonas residenciales, en l\u00ednea con la tesis que sostiene el Gobierno de Benjamin Netanyahu. M\u00e1s de 200 palestinos han perdido la vida por los bombardeos israel\u00edes, entre ellos casi 60 ni\u00f1os.<\/p>\n<p>En cambio, la oficina de Almagro ha defendido el derecho de Israel a recurrir al \u00abprincipio de leg\u00edtima defensa\u00bb, por entender que su poblaci\u00f3n civil se est\u00e1 viendo atacada. Las autoridades israel\u00edes estiman que una decena de personas han fallecido como resultado de los proyectiles disparados desde la Franja. (Europa Press)<\/p>\n<p>&nbsp;<\/p>\n","protected":false},"excerpt":{"rendered":"<p>La secretar\u00eda de la Organizaci\u00f3n de Estados Americanos (OEA) catalog\u00f3 de \u00aborganizaci\u00f3n terrorista\u00bb al partido-milicia palestino Ham\u00e1s, al que ha acusado de utilizar a ni\u00f1os como \u00abescudos humanos\u00bb en un supuesto intento por evitar los bombardeos lanzados por las fuerzas israel\u00edes sobre la Franja de Gaza. \u00abLos recientes ataques iniciados por Ham\u00e1s contra la poblaci\u00f3n [&hellip;]<\/p>\n","protected":false},"author":1,"featured_media":4591,"comment_status":"closed","ping_status":"closed","sticky":false,"template":"","format":"standard","meta":{"_acf_changed":false,"footnotes":""},"categories":[3],"tags":[],"class_list":["post-4590","post","type-post","status-publish","format-standard","has-post-thumbnail","category-internacional"],"acf":{"antetitulo":""},"yoast_head":"<!-- This site is optimized with the Yoast SEO plugin v28.3 - https:\/\/yoast.com\/product\/yoast-seo-wordpress\/ -->\n<title>OEA cataloga a Ham\u00e1s como &quot;organizaci\u00f3n terrorista&quot; - El Diario - Bolivia<\/title>\n<meta name=\"robots\" content=\"index, follow, max-snippet:-1, max-image-preview:large, max-video-preview:-1\" \/>\n<link rel=\"canonical\" href=\"https:\/\/www.eldiario.net\/portal\/2021\/05\/18\/oea-cataloga-a-hamas-como-organizacion-terrorista\/\" \/>\n<meta property=\"og:locale\" content=\"es_ES\" \/>\n<meta property=\"og:type\" content=\"article\" \/>\n<meta property=\"og:title\" content=\"OEA cataloga a Ham\u00e1s como &quot;organizaci\u00f3n terrorista&quot; - El Diario - Bolivia\" \/>\n<meta property=\"og:description\" content=\"La secretar\u00eda de la Organizaci\u00f3n de Estados Americanos (OEA) catalog\u00f3 de \u00aborganizaci\u00f3n terrorista\u00bb al partido-milicia palestino Ham\u00e1s, al que ha acusado de utilizar a ni\u00f1os como \u00abescudos humanos\u00bb en un supuesto intento por evitar los bombardeos lanzados por las fuerzas israel\u00edes sobre la Franja de Gaza. \u00abLos recientes ataques iniciados por Ham\u00e1s contra la poblaci\u00f3n [&hellip;]\" \/>\n<meta property=\"og:url\" content=\"https:\/\/www.eldiario.net\/portal\/2021\/05\/18\/oea-cataloga-a-hamas-como-organizacion-terrorista\/\" \/>\n<meta property=\"og:site_name\" content=\"El Diario - Bolivia\" \/>\n<meta property=\"article:publisher\" content=\"https:\/\/www.facebook.com\/eldiario.bolivia\/\" \/>\n<meta property=\"article:published_time\" content=\"2021-05-18T09:05:34+00:00\" \/>\n<meta property=\"og:image\" content=\"https:\/\/www.eldiario.net\/portal\/wp-content\/uploads\/2021\/05\/INTE-OEA-cataloga-a-Hamas-como.jpg\" \/>\n\t<meta property=\"og:image:width\" content=\"1280\" \/>\n\t<meta property=\"og:image:height\" content=\"1024\" \/>\n\t<meta property=\"og:image:type\" content=\"image\/jpeg\" \/>\n<meta name=\"author\" content=\"Jeanette\" \/>\n<meta name=\"twitter:card\" content=\"summary_large_image\" \/>\n<meta name=\"twitter:creator\" content=\"@eldiario_net\" \/>\n<meta name=\"twitter:site\" content=\"@eldiario_net\" \/>\n<meta name=\"twitter:label1\" content=\"Escrito por\" \/>\n\t<meta name=\"twitter:data1\" content=\"Jeanette\" \/>\n\t<meta name=\"twitter:label2\" content=\"Tiempo de lectura\" \/>\n\t<meta name=\"twitter:data2\" content=\"2 minutos\" \/>\n<script type=\"application\/ld+json\" class=\"yoast-schema-graph\">{\"@context\":\"https:\\\/\\\/schema.org\",\"@graph\":[{\"@type\":\"Article\",\"@id\":\"https:\\\/\\\/www.eldiario.net\\\/portal\\\/2021\\\/05\\\/18\\\/oea-cataloga-a-hamas-como-organizacion-terrorista\\\/#article\",\"isPartOf\":{\"@id\":\"https:\\\/\\\/www.eldiario.net\\\/portal\\\/2021\\\/05\\\/18\\\/oea-cataloga-a-hamas-como-organizacion-terrorista\\\/\"},\"author\":{\"name\":\"Jeanette\",\"@id\":\"https:\\\/\\\/www.eldiario.net\\\/portal\\\/#\\\/schema\\\/person\\\/f46445640444750d7d753ccd04ae01b7\"},\"headline\":\"OEA cataloga a Ham\u00e1s como \u00aborganizaci\u00f3n terrorista\u00bb\",\"datePublished\":\"2021-05-18T09:05:34+00:00\",\"mainEntityOfPage\":{\"@id\":\"https:\\\/\\\/www.eldiario.net\\\/portal\\\/2021\\\/05\\\/18\\\/oea-cataloga-a-hamas-como-organizacion-terrorista\\\/\"},\"wordCount\":276,\"publisher\":{\"@id\":\"https:\\\/\\\/www.eldiario.net\\\/portal\\\/#organization\"},\"image\":{\"@id\":\"https:\\\/\\\/www.eldiario.net\\\/portal\\\/2021\\\/05\\\/18\\\/oea-cataloga-a-hamas-como-organizacion-terrorista\\\/#primaryimage\"},\"thumbnailUrl\":\"https:\\\/\\\/www.eldiario.net\\\/portal\\\/wp-content\\\/uploads\\\/2021\\\/05\\\/INTE-OEA-cataloga-a-Hamas-como.jpg\",\"articleSection\":[\"Internacional\"],\"inLanguage\":\"es\"},{\"@type\":\"WebPage\",\"@id\":\"https:\\\/\\\/www.eldiario.net\\\/portal\\\/2021\\\/05\\\/18\\\/oea-cataloga-a-hamas-como-organizacion-terrorista\\\/\",\"url\":\"https:\\\/\\\/www.eldiario.net\\\/portal\\\/2021\\\/05\\\/18\\\/oea-cataloga-a-hamas-como-organizacion-terrorista\\\/\",\"name\":\"OEA cataloga a Ham\u00e1s como \\\"organizaci\u00f3n terrorista\\\" - El Diario - Bolivia\",\"isPartOf\":{\"@id\":\"https:\\\/\\\/www.eldiario.net\\\/portal\\\/#website\"},\"primaryImageOfPage\":{\"@id\":\"https:\\\/\\\/www.eldiario.net\\\/portal\\\/2021\\\/05\\\/18\\\/oea-cataloga-a-hamas-como-organizacion-terrorista\\\/#primaryimage\"},\"image\":{\"@id\":\"https:\\\/\\\/www.eldiario.net\\\/portal\\\/2021\\\/05\\\/18\\\/oea-cataloga-a-hamas-como-organizacion-terrorista\\\/#primaryimage\"},\"thumbnailUrl\":\"https:\\\/\\\/www.eldiario.net\\\/portal\\\/wp-content\\\/uploads\\\/2021\\\/05\\\/INTE-OEA-cataloga-a-Hamas-como.jpg\",\"datePublished\":\"2021-05-18T09:05:34+00:00\",\"breadcrumb\":{\"@id\":\"https:\\\/\\\/www.eldiario.net\\\/portal\\\/2021\\\/05\\\/18\\\/oea-cataloga-a-hamas-como-organizacion-terrorista\\\/#breadcrumb\"},\"inLanguage\":\"es\",\"potentialAction\":[{\"@type\":\"ReadAction\",\"target\":[\"https:\\\/\\\/www.eldiario.net\\\/portal\\\/2021\\\/05\\\/18\\\/oea-cataloga-a-hamas-como-organizacion-terrorista\\\/\"]}]},{\"@type\":\"ImageObject\",\"inLanguage\":\"es\",\"@id\":\"https:\\\/\\\/www.eldiario.net\\\/portal\\\/2021\\\/05\\\/18\\\/oea-cataloga-a-hamas-como-organizacion-terrorista\\\/#primaryimage\",\"url\":\"https:\\\/\\\/www.eldiario.net\\\/portal\\\/wp-content\\\/uploads\\\/2021\\\/05\\\/INTE-OEA-cataloga-a-Hamas-como.jpg\",\"contentUrl\":\"https:\\\/\\\/www.eldiario.net\\\/portal\\\/wp-content\\\/uploads\\\/2021\\\/05\\\/INTE-OEA-cataloga-a-Hamas-como.jpg\",\"width\":1280,\"height\":1024},{\"@type\":\"BreadcrumbList\",\"@id\":\"https:\\\/\\\/www.eldiario.net\\\/portal\\\/2021\\\/05\\\/18\\\/oea-cataloga-a-hamas-como-organizacion-terrorista\\\/#breadcrumb\",\"itemListElement\":[{\"@type\":\"ListItem\",\"position\":1,\"name\":\"Portada\",\"item\":\"https:\\\/\\\/www.eldiario.net\\\/portal\\\/\"},{\"@type\":\"ListItem\",\"position\":2,\"name\":\"OEA cataloga a Ham\u00e1s como \u00aborganizaci\u00f3n terrorista\u00bb\"}]},{\"@type\":\"WebSite\",\"@id\":\"https:\\\/\\\/www.eldiario.net\\\/portal\\\/#website\",\"url\":\"https:\\\/\\\/www.eldiario.net\\\/portal\\\/\",\"name\":\"El Diario - Decano de la prensa nacional\",\"description\":\"El Diario - Decano de la prensa nacional\",\"publisher\":{\"@id\":\"https:\\\/\\\/www.eldiario.net\\\/portal\\\/#organization\"},\"potentialAction\":[{\"@type\":\"SearchAction\",\"target\":{\"@type\":\"EntryPoint\",\"urlTemplate\":\"https:\\\/\\\/www.eldiario.net\\\/portal\\\/?s={search_term_string}\"},\"query-input\":{\"@type\":\"PropertyValueSpecification\",\"valueRequired\":true,\"valueName\":\"search_term_string\"}}],\"inLanguage\":\"es\"},{\"@type\":\"Organization\",\"@id\":\"https:\\\/\\\/www.eldiario.net\\\/portal\\\/#organization\",\"name\":\"El Diario - Decano de la prensa nacional\",\"url\":\"https:\\\/\\\/www.eldiario.net\\\/portal\\\/\",\"logo\":{\"@type\":\"ImageObject\",\"inLanguage\":\"es\",\"@id\":\"https:\\\/\\\/www.eldiario.net\\\/portal\\\/#\\\/schema\\\/logo\\\/image\\\/\",\"url\":\"https:\\\/\\\/www.eldiario.net\\\/portal\\\/wp-content\\\/uploads\\\/2023\\\/07\\\/logo_ED.jpg\",\"contentUrl\":\"https:\\\/\\\/www.eldiario.net\\\/portal\\\/wp-content\\\/uploads\\\/2023\\\/07\\\/logo_ED.jpg\",\"width\":272,\"height\":52,\"caption\":\"El Diario - Decano de la prensa nacional\"},\"image\":{\"@id\":\"https:\\\/\\\/www.eldiario.net\\\/portal\\\/#\\\/schema\\\/logo\\\/image\\\/\"},\"sameAs\":[\"https:\\\/\\\/www.facebook.com\\\/eldiario.bolivia\\\/\",\"https:\\\/\\\/x.com\\\/eldiario_net\"]},{\"@type\":\"Person\",\"@id\":\"https:\\\/\\\/www.eldiario.net\\\/portal\\\/#\\\/schema\\\/person\\\/f46445640444750d7d753ccd04ae01b7\",\"name\":\"Jeanette\",\"image\":{\"@type\":\"ImageObject\",\"inLanguage\":\"es\",\"@id\":\"https:\\\/\\\/secure.gravatar.com\\\/avatar\\\/3ea2118a5f7dad2b7138b1187a6b7ee55f160b9968b66013c3a3ef39dd7e5798?s=96&d=mm&r=g\",\"url\":\"https:\\\/\\\/secure.gravatar.com\\\/avatar\\\/3ea2118a5f7dad2b7138b1187a6b7ee55f160b9968b66013c3a3ef39dd7e5798?s=96&d=mm&r=g\",\"contentUrl\":\"https:\\\/\\\/secure.gravatar.com\\\/avatar\\\/3ea2118a5f7dad2b7138b1187a6b7ee55f160b9968b66013c3a3ef39dd7e5798?s=96&d=mm&r=g\",\"caption\":\"Jeanette\"},\"sameAs\":[\"https:\\\/\\\/www.eldiario.net\\\/portal\"],\"url\":\"https:\\\/\\\/www.eldiario.net\\\/portal\\\/author\\\/jeanette\\\/\"}]}<\/script>\n<!-- \/ Yoast SEO plugin. -->","yoast_head_json":{"title":"OEA cataloga a Ham\u00e1s como \"organizaci\u00f3n terrorista\" - El Diario - Bolivia","robots":{"index":"index","follow":"follow","max-snippet":"max-snippet:-1","max-image-preview":"max-image-preview:large","max-video-preview":"max-video-preview:-1"},"canonical":"https:\/\/www.eldiario.net\/portal\/2021\/05\/18\/oea-cataloga-a-hamas-como-organizacion-terrorista\/","og_locale":"es_ES","og_type":"article","og_title":"OEA cataloga a Ham\u00e1s como \"organizaci\u00f3n terrorista\" - El Diario - Bolivia","og_description":"La secretar\u00eda de la Organizaci\u00f3n de Estados Americanos (OEA) catalog\u00f3 de \u00aborganizaci\u00f3n terrorista\u00bb al partido-milicia palestino Ham\u00e1s, al que ha acusado de utilizar a ni\u00f1os como \u00abescudos humanos\u00bb en un supuesto intento por evitar los bombardeos lanzados por las fuerzas israel\u00edes sobre la Franja de Gaza. \u00abLos recientes ataques iniciados por Ham\u00e1s contra la poblaci\u00f3n [&hellip;]","og_url":"https:\/\/www.eldiario.net\/portal\/2021\/05\/18\/oea-cataloga-a-hamas-como-organizacion-terrorista\/","og_site_name":"El Diario - Bolivia","article_publisher":"https:\/\/www.facebook.com\/eldiario.bolivia\/","article_published_time":"2021-05-18T09:05:34+00:00","og_image":[{"width":1280,"height":1024,"url":"https:\/\/www.eldiario.net\/portal\/wp-content\/uploads\/2021\/05\/INTE-OEA-cataloga-a-Hamas-como.jpg","type":"image\/jpeg"}],"author":"Jeanette","twitter_card":"summary_large_image","twitter_creator":"@eldiario_net","twitter_site":"@eldiario_net","twitter_misc":{"Escrito por":"Jeanette","Tiempo de lectura":"2 minutos"},"schema":{"@context":"https:\/\/schema.org","@graph":[{"@type":"Article","@id":"https:\/\/www.eldiario.net\/portal\/2021\/05\/18\/oea-cataloga-a-hamas-como-organizacion-terrorista\/#article","isPartOf":{"@id":"https:\/\/www.eldiario.net\/portal\/2021\/05\/18\/oea-cataloga-a-hamas-como-organizacion-terrorista\/"},"author":{"name":"Jeanette","@id":"https:\/\/www.eldiario.net\/portal\/#\/schema\/person\/f46445640444750d7d753ccd04ae01b7"},"headline":"OEA cataloga a Ham\u00e1s como \u00aborganizaci\u00f3n terrorista\u00bb","datePublished":"2021-05-18T09:05:34+00:00","mainEntityOfPage":{"@id":"https:\/\/www.eldiario.net\/portal\/2021\/05\/18\/oea-cataloga-a-hamas-como-organizacion-terrorista\/"},"wordCount":276,"publisher":{"@id":"https:\/\/www.eldiario.net\/portal\/#organization"},"image":{"@id":"https:\/\/www.eldiario.net\/portal\/2021\/05\/18\/oea-cataloga-a-hamas-como-organizacion-terrorista\/#primaryimage"},"thumbnailUrl":"https:\/\/www.eldiario.net\/portal\/wp-content\/uploads\/2021\/05\/INTE-OEA-cataloga-a-Hamas-como.jpg","articleSection":["Internacional"],"inLanguage":"es"},{"@type":"WebPage","@id":"https:\/\/www.eldiario.net\/portal\/2021\/05\/18\/oea-cataloga-a-hamas-como-organizacion-terrorista\/","url":"https:\/\/www.eldiario.net\/portal\/2021\/05\/18\/oea-cataloga-a-hamas-como-organizacion-terrorista\/","name":"OEA cataloga a Ham\u00e1s como \"organizaci\u00f3n terrorista\" - El Diario - Bolivia","isPartOf":{"@id":"https:\/\/www.eldiario.net\/portal\/#website"},"primaryImageOfPage":{"@id":"https:\/\/www.eldiario.net\/portal\/2021\/05\/18\/oea-cataloga-a-hamas-como-organizacion-terrorista\/#primaryimage"},"image":{"@id":"https:\/\/www.eldiario.net\/portal\/2021\/05\/18\/oea-cataloga-a-hamas-como-organizacion-terrorista\/#primaryimage"},"thumbnailUrl":"https:\/\/www.eldiario.net\/portal\/wp-content\/uploads\/2021\/05\/INTE-OEA-cataloga-a-Hamas-como.jpg","datePublished":"2021-05-18T09:05:34+00:00","breadcrumb":{"@id":"https:\/\/www.eldiario.net\/portal\/2021\/05\/18\/oea-cataloga-a-hamas-como-organizacion-terrorista\/#breadcrumb"},"inLanguage":"es","potentialAction":[{"@type":"ReadAction","target":["https:\/\/www.eldiario.net\/portal\/2021\/05\/18\/oea-cataloga-a-hamas-como-organizacion-terrorista\/"]}]},{"@type":"ImageObject","inLanguage":"es","@id":"https:\/\/www.eldiario.net\/portal\/2021\/05\/18\/oea-cataloga-a-hamas-como-organizacion-terrorista\/#primaryimage","url":"https:\/\/www.eldiario.net\/portal\/wp-content\/uploads\/2021\/05\/INTE-OEA-cataloga-a-Hamas-como.jpg","contentUrl":"https:\/\/www.eldiario.net\/portal\/wp-content\/uploads\/2021\/05\/INTE-OEA-cataloga-a-Hamas-como.jpg","width":1280,"height":1024},{"@type":"BreadcrumbList","@id":"https:\/\/www.eldiario.net\/portal\/2021\/05\/18\/oea-cataloga-a-hamas-como-organizacion-terrorista\/#breadcrumb","itemListElement":[{"@type":"ListItem","position":1,"name":"Portada","item":"https:\/\/www.eldiario.net\/portal\/"},{"@type":"ListItem","position":2,"name":"OEA cataloga a Ham\u00e1s como \u00aborganizaci\u00f3n terrorista\u00bb"}]},{"@type":"WebSite","@id":"https:\/\/www.eldiario.net\/portal\/#website","url":"https:\/\/www.eldiario.net\/portal\/","name":"El Diario - Decano de la prensa nacional","description":"El Diario - Decano de la prensa nacional","publisher":{"@id":"https:\/\/www.eldiario.net\/portal\/#organization"},"potentialAction":[{"@type":"SearchAction","target":{"@type":"EntryPoint","urlTemplate":"https:\/\/www.eldiario.net\/portal\/?s={search_term_string}"},"query-input":{"@type":"PropertyValueSpecification","valueRequired":true,"valueName":"search_term_string"}}],"inLanguage":"es"},{"@type":"Organization","@id":"https:\/\/www.eldiario.net\/portal\/#organization","name":"El Diario - Decano de la prensa nacional","url":"https:\/\/www.eldiario.net\/portal\/","logo":{"@type":"ImageObject","inLanguage":"es","@id":"https:\/\/www.eldiario.net\/portal\/#\/schema\/logo\/image\/","url":"https:\/\/www.eldiario.net\/portal\/wp-content\/uploads\/2023\/07\/logo_ED.jpg","contentUrl":"https:\/\/www.eldiario.net\/portal\/wp-content\/uploads\/2023\/07\/logo_ED.jpg","width":272,"height":52,"caption":"El Diario - Decano de la prensa nacional"},"image":{"@id":"https:\/\/www.eldiario.net\/portal\/#\/schema\/logo\/image\/"},"sameAs":["https:\/\/www.facebook.com\/eldiario.bolivia\/","https:\/\/x.com\/eldiario_net"]},{"@type":"Person","@id":"https:\/\/www.eldiario.net\/portal\/#\/schema\/person\/f46445640444750d7d753ccd04ae01b7","name":"Jeanette","image":{"@type":"ImageObject","inLanguage":"es","@id":"https:\/\/secure.gravatar.com\/avatar\/3ea2118a5f7dad2b7138b1187a6b7ee55f160b9968b66013c3a3ef39dd7e5798?s=96&d=mm&r=g","url":"https:\/\/secure.gravatar.com\/avatar\/3ea2118a5f7dad2b7138b1187a6b7ee55f160b9968b66013c3a3ef39dd7e5798?s=96&d=mm&r=g","contentUrl":"https:\/\/secure.gravatar.com\/avatar\/3ea2118a5f7dad2b7138b1187a6b7ee55f160b9968b66013c3a3ef39dd7e5798?s=96&d=mm&r=g","caption":"Jeanette"},"sameAs":["https:\/\/www.eldiario.net\/portal"],"url":"https:\/\/www.eldiario.net\/portal\/author\/jeanette\/"}]}},"_links":{"self":[{"href":"https:\/\/www.eldiario.net\/portal\/wp-json\/wp\/v2\/posts\/4590","targetHints":{"allow":["GET"]}}],"collection":[{"href":"https:\/\/www.eldiario.net\/portal\/wp-json\/wp\/v2\/posts"}],"about":[{"href":"https:\/\/www.eldiario.net\/portal\/wp-json\/wp\/v2\/types\/post"}],"author":[{"embeddable":true,"href":"https:\/\/www.eldiario.net\/portal\/wp-json\/wp\/v2\/users\/1"}],"replies":[{"embeddable":true,"href":"https:\/\/www.eldiario.net\/portal\/wp-json\/wp\/v2\/comments?post=4590"}],"version-history":[{"count":0,"href":"https:\/\/www.eldiario.net\/portal\/wp-json\/wp\/v2\/posts\/4590\/revisions"}],"wp:featuredmedia":[{"embeddable":true,"href":"https:\/\/www.eldiario.net\/portal\/wp-json\/wp\/v2\/media\/4591"}],"wp:attachment":[{"href":"https:\/\/www.eldiario.net\/portal\/wp-json\/wp\/v2\/media?parent=4590"}],"wp:term":[{"taxonomy":"category","embeddable":true,"href":"https:\/\/www.eldiario.net\/portal\/wp-json\/wp\/v2\/categories?post=4590"},{"taxonomy":"post_tag","embeddable":true,"href":"https:\/\/www.eldiario.net\/portal\/wp-json\/wp\/v2\/tags?post=4590"}],"curies":[{"name":"wp","href":"https:\/\/api.w.org\/{rel}","templated":true}]}}