{"id":4583,"date":"2021-05-18T05:02:43","date_gmt":"2021-05-18T09:02:43","guid":{"rendered":"https:\/\/www.eldiario.net\/portal\/?p=4583"},"modified":"2021-05-18T05:02:43","modified_gmt":"2021-05-18T09:02:43","slug":"embarazo-de-alto-riesgo","status":"publish","type":"post","link":"https:\/\/www.eldiario.net\/portal\/2021\/05\/18\/embarazo-de-alto-riesgo\/","title":{"rendered":"EMBARAZO DE ALTO RIESGO"},"content":{"rendered":"<p>RECORDEMOS QUE&#8230;<\/p>\n<p>El embarazo es el per\u00edodo que transcurre entre la concepci\u00f3n (fecundaci\u00f3n de un \u00f3vulo por un espermatozoide) y el parto; durante este per\u00edodo el \u00f3vulo fecundado se desarrolla en el \u00fatero. En los seres humanos, el embarazo dura aproximadamente 288 d\u00edas. Tambi\u00e9n se llama gestaci\u00f3n.<\/p>\n<p>Un embarazo de alto riesgo es aquel que tiene m\u00e1s posibilidades de complicaciones, tanto desde el punto de vista de la madre como para el feto. La presencia de UNO de los siguientes factores permite clasificar al embarazo como de alto riesgo:<\/p>\n<p>* Edad menor de 18 a\u00f1os o mayor de 35 a\u00f1os.<br \/>\n* Antecedente de ces\u00e1rea previa o que el beb\u00e9 anterior haya muerto antes de haber cumplido los siete d\u00edas de vida.<br \/>\n* Anemia cr\u00f3nica en la gestaci\u00f3n actual.<br \/>\n* Salida de sangre por los genitales.<br \/>\n* Salida de l\u00edquido por los genitales.<br \/>\n* Hipertensi\u00f3n arterial.<br \/>\n* Enfermedades cr\u00f3nicas como diabetes, tuberculosis, enfermedades del coraz\u00f3n y otras.<br \/>\n* Embarazos frecuentes menores a 2 a\u00f1os.<br \/>\n* Cuando la mujer ha tenido 5 o m\u00e1s partos.<\/p>\n<p><strong>Embarazo ect\u00f3pico<\/strong><\/p>\n<p>El embarazo ect\u00f3pico se desarrolla fuera del \u00fatero, por lo general en una de las trompas de Falopio, pero puede ser tambi\u00e9n en los ovarios, en el cuello uterino o en \u00f3rganos intra abdominales. Puede provocar dolor abdominal por el crecimiento del embri\u00f3n en la trompa o por una hemorragia abdominal interna. El embarazo ect\u00f3pico debe ser tratado mediante cirug\u00eda que consiste en la extirpaci\u00f3n de la trompa afectada ocasionando reducci\u00f3n de la fertilidad.<\/p>\n<p><strong>Embarazos en adolescentes<\/strong><\/p>\n<p>En Bolivia la poblaci\u00f3n adolescente de 10 a 19 a\u00f1os, representa alrededor del 23% de la poblaci\u00f3n total del pa\u00eds, del cual un 49% corresponde a adolescentes de sexo femenino, en quienes se estima, seg\u00fan datos de la Encuesta Nacional de Salud (ENDSA 2008), que cerca de un 18% ya son madres o est\u00e1n embarazadas.<\/p>\n<p>El embarazo en adolescentes puede tener consecuencias adversas para la salud, dentro de las consecuencias biom\u00e9dicas la ni\u00f1a adolescente embarazada es m\u00e1s propensa a sufrir toxemia de embarazo y desproporci\u00f3n cefalop\u00e9lvica (cuando los huesos de la pelvis no se han desarrollado completamente y tiene m\u00e1s probabilidades de tener un beb\u00e9 con bajo peso al nacer), las f\u00edstulas obst\u00e9tricas por un trabajo de parto prolongado u obstruido (es un orificio entre la vagina y la vejiga o el recto, lo cual produce que la mujer padezca de incontinencia cr\u00f3nica), mayores posibilidades de tener desnutrici\u00f3n y de dar a luz a hijos con bajo peso pues sus cuerpos a\u00fan no est\u00e1n del todo desarrollados, por esto sus necesidades de nutrientes son muy altas durante el embarazo. Por otro lado algunas ni\u00f1as temen decir que est\u00e1n embarazadas y por este motivo retrasan los cuidados prenatales.<\/p>\n<p>Estos peligros se pueden prevenir advirtiendo a ni\u00f1as y adolescentes el uso de los distintos m\u00e9todos anticonceptivos. En caso que se encuentren embarazadas se la debe observar y aconsejar.<\/p>\n<p><strong>Anemia durante el embarazo<\/strong><\/p>\n<p>El estado de anemia ya existente no es obst\u00e1culo para el embarazo, el 20 % de las mujeres pueden estar algo an\u00e9micas antes de concebir. La forma m\u00e1s com\u00fan de anemia se debe a la p\u00e9rdida de sangre durante la menstruaci\u00f3n, y es una anemia por deficiencia de hierro (cuando el nivel de hemoglobina es inferior a 12.8g\/dl). Antes de concebir es conveniente que la mujer con diagn\u00f3stico de anemia ferrop\u00e9nica consulte al m\u00e9dico, quien podr\u00e1 corregir f\u00e1cilmente la anemia por deficiencia de hierro con un tratamiento espec\u00edfico.<\/p>\n<p><strong>Diabetes mellitus gestacional<\/strong><\/p>\n<p>Es un tipo de diabetes que se desarrolla solo durante el embarazo y que suele desaparecer poco despu\u00e9s del parto. Los riesgos de este tipo de diabetes son menores y raramente se precisa insulina; con reducir la ingesta de az\u00facar suele ser suficiente.<\/p>\n<p>La complicaci\u00f3n principal en los hijos de madres con diabetes gestacional es la macrosom\u00eda fetal (ni\u00f1os con peso mayor de 4 kilos).<\/p>\n<p><strong>Hipertensi\u00f3n gestacional<\/strong><\/p>\n<p>La hipertensi\u00f3n gestacional, es el aumento de la presi\u00f3n arterial por encima de 140\/90mmHg, en una gestante sin diagn\u00f3stico previo, despu\u00e9s de las 20 semanas de embarazo. Si existe hipertensi\u00f3n previa al embarazo, requiere chequeo m\u00e9dico y tratamiento antes de la gestaci\u00f3n. Un aumento de la presi\u00f3n arterial a partir de la semana 20 del embarazo puede ser s\u00edntoma de preeclampsia, una afecci\u00f3n que potencialmente amenaza la vida de la gestante y el reci\u00e9n nacido.<\/p>\n<p><strong>Hemorragia preparto<\/strong><\/p>\n<p>Antes de las 20 semanas, una hemorragia vaginal puede terminar en un aborto. Despu\u00e9s, el feto se considera viable, es decir que podr\u00eda sobrevivir fuera del \u00fatero materno. La hemorragia durante las 24 semanas se conoce como hemorragia preparto, y las dos causas principales proceden de la placenta.<\/p>\n<p>Desprendimiento de placenta, si la placenta se desprende del \u00fatero, se producir\u00e1 hemorragia. La sangre se acumula hasta derramarse por el cuello del \u00fatero, va acompa\u00f1ado de dolor intenso y contracciones uterinas. Se considera una urgencia obst\u00e9trica, ya que pone en peligro la vida tanto de la madre como la del feto.<\/p>\n<p>Placenta previa, cuando la placenta est\u00e1 adherida a la parte inferior de la pared del \u00fatero, se denomina placenta previa. Si se encuentra total o parcialmente adherida sobre el cuello uterino, va acompa\u00f1ado de hemorragia generalmente nocturna y ausencia de movimientos fetales.<\/p>\n<p><strong>Cardiopat\u00eda<\/strong><\/p>\n<p>La mayor\u00eda de las mujeres con problemas cardiol\u00f3gicos llevan un embarazo estable, aunque a veces deban recurrir a los antibi\u00f3ticos para proteger sus arterias en el momento de dar a luz.<\/p>\n<p><strong>Signos y s\u00edntomas de alarma durante el embarazo<\/strong><\/p>\n<p>Los signos y s\u00edntomas de alarma son aquellos que deben conocer y tener presente todas las mujeres embarazadas para que acudan inmediatamente a su unidad de salud m\u00e1s cercana y reciban atenci\u00f3n oportuna.<\/p>\n<p>En cualquiera de estos casos, la vida de la embarazada y la del ni\u00f1o que lleva en su vientre, est\u00e1n en peligro.<\/p>\n<p>* Fuerte dolor de cabeza o zumbido en el o\u00eddo.<br \/>\n* Visi\u00f3n borrosa con puntos de lucecitas.<br \/>\n* N\u00e1useas y v\u00f3mitos frecuentes.<br \/>\n* Disminuci\u00f3n o ausencia de movimientos del ni\u00f1o.<br \/>\n* Palidez marcada.<br \/>\n* Hinchaz\u00f3n de pies, manos, cara.<br \/>\n* P\u00e9rdida de l\u00edquido o sangre por la vagina o genitales.<br \/>\n* Aumento de peso m\u00e1s de dos kilos por semana.<\/p>\n<p><img loading=\"lazy\" decoding=\"async\" class=\"alignleft wp-image-4585 size-full\" src=\"https:\/\/www.eldiario.net\/portal\/wp-content\/uploads\/2021\/05\/Bio-Adolescentes.jpg\" alt=\"\" width=\"640\" height=\"480\" \/><\/p>\n","protected":false},"excerpt":{"rendered":"<p>RECORDEMOS QUE&#8230; El embarazo es el per\u00edodo que transcurre entre la concepci\u00f3n (fecundaci\u00f3n de un \u00f3vulo por un espermatozoide) y el parto; durante este per\u00edodo el \u00f3vulo fecundado se desarrolla en el \u00fatero. En los seres humanos, el embarazo dura aproximadamente 288 d\u00edas. Tambi\u00e9n se llama gestaci\u00f3n. Un embarazo de alto riesgo es aquel que [&hellip;]<\/p>\n","protected":false},"author":1,"featured_media":4584,"comment_status":"closed","ping_status":"closed","sticky":false,"template":"","format":"standard","meta":{"_acf_changed":false,"footnotes":""},"categories":[43],"tags":[],"class_list":["post-4583","post","type-post","status-publish","format-standard","has-post-thumbnail","category-nuevos-horizontes"],"acf":{"antetitulo":""},"yoast_head":"<!-- This site is optimized with the Yoast SEO plugin v28.3 - https:\/\/yoast.com\/product\/yoast-seo-wordpress\/ -->\n<title>EMBARAZO DE ALTO RIESGO - El Diario - Bolivia<\/title>\n<meta name=\"robots\" content=\"index, follow, max-snippet:-1, max-image-preview:large, max-video-preview:-1\" \/>\n<link rel=\"canonical\" href=\"https:\/\/www.eldiario.net\/portal\/2021\/05\/18\/embarazo-de-alto-riesgo\/\" \/>\n<meta property=\"og:locale\" content=\"es_ES\" \/>\n<meta property=\"og:type\" content=\"article\" \/>\n<meta property=\"og:title\" content=\"EMBARAZO DE ALTO RIESGO - El Diario - Bolivia\" \/>\n<meta property=\"og:description\" content=\"RECORDEMOS QUE&#8230; El embarazo es el per\u00edodo que transcurre entre la concepci\u00f3n (fecundaci\u00f3n de un \u00f3vulo por un espermatozoide) y el parto; durante este per\u00edodo el \u00f3vulo fecundado se desarrolla en el \u00fatero. En los seres humanos, el embarazo dura aproximadamente 288 d\u00edas. Tambi\u00e9n se llama gestaci\u00f3n. Un embarazo de alto riesgo es aquel que [&hellip;]\" \/>\n<meta property=\"og:url\" content=\"https:\/\/www.eldiario.net\/portal\/2021\/05\/18\/embarazo-de-alto-riesgo\/\" \/>\n<meta property=\"og:site_name\" content=\"El Diario - Bolivia\" \/>\n<meta property=\"article:publisher\" content=\"https:\/\/www.facebook.com\/eldiario.bolivia\/\" \/>\n<meta property=\"article:published_time\" content=\"2021-05-18T09:02:43+00:00\" \/>\n<meta property=\"og:image\" content=\"https:\/\/www.eldiario.net\/portal\/wp-content\/uploads\/2021\/05\/Bio-Semaforo.png\" \/>\n\t<meta property=\"og:image:width\" content=\"960\" \/>\n\t<meta property=\"og:image:height\" content=\"720\" \/>\n\t<meta property=\"og:image:type\" content=\"image\/png\" \/>\n<meta name=\"author\" content=\"Jeanette\" \/>\n<meta name=\"twitter:card\" content=\"summary_large_image\" \/>\n<meta name=\"twitter:creator\" content=\"@eldiario_net\" \/>\n<meta name=\"twitter:site\" content=\"@eldiario_net\" \/>\n<meta name=\"twitter:label1\" content=\"Escrito por\" \/>\n\t<meta name=\"twitter:data1\" content=\"Jeanette\" \/>\n\t<meta name=\"twitter:label2\" content=\"Tiempo de lectura\" \/>\n\t<meta name=\"twitter:data2\" content=\"5 minutos\" \/>\n<script type=\"application\/ld+json\" class=\"yoast-schema-graph\">{\"@context\":\"https:\\\/\\\/schema.org\",\"@graph\":[{\"@type\":\"Article\",\"@id\":\"https:\\\/\\\/www.eldiario.net\\\/portal\\\/2021\\\/05\\\/18\\\/embarazo-de-alto-riesgo\\\/#article\",\"isPartOf\":{\"@id\":\"https:\\\/\\\/www.eldiario.net\\\/portal\\\/2021\\\/05\\\/18\\\/embarazo-de-alto-riesgo\\\/\"},\"author\":{\"name\":\"Jeanette\",\"@id\":\"https:\\\/\\\/www.eldiario.net\\\/portal\\\/#\\\/schema\\\/person\\\/f46445640444750d7d753ccd04ae01b7\"},\"headline\":\"EMBARAZO DE ALTO RIESGO\",\"datePublished\":\"2021-05-18T09:02:43+00:00\",\"mainEntityOfPage\":{\"@id\":\"https:\\\/\\\/www.eldiario.net\\\/portal\\\/2021\\\/05\\\/18\\\/embarazo-de-alto-riesgo\\\/\"},\"wordCount\":1087,\"publisher\":{\"@id\":\"https:\\\/\\\/www.eldiario.net\\\/portal\\\/#organization\"},\"image\":{\"@id\":\"https:\\\/\\\/www.eldiario.net\\\/portal\\\/2021\\\/05\\\/18\\\/embarazo-de-alto-riesgo\\\/#primaryimage\"},\"thumbnailUrl\":\"https:\\\/\\\/www.eldiario.net\\\/portal\\\/wp-content\\\/uploads\\\/2021\\\/05\\\/Bio-Semaforo.png\",\"articleSection\":[\"Nuevos Horizontes\"],\"inLanguage\":\"es\"},{\"@type\":\"WebPage\",\"@id\":\"https:\\\/\\\/www.eldiario.net\\\/portal\\\/2021\\\/05\\\/18\\\/embarazo-de-alto-riesgo\\\/\",\"url\":\"https:\\\/\\\/www.eldiario.net\\\/portal\\\/2021\\\/05\\\/18\\\/embarazo-de-alto-riesgo\\\/\",\"name\":\"EMBARAZO DE ALTO RIESGO - El Diario - Bolivia\",\"isPartOf\":{\"@id\":\"https:\\\/\\\/www.eldiario.net\\\/portal\\\/#website\"},\"primaryImageOfPage\":{\"@id\":\"https:\\\/\\\/www.eldiario.net\\\/portal\\\/2021\\\/05\\\/18\\\/embarazo-de-alto-riesgo\\\/#primaryimage\"},\"image\":{\"@id\":\"https:\\\/\\\/www.eldiario.net\\\/portal\\\/2021\\\/05\\\/18\\\/embarazo-de-alto-riesgo\\\/#primaryimage\"},\"thumbnailUrl\":\"https:\\\/\\\/www.eldiario.net\\\/portal\\\/wp-content\\\/uploads\\\/2021\\\/05\\\/Bio-Semaforo.png\",\"datePublished\":\"2021-05-18T09:02:43+00:00\",\"breadcrumb\":{\"@id\":\"https:\\\/\\\/www.eldiario.net\\\/portal\\\/2021\\\/05\\\/18\\\/embarazo-de-alto-riesgo\\\/#breadcrumb\"},\"inLanguage\":\"es\",\"potentialAction\":[{\"@type\":\"ReadAction\",\"target\":[\"https:\\\/\\\/www.eldiario.net\\\/portal\\\/2021\\\/05\\\/18\\\/embarazo-de-alto-riesgo\\\/\"]}]},{\"@type\":\"ImageObject\",\"inLanguage\":\"es\",\"@id\":\"https:\\\/\\\/www.eldiario.net\\\/portal\\\/2021\\\/05\\\/18\\\/embarazo-de-alto-riesgo\\\/#primaryimage\",\"url\":\"https:\\\/\\\/www.eldiario.net\\\/portal\\\/wp-content\\\/uploads\\\/2021\\\/05\\\/Bio-Semaforo.png\",\"contentUrl\":\"https:\\\/\\\/www.eldiario.net\\\/portal\\\/wp-content\\\/uploads\\\/2021\\\/05\\\/Bio-Semaforo.png\",\"width\":960,\"height\":720},{\"@type\":\"BreadcrumbList\",\"@id\":\"https:\\\/\\\/www.eldiario.net\\\/portal\\\/2021\\\/05\\\/18\\\/embarazo-de-alto-riesgo\\\/#breadcrumb\",\"itemListElement\":[{\"@type\":\"ListItem\",\"position\":1,\"name\":\"Portada\",\"item\":\"https:\\\/\\\/www.eldiario.net\\\/portal\\\/\"},{\"@type\":\"ListItem\",\"position\":2,\"name\":\"EMBARAZO DE ALTO RIESGO\"}]},{\"@type\":\"WebSite\",\"@id\":\"https:\\\/\\\/www.eldiario.net\\\/portal\\\/#website\",\"url\":\"https:\\\/\\\/www.eldiario.net\\\/portal\\\/\",\"name\":\"El Diario - Decano de la prensa nacional\",\"description\":\"El Diario - Decano de la prensa nacional\",\"publisher\":{\"@id\":\"https:\\\/\\\/www.eldiario.net\\\/portal\\\/#organization\"},\"potentialAction\":[{\"@type\":\"SearchAction\",\"target\":{\"@type\":\"EntryPoint\",\"urlTemplate\":\"https:\\\/\\\/www.eldiario.net\\\/portal\\\/?s={search_term_string}\"},\"query-input\":{\"@type\":\"PropertyValueSpecification\",\"valueRequired\":true,\"valueName\":\"search_term_string\"}}],\"inLanguage\":\"es\"},{\"@type\":\"Organization\",\"@id\":\"https:\\\/\\\/www.eldiario.net\\\/portal\\\/#organization\",\"name\":\"El Diario - Decano de la prensa nacional\",\"url\":\"https:\\\/\\\/www.eldiario.net\\\/portal\\\/\",\"logo\":{\"@type\":\"ImageObject\",\"inLanguage\":\"es\",\"@id\":\"https:\\\/\\\/www.eldiario.net\\\/portal\\\/#\\\/schema\\\/logo\\\/image\\\/\",\"url\":\"https:\\\/\\\/www.eldiario.net\\\/portal\\\/wp-content\\\/uploads\\\/2023\\\/07\\\/logo_ED.jpg\",\"contentUrl\":\"https:\\\/\\\/www.eldiario.net\\\/portal\\\/wp-content\\\/uploads\\\/2023\\\/07\\\/logo_ED.jpg\",\"width\":272,\"height\":52,\"caption\":\"El Diario - Decano de la prensa nacional\"},\"image\":{\"@id\":\"https:\\\/\\\/www.eldiario.net\\\/portal\\\/#\\\/schema\\\/logo\\\/image\\\/\"},\"sameAs\":[\"https:\\\/\\\/www.facebook.com\\\/eldiario.bolivia\\\/\",\"https:\\\/\\\/x.com\\\/eldiario_net\"]},{\"@type\":\"Person\",\"@id\":\"https:\\\/\\\/www.eldiario.net\\\/portal\\\/#\\\/schema\\\/person\\\/f46445640444750d7d753ccd04ae01b7\",\"name\":\"Jeanette\",\"image\":{\"@type\":\"ImageObject\",\"inLanguage\":\"es\",\"@id\":\"https:\\\/\\\/secure.gravatar.com\\\/avatar\\\/3ea2118a5f7dad2b7138b1187a6b7ee55f160b9968b66013c3a3ef39dd7e5798?s=96&d=mm&r=g\",\"url\":\"https:\\\/\\\/secure.gravatar.com\\\/avatar\\\/3ea2118a5f7dad2b7138b1187a6b7ee55f160b9968b66013c3a3ef39dd7e5798?s=96&d=mm&r=g\",\"contentUrl\":\"https:\\\/\\\/secure.gravatar.com\\\/avatar\\\/3ea2118a5f7dad2b7138b1187a6b7ee55f160b9968b66013c3a3ef39dd7e5798?s=96&d=mm&r=g\",\"caption\":\"Jeanette\"},\"sameAs\":[\"https:\\\/\\\/www.eldiario.net\\\/portal\"],\"url\":\"https:\\\/\\\/www.eldiario.net\\\/portal\\\/author\\\/jeanette\\\/\"}]}<\/script>\n<!-- \/ Yoast SEO plugin. -->","yoast_head_json":{"title":"EMBARAZO DE ALTO RIESGO - El Diario - Bolivia","robots":{"index":"index","follow":"follow","max-snippet":"max-snippet:-1","max-image-preview":"max-image-preview:large","max-video-preview":"max-video-preview:-1"},"canonical":"https:\/\/www.eldiario.net\/portal\/2021\/05\/18\/embarazo-de-alto-riesgo\/","og_locale":"es_ES","og_type":"article","og_title":"EMBARAZO DE ALTO RIESGO - El Diario - Bolivia","og_description":"RECORDEMOS QUE&#8230; El embarazo es el per\u00edodo que transcurre entre la concepci\u00f3n (fecundaci\u00f3n de un \u00f3vulo por un espermatozoide) y el parto; durante este per\u00edodo el \u00f3vulo fecundado se desarrolla en el \u00fatero. En los seres humanos, el embarazo dura aproximadamente 288 d\u00edas. Tambi\u00e9n se llama gestaci\u00f3n. Un embarazo de alto riesgo es aquel que [&hellip;]","og_url":"https:\/\/www.eldiario.net\/portal\/2021\/05\/18\/embarazo-de-alto-riesgo\/","og_site_name":"El Diario - Bolivia","article_publisher":"https:\/\/www.facebook.com\/eldiario.bolivia\/","article_published_time":"2021-05-18T09:02:43+00:00","og_image":[{"width":960,"height":720,"url":"https:\/\/www.eldiario.net\/portal\/wp-content\/uploads\/2021\/05\/Bio-Semaforo.png","type":"image\/png"}],"author":"Jeanette","twitter_card":"summary_large_image","twitter_creator":"@eldiario_net","twitter_site":"@eldiario_net","twitter_misc":{"Escrito por":"Jeanette","Tiempo de lectura":"5 minutos"},"schema":{"@context":"https:\/\/schema.org","@graph":[{"@type":"Article","@id":"https:\/\/www.eldiario.net\/portal\/2021\/05\/18\/embarazo-de-alto-riesgo\/#article","isPartOf":{"@id":"https:\/\/www.eldiario.net\/portal\/2021\/05\/18\/embarazo-de-alto-riesgo\/"},"author":{"name":"Jeanette","@id":"https:\/\/www.eldiario.net\/portal\/#\/schema\/person\/f46445640444750d7d753ccd04ae01b7"},"headline":"EMBARAZO DE ALTO RIESGO","datePublished":"2021-05-18T09:02:43+00:00","mainEntityOfPage":{"@id":"https:\/\/www.eldiario.net\/portal\/2021\/05\/18\/embarazo-de-alto-riesgo\/"},"wordCount":1087,"publisher":{"@id":"https:\/\/www.eldiario.net\/portal\/#organization"},"image":{"@id":"https:\/\/www.eldiario.net\/portal\/2021\/05\/18\/embarazo-de-alto-riesgo\/#primaryimage"},"thumbnailUrl":"https:\/\/www.eldiario.net\/portal\/wp-content\/uploads\/2021\/05\/Bio-Semaforo.png","articleSection":["Nuevos Horizontes"],"inLanguage":"es"},{"@type":"WebPage","@id":"https:\/\/www.eldiario.net\/portal\/2021\/05\/18\/embarazo-de-alto-riesgo\/","url":"https:\/\/www.eldiario.net\/portal\/2021\/05\/18\/embarazo-de-alto-riesgo\/","name":"EMBARAZO DE ALTO RIESGO - El Diario - Bolivia","isPartOf":{"@id":"https:\/\/www.eldiario.net\/portal\/#website"},"primaryImageOfPage":{"@id":"https:\/\/www.eldiario.net\/portal\/2021\/05\/18\/embarazo-de-alto-riesgo\/#primaryimage"},"image":{"@id":"https:\/\/www.eldiario.net\/portal\/2021\/05\/18\/embarazo-de-alto-riesgo\/#primaryimage"},"thumbnailUrl":"https:\/\/www.eldiario.net\/portal\/wp-content\/uploads\/2021\/05\/Bio-Semaforo.png","datePublished":"2021-05-18T09:02:43+00:00","breadcrumb":{"@id":"https:\/\/www.eldiario.net\/portal\/2021\/05\/18\/embarazo-de-alto-riesgo\/#breadcrumb"},"inLanguage":"es","potentialAction":[{"@type":"ReadAction","target":["https:\/\/www.eldiario.net\/portal\/2021\/05\/18\/embarazo-de-alto-riesgo\/"]}]},{"@type":"ImageObject","inLanguage":"es","@id":"https:\/\/www.eldiario.net\/portal\/2021\/05\/18\/embarazo-de-alto-riesgo\/#primaryimage","url":"https:\/\/www.eldiario.net\/portal\/wp-content\/uploads\/2021\/05\/Bio-Semaforo.png","contentUrl":"https:\/\/www.eldiario.net\/portal\/wp-content\/uploads\/2021\/05\/Bio-Semaforo.png","width":960,"height":720},{"@type":"BreadcrumbList","@id":"https:\/\/www.eldiario.net\/portal\/2021\/05\/18\/embarazo-de-alto-riesgo\/#breadcrumb","itemListElement":[{"@type":"ListItem","position":1,"name":"Portada","item":"https:\/\/www.eldiario.net\/portal\/"},{"@type":"ListItem","position":2,"name":"EMBARAZO DE ALTO RIESGO"}]},{"@type":"WebSite","@id":"https:\/\/www.eldiario.net\/portal\/#website","url":"https:\/\/www.eldiario.net\/portal\/","name":"El Diario - Decano de la prensa nacional","description":"El Diario - Decano de la prensa nacional","publisher":{"@id":"https:\/\/www.eldiario.net\/portal\/#organization"},"potentialAction":[{"@type":"SearchAction","target":{"@type":"EntryPoint","urlTemplate":"https:\/\/www.eldiario.net\/portal\/?s={search_term_string}"},"query-input":{"@type":"PropertyValueSpecification","valueRequired":true,"valueName":"search_term_string"}}],"inLanguage":"es"},{"@type":"Organization","@id":"https:\/\/www.eldiario.net\/portal\/#organization","name":"El Diario - Decano de la prensa nacional","url":"https:\/\/www.eldiario.net\/portal\/","logo":{"@type":"ImageObject","inLanguage":"es","@id":"https:\/\/www.eldiario.net\/portal\/#\/schema\/logo\/image\/","url":"https:\/\/www.eldiario.net\/portal\/wp-content\/uploads\/2023\/07\/logo_ED.jpg","contentUrl":"https:\/\/www.eldiario.net\/portal\/wp-content\/uploads\/2023\/07\/logo_ED.jpg","width":272,"height":52,"caption":"El Diario - Decano de la prensa nacional"},"image":{"@id":"https:\/\/www.eldiario.net\/portal\/#\/schema\/logo\/image\/"},"sameAs":["https:\/\/www.facebook.com\/eldiario.bolivia\/","https:\/\/x.com\/eldiario_net"]},{"@type":"Person","@id":"https:\/\/www.eldiario.net\/portal\/#\/schema\/person\/f46445640444750d7d753ccd04ae01b7","name":"Jeanette","image":{"@type":"ImageObject","inLanguage":"es","@id":"https:\/\/secure.gravatar.com\/avatar\/3ea2118a5f7dad2b7138b1187a6b7ee55f160b9968b66013c3a3ef39dd7e5798?s=96&d=mm&r=g","url":"https:\/\/secure.gravatar.com\/avatar\/3ea2118a5f7dad2b7138b1187a6b7ee55f160b9968b66013c3a3ef39dd7e5798?s=96&d=mm&r=g","contentUrl":"https:\/\/secure.gravatar.com\/avatar\/3ea2118a5f7dad2b7138b1187a6b7ee55f160b9968b66013c3a3ef39dd7e5798?s=96&d=mm&r=g","caption":"Jeanette"},"sameAs":["https:\/\/www.eldiario.net\/portal"],"url":"https:\/\/www.eldiario.net\/portal\/author\/jeanette\/"}]}},"_links":{"self":[{"href":"https:\/\/www.eldiario.net\/portal\/wp-json\/wp\/v2\/posts\/4583","targetHints":{"allow":["GET"]}}],"collection":[{"href":"https:\/\/www.eldiario.net\/portal\/wp-json\/wp\/v2\/posts"}],"about":[{"href":"https:\/\/www.eldiario.net\/portal\/wp-json\/wp\/v2\/types\/post"}],"author":[{"embeddable":true,"href":"https:\/\/www.eldiario.net\/portal\/wp-json\/wp\/v2\/users\/1"}],"replies":[{"embeddable":true,"href":"https:\/\/www.eldiario.net\/portal\/wp-json\/wp\/v2\/comments?post=4583"}],"version-history":[{"count":0,"href":"https:\/\/www.eldiario.net\/portal\/wp-json\/wp\/v2\/posts\/4583\/revisions"}],"wp:featuredmedia":[{"embeddable":true,"href":"https:\/\/www.eldiario.net\/portal\/wp-json\/wp\/v2\/media\/4584"}],"wp:attachment":[{"href":"https:\/\/www.eldiario.net\/portal\/wp-json\/wp\/v2\/media?parent=4583"}],"wp:term":[{"taxonomy":"category","embeddable":true,"href":"https:\/\/www.eldiario.net\/portal\/wp-json\/wp\/v2\/categories?post=4583"},{"taxonomy":"post_tag","embeddable":true,"href":"https:\/\/www.eldiario.net\/portal\/wp-json\/wp\/v2\/tags?post=4583"}],"curies":[{"name":"wp","href":"https:\/\/api.w.org\/{rel}","templated":true}]}}