{"id":4580,"date":"2021-05-18T05:00:01","date_gmt":"2021-05-18T09:00:01","guid":{"rendered":"https:\/\/www.eldiario.net\/portal\/?p=4580"},"modified":"2021-05-18T05:00:01","modified_gmt":"2021-05-18T09:00:01","slug":"la-investigacion-cientifica-2","status":"publish","type":"post","link":"https:\/\/www.eldiario.net\/portal\/2021\/05\/18\/la-investigacion-cientifica-2\/","title":{"rendered":"LA INVESTIGACI\u00d3N CIENT\u00cdFICA"},"content":{"rendered":"<p>RECORDEMOS QUE&#8230;<\/p>\n<p>La Investigaci\u00f3n Cient\u00edfica es un proceso ordenado y sistem\u00e1tico de indagaci\u00f3n en el cual, mediante la aplicaci\u00f3n rigurosa de un conjunto de m\u00e9todos y criterios, se persigue el estudio, an\u00e1lisis o indagaci\u00f3n en torno a un asunto o tema, con el objetivo subsecuente de aumentar, ampliar o desarrollar el conocimiento que se tiene de este; es decir, que a trav\u00e9s de la observaci\u00f3n, reflexi\u00f3n, control y medici\u00f3n se puede generar o aportar conocimientos cient\u00edficos.<\/p>\n<p><strong>Planteamiento del Problema<\/strong><\/p>\n<p>Se dice que todo problema aparece a ra\u00edz de una dificultad; esta se origina a partir de una necesidad, en la cual aparecen dificultades sin resolver. De ah\u00ed, la necesidad de hacer un planteamiento adecuado del problema a fin de no confundir efectos secundarios del problema con la realidad que se investiga. Por tanto, el planteamiento establece la direcci\u00f3n del estudio para lograr ciertos objetivos, de manera que los datos pertinentes se recolectan teniendo en mente esos objetivos a fin de darles el significado que corresponde.<\/p>\n<p>Debe haber objetividad ante la dificultad como actitud b\u00e1sica del investigador, un problema de investigaci\u00f3n no debe ser afectado por la subjetividad del investigador; la investigaci\u00f3n no pretende resolver problemas personales, a no ser que estos sean el objeto de la investigaci\u00f3n.<\/p>\n<p>El planteamiento del problema pone de manifiesto tres aspectos que deben tenerse en cuenta desde un principio:<\/p>\n<p><strong>Descripci\u00f3n del problema<\/strong><\/p>\n<p>No se pueden plantear problemas de investigaci\u00f3n a espaldas de la realidad que se investiga. Un problema investigable es un punto de conflicto conectado con una situaci\u00f3n de dificultad en la que hay una duda por resolver y pueden preverse dos o m\u00e1s soluciones.<\/p>\n<p>La descripci\u00f3n del problema es la ambientaci\u00f3n de la realidad del problema, en relaci\u00f3n con el medio dentro del cual aparece. Implica conocimiento m\u00e1s o menos adecuado a la realidad. La descripci\u00f3n presenta todos aquellos puntos que unen circunstancias, problema en relaci\u00f3n con la investigaci\u00f3n. Cuando se describe un problema se hace ambientaci\u00f3n de todas aquellas caracter\u00edsticas que presentan incidencia en el tratamiento del problema.<\/p>\n<p>El reconocimiento de una situaci\u00f3n problem\u00e1tica proporciona un punto de partida, pero antes es necesario aislar, pensar y aclarar los hechos que originan el problema. El investigador debe determinar l\u00edmites razonables, para lo cual puede descomponer la pregunta original en varios interrogantes secundarios.<\/p>\n<p>Cuando el investigador describe su problema presenta los antecedentes del estudio, las teor\u00edas en las que se bas\u00f3 y los supuestos b\u00e1sicos en los que se apoya el enunciado del problema. Debe aclarar en particular qu\u00e9 personas, situaciones, materiales, factores y causas ser\u00e1n consideradas o no. Un enunciado completo del problema incluye todos los hechos, relaciones y explicaciones que sean importantes en la investigaci\u00f3n. Hay que encuadrarlo en un enunciado descriptivo o en una pregunta que indique con claridad qu\u00e9 informaci\u00f3n ha de obtener el investigador para resolver el problema.<\/p>\n<p>El flujo del planteamiento del problema pone de manifiesto la necesidad que existe de conectar una dificultad espec\u00edfica con una serie de dificultades. Para determinar una dificultad espec\u00edfica en su localizaci\u00f3n espacio &#8211; temporal dentro de la complejidad de una situaci\u00f3n problem\u00e1tica, se debe ir seleccionando los diversos aspectos que inciden en ella; es decir, individualizar los puntos de conflicto en la forma m\u00e1s correcta posible.<\/p>\n<p>Ante una dificultad problem\u00e1tica de posible investigaci\u00f3n, hay que ser plenamente objetivo, es necesario tomarse el tiempo suficiente para entender y comprender la complejidad de la dificultad. Conociendo el contexto o circunstancias en el cual aparece la dificultad, se puede llegar a determinar los factores de la realidad del problema y as\u00ed describir y formular adecuadamente el problema. Es decir, las circunstancias presentan el contexto en al cual aparece la dificultad, y esta da origen y orienta al problema. Por ello, el problema es la relaci\u00f3n existente entre dificultad y circunstancia.<\/p>\n<p>Una vez concretados los puntos del conflicto conviene juzgarlos no desde el punto de vista de si son buenos o malos, sino en relaci\u00f3n con la dificultad que se estudia. No se trata de valorar la dificultad sino de enfrentarse a ella; conviene por tanto mirar los puntos del conflicto en raz\u00f3n de su proyecci\u00f3n de los problemas de investigaci\u00f3n. Un punto de conflicto es la situaci\u00f3n de dificultad ante la que pueda uno encontrarse, no es un problema investigable a no ser que haya duda acerca de la soluci\u00f3n que conviene aplicar.<\/p>\n<p>Si ya se tiene o se ha determinado el modo como hay que resolver el conflicto, no es necesario investigar m\u00e1s; es decir, si obteniendo en la investigaci\u00f3n el resultado que sea, se va a tomar al final una decisi\u00f3n predeterminada inicialmente, \u00bfqu\u00e9 sentido tendr\u00e1 la investigaci\u00f3n?<\/p>\n<p>Para que sea un problema investigable, un punto de conflicto ha de implicar la existencia y conocimiento de dos posibles soluciones o m\u00e1s, entre las que no hay una preferencia espec\u00edfica, pues, de existir esta, \u00bfqu\u00e9 fin tendr\u00eda la investigaci\u00f3n?<\/p>\n<p>Siempre para que un punto de conflicto sea un problema investigaba, habr\u00e1 que encontrar diversas soluciones posibles y tener una duda razonable sobre cu\u00e1l es la mejor; es decir, una duda que nos prepare para admitir que la soluci\u00f3n mejor es una de la cual no habr\u00edamos sospechado al principio y cuya presencia result\u00f3 de la investigaci\u00f3n.<\/p>\n<p>Detectado el punto de conflicto y sus posibles soluciones, y si se presenta duda razonable sobre cu\u00e1l ser\u00e1 la mejor, se estar\u00e1 frente a un problema investigable. Por tanto, despu\u00e9s de afrontar situaciones de dificultad y de haber conocido diversos aspectos y observado su contexto, debemos procurar detectar uno o m\u00e1s problemas investigables. Al identificar el problema investigable adquirimos un conocimiento nuevo frente a la situaci\u00f3n de dificultad, y ese conocimiento encauza hacia la soluci\u00f3n del conflicto planteado por la dificultad. El investigador tiene que llegar a conocer mejor, en su conjunto, la situaci\u00f3n de dificultad que aquellas personas que est\u00e1n dentro de ella. En este sentido es fundamental la experiencia en el terreno o ciencia sobre la cual se va a investigar.<\/p>\n<p>Muchas veces ocurre que los problemas no son investigables; es decir, se encuentran demasiado confusos debido a que la situaci\u00f3n de dificultad es extremadamente complicada, tanto desde el punto de vista te\u00f3rico como pr\u00e1ctico, hasta el punto que se hace imposible plantear un problema investigable.<\/p>\n<p>En relaci\u00f3n con la descripci\u00f3n y an\u00e1lisis de una situaci\u00f3n problem\u00e1tica, se sugiere tener en cuenta los siguientes aspectos:<\/p>\n<p>* Reunir los hechos en relaci\u00f3n con el problema.<br \/>\n* Determinar la importancia de los hechos.<br \/>\n* Identificar las posibles relaciones existentes entre los hechos que pudieran indicar la causa de la dificultad.<br \/>\n* Proponer explicaciones de la causa de la dificultad y determinar su importancia para el problema.<br \/>\n* Encontrar, entre las explicaciones, aquellas relaciones que permitan adquirir una visi\u00f3n m\u00e1s amplia de la soluci\u00f3n del problema.<br \/>\n* Hallar relaciones entre hechos y explicaciones.<br \/>\n* Analizar los supuestos en que se apoyan los elementos identificados.<\/p>\n","protected":false},"excerpt":{"rendered":"<p>RECORDEMOS QUE&#8230; La Investigaci\u00f3n Cient\u00edfica es un proceso ordenado y sistem\u00e1tico de indagaci\u00f3n en el cual, mediante la aplicaci\u00f3n rigurosa de un conjunto de m\u00e9todos y criterios, se persigue el estudio, an\u00e1lisis o indagaci\u00f3n en torno a un asunto o tema, con el objetivo subsecuente de aumentar, ampliar o desarrollar el conocimiento que se tiene [&hellip;]<\/p>\n","protected":false},"author":1,"featured_media":4581,"comment_status":"closed","ping_status":"closed","sticky":false,"template":"","format":"standard","meta":{"_acf_changed":false,"footnotes":""},"categories":[43],"tags":[],"class_list":["post-4580","post","type-post","status-publish","format-standard","has-post-thumbnail","category-nuevos-horizontes"],"acf":{"antetitulo":""},"yoast_head":"<!-- This site is optimized with the Yoast SEO plugin v28.3 - https:\/\/yoast.com\/product\/yoast-seo-wordpress\/ -->\n<title>LA INVESTIGACI\u00d3N CIENT\u00cdFICA - El Diario - Bolivia<\/title>\n<meta name=\"robots\" content=\"index, follow, max-snippet:-1, max-image-preview:large, max-video-preview:-1\" \/>\n<link rel=\"canonical\" href=\"https:\/\/www.eldiario.net\/portal\/2021\/05\/18\/la-investigacion-cientifica-2\/\" \/>\n<meta property=\"og:locale\" content=\"es_ES\" \/>\n<meta property=\"og:type\" content=\"article\" \/>\n<meta property=\"og:title\" content=\"LA INVESTIGACI\u00d3N CIENT\u00cdFICA - El Diario - Bolivia\" \/>\n<meta property=\"og:description\" content=\"RECORDEMOS QUE&#8230; La Investigaci\u00f3n Cient\u00edfica es un proceso ordenado y sistem\u00e1tico de indagaci\u00f3n en el cual, mediante la aplicaci\u00f3n rigurosa de un conjunto de m\u00e9todos y criterios, se persigue el estudio, an\u00e1lisis o indagaci\u00f3n en torno a un asunto o tema, con el objetivo subsecuente de aumentar, ampliar o desarrollar el conocimiento que se tiene [&hellip;]\" \/>\n<meta property=\"og:url\" content=\"https:\/\/www.eldiario.net\/portal\/2021\/05\/18\/la-investigacion-cientifica-2\/\" \/>\n<meta property=\"og:site_name\" content=\"El Diario - Bolivia\" \/>\n<meta property=\"article:publisher\" content=\"https:\/\/www.facebook.com\/eldiario.bolivia\/\" \/>\n<meta property=\"article:published_time\" content=\"2021-05-18T09:00:01+00:00\" \/>\n<meta name=\"author\" content=\"Jeanette\" \/>\n<meta name=\"twitter:card\" content=\"summary_large_image\" \/>\n<meta name=\"twitter:creator\" content=\"@eldiario_net\" \/>\n<meta name=\"twitter:site\" content=\"@eldiario_net\" \/>\n<meta name=\"twitter:label1\" content=\"Escrito por\" \/>\n\t<meta name=\"twitter:data1\" content=\"Jeanette\" \/>\n\t<meta name=\"twitter:label2\" content=\"Tiempo de lectura\" \/>\n\t<meta name=\"twitter:data2\" content=\"5 minutos\" \/>\n<script type=\"application\/ld+json\" class=\"yoast-schema-graph\">{\"@context\":\"https:\\\/\\\/schema.org\",\"@graph\":[{\"@type\":\"Article\",\"@id\":\"https:\\\/\\\/www.eldiario.net\\\/portal\\\/2021\\\/05\\\/18\\\/la-investigacion-cientifica-2\\\/#article\",\"isPartOf\":{\"@id\":\"https:\\\/\\\/www.eldiario.net\\\/portal\\\/2021\\\/05\\\/18\\\/la-investigacion-cientifica-2\\\/\"},\"author\":{\"name\":\"Jeanette\",\"@id\":\"https:\\\/\\\/www.eldiario.net\\\/portal\\\/#\\\/schema\\\/person\\\/f46445640444750d7d753ccd04ae01b7\"},\"headline\":\"LA INVESTIGACI\u00d3N CIENT\u00cdFICA\",\"datePublished\":\"2021-05-18T09:00:01+00:00\",\"mainEntityOfPage\":{\"@id\":\"https:\\\/\\\/www.eldiario.net\\\/portal\\\/2021\\\/05\\\/18\\\/la-investigacion-cientifica-2\\\/\"},\"wordCount\":1220,\"publisher\":{\"@id\":\"https:\\\/\\\/www.eldiario.net\\\/portal\\\/#organization\"},\"image\":{\"@id\":\"https:\\\/\\\/www.eldiario.net\\\/portal\\\/2021\\\/05\\\/18\\\/la-investigacion-cientifica-2\\\/#primaryimage\"},\"thumbnailUrl\":\"\",\"articleSection\":[\"Nuevos Horizontes\"],\"inLanguage\":\"es\"},{\"@type\":\"WebPage\",\"@id\":\"https:\\\/\\\/www.eldiario.net\\\/portal\\\/2021\\\/05\\\/18\\\/la-investigacion-cientifica-2\\\/\",\"url\":\"https:\\\/\\\/www.eldiario.net\\\/portal\\\/2021\\\/05\\\/18\\\/la-investigacion-cientifica-2\\\/\",\"name\":\"LA INVESTIGACI\u00d3N CIENT\u00cdFICA - El Diario - Bolivia\",\"isPartOf\":{\"@id\":\"https:\\\/\\\/www.eldiario.net\\\/portal\\\/#website\"},\"primaryImageOfPage\":{\"@id\":\"https:\\\/\\\/www.eldiario.net\\\/portal\\\/2021\\\/05\\\/18\\\/la-investigacion-cientifica-2\\\/#primaryimage\"},\"image\":{\"@id\":\"https:\\\/\\\/www.eldiario.net\\\/portal\\\/2021\\\/05\\\/18\\\/la-investigacion-cientifica-2\\\/#primaryimage\"},\"thumbnailUrl\":\"\",\"datePublished\":\"2021-05-18T09:00:01+00:00\",\"breadcrumb\":{\"@id\":\"https:\\\/\\\/www.eldiario.net\\\/portal\\\/2021\\\/05\\\/18\\\/la-investigacion-cientifica-2\\\/#breadcrumb\"},\"inLanguage\":\"es\",\"potentialAction\":[{\"@type\":\"ReadAction\",\"target\":[\"https:\\\/\\\/www.eldiario.net\\\/portal\\\/2021\\\/05\\\/18\\\/la-investigacion-cientifica-2\\\/\"]}]},{\"@type\":\"ImageObject\",\"inLanguage\":\"es\",\"@id\":\"https:\\\/\\\/www.eldiario.net\\\/portal\\\/2021\\\/05\\\/18\\\/la-investigacion-cientifica-2\\\/#primaryimage\",\"url\":\"\",\"contentUrl\":\"\"},{\"@type\":\"BreadcrumbList\",\"@id\":\"https:\\\/\\\/www.eldiario.net\\\/portal\\\/2021\\\/05\\\/18\\\/la-investigacion-cientifica-2\\\/#breadcrumb\",\"itemListElement\":[{\"@type\":\"ListItem\",\"position\":1,\"name\":\"Portada\",\"item\":\"https:\\\/\\\/www.eldiario.net\\\/portal\\\/\"},{\"@type\":\"ListItem\",\"position\":2,\"name\":\"LA INVESTIGACI\u00d3N CIENT\u00cdFICA\"}]},{\"@type\":\"WebSite\",\"@id\":\"https:\\\/\\\/www.eldiario.net\\\/portal\\\/#website\",\"url\":\"https:\\\/\\\/www.eldiario.net\\\/portal\\\/\",\"name\":\"El Diario - Decano de la prensa nacional\",\"description\":\"El Diario - Decano de la prensa nacional\",\"publisher\":{\"@id\":\"https:\\\/\\\/www.eldiario.net\\\/portal\\\/#organization\"},\"potentialAction\":[{\"@type\":\"SearchAction\",\"target\":{\"@type\":\"EntryPoint\",\"urlTemplate\":\"https:\\\/\\\/www.eldiario.net\\\/portal\\\/?s={search_term_string}\"},\"query-input\":{\"@type\":\"PropertyValueSpecification\",\"valueRequired\":true,\"valueName\":\"search_term_string\"}}],\"inLanguage\":\"es\"},{\"@type\":\"Organization\",\"@id\":\"https:\\\/\\\/www.eldiario.net\\\/portal\\\/#organization\",\"name\":\"El Diario - Decano de la prensa nacional\",\"url\":\"https:\\\/\\\/www.eldiario.net\\\/portal\\\/\",\"logo\":{\"@type\":\"ImageObject\",\"inLanguage\":\"es\",\"@id\":\"https:\\\/\\\/www.eldiario.net\\\/portal\\\/#\\\/schema\\\/logo\\\/image\\\/\",\"url\":\"https:\\\/\\\/www.eldiario.net\\\/portal\\\/wp-content\\\/uploads\\\/2023\\\/07\\\/logo_ED.jpg\",\"contentUrl\":\"https:\\\/\\\/www.eldiario.net\\\/portal\\\/wp-content\\\/uploads\\\/2023\\\/07\\\/logo_ED.jpg\",\"width\":272,\"height\":52,\"caption\":\"El Diario - Decano de la prensa nacional\"},\"image\":{\"@id\":\"https:\\\/\\\/www.eldiario.net\\\/portal\\\/#\\\/schema\\\/logo\\\/image\\\/\"},\"sameAs\":[\"https:\\\/\\\/www.facebook.com\\\/eldiario.bolivia\\\/\",\"https:\\\/\\\/x.com\\\/eldiario_net\"]},{\"@type\":\"Person\",\"@id\":\"https:\\\/\\\/www.eldiario.net\\\/portal\\\/#\\\/schema\\\/person\\\/f46445640444750d7d753ccd04ae01b7\",\"name\":\"Jeanette\",\"image\":{\"@type\":\"ImageObject\",\"inLanguage\":\"es\",\"@id\":\"https:\\\/\\\/secure.gravatar.com\\\/avatar\\\/3ea2118a5f7dad2b7138b1187a6b7ee55f160b9968b66013c3a3ef39dd7e5798?s=96&d=mm&r=g\",\"url\":\"https:\\\/\\\/secure.gravatar.com\\\/avatar\\\/3ea2118a5f7dad2b7138b1187a6b7ee55f160b9968b66013c3a3ef39dd7e5798?s=96&d=mm&r=g\",\"contentUrl\":\"https:\\\/\\\/secure.gravatar.com\\\/avatar\\\/3ea2118a5f7dad2b7138b1187a6b7ee55f160b9968b66013c3a3ef39dd7e5798?s=96&d=mm&r=g\",\"caption\":\"Jeanette\"},\"sameAs\":[\"https:\\\/\\\/www.eldiario.net\\\/portal\"],\"url\":\"https:\\\/\\\/www.eldiario.net\\\/portal\\\/author\\\/jeanette\\\/\"}]}<\/script>\n<!-- \/ Yoast SEO plugin. -->","yoast_head_json":{"title":"LA INVESTIGACI\u00d3N CIENT\u00cdFICA - El Diario - Bolivia","robots":{"index":"index","follow":"follow","max-snippet":"max-snippet:-1","max-image-preview":"max-image-preview:large","max-video-preview":"max-video-preview:-1"},"canonical":"https:\/\/www.eldiario.net\/portal\/2021\/05\/18\/la-investigacion-cientifica-2\/","og_locale":"es_ES","og_type":"article","og_title":"LA INVESTIGACI\u00d3N CIENT\u00cdFICA - El Diario - Bolivia","og_description":"RECORDEMOS QUE&#8230; La Investigaci\u00f3n Cient\u00edfica es un proceso ordenado y sistem\u00e1tico de indagaci\u00f3n en el cual, mediante la aplicaci\u00f3n rigurosa de un conjunto de m\u00e9todos y criterios, se persigue el estudio, an\u00e1lisis o indagaci\u00f3n en torno a un asunto o tema, con el objetivo subsecuente de aumentar, ampliar o desarrollar el conocimiento que se tiene [&hellip;]","og_url":"https:\/\/www.eldiario.net\/portal\/2021\/05\/18\/la-investigacion-cientifica-2\/","og_site_name":"El Diario - Bolivia","article_publisher":"https:\/\/www.facebook.com\/eldiario.bolivia\/","article_published_time":"2021-05-18T09:00:01+00:00","author":"Jeanette","twitter_card":"summary_large_image","twitter_creator":"@eldiario_net","twitter_site":"@eldiario_net","twitter_misc":{"Escrito por":"Jeanette","Tiempo de lectura":"5 minutos"},"schema":{"@context":"https:\/\/schema.org","@graph":[{"@type":"Article","@id":"https:\/\/www.eldiario.net\/portal\/2021\/05\/18\/la-investigacion-cientifica-2\/#article","isPartOf":{"@id":"https:\/\/www.eldiario.net\/portal\/2021\/05\/18\/la-investigacion-cientifica-2\/"},"author":{"name":"Jeanette","@id":"https:\/\/www.eldiario.net\/portal\/#\/schema\/person\/f46445640444750d7d753ccd04ae01b7"},"headline":"LA INVESTIGACI\u00d3N CIENT\u00cdFICA","datePublished":"2021-05-18T09:00:01+00:00","mainEntityOfPage":{"@id":"https:\/\/www.eldiario.net\/portal\/2021\/05\/18\/la-investigacion-cientifica-2\/"},"wordCount":1220,"publisher":{"@id":"https:\/\/www.eldiario.net\/portal\/#organization"},"image":{"@id":"https:\/\/www.eldiario.net\/portal\/2021\/05\/18\/la-investigacion-cientifica-2\/#primaryimage"},"thumbnailUrl":"","articleSection":["Nuevos Horizontes"],"inLanguage":"es"},{"@type":"WebPage","@id":"https:\/\/www.eldiario.net\/portal\/2021\/05\/18\/la-investigacion-cientifica-2\/","url":"https:\/\/www.eldiario.net\/portal\/2021\/05\/18\/la-investigacion-cientifica-2\/","name":"LA INVESTIGACI\u00d3N CIENT\u00cdFICA - El Diario - Bolivia","isPartOf":{"@id":"https:\/\/www.eldiario.net\/portal\/#website"},"primaryImageOfPage":{"@id":"https:\/\/www.eldiario.net\/portal\/2021\/05\/18\/la-investigacion-cientifica-2\/#primaryimage"},"image":{"@id":"https:\/\/www.eldiario.net\/portal\/2021\/05\/18\/la-investigacion-cientifica-2\/#primaryimage"},"thumbnailUrl":"","datePublished":"2021-05-18T09:00:01+00:00","breadcrumb":{"@id":"https:\/\/www.eldiario.net\/portal\/2021\/05\/18\/la-investigacion-cientifica-2\/#breadcrumb"},"inLanguage":"es","potentialAction":[{"@type":"ReadAction","target":["https:\/\/www.eldiario.net\/portal\/2021\/05\/18\/la-investigacion-cientifica-2\/"]}]},{"@type":"ImageObject","inLanguage":"es","@id":"https:\/\/www.eldiario.net\/portal\/2021\/05\/18\/la-investigacion-cientifica-2\/#primaryimage","url":"","contentUrl":""},{"@type":"BreadcrumbList","@id":"https:\/\/www.eldiario.net\/portal\/2021\/05\/18\/la-investigacion-cientifica-2\/#breadcrumb","itemListElement":[{"@type":"ListItem","position":1,"name":"Portada","item":"https:\/\/www.eldiario.net\/portal\/"},{"@type":"ListItem","position":2,"name":"LA INVESTIGACI\u00d3N CIENT\u00cdFICA"}]},{"@type":"WebSite","@id":"https:\/\/www.eldiario.net\/portal\/#website","url":"https:\/\/www.eldiario.net\/portal\/","name":"El Diario - Decano de la prensa nacional","description":"El Diario - Decano de la prensa nacional","publisher":{"@id":"https:\/\/www.eldiario.net\/portal\/#organization"},"potentialAction":[{"@type":"SearchAction","target":{"@type":"EntryPoint","urlTemplate":"https:\/\/www.eldiario.net\/portal\/?s={search_term_string}"},"query-input":{"@type":"PropertyValueSpecification","valueRequired":true,"valueName":"search_term_string"}}],"inLanguage":"es"},{"@type":"Organization","@id":"https:\/\/www.eldiario.net\/portal\/#organization","name":"El Diario - Decano de la prensa nacional","url":"https:\/\/www.eldiario.net\/portal\/","logo":{"@type":"ImageObject","inLanguage":"es","@id":"https:\/\/www.eldiario.net\/portal\/#\/schema\/logo\/image\/","url":"https:\/\/www.eldiario.net\/portal\/wp-content\/uploads\/2023\/07\/logo_ED.jpg","contentUrl":"https:\/\/www.eldiario.net\/portal\/wp-content\/uploads\/2023\/07\/logo_ED.jpg","width":272,"height":52,"caption":"El Diario - Decano de la prensa nacional"},"image":{"@id":"https:\/\/www.eldiario.net\/portal\/#\/schema\/logo\/image\/"},"sameAs":["https:\/\/www.facebook.com\/eldiario.bolivia\/","https:\/\/x.com\/eldiario_net"]},{"@type":"Person","@id":"https:\/\/www.eldiario.net\/portal\/#\/schema\/person\/f46445640444750d7d753ccd04ae01b7","name":"Jeanette","image":{"@type":"ImageObject","inLanguage":"es","@id":"https:\/\/secure.gravatar.com\/avatar\/3ea2118a5f7dad2b7138b1187a6b7ee55f160b9968b66013c3a3ef39dd7e5798?s=96&d=mm&r=g","url":"https:\/\/secure.gravatar.com\/avatar\/3ea2118a5f7dad2b7138b1187a6b7ee55f160b9968b66013c3a3ef39dd7e5798?s=96&d=mm&r=g","contentUrl":"https:\/\/secure.gravatar.com\/avatar\/3ea2118a5f7dad2b7138b1187a6b7ee55f160b9968b66013c3a3ef39dd7e5798?s=96&d=mm&r=g","caption":"Jeanette"},"sameAs":["https:\/\/www.eldiario.net\/portal"],"url":"https:\/\/www.eldiario.net\/portal\/author\/jeanette\/"}]}},"_links":{"self":[{"href":"https:\/\/www.eldiario.net\/portal\/wp-json\/wp\/v2\/posts\/4580","targetHints":{"allow":["GET"]}}],"collection":[{"href":"https:\/\/www.eldiario.net\/portal\/wp-json\/wp\/v2\/posts"}],"about":[{"href":"https:\/\/www.eldiario.net\/portal\/wp-json\/wp\/v2\/types\/post"}],"author":[{"embeddable":true,"href":"https:\/\/www.eldiario.net\/portal\/wp-json\/wp\/v2\/users\/1"}],"replies":[{"embeddable":true,"href":"https:\/\/www.eldiario.net\/portal\/wp-json\/wp\/v2\/comments?post=4580"}],"version-history":[{"count":0,"href":"https:\/\/www.eldiario.net\/portal\/wp-json\/wp\/v2\/posts\/4580\/revisions"}],"wp:attachment":[{"href":"https:\/\/www.eldiario.net\/portal\/wp-json\/wp\/v2\/media?parent=4580"}],"wp:term":[{"taxonomy":"category","embeddable":true,"href":"https:\/\/www.eldiario.net\/portal\/wp-json\/wp\/v2\/categories?post=4580"},{"taxonomy":"post_tag","embeddable":true,"href":"https:\/\/www.eldiario.net\/portal\/wp-json\/wp\/v2\/tags?post=4580"}],"curies":[{"name":"wp","href":"https:\/\/api.w.org\/{rel}","templated":true}]}}