{"id":4577,"date":"2021-05-18T04:57:50","date_gmt":"2021-05-18T08:57:50","guid":{"rendered":"https:\/\/www.eldiario.net\/portal\/?p=4577"},"modified":"2021-05-18T04:57:50","modified_gmt":"2021-05-18T08:57:50","slug":"inteligencia-emocional","status":"publish","type":"post","link":"https:\/\/www.eldiario.net\/portal\/2021\/05\/18\/inteligencia-emocional\/","title":{"rendered":"INTELIGENCIA EMOCIONAL"},"content":{"rendered":"<p>RECORDEMOS QUE&#8230;<\/p>\n<p>La inteligencia emocional es la habilidad humana para identificar, expresar, comprender, gestionar y transformar las propias emociones y las de otras personas. Este tipo de capacidad intelectual se puede desarrollar y potenciar a lo largo de toda la vida.<\/p>\n<p><strong>Establecer Relaciones<\/strong><\/p>\n<p><strong>18. Crear influencia<\/strong><\/p>\n<p>La persuasi\u00f3n no es lo mismo que la influencia; sin embargo, para muchos especialistas de motivaci\u00f3n y comportamiento humano son b\u00e1sicamente lo mismo. En este sentido se debe entender que \u201cCrear influencia\u201d debe ser considerado como un m\u00e9todo que en el \u00e1mbito del trabajo y en la vida diaria ser\u00e1 de gran ayuda para una persona, pero para lograr que sea efectiva hay que desarrollarla.<\/p>\n<p>Desde el surgimiento del concepto de la Inteligencia Emocional, se la ha considerado como la capacidad para gestionar las emociones, constituy\u00e9ndose en un aspecto que afecta el desempe\u00f1o de los individuos en los diferentes campos desde lo personal hasta lo laboral.<\/p>\n<p>Las aptitudes emocionales que determinan la IE se relacionan con el pensamiento y los sentimientos originando un mayor desempe\u00f1o laboral, donde dichas aptitudes pueden ser personales por determinar el dominio de s\u00ed mismo; o sociales por determinar el manejo de la relaciones con otros (Goleman, 1995)<\/p>\n<p>El PhD en Psicolog\u00eda de la personalidad Randy Larsen plantea la influencia que las emociones tienen en los estados an\u00edmicos y f\u00edsicos del individuo, pues estas inciden en cierta medida en los comportamientos que las personas logren manifestar en un momento determinado. Por otra parte las Profesoras Mar\u00eda Fonseca Romero y Mar\u00eda Pino Acosta plantean que existe una estrecha relaci\u00f3n entre el correcto ejercicio del l\u00edder y sus habilidades emocionales, pues estas determinan los comportamientos e interacciones de \u00e9l.<\/p>\n<p>Las emociones representan una parte de la esencia del ser humano, pues determinan su comportamiento frente al entorno y frente a los individuos con quienes interact\u00faa, por tal motivo podr\u00edan llegar a ser calificadas como positivas o negativas dependiendo del resultado que estas ofrezcan al individuo. Por ejemplo, a nivel organizacional, algunas emociones como la tristeza y la melancol\u00eda pueden ser vistas como perjudiciales para el correcto desempe\u00f1o de las personas.<\/p>\n<p>En este sentido, las emociones pueden tener un car\u00e1cter intencional; es decir, que el individuo puede impulsar la aparici\u00f3n de una emoci\u00f3n sobre otra. As\u00ed, de acuerdo a la intencionalidad de las emociones se puede llegar a pensar que el control o gesti\u00f3n de estas determina el nivel de ajuste que el individuo manifieste en diferentes momentos o contextos a los que se enfrenta.<\/p>\n<p>De esta forma se puede analizar a la IE como un esfuerzo humano por identificar las emociones y encontrar los medios necesarios para gestionarlas de forma adecuada ante determinadas situaciones y para que sea un proceso constante de control, comprensi\u00f3n y autogesti\u00f3n de emociones. Pues contribuye entre otros aspectos a generar cualidades de l\u00edder, a activar conocimientos y gestionar de forma efectiva a las personas.<\/p>\n<p>Por todo lo expuesto, se debe establecer que todos tenemos que aprender a influir en otros para alcanzar el \u00e9xito. Desde la familia hasta el trabajo o nuestro negocio, poder influir en nuestra pareja, hijos, proveedores, jefes, empleados es clave y necesario para lograr nuestros objetivos. Pues al final de todo, ser un l\u00edder es ser capaz de influir en otra.<\/p>\n<p>Ser un buen l\u00edder conlleva considerar algunos aspectos clave que, al desarrollarlos, aumentar\u00e1n el poder de influencia considerablemente. Entre ellos est\u00e1n:<\/p>\n<p><strong>1. Inter\u00e9sate sinceramente por los dem\u00e1s<\/strong><\/p>\n<p>Siempre recuerda que a las personas no les importa cu\u00e1nto t\u00fa sabes sobre ellos, sino saber que te importan. Si alguien te est\u00e1 hablando, esc\u00fachalo. Empat\u00eda ante todo, ponte en sus zapatos. Aseg\u00farate que la otra persona est\u00e9 convencida de que entendiste su punto de vista. Muestra un aprecio sincero.<\/p>\n<p><strong>2. Comunica correctamente tu intensi\u00f3n<\/strong><\/p>\n<p>Una mala comunicaci\u00f3n destruye el poder de la influencia. Prep\u00e1rate, practica, aprende a comunicarte. La clave para comunicarte es entender c\u00f3mo la otra persona se beneficia de nuestra visi\u00f3n y la forma clara de expresarla. Nunca olvides que todo el mundo tiene un sistema de recompensas y motivaciones.<\/p>\n<p><strong>3. Aseg\u00farate que tu imagen irradia Integridad<\/strong><\/p>\n<p>Uno de los factores claves para desarrollar liderazgo es la confianza. Las personas necesitan confiar en alguien para dejarse influir. Recorrer el camino del liderazgo exige tomar la decisi\u00f3n de ser una persona con alta integridad, dar el ejemplo y hacer siempre lo correcto o procurara hacerlo siempre. La ecuanimidad es esencial; es decir, que exista coherencia entre lo que se dice ser y lo que se es.<\/p>\n<p><strong>4. Esfuerzo constante para alcanzar dominio en un \u00e1rea determinada<\/strong><\/p>\n<p>Para lograr hacer eco en las personas, es necesaria la intuici\u00f3n adquirida a trav\u00e9s de la preparaci\u00f3n y experiencia; es decir, confiar en el propio juicio y las decisiones que de \u00e9l provienen. Por ello, es muy recomendable convertirse en un experto sobre un \u00e1rea espec\u00edfica. Uno de los destructores de liderazgo m\u00e1s frecuentes sucede cuando un l\u00edder toma malas decisiones una y otra vez.<\/p>\n<p><strong>5. Establecer objetivos claros y reales<\/strong><\/p>\n<p>Las personas solo siguen a alguien que va a alg\u00fan lado. Seguir implica movimiento. Se necesita ponerse metas y trabajar duro en cumplirlas. El trabajo duro, la disciplina y la persistencia les comunicar\u00e1n a las otras personas que cuando alguien dice algo, lo cumple.<\/p>\n<p>&nbsp;<\/p>\n","protected":false},"excerpt":{"rendered":"<p>RECORDEMOS QUE&#8230; La inteligencia emocional es la habilidad humana para identificar, expresar, comprender, gestionar y transformar las propias emociones y las de otras personas. Este tipo de capacidad intelectual se puede desarrollar y potenciar a lo largo de toda la vida. Establecer Relaciones 18. Crear influencia La persuasi\u00f3n no es lo mismo que la influencia; [&hellip;]<\/p>\n","protected":false},"author":1,"featured_media":4578,"comment_status":"closed","ping_status":"closed","sticky":false,"template":"","format":"standard","meta":{"_acf_changed":false,"footnotes":""},"categories":[43],"tags":[],"class_list":["post-4577","post","type-post","status-publish","format-standard","has-post-thumbnail","category-nuevos-horizontes"],"acf":{"antetitulo":""},"yoast_head":"<!-- This site is optimized with the Yoast SEO plugin v28.3 - https:\/\/yoast.com\/product\/yoast-seo-wordpress\/ -->\n<title>INTELIGENCIA EMOCIONAL - El Diario - Bolivia<\/title>\n<meta name=\"robots\" content=\"index, follow, max-snippet:-1, max-image-preview:large, max-video-preview:-1\" \/>\n<link rel=\"canonical\" href=\"https:\/\/www.eldiario.net\/portal\/2021\/05\/18\/inteligencia-emocional\/\" \/>\n<meta property=\"og:locale\" content=\"es_ES\" \/>\n<meta property=\"og:type\" content=\"article\" \/>\n<meta property=\"og:title\" content=\"INTELIGENCIA EMOCIONAL - El Diario - Bolivia\" \/>\n<meta property=\"og:description\" content=\"RECORDEMOS QUE&#8230; La inteligencia emocional es la habilidad humana para identificar, expresar, comprender, gestionar y transformar las propias emociones y las de otras personas. Este tipo de capacidad intelectual se puede desarrollar y potenciar a lo largo de toda la vida. Establecer Relaciones 18. Crear influencia La persuasi\u00f3n no es lo mismo que la influencia; [&hellip;]\" \/>\n<meta property=\"og:url\" content=\"https:\/\/www.eldiario.net\/portal\/2021\/05\/18\/inteligencia-emocional\/\" \/>\n<meta property=\"og:site_name\" content=\"El Diario - Bolivia\" \/>\n<meta property=\"article:publisher\" content=\"https:\/\/www.facebook.com\/eldiario.bolivia\/\" \/>\n<meta property=\"article:published_time\" content=\"2021-05-18T08:57:50+00:00\" \/>\n<meta name=\"author\" content=\"Jeanette\" \/>\n<meta name=\"twitter:card\" content=\"summary_large_image\" \/>\n<meta name=\"twitter:creator\" content=\"@eldiario_net\" \/>\n<meta name=\"twitter:site\" content=\"@eldiario_net\" \/>\n<meta name=\"twitter:label1\" content=\"Escrito por\" \/>\n\t<meta name=\"twitter:data1\" content=\"Jeanette\" \/>\n\t<meta name=\"twitter:label2\" content=\"Tiempo de lectura\" \/>\n\t<meta name=\"twitter:data2\" content=\"4 minutos\" \/>\n<script type=\"application\/ld+json\" class=\"yoast-schema-graph\">{\"@context\":\"https:\\\/\\\/schema.org\",\"@graph\":[{\"@type\":\"Article\",\"@id\":\"https:\\\/\\\/www.eldiario.net\\\/portal\\\/2021\\\/05\\\/18\\\/inteligencia-emocional\\\/#article\",\"isPartOf\":{\"@id\":\"https:\\\/\\\/www.eldiario.net\\\/portal\\\/2021\\\/05\\\/18\\\/inteligencia-emocional\\\/\"},\"author\":{\"name\":\"Jeanette\",\"@id\":\"https:\\\/\\\/www.eldiario.net\\\/portal\\\/#\\\/schema\\\/person\\\/f46445640444750d7d753ccd04ae01b7\"},\"headline\":\"INTELIGENCIA EMOCIONAL\",\"datePublished\":\"2021-05-18T08:57:50+00:00\",\"mainEntityOfPage\":{\"@id\":\"https:\\\/\\\/www.eldiario.net\\\/portal\\\/2021\\\/05\\\/18\\\/inteligencia-emocional\\\/\"},\"wordCount\":914,\"publisher\":{\"@id\":\"https:\\\/\\\/www.eldiario.net\\\/portal\\\/#organization\"},\"image\":{\"@id\":\"https:\\\/\\\/www.eldiario.net\\\/portal\\\/2021\\\/05\\\/18\\\/inteligencia-emocional\\\/#primaryimage\"},\"thumbnailUrl\":\"\",\"articleSection\":[\"Nuevos Horizontes\"],\"inLanguage\":\"es\"},{\"@type\":\"WebPage\",\"@id\":\"https:\\\/\\\/www.eldiario.net\\\/portal\\\/2021\\\/05\\\/18\\\/inteligencia-emocional\\\/\",\"url\":\"https:\\\/\\\/www.eldiario.net\\\/portal\\\/2021\\\/05\\\/18\\\/inteligencia-emocional\\\/\",\"name\":\"INTELIGENCIA EMOCIONAL - El Diario - Bolivia\",\"isPartOf\":{\"@id\":\"https:\\\/\\\/www.eldiario.net\\\/portal\\\/#website\"},\"primaryImageOfPage\":{\"@id\":\"https:\\\/\\\/www.eldiario.net\\\/portal\\\/2021\\\/05\\\/18\\\/inteligencia-emocional\\\/#primaryimage\"},\"image\":{\"@id\":\"https:\\\/\\\/www.eldiario.net\\\/portal\\\/2021\\\/05\\\/18\\\/inteligencia-emocional\\\/#primaryimage\"},\"thumbnailUrl\":\"\",\"datePublished\":\"2021-05-18T08:57:50+00:00\",\"breadcrumb\":{\"@id\":\"https:\\\/\\\/www.eldiario.net\\\/portal\\\/2021\\\/05\\\/18\\\/inteligencia-emocional\\\/#breadcrumb\"},\"inLanguage\":\"es\",\"potentialAction\":[{\"@type\":\"ReadAction\",\"target\":[\"https:\\\/\\\/www.eldiario.net\\\/portal\\\/2021\\\/05\\\/18\\\/inteligencia-emocional\\\/\"]}]},{\"@type\":\"ImageObject\",\"inLanguage\":\"es\",\"@id\":\"https:\\\/\\\/www.eldiario.net\\\/portal\\\/2021\\\/05\\\/18\\\/inteligencia-emocional\\\/#primaryimage\",\"url\":\"\",\"contentUrl\":\"\"},{\"@type\":\"BreadcrumbList\",\"@id\":\"https:\\\/\\\/www.eldiario.net\\\/portal\\\/2021\\\/05\\\/18\\\/inteligencia-emocional\\\/#breadcrumb\",\"itemListElement\":[{\"@type\":\"ListItem\",\"position\":1,\"name\":\"Portada\",\"item\":\"https:\\\/\\\/www.eldiario.net\\\/portal\\\/\"},{\"@type\":\"ListItem\",\"position\":2,\"name\":\"INTELIGENCIA EMOCIONAL\"}]},{\"@type\":\"WebSite\",\"@id\":\"https:\\\/\\\/www.eldiario.net\\\/portal\\\/#website\",\"url\":\"https:\\\/\\\/www.eldiario.net\\\/portal\\\/\",\"name\":\"El Diario - Decano de la prensa nacional\",\"description\":\"El Diario - Decano de la prensa nacional\",\"publisher\":{\"@id\":\"https:\\\/\\\/www.eldiario.net\\\/portal\\\/#organization\"},\"potentialAction\":[{\"@type\":\"SearchAction\",\"target\":{\"@type\":\"EntryPoint\",\"urlTemplate\":\"https:\\\/\\\/www.eldiario.net\\\/portal\\\/?s={search_term_string}\"},\"query-input\":{\"@type\":\"PropertyValueSpecification\",\"valueRequired\":true,\"valueName\":\"search_term_string\"}}],\"inLanguage\":\"es\"},{\"@type\":\"Organization\",\"@id\":\"https:\\\/\\\/www.eldiario.net\\\/portal\\\/#organization\",\"name\":\"El Diario - Decano de la prensa nacional\",\"url\":\"https:\\\/\\\/www.eldiario.net\\\/portal\\\/\",\"logo\":{\"@type\":\"ImageObject\",\"inLanguage\":\"es\",\"@id\":\"https:\\\/\\\/www.eldiario.net\\\/portal\\\/#\\\/schema\\\/logo\\\/image\\\/\",\"url\":\"https:\\\/\\\/www.eldiario.net\\\/portal\\\/wp-content\\\/uploads\\\/2023\\\/07\\\/logo_ED.jpg\",\"contentUrl\":\"https:\\\/\\\/www.eldiario.net\\\/portal\\\/wp-content\\\/uploads\\\/2023\\\/07\\\/logo_ED.jpg\",\"width\":272,\"height\":52,\"caption\":\"El Diario - Decano de la prensa nacional\"},\"image\":{\"@id\":\"https:\\\/\\\/www.eldiario.net\\\/portal\\\/#\\\/schema\\\/logo\\\/image\\\/\"},\"sameAs\":[\"https:\\\/\\\/www.facebook.com\\\/eldiario.bolivia\\\/\",\"https:\\\/\\\/x.com\\\/eldiario_net\"]},{\"@type\":\"Person\",\"@id\":\"https:\\\/\\\/www.eldiario.net\\\/portal\\\/#\\\/schema\\\/person\\\/f46445640444750d7d753ccd04ae01b7\",\"name\":\"Jeanette\",\"image\":{\"@type\":\"ImageObject\",\"inLanguage\":\"es\",\"@id\":\"https:\\\/\\\/secure.gravatar.com\\\/avatar\\\/3ea2118a5f7dad2b7138b1187a6b7ee55f160b9968b66013c3a3ef39dd7e5798?s=96&d=mm&r=g\",\"url\":\"https:\\\/\\\/secure.gravatar.com\\\/avatar\\\/3ea2118a5f7dad2b7138b1187a6b7ee55f160b9968b66013c3a3ef39dd7e5798?s=96&d=mm&r=g\",\"contentUrl\":\"https:\\\/\\\/secure.gravatar.com\\\/avatar\\\/3ea2118a5f7dad2b7138b1187a6b7ee55f160b9968b66013c3a3ef39dd7e5798?s=96&d=mm&r=g\",\"caption\":\"Jeanette\"},\"sameAs\":[\"https:\\\/\\\/www.eldiario.net\\\/portal\"],\"url\":\"https:\\\/\\\/www.eldiario.net\\\/portal\\\/author\\\/jeanette\\\/\"}]}<\/script>\n<!-- \/ Yoast SEO plugin. -->","yoast_head_json":{"title":"INTELIGENCIA EMOCIONAL - El Diario - Bolivia","robots":{"index":"index","follow":"follow","max-snippet":"max-snippet:-1","max-image-preview":"max-image-preview:large","max-video-preview":"max-video-preview:-1"},"canonical":"https:\/\/www.eldiario.net\/portal\/2021\/05\/18\/inteligencia-emocional\/","og_locale":"es_ES","og_type":"article","og_title":"INTELIGENCIA EMOCIONAL - El Diario - Bolivia","og_description":"RECORDEMOS QUE&#8230; La inteligencia emocional es la habilidad humana para identificar, expresar, comprender, gestionar y transformar las propias emociones y las de otras personas. Este tipo de capacidad intelectual se puede desarrollar y potenciar a lo largo de toda la vida. Establecer Relaciones 18. Crear influencia La persuasi\u00f3n no es lo mismo que la influencia; [&hellip;]","og_url":"https:\/\/www.eldiario.net\/portal\/2021\/05\/18\/inteligencia-emocional\/","og_site_name":"El Diario - Bolivia","article_publisher":"https:\/\/www.facebook.com\/eldiario.bolivia\/","article_published_time":"2021-05-18T08:57:50+00:00","author":"Jeanette","twitter_card":"summary_large_image","twitter_creator":"@eldiario_net","twitter_site":"@eldiario_net","twitter_misc":{"Escrito por":"Jeanette","Tiempo de lectura":"4 minutos"},"schema":{"@context":"https:\/\/schema.org","@graph":[{"@type":"Article","@id":"https:\/\/www.eldiario.net\/portal\/2021\/05\/18\/inteligencia-emocional\/#article","isPartOf":{"@id":"https:\/\/www.eldiario.net\/portal\/2021\/05\/18\/inteligencia-emocional\/"},"author":{"name":"Jeanette","@id":"https:\/\/www.eldiario.net\/portal\/#\/schema\/person\/f46445640444750d7d753ccd04ae01b7"},"headline":"INTELIGENCIA EMOCIONAL","datePublished":"2021-05-18T08:57:50+00:00","mainEntityOfPage":{"@id":"https:\/\/www.eldiario.net\/portal\/2021\/05\/18\/inteligencia-emocional\/"},"wordCount":914,"publisher":{"@id":"https:\/\/www.eldiario.net\/portal\/#organization"},"image":{"@id":"https:\/\/www.eldiario.net\/portal\/2021\/05\/18\/inteligencia-emocional\/#primaryimage"},"thumbnailUrl":"","articleSection":["Nuevos Horizontes"],"inLanguage":"es"},{"@type":"WebPage","@id":"https:\/\/www.eldiario.net\/portal\/2021\/05\/18\/inteligencia-emocional\/","url":"https:\/\/www.eldiario.net\/portal\/2021\/05\/18\/inteligencia-emocional\/","name":"INTELIGENCIA EMOCIONAL - El Diario - Bolivia","isPartOf":{"@id":"https:\/\/www.eldiario.net\/portal\/#website"},"primaryImageOfPage":{"@id":"https:\/\/www.eldiario.net\/portal\/2021\/05\/18\/inteligencia-emocional\/#primaryimage"},"image":{"@id":"https:\/\/www.eldiario.net\/portal\/2021\/05\/18\/inteligencia-emocional\/#primaryimage"},"thumbnailUrl":"","datePublished":"2021-05-18T08:57:50+00:00","breadcrumb":{"@id":"https:\/\/www.eldiario.net\/portal\/2021\/05\/18\/inteligencia-emocional\/#breadcrumb"},"inLanguage":"es","potentialAction":[{"@type":"ReadAction","target":["https:\/\/www.eldiario.net\/portal\/2021\/05\/18\/inteligencia-emocional\/"]}]},{"@type":"ImageObject","inLanguage":"es","@id":"https:\/\/www.eldiario.net\/portal\/2021\/05\/18\/inteligencia-emocional\/#primaryimage","url":"","contentUrl":""},{"@type":"BreadcrumbList","@id":"https:\/\/www.eldiario.net\/portal\/2021\/05\/18\/inteligencia-emocional\/#breadcrumb","itemListElement":[{"@type":"ListItem","position":1,"name":"Portada","item":"https:\/\/www.eldiario.net\/portal\/"},{"@type":"ListItem","position":2,"name":"INTELIGENCIA EMOCIONAL"}]},{"@type":"WebSite","@id":"https:\/\/www.eldiario.net\/portal\/#website","url":"https:\/\/www.eldiario.net\/portal\/","name":"El Diario - Decano de la prensa nacional","description":"El Diario - Decano de la prensa nacional","publisher":{"@id":"https:\/\/www.eldiario.net\/portal\/#organization"},"potentialAction":[{"@type":"SearchAction","target":{"@type":"EntryPoint","urlTemplate":"https:\/\/www.eldiario.net\/portal\/?s={search_term_string}"},"query-input":{"@type":"PropertyValueSpecification","valueRequired":true,"valueName":"search_term_string"}}],"inLanguage":"es"},{"@type":"Organization","@id":"https:\/\/www.eldiario.net\/portal\/#organization","name":"El Diario - Decano de la prensa nacional","url":"https:\/\/www.eldiario.net\/portal\/","logo":{"@type":"ImageObject","inLanguage":"es","@id":"https:\/\/www.eldiario.net\/portal\/#\/schema\/logo\/image\/","url":"https:\/\/www.eldiario.net\/portal\/wp-content\/uploads\/2023\/07\/logo_ED.jpg","contentUrl":"https:\/\/www.eldiario.net\/portal\/wp-content\/uploads\/2023\/07\/logo_ED.jpg","width":272,"height":52,"caption":"El Diario - Decano de la prensa nacional"},"image":{"@id":"https:\/\/www.eldiario.net\/portal\/#\/schema\/logo\/image\/"},"sameAs":["https:\/\/www.facebook.com\/eldiario.bolivia\/","https:\/\/x.com\/eldiario_net"]},{"@type":"Person","@id":"https:\/\/www.eldiario.net\/portal\/#\/schema\/person\/f46445640444750d7d753ccd04ae01b7","name":"Jeanette","image":{"@type":"ImageObject","inLanguage":"es","@id":"https:\/\/secure.gravatar.com\/avatar\/3ea2118a5f7dad2b7138b1187a6b7ee55f160b9968b66013c3a3ef39dd7e5798?s=96&d=mm&r=g","url":"https:\/\/secure.gravatar.com\/avatar\/3ea2118a5f7dad2b7138b1187a6b7ee55f160b9968b66013c3a3ef39dd7e5798?s=96&d=mm&r=g","contentUrl":"https:\/\/secure.gravatar.com\/avatar\/3ea2118a5f7dad2b7138b1187a6b7ee55f160b9968b66013c3a3ef39dd7e5798?s=96&d=mm&r=g","caption":"Jeanette"},"sameAs":["https:\/\/www.eldiario.net\/portal"],"url":"https:\/\/www.eldiario.net\/portal\/author\/jeanette\/"}]}},"_links":{"self":[{"href":"https:\/\/www.eldiario.net\/portal\/wp-json\/wp\/v2\/posts\/4577","targetHints":{"allow":["GET"]}}],"collection":[{"href":"https:\/\/www.eldiario.net\/portal\/wp-json\/wp\/v2\/posts"}],"about":[{"href":"https:\/\/www.eldiario.net\/portal\/wp-json\/wp\/v2\/types\/post"}],"author":[{"embeddable":true,"href":"https:\/\/www.eldiario.net\/portal\/wp-json\/wp\/v2\/users\/1"}],"replies":[{"embeddable":true,"href":"https:\/\/www.eldiario.net\/portal\/wp-json\/wp\/v2\/comments?post=4577"}],"version-history":[{"count":0,"href":"https:\/\/www.eldiario.net\/portal\/wp-json\/wp\/v2\/posts\/4577\/revisions"}],"wp:attachment":[{"href":"https:\/\/www.eldiario.net\/portal\/wp-json\/wp\/v2\/media?parent=4577"}],"wp:term":[{"taxonomy":"category","embeddable":true,"href":"https:\/\/www.eldiario.net\/portal\/wp-json\/wp\/v2\/categories?post=4577"},{"taxonomy":"post_tag","embeddable":true,"href":"https:\/\/www.eldiario.net\/portal\/wp-json\/wp\/v2\/tags?post=4577"}],"curies":[{"name":"wp","href":"https:\/\/api.w.org\/{rel}","templated":true}]}}