{"id":4543,"date":"2021-05-17T06:51:43","date_gmt":"2021-05-17T10:51:43","guid":{"rendered":"https:\/\/www.eldiario.net\/portal\/?p=4543"},"modified":"2021-05-17T06:51:43","modified_gmt":"2021-05-17T10:51:43","slug":"tratamiento-de-carta-organica-para-la-paz-sujeta-al-escenario-politico","status":"publish","type":"post","link":"https:\/\/www.eldiario.net\/portal\/2021\/05\/17\/tratamiento-de-carta-organica-para-la-paz-sujeta-al-escenario-politico\/","title":{"rendered":"Tratamiento de Carta Org\u00e1nica para La Paz sujeta al escenario pol\u00edtico"},"content":{"rendered":"<p>El tratamiento y aprobaci\u00f3n de la propuesta de Carta Org\u00e1nica de La Paz por el Concejo Municipal est\u00e1n sujetos al escenario pol\u00edtico, la pandemia del covid-19 por el proceso de socializaci\u00f3n y el presupuesto financiero asignado al Legislativo local, anticip\u00f3 su presidente Jorge Dul\u00f3n.<br \/>\n\u201cEs una gesti\u00f3n de mucha importancia, merece tomarse su tiempo no s\u00f3lo para trabajar en la revisi\u00f3n del borrador, sino tambi\u00e9n en los procesos de socializaci\u00f3n y cabildeo de la Carta Org\u00e1nica (\u2026) Hay que ver c\u00f3mo estamos en t\u00e9rminos de apoyo pol\u00edtico. Nuestro objetivo es obtener m\u00e1s apoyo, no s\u00f3lo el obtenido en las elecciones recientes, sino que lo podamos multiplicar y llegar por encima del 60 % que ser\u00eda lo ideal\u201d, puntualiz\u00f3.<br \/>\nLa Carta Org\u00e1nica Municipal constituye la norma de mayor jerarqu\u00eda del ordenamiento jur\u00eddico y administrativo municipal en el marco de su autonom\u00eda, sujeta a la Constituci\u00f3n Pol\u00edtica del Estado (CPE), tratados y acuerdos de car\u00e1cter nacional e internacional vinculados a los derechos humanos.<br \/>\nEste instrumento jur\u00eddico, como m\u00e1xima norma legal de la comuna, permite a las alcald\u00edas ejercer todas las competencias exclusivas otorgadas por la Constituci\u00f3n Pol\u00edtica del Estado (CPE) para planificar su desarrollo econ\u00f3mico y social para construir el futuro municipal.<br \/>\nLa aspiraci\u00f3n de la alianza pol\u00edtica Por el Bien Com\u00fan Somos Pueblo, que lidera el municipio de La Paz, es alcanzar una amplia aceptaci\u00f3n a su gesti\u00f3n, de modo que el tratamiento de la Carta Org\u00e1nica en su etapa de concertaci\u00f3n no encuentre resistencia y pueda ser aprobado sin demoras.<br \/>\n\u201cVamos a evaluar los escenarios y partir de aquello vamos a tomar una decisi\u00f3n, lo que no quiere decir que este tema no sea importante y urgente\u201d, aclar\u00f3 Dul\u00f3n.<br \/>\nEn esta l\u00ednea, lo adecuado es primero evaluar el escenario pol\u00edtico para evitar la conflictividad, ante un clima adverso, adem\u00e1s, por la crisis sanitaria y econ\u00f3mica convendr\u00eda \u201cni hablar\u201d, en criterio del mun\u00edcipe.<br \/>\nDurante la gesti\u00f3n de Soberan\u00eda y Libertad (Sol.bo) el tratamiento de la Carta Org\u00e1nica para La Paz tuvo un tratamiento complejo para desarrollar sus contenidos, pero con importantes alcances con la participaci\u00f3n de varias instituciones como el Comit\u00e9 C\u00edvico de La Paz, arribando a un borrador que Dul\u00f3n considera \u201cbastante bien logrado\u201d.<br \/>\n\u201cEl borrador debe ser sometido a la aprobaci\u00f3n de las fuerzas vivas de la sociedad civil, lo que implica organizar otro proceso de eventos como asambleas u otros espacios de deliberaci\u00f3n con la ciudadan\u00eda ampliamente participativos\u201d puntualiz\u00f3.<br \/>\nPara el presidente del Concejo Municipal pace\u00f1o, el tratamiento responsable de la Carta Org\u00e1nica exige tomar el tiempo necesario, as\u00ed como su revisi\u00f3n t\u00e9cnica. Entre tanto, la Ley marco de Autonom\u00edas ser\u00e1 el referente jur\u00eddico municipal tal como se est\u00e1 aplicando durante estos a\u00f1os.<\/p>\n<p>TEXTO BORRADOR<br \/>\nEl proyecto del texto \u201cTu Carta Org\u00e1nica nuestro futuro com\u00fan\u201d, logrado por la gesti\u00f3n del entonces presidente del Concejo Municipal de La Paz, Pedro Susz, plantea cuatro t\u00edtulos que concentran los \u00e1mbitos macro para el desarrollo municipal en el marco del ejercicio de una autonom\u00eda plena,\u201cIdentidad\u201d, \u201cDemocracia y Gobierno\u201d, \u201cMandato Ciudadano\u201d y R\u00e9gimen Econ\u00f3mico Financiero\u201d.<br \/>\nLas disposiciones finales y transitorias del documento borrador plantea su aprobaci\u00f3n por dos tercios (2\/3) del total de integrantes del Concejo Municipal; en tanto, por la iniciativa ciudadana por al menos el 20% de electorado del municipio.<br \/>\nDesde las necesidades ciudadanas y el desarrollo municipal la m\u00e1xima norma del gobierno local debe canalizar respuestas a problemas centrales como son la gesti\u00f3n de las finanzas p\u00fablicas locales, servicios b\u00e1sicos, participaci\u00f3n ciudadana, medioambiente, transporte y transitabilidad, seguridad ciudadana, educaci\u00f3n y salud, fundamentalmente.<\/p>\n<p>FEJUVE<br \/>\nEn criterio del presidente de la Federaci\u00f3n de Juntas Vecinales de La Paz (Fejuve) Justino Apaza, el tratamiento de la Carta Org\u00e1nica debe \u201cempezar de cero\u201d, en el contexto de la nueva administraci\u00f3n pol\u00edtica local.<br \/>\n\u201cNosotros vamos a llevar nuestras propuestas como juntas vecinales, hay un nuevo alcalde y nuevo Concejo Municipal en este caso tendr\u00edamos que trabajar de cero\u201d, declar\u00f3.<br \/>\nEn criterio del dirigente vecinal, el borrador elaborado por la gesti\u00f3n que concluy\u00f3 el pasado 3 de mayo, responde a intereses pol\u00edticos y a las necesidades de los vecinos.<br \/>\nApaza anunci\u00f3 que dentro la l\u00ednea org\u00e1nica de la Fejuve, convocar\u00e1n a asambleas vecinales para lograr una propuesta unificada.<br \/>\n\u201cSomos cinco macrodistritos y todos tienen que participar sin discriminaci\u00f3n y sean tomadas en cuenta todas las propuestas\u201d, apunt\u00f3 al anticipar la posible conformaci\u00f3n de una alta \u201ccomisi\u00f3n\u201d multidisciplinaria en la que tambi\u00e9n participen representantes del Gobierno Central.<\/p>\n<p>CONVOCATORIA<br \/>\nREFER\u00c9NDUM<br \/>\nRecientemente, el Tribunal Supremo Electoral (TSE) inform\u00f3 sobre la solicitud de convocatoria a 30 a refer\u00e9ndums para la aprobaci\u00f3n de cartas org\u00e1nicas municipales.<\/p>\n","protected":false},"excerpt":{"rendered":"<p>El tratamiento y aprobaci\u00f3n de la propuesta de Carta Org\u00e1nica de La Paz por el Concejo Municipal est\u00e1n sujetos al escenario pol\u00edtico, la pandemia del covid-19 por el proceso de socializaci\u00f3n y el presupuesto financiero asignado al Legislativo local, anticip\u00f3 su presidente Jorge Dul\u00f3n. \u201cEs una gesti\u00f3n de mucha importancia, merece tomarse su tiempo no [&hellip;]<\/p>\n","protected":false},"author":1,"featured_media":4544,"comment_status":"closed","ping_status":"closed","sticky":false,"template":"","format":"standard","meta":{"_acf_changed":false,"footnotes":""},"categories":[14],"tags":[],"class_list":["post-4543","post","type-post","status-publish","format-standard","has-post-thumbnail","category-politica"],"acf":{"antetitulo":""},"yoast_head":"<!-- This site is optimized with the Yoast SEO plugin v28.3 - https:\/\/yoast.com\/product\/yoast-seo-wordpress\/ -->\n<title>Tratamiento de Carta Org\u00e1nica para La Paz sujeta al escenario pol\u00edtico - El Diario - Bolivia<\/title>\n<meta name=\"robots\" content=\"index, follow, max-snippet:-1, max-image-preview:large, max-video-preview:-1\" \/>\n<link rel=\"canonical\" href=\"https:\/\/www.eldiario.net\/portal\/2021\/05\/17\/tratamiento-de-carta-organica-para-la-paz-sujeta-al-escenario-politico\/\" \/>\n<meta property=\"og:locale\" content=\"es_ES\" \/>\n<meta property=\"og:type\" content=\"article\" \/>\n<meta property=\"og:title\" content=\"Tratamiento de Carta Org\u00e1nica para La Paz sujeta al escenario pol\u00edtico - El Diario - Bolivia\" \/>\n<meta property=\"og:description\" content=\"El tratamiento y aprobaci\u00f3n de la propuesta de Carta Org\u00e1nica de La Paz por el Concejo Municipal est\u00e1n sujetos al escenario pol\u00edtico, la pandemia del covid-19 por el proceso de socializaci\u00f3n y el presupuesto financiero asignado al Legislativo local, anticip\u00f3 su presidente Jorge Dul\u00f3n. \u201cEs una gesti\u00f3n de mucha importancia, merece tomarse su tiempo no [&hellip;]\" \/>\n<meta property=\"og:url\" content=\"https:\/\/www.eldiario.net\/portal\/2021\/05\/17\/tratamiento-de-carta-organica-para-la-paz-sujeta-al-escenario-politico\/\" \/>\n<meta property=\"og:site_name\" content=\"El Diario - Bolivia\" \/>\n<meta property=\"article:publisher\" content=\"https:\/\/www.facebook.com\/eldiario.bolivia\/\" \/>\n<meta property=\"article:published_time\" content=\"2021-05-17T10:51:43+00:00\" \/>\n<meta name=\"author\" content=\"Jeanette\" \/>\n<meta name=\"twitter:card\" content=\"summary_large_image\" \/>\n<meta name=\"twitter:creator\" content=\"@eldiario_net\" \/>\n<meta name=\"twitter:site\" content=\"@eldiario_net\" \/>\n<meta name=\"twitter:label1\" content=\"Escrito por\" \/>\n\t<meta name=\"twitter:data1\" content=\"Jeanette\" \/>\n\t<meta name=\"twitter:label2\" content=\"Tiempo de lectura\" \/>\n\t<meta name=\"twitter:data2\" content=\"4 minutos\" \/>\n<script type=\"application\/ld+json\" class=\"yoast-schema-graph\">{\"@context\":\"https:\\\/\\\/schema.org\",\"@graph\":[{\"@type\":\"Article\",\"@id\":\"https:\\\/\\\/www.eldiario.net\\\/portal\\\/2021\\\/05\\\/17\\\/tratamiento-de-carta-organica-para-la-paz-sujeta-al-escenario-politico\\\/#article\",\"isPartOf\":{\"@id\":\"https:\\\/\\\/www.eldiario.net\\\/portal\\\/2021\\\/05\\\/17\\\/tratamiento-de-carta-organica-para-la-paz-sujeta-al-escenario-politico\\\/\"},\"author\":{\"name\":\"Jeanette\",\"@id\":\"https:\\\/\\\/www.eldiario.net\\\/portal\\\/#\\\/schema\\\/person\\\/f46445640444750d7d753ccd04ae01b7\"},\"headline\":\"Tratamiento de Carta Org\u00e1nica para La Paz sujeta al escenario pol\u00edtico\",\"datePublished\":\"2021-05-17T10:51:43+00:00\",\"mainEntityOfPage\":{\"@id\":\"https:\\\/\\\/www.eldiario.net\\\/portal\\\/2021\\\/05\\\/17\\\/tratamiento-de-carta-organica-para-la-paz-sujeta-al-escenario-politico\\\/\"},\"wordCount\":857,\"publisher\":{\"@id\":\"https:\\\/\\\/www.eldiario.net\\\/portal\\\/#organization\"},\"image\":{\"@id\":\"https:\\\/\\\/www.eldiario.net\\\/portal\\\/2021\\\/05\\\/17\\\/tratamiento-de-carta-organica-para-la-paz-sujeta-al-escenario-politico\\\/#primaryimage\"},\"thumbnailUrl\":\"\",\"articleSection\":[\"Pol\u00edtica\"],\"inLanguage\":\"es\"},{\"@type\":\"WebPage\",\"@id\":\"https:\\\/\\\/www.eldiario.net\\\/portal\\\/2021\\\/05\\\/17\\\/tratamiento-de-carta-organica-para-la-paz-sujeta-al-escenario-politico\\\/\",\"url\":\"https:\\\/\\\/www.eldiario.net\\\/portal\\\/2021\\\/05\\\/17\\\/tratamiento-de-carta-organica-para-la-paz-sujeta-al-escenario-politico\\\/\",\"name\":\"Tratamiento de Carta Org\u00e1nica para La Paz sujeta al escenario pol\u00edtico - El Diario - Bolivia\",\"isPartOf\":{\"@id\":\"https:\\\/\\\/www.eldiario.net\\\/portal\\\/#website\"},\"primaryImageOfPage\":{\"@id\":\"https:\\\/\\\/www.eldiario.net\\\/portal\\\/2021\\\/05\\\/17\\\/tratamiento-de-carta-organica-para-la-paz-sujeta-al-escenario-politico\\\/#primaryimage\"},\"image\":{\"@id\":\"https:\\\/\\\/www.eldiario.net\\\/portal\\\/2021\\\/05\\\/17\\\/tratamiento-de-carta-organica-para-la-paz-sujeta-al-escenario-politico\\\/#primaryimage\"},\"thumbnailUrl\":\"\",\"datePublished\":\"2021-05-17T10:51:43+00:00\",\"breadcrumb\":{\"@id\":\"https:\\\/\\\/www.eldiario.net\\\/portal\\\/2021\\\/05\\\/17\\\/tratamiento-de-carta-organica-para-la-paz-sujeta-al-escenario-politico\\\/#breadcrumb\"},\"inLanguage\":\"es\",\"potentialAction\":[{\"@type\":\"ReadAction\",\"target\":[\"https:\\\/\\\/www.eldiario.net\\\/portal\\\/2021\\\/05\\\/17\\\/tratamiento-de-carta-organica-para-la-paz-sujeta-al-escenario-politico\\\/\"]}]},{\"@type\":\"ImageObject\",\"inLanguage\":\"es\",\"@id\":\"https:\\\/\\\/www.eldiario.net\\\/portal\\\/2021\\\/05\\\/17\\\/tratamiento-de-carta-organica-para-la-paz-sujeta-al-escenario-politico\\\/#primaryimage\",\"url\":\"\",\"contentUrl\":\"\"},{\"@type\":\"BreadcrumbList\",\"@id\":\"https:\\\/\\\/www.eldiario.net\\\/portal\\\/2021\\\/05\\\/17\\\/tratamiento-de-carta-organica-para-la-paz-sujeta-al-escenario-politico\\\/#breadcrumb\",\"itemListElement\":[{\"@type\":\"ListItem\",\"position\":1,\"name\":\"Portada\",\"item\":\"https:\\\/\\\/www.eldiario.net\\\/portal\\\/\"},{\"@type\":\"ListItem\",\"position\":2,\"name\":\"Tratamiento de Carta Org\u00e1nica para La Paz sujeta al escenario pol\u00edtico\"}]},{\"@type\":\"WebSite\",\"@id\":\"https:\\\/\\\/www.eldiario.net\\\/portal\\\/#website\",\"url\":\"https:\\\/\\\/www.eldiario.net\\\/portal\\\/\",\"name\":\"El Diario - Decano de la prensa nacional\",\"description\":\"El Diario - Decano de la prensa nacional\",\"publisher\":{\"@id\":\"https:\\\/\\\/www.eldiario.net\\\/portal\\\/#organization\"},\"potentialAction\":[{\"@type\":\"SearchAction\",\"target\":{\"@type\":\"EntryPoint\",\"urlTemplate\":\"https:\\\/\\\/www.eldiario.net\\\/portal\\\/?s={search_term_string}\"},\"query-input\":{\"@type\":\"PropertyValueSpecification\",\"valueRequired\":true,\"valueName\":\"search_term_string\"}}],\"inLanguage\":\"es\"},{\"@type\":\"Organization\",\"@id\":\"https:\\\/\\\/www.eldiario.net\\\/portal\\\/#organization\",\"name\":\"El Diario - Decano de la prensa nacional\",\"url\":\"https:\\\/\\\/www.eldiario.net\\\/portal\\\/\",\"logo\":{\"@type\":\"ImageObject\",\"inLanguage\":\"es\",\"@id\":\"https:\\\/\\\/www.eldiario.net\\\/portal\\\/#\\\/schema\\\/logo\\\/image\\\/\",\"url\":\"https:\\\/\\\/www.eldiario.net\\\/portal\\\/wp-content\\\/uploads\\\/2023\\\/07\\\/logo_ED.jpg\",\"contentUrl\":\"https:\\\/\\\/www.eldiario.net\\\/portal\\\/wp-content\\\/uploads\\\/2023\\\/07\\\/logo_ED.jpg\",\"width\":272,\"height\":52,\"caption\":\"El Diario - Decano de la prensa nacional\"},\"image\":{\"@id\":\"https:\\\/\\\/www.eldiario.net\\\/portal\\\/#\\\/schema\\\/logo\\\/image\\\/\"},\"sameAs\":[\"https:\\\/\\\/www.facebook.com\\\/eldiario.bolivia\\\/\",\"https:\\\/\\\/x.com\\\/eldiario_net\"]},{\"@type\":\"Person\",\"@id\":\"https:\\\/\\\/www.eldiario.net\\\/portal\\\/#\\\/schema\\\/person\\\/f46445640444750d7d753ccd04ae01b7\",\"name\":\"Jeanette\",\"image\":{\"@type\":\"ImageObject\",\"inLanguage\":\"es\",\"@id\":\"https:\\\/\\\/secure.gravatar.com\\\/avatar\\\/3ea2118a5f7dad2b7138b1187a6b7ee55f160b9968b66013c3a3ef39dd7e5798?s=96&d=mm&r=g\",\"url\":\"https:\\\/\\\/secure.gravatar.com\\\/avatar\\\/3ea2118a5f7dad2b7138b1187a6b7ee55f160b9968b66013c3a3ef39dd7e5798?s=96&d=mm&r=g\",\"contentUrl\":\"https:\\\/\\\/secure.gravatar.com\\\/avatar\\\/3ea2118a5f7dad2b7138b1187a6b7ee55f160b9968b66013c3a3ef39dd7e5798?s=96&d=mm&r=g\",\"caption\":\"Jeanette\"},\"sameAs\":[\"https:\\\/\\\/www.eldiario.net\\\/portal\"],\"url\":\"https:\\\/\\\/www.eldiario.net\\\/portal\\\/author\\\/jeanette\\\/\"}]}<\/script>\n<!-- \/ Yoast SEO plugin. -->","yoast_head_json":{"title":"Tratamiento de Carta Org\u00e1nica para La Paz sujeta al escenario pol\u00edtico - El Diario - Bolivia","robots":{"index":"index","follow":"follow","max-snippet":"max-snippet:-1","max-image-preview":"max-image-preview:large","max-video-preview":"max-video-preview:-1"},"canonical":"https:\/\/www.eldiario.net\/portal\/2021\/05\/17\/tratamiento-de-carta-organica-para-la-paz-sujeta-al-escenario-politico\/","og_locale":"es_ES","og_type":"article","og_title":"Tratamiento de Carta Org\u00e1nica para La Paz sujeta al escenario pol\u00edtico - El Diario - Bolivia","og_description":"El tratamiento y aprobaci\u00f3n de la propuesta de Carta Org\u00e1nica de La Paz por el Concejo Municipal est\u00e1n sujetos al escenario pol\u00edtico, la pandemia del covid-19 por el proceso de socializaci\u00f3n y el presupuesto financiero asignado al Legislativo local, anticip\u00f3 su presidente Jorge Dul\u00f3n. \u201cEs una gesti\u00f3n de mucha importancia, merece tomarse su tiempo no [&hellip;]","og_url":"https:\/\/www.eldiario.net\/portal\/2021\/05\/17\/tratamiento-de-carta-organica-para-la-paz-sujeta-al-escenario-politico\/","og_site_name":"El Diario - Bolivia","article_publisher":"https:\/\/www.facebook.com\/eldiario.bolivia\/","article_published_time":"2021-05-17T10:51:43+00:00","author":"Jeanette","twitter_card":"summary_large_image","twitter_creator":"@eldiario_net","twitter_site":"@eldiario_net","twitter_misc":{"Escrito por":"Jeanette","Tiempo de lectura":"4 minutos"},"schema":{"@context":"https:\/\/schema.org","@graph":[{"@type":"Article","@id":"https:\/\/www.eldiario.net\/portal\/2021\/05\/17\/tratamiento-de-carta-organica-para-la-paz-sujeta-al-escenario-politico\/#article","isPartOf":{"@id":"https:\/\/www.eldiario.net\/portal\/2021\/05\/17\/tratamiento-de-carta-organica-para-la-paz-sujeta-al-escenario-politico\/"},"author":{"name":"Jeanette","@id":"https:\/\/www.eldiario.net\/portal\/#\/schema\/person\/f46445640444750d7d753ccd04ae01b7"},"headline":"Tratamiento de Carta Org\u00e1nica para La Paz sujeta al escenario pol\u00edtico","datePublished":"2021-05-17T10:51:43+00:00","mainEntityOfPage":{"@id":"https:\/\/www.eldiario.net\/portal\/2021\/05\/17\/tratamiento-de-carta-organica-para-la-paz-sujeta-al-escenario-politico\/"},"wordCount":857,"publisher":{"@id":"https:\/\/www.eldiario.net\/portal\/#organization"},"image":{"@id":"https:\/\/www.eldiario.net\/portal\/2021\/05\/17\/tratamiento-de-carta-organica-para-la-paz-sujeta-al-escenario-politico\/#primaryimage"},"thumbnailUrl":"","articleSection":["Pol\u00edtica"],"inLanguage":"es"},{"@type":"WebPage","@id":"https:\/\/www.eldiario.net\/portal\/2021\/05\/17\/tratamiento-de-carta-organica-para-la-paz-sujeta-al-escenario-politico\/","url":"https:\/\/www.eldiario.net\/portal\/2021\/05\/17\/tratamiento-de-carta-organica-para-la-paz-sujeta-al-escenario-politico\/","name":"Tratamiento de Carta Org\u00e1nica para La Paz sujeta al escenario pol\u00edtico - El Diario - Bolivia","isPartOf":{"@id":"https:\/\/www.eldiario.net\/portal\/#website"},"primaryImageOfPage":{"@id":"https:\/\/www.eldiario.net\/portal\/2021\/05\/17\/tratamiento-de-carta-organica-para-la-paz-sujeta-al-escenario-politico\/#primaryimage"},"image":{"@id":"https:\/\/www.eldiario.net\/portal\/2021\/05\/17\/tratamiento-de-carta-organica-para-la-paz-sujeta-al-escenario-politico\/#primaryimage"},"thumbnailUrl":"","datePublished":"2021-05-17T10:51:43+00:00","breadcrumb":{"@id":"https:\/\/www.eldiario.net\/portal\/2021\/05\/17\/tratamiento-de-carta-organica-para-la-paz-sujeta-al-escenario-politico\/#breadcrumb"},"inLanguage":"es","potentialAction":[{"@type":"ReadAction","target":["https:\/\/www.eldiario.net\/portal\/2021\/05\/17\/tratamiento-de-carta-organica-para-la-paz-sujeta-al-escenario-politico\/"]}]},{"@type":"ImageObject","inLanguage":"es","@id":"https:\/\/www.eldiario.net\/portal\/2021\/05\/17\/tratamiento-de-carta-organica-para-la-paz-sujeta-al-escenario-politico\/#primaryimage","url":"","contentUrl":""},{"@type":"BreadcrumbList","@id":"https:\/\/www.eldiario.net\/portal\/2021\/05\/17\/tratamiento-de-carta-organica-para-la-paz-sujeta-al-escenario-politico\/#breadcrumb","itemListElement":[{"@type":"ListItem","position":1,"name":"Portada","item":"https:\/\/www.eldiario.net\/portal\/"},{"@type":"ListItem","position":2,"name":"Tratamiento de Carta Org\u00e1nica para La Paz sujeta al escenario pol\u00edtico"}]},{"@type":"WebSite","@id":"https:\/\/www.eldiario.net\/portal\/#website","url":"https:\/\/www.eldiario.net\/portal\/","name":"El Diario - Decano de la prensa nacional","description":"El Diario - Decano de la prensa nacional","publisher":{"@id":"https:\/\/www.eldiario.net\/portal\/#organization"},"potentialAction":[{"@type":"SearchAction","target":{"@type":"EntryPoint","urlTemplate":"https:\/\/www.eldiario.net\/portal\/?s={search_term_string}"},"query-input":{"@type":"PropertyValueSpecification","valueRequired":true,"valueName":"search_term_string"}}],"inLanguage":"es"},{"@type":"Organization","@id":"https:\/\/www.eldiario.net\/portal\/#organization","name":"El Diario - Decano de la prensa nacional","url":"https:\/\/www.eldiario.net\/portal\/","logo":{"@type":"ImageObject","inLanguage":"es","@id":"https:\/\/www.eldiario.net\/portal\/#\/schema\/logo\/image\/","url":"https:\/\/www.eldiario.net\/portal\/wp-content\/uploads\/2023\/07\/logo_ED.jpg","contentUrl":"https:\/\/www.eldiario.net\/portal\/wp-content\/uploads\/2023\/07\/logo_ED.jpg","width":272,"height":52,"caption":"El Diario - Decano de la prensa nacional"},"image":{"@id":"https:\/\/www.eldiario.net\/portal\/#\/schema\/logo\/image\/"},"sameAs":["https:\/\/www.facebook.com\/eldiario.bolivia\/","https:\/\/x.com\/eldiario_net"]},{"@type":"Person","@id":"https:\/\/www.eldiario.net\/portal\/#\/schema\/person\/f46445640444750d7d753ccd04ae01b7","name":"Jeanette","image":{"@type":"ImageObject","inLanguage":"es","@id":"https:\/\/secure.gravatar.com\/avatar\/3ea2118a5f7dad2b7138b1187a6b7ee55f160b9968b66013c3a3ef39dd7e5798?s=96&d=mm&r=g","url":"https:\/\/secure.gravatar.com\/avatar\/3ea2118a5f7dad2b7138b1187a6b7ee55f160b9968b66013c3a3ef39dd7e5798?s=96&d=mm&r=g","contentUrl":"https:\/\/secure.gravatar.com\/avatar\/3ea2118a5f7dad2b7138b1187a6b7ee55f160b9968b66013c3a3ef39dd7e5798?s=96&d=mm&r=g","caption":"Jeanette"},"sameAs":["https:\/\/www.eldiario.net\/portal"],"url":"https:\/\/www.eldiario.net\/portal\/author\/jeanette\/"}]}},"_links":{"self":[{"href":"https:\/\/www.eldiario.net\/portal\/wp-json\/wp\/v2\/posts\/4543","targetHints":{"allow":["GET"]}}],"collection":[{"href":"https:\/\/www.eldiario.net\/portal\/wp-json\/wp\/v2\/posts"}],"about":[{"href":"https:\/\/www.eldiario.net\/portal\/wp-json\/wp\/v2\/types\/post"}],"author":[{"embeddable":true,"href":"https:\/\/www.eldiario.net\/portal\/wp-json\/wp\/v2\/users\/1"}],"replies":[{"embeddable":true,"href":"https:\/\/www.eldiario.net\/portal\/wp-json\/wp\/v2\/comments?post=4543"}],"version-history":[{"count":0,"href":"https:\/\/www.eldiario.net\/portal\/wp-json\/wp\/v2\/posts\/4543\/revisions"}],"wp:attachment":[{"href":"https:\/\/www.eldiario.net\/portal\/wp-json\/wp\/v2\/media?parent=4543"}],"wp:term":[{"taxonomy":"category","embeddable":true,"href":"https:\/\/www.eldiario.net\/portal\/wp-json\/wp\/v2\/categories?post=4543"},{"taxonomy":"post_tag","embeddable":true,"href":"https:\/\/www.eldiario.net\/portal\/wp-json\/wp\/v2\/tags?post=4543"}],"curies":[{"name":"wp","href":"https:\/\/api.w.org\/{rel}","templated":true}]}}