{"id":4540,"date":"2021-05-17T06:50:25","date_gmt":"2021-05-17T10:50:25","guid":{"rendered":"https:\/\/www.eldiario.net\/portal\/?p=4540"},"modified":"2021-05-17T06:50:25","modified_gmt":"2021-05-17T10:50:25","slug":"solicitud-de-extradicion-contra-murillo-confirma-persecucion","status":"publish","type":"post","link":"https:\/\/www.eldiario.net\/portal\/2021\/05\/17\/solicitud-de-extradicion-contra-murillo-confirma-persecucion\/","title":{"rendered":"Solicitud de extradici\u00f3n contra Murillo confirma persecuci\u00f3n"},"content":{"rendered":"<p>Tras el anuncio sobre el inicio del tr\u00e1mites para la activaci\u00f3n del sello azul para la captura internacional del exministro Arturo Murillo, los legisladores de oposici\u00f3n se\u00f1alan que esta determinaci\u00f3n es una nueva muestra de la persecuci\u00f3n pol\u00edtica ejercida desde el gobierno del Movimiento al Socialismo (MAS).<br \/>\nParlamentarios se\u00f1alan que las peticiones ante la Polic\u00eda Internacional para que se proceda con el arresto y la posterior extradici\u00f3n de la exautoridad del gobierno de transici\u00f3n, responden a un nuevo caso de persecuci\u00f3n pol\u00edtica en contra de exmiembros del gobierno de Jeanine A\u00f1ez.<br \/>\nPara el diputado por Comunidad Ciudadana, Alejandro Reyes, los anuncios son una prueba m\u00e1s de que el partido gobernante ha iniciado una campa\u00f1a de persecuci\u00f3n en contra de autoridades del gobierno de transici\u00f3n.<br \/>\n\u201cEs parte de la persecuci\u00f3n que est\u00e1 haciendo este Gobierno, seguramente ellos ver\u00e1n los pasos a seguir respecto a la justicia, ver\u00e1n c\u00f3mo van a hacer ellos para tratar de extraditar al se\u00f1or Murillo y a la le gente que est\u00e1 con juicios pendientes\u201d, asegur\u00f3 el parlamentario.<br \/>\nReiter\u00f3 que desde la oposici\u00f3n no se participar\u00e1 en ning\u00fan acto que signifique la persecuci\u00f3n de ciudadanos por motivos pol\u00edticos, como ocurre en el caso de la expresidenta A\u00f1ez, exministros, polic\u00edas y ciudadanos que defendieron la democracia tras el fraude electoral.<br \/>\n\u201cNosotros hemos dicho que no vamos a ser parte de la persecuci\u00f3n pol\u00edtica con respecto a la se\u00f1ora Jeanine A\u00f1ez y con respecto a la manipulaci\u00f3n de la justicia que se vive en el actual Gobierno\u201d, dijo.<br \/>\nPor su parte, el diputado oficialista Juanito Angulo expres\u00f3 su respaldo a los anuncios gubernamentales sobre la petici\u00f3n de activaci\u00f3n del sello azul en contra de Murillo, y manifest\u00f3 que es momento para que el pa\u00eds del norte deje de proteger a personas que deben rendir cuentas a la justicia en Bolivia.<br \/>\n\u201cEsperamos la cooperaci\u00f3n del gobierno de Estados Unidos para que de una vez se extradite al se\u00f1or Arturo Murillo, no pueden seguir protegiendo como han protegido a Gonzalo S\u00e1nchez de Lozada y S\u00e1nchez Berza\u00edn. En este caso el se\u00f1or Murillo, tiene que responder a los aspectos procedimentales para que se pueda extraditar\u201d se\u00f1al\u00f3 Angulo.<br \/>\nLa pasada semana, desde el Ministerio de Gobierno, se anunci\u00f3 que se solicit\u00f3 ante la Interpol, la activaci\u00f3n del sello azul en contra del extitular de la cartera de Gobierno.<\/p>\n","protected":false},"excerpt":{"rendered":"<p>Tras el anuncio sobre el inicio del tr\u00e1mites para la activaci\u00f3n del sello azul para la captura internacional del exministro Arturo Murillo, los legisladores de oposici\u00f3n se\u00f1alan que esta determinaci\u00f3n es una nueva muestra de la persecuci\u00f3n pol\u00edtica ejercida desde el gobierno del Movimiento al Socialismo (MAS). Parlamentarios se\u00f1alan que las peticiones ante la Polic\u00eda [&hellip;]<\/p>\n","protected":false},"author":1,"featured_media":4541,"comment_status":"closed","ping_status":"closed","sticky":false,"template":"","format":"standard","meta":{"_acf_changed":false,"footnotes":""},"categories":[14],"tags":[],"class_list":["post-4540","post","type-post","status-publish","format-standard","has-post-thumbnail","category-politica"],"acf":{"antetitulo":""},"yoast_head":"<!-- This site is optimized with the Yoast SEO plugin v28.3 - https:\/\/yoast.com\/product\/yoast-seo-wordpress\/ -->\n<title>Solicitud de extradici\u00f3n contra Murillo confirma persecuci\u00f3n - El Diario - Bolivia<\/title>\n<meta name=\"robots\" content=\"index, follow, max-snippet:-1, max-image-preview:large, max-video-preview:-1\" \/>\n<link rel=\"canonical\" href=\"https:\/\/www.eldiario.net\/portal\/2021\/05\/17\/solicitud-de-extradicion-contra-murillo-confirma-persecucion\/\" \/>\n<meta property=\"og:locale\" content=\"es_ES\" \/>\n<meta property=\"og:type\" content=\"article\" \/>\n<meta property=\"og:title\" content=\"Solicitud de extradici\u00f3n contra Murillo confirma persecuci\u00f3n - El Diario - Bolivia\" \/>\n<meta property=\"og:description\" content=\"Tras el anuncio sobre el inicio del tr\u00e1mites para la activaci\u00f3n del sello azul para la captura internacional del exministro Arturo Murillo, los legisladores de oposici\u00f3n se\u00f1alan que esta determinaci\u00f3n es una nueva muestra de la persecuci\u00f3n pol\u00edtica ejercida desde el gobierno del Movimiento al Socialismo (MAS). Parlamentarios se\u00f1alan que las peticiones ante la Polic\u00eda [&hellip;]\" \/>\n<meta property=\"og:url\" content=\"https:\/\/www.eldiario.net\/portal\/2021\/05\/17\/solicitud-de-extradicion-contra-murillo-confirma-persecucion\/\" \/>\n<meta property=\"og:site_name\" content=\"El Diario - Bolivia\" \/>\n<meta property=\"article:publisher\" content=\"https:\/\/www.facebook.com\/eldiario.bolivia\/\" \/>\n<meta property=\"article:published_time\" content=\"2021-05-17T10:50:25+00:00\" \/>\n<meta property=\"og:image\" content=\"https:\/\/www.eldiario.net\/portal\/wp-content\/uploads\/2021\/05\/Pol-161.jpg\" \/>\n\t<meta property=\"og:image:width\" content=\"720\" \/>\n\t<meta property=\"og:image:height\" content=\"540\" \/>\n\t<meta property=\"og:image:type\" content=\"image\/jpeg\" \/>\n<meta name=\"author\" content=\"Jeanette\" \/>\n<meta name=\"twitter:card\" content=\"summary_large_image\" \/>\n<meta name=\"twitter:creator\" content=\"@eldiario_net\" \/>\n<meta name=\"twitter:site\" content=\"@eldiario_net\" \/>\n<meta name=\"twitter:label1\" content=\"Escrito por\" \/>\n\t<meta name=\"twitter:data1\" content=\"Jeanette\" \/>\n\t<meta name=\"twitter:label2\" content=\"Tiempo de lectura\" \/>\n\t<meta name=\"twitter:data2\" content=\"2 minutos\" \/>\n<script type=\"application\/ld+json\" class=\"yoast-schema-graph\">{\"@context\":\"https:\\\/\\\/schema.org\",\"@graph\":[{\"@type\":\"Article\",\"@id\":\"https:\\\/\\\/www.eldiario.net\\\/portal\\\/2021\\\/05\\\/17\\\/solicitud-de-extradicion-contra-murillo-confirma-persecucion\\\/#article\",\"isPartOf\":{\"@id\":\"https:\\\/\\\/www.eldiario.net\\\/portal\\\/2021\\\/05\\\/17\\\/solicitud-de-extradicion-contra-murillo-confirma-persecucion\\\/\"},\"author\":{\"name\":\"Jeanette\",\"@id\":\"https:\\\/\\\/www.eldiario.net\\\/portal\\\/#\\\/schema\\\/person\\\/f46445640444750d7d753ccd04ae01b7\"},\"headline\":\"Solicitud de extradici\u00f3n contra Murillo confirma persecuci\u00f3n\",\"datePublished\":\"2021-05-17T10:50:25+00:00\",\"mainEntityOfPage\":{\"@id\":\"https:\\\/\\\/www.eldiario.net\\\/portal\\\/2021\\\/05\\\/17\\\/solicitud-de-extradicion-contra-murillo-confirma-persecucion\\\/\"},\"wordCount\":439,\"publisher\":{\"@id\":\"https:\\\/\\\/www.eldiario.net\\\/portal\\\/#organization\"},\"image\":{\"@id\":\"https:\\\/\\\/www.eldiario.net\\\/portal\\\/2021\\\/05\\\/17\\\/solicitud-de-extradicion-contra-murillo-confirma-persecucion\\\/#primaryimage\"},\"thumbnailUrl\":\"https:\\\/\\\/www.eldiario.net\\\/portal\\\/wp-content\\\/uploads\\\/2021\\\/05\\\/Pol-161.jpg\",\"articleSection\":[\"Pol\u00edtica\"],\"inLanguage\":\"es\"},{\"@type\":\"WebPage\",\"@id\":\"https:\\\/\\\/www.eldiario.net\\\/portal\\\/2021\\\/05\\\/17\\\/solicitud-de-extradicion-contra-murillo-confirma-persecucion\\\/\",\"url\":\"https:\\\/\\\/www.eldiario.net\\\/portal\\\/2021\\\/05\\\/17\\\/solicitud-de-extradicion-contra-murillo-confirma-persecucion\\\/\",\"name\":\"Solicitud de extradici\u00f3n contra Murillo confirma persecuci\u00f3n - El Diario - Bolivia\",\"isPartOf\":{\"@id\":\"https:\\\/\\\/www.eldiario.net\\\/portal\\\/#website\"},\"primaryImageOfPage\":{\"@id\":\"https:\\\/\\\/www.eldiario.net\\\/portal\\\/2021\\\/05\\\/17\\\/solicitud-de-extradicion-contra-murillo-confirma-persecucion\\\/#primaryimage\"},\"image\":{\"@id\":\"https:\\\/\\\/www.eldiario.net\\\/portal\\\/2021\\\/05\\\/17\\\/solicitud-de-extradicion-contra-murillo-confirma-persecucion\\\/#primaryimage\"},\"thumbnailUrl\":\"https:\\\/\\\/www.eldiario.net\\\/portal\\\/wp-content\\\/uploads\\\/2021\\\/05\\\/Pol-161.jpg\",\"datePublished\":\"2021-05-17T10:50:25+00:00\",\"breadcrumb\":{\"@id\":\"https:\\\/\\\/www.eldiario.net\\\/portal\\\/2021\\\/05\\\/17\\\/solicitud-de-extradicion-contra-murillo-confirma-persecucion\\\/#breadcrumb\"},\"inLanguage\":\"es\",\"potentialAction\":[{\"@type\":\"ReadAction\",\"target\":[\"https:\\\/\\\/www.eldiario.net\\\/portal\\\/2021\\\/05\\\/17\\\/solicitud-de-extradicion-contra-murillo-confirma-persecucion\\\/\"]}]},{\"@type\":\"ImageObject\",\"inLanguage\":\"es\",\"@id\":\"https:\\\/\\\/www.eldiario.net\\\/portal\\\/2021\\\/05\\\/17\\\/solicitud-de-extradicion-contra-murillo-confirma-persecucion\\\/#primaryimage\",\"url\":\"https:\\\/\\\/www.eldiario.net\\\/portal\\\/wp-content\\\/uploads\\\/2021\\\/05\\\/Pol-161.jpg\",\"contentUrl\":\"https:\\\/\\\/www.eldiario.net\\\/portal\\\/wp-content\\\/uploads\\\/2021\\\/05\\\/Pol-161.jpg\",\"width\":720,\"height\":540},{\"@type\":\"BreadcrumbList\",\"@id\":\"https:\\\/\\\/www.eldiario.net\\\/portal\\\/2021\\\/05\\\/17\\\/solicitud-de-extradicion-contra-murillo-confirma-persecucion\\\/#breadcrumb\",\"itemListElement\":[{\"@type\":\"ListItem\",\"position\":1,\"name\":\"Portada\",\"item\":\"https:\\\/\\\/www.eldiario.net\\\/portal\\\/\"},{\"@type\":\"ListItem\",\"position\":2,\"name\":\"Solicitud de extradici\u00f3n contra Murillo confirma persecuci\u00f3n\"}]},{\"@type\":\"WebSite\",\"@id\":\"https:\\\/\\\/www.eldiario.net\\\/portal\\\/#website\",\"url\":\"https:\\\/\\\/www.eldiario.net\\\/portal\\\/\",\"name\":\"El Diario - Decano de la prensa nacional\",\"description\":\"El Diario - Decano de la prensa nacional\",\"publisher\":{\"@id\":\"https:\\\/\\\/www.eldiario.net\\\/portal\\\/#organization\"},\"potentialAction\":[{\"@type\":\"SearchAction\",\"target\":{\"@type\":\"EntryPoint\",\"urlTemplate\":\"https:\\\/\\\/www.eldiario.net\\\/portal\\\/?s={search_term_string}\"},\"query-input\":{\"@type\":\"PropertyValueSpecification\",\"valueRequired\":true,\"valueName\":\"search_term_string\"}}],\"inLanguage\":\"es\"},{\"@type\":\"Organization\",\"@id\":\"https:\\\/\\\/www.eldiario.net\\\/portal\\\/#organization\",\"name\":\"El Diario - Decano de la prensa nacional\",\"url\":\"https:\\\/\\\/www.eldiario.net\\\/portal\\\/\",\"logo\":{\"@type\":\"ImageObject\",\"inLanguage\":\"es\",\"@id\":\"https:\\\/\\\/www.eldiario.net\\\/portal\\\/#\\\/schema\\\/logo\\\/image\\\/\",\"url\":\"https:\\\/\\\/www.eldiario.net\\\/portal\\\/wp-content\\\/uploads\\\/2023\\\/07\\\/logo_ED.jpg\",\"contentUrl\":\"https:\\\/\\\/www.eldiario.net\\\/portal\\\/wp-content\\\/uploads\\\/2023\\\/07\\\/logo_ED.jpg\",\"width\":272,\"height\":52,\"caption\":\"El Diario - Decano de la prensa nacional\"},\"image\":{\"@id\":\"https:\\\/\\\/www.eldiario.net\\\/portal\\\/#\\\/schema\\\/logo\\\/image\\\/\"},\"sameAs\":[\"https:\\\/\\\/www.facebook.com\\\/eldiario.bolivia\\\/\",\"https:\\\/\\\/x.com\\\/eldiario_net\"]},{\"@type\":\"Person\",\"@id\":\"https:\\\/\\\/www.eldiario.net\\\/portal\\\/#\\\/schema\\\/person\\\/f46445640444750d7d753ccd04ae01b7\",\"name\":\"Jeanette\",\"image\":{\"@type\":\"ImageObject\",\"inLanguage\":\"es\",\"@id\":\"https:\\\/\\\/secure.gravatar.com\\\/avatar\\\/3ea2118a5f7dad2b7138b1187a6b7ee55f160b9968b66013c3a3ef39dd7e5798?s=96&d=mm&r=g\",\"url\":\"https:\\\/\\\/secure.gravatar.com\\\/avatar\\\/3ea2118a5f7dad2b7138b1187a6b7ee55f160b9968b66013c3a3ef39dd7e5798?s=96&d=mm&r=g\",\"contentUrl\":\"https:\\\/\\\/secure.gravatar.com\\\/avatar\\\/3ea2118a5f7dad2b7138b1187a6b7ee55f160b9968b66013c3a3ef39dd7e5798?s=96&d=mm&r=g\",\"caption\":\"Jeanette\"},\"sameAs\":[\"https:\\\/\\\/www.eldiario.net\\\/portal\"],\"url\":\"https:\\\/\\\/www.eldiario.net\\\/portal\\\/author\\\/jeanette\\\/\"}]}<\/script>\n<!-- \/ Yoast SEO plugin. -->","yoast_head_json":{"title":"Solicitud de extradici\u00f3n contra Murillo confirma persecuci\u00f3n - El Diario - Bolivia","robots":{"index":"index","follow":"follow","max-snippet":"max-snippet:-1","max-image-preview":"max-image-preview:large","max-video-preview":"max-video-preview:-1"},"canonical":"https:\/\/www.eldiario.net\/portal\/2021\/05\/17\/solicitud-de-extradicion-contra-murillo-confirma-persecucion\/","og_locale":"es_ES","og_type":"article","og_title":"Solicitud de extradici\u00f3n contra Murillo confirma persecuci\u00f3n - El Diario - Bolivia","og_description":"Tras el anuncio sobre el inicio del tr\u00e1mites para la activaci\u00f3n del sello azul para la captura internacional del exministro Arturo Murillo, los legisladores de oposici\u00f3n se\u00f1alan que esta determinaci\u00f3n es una nueva muestra de la persecuci\u00f3n pol\u00edtica ejercida desde el gobierno del Movimiento al Socialismo (MAS). Parlamentarios se\u00f1alan que las peticiones ante la Polic\u00eda [&hellip;]","og_url":"https:\/\/www.eldiario.net\/portal\/2021\/05\/17\/solicitud-de-extradicion-contra-murillo-confirma-persecucion\/","og_site_name":"El Diario - Bolivia","article_publisher":"https:\/\/www.facebook.com\/eldiario.bolivia\/","article_published_time":"2021-05-17T10:50:25+00:00","og_image":[{"width":720,"height":540,"url":"https:\/\/www.eldiario.net\/portal\/wp-content\/uploads\/2021\/05\/Pol-161.jpg","type":"image\/jpeg"}],"author":"Jeanette","twitter_card":"summary_large_image","twitter_creator":"@eldiario_net","twitter_site":"@eldiario_net","twitter_misc":{"Escrito por":"Jeanette","Tiempo de lectura":"2 minutos"},"schema":{"@context":"https:\/\/schema.org","@graph":[{"@type":"Article","@id":"https:\/\/www.eldiario.net\/portal\/2021\/05\/17\/solicitud-de-extradicion-contra-murillo-confirma-persecucion\/#article","isPartOf":{"@id":"https:\/\/www.eldiario.net\/portal\/2021\/05\/17\/solicitud-de-extradicion-contra-murillo-confirma-persecucion\/"},"author":{"name":"Jeanette","@id":"https:\/\/www.eldiario.net\/portal\/#\/schema\/person\/f46445640444750d7d753ccd04ae01b7"},"headline":"Solicitud de extradici\u00f3n contra Murillo confirma persecuci\u00f3n","datePublished":"2021-05-17T10:50:25+00:00","mainEntityOfPage":{"@id":"https:\/\/www.eldiario.net\/portal\/2021\/05\/17\/solicitud-de-extradicion-contra-murillo-confirma-persecucion\/"},"wordCount":439,"publisher":{"@id":"https:\/\/www.eldiario.net\/portal\/#organization"},"image":{"@id":"https:\/\/www.eldiario.net\/portal\/2021\/05\/17\/solicitud-de-extradicion-contra-murillo-confirma-persecucion\/#primaryimage"},"thumbnailUrl":"https:\/\/www.eldiario.net\/portal\/wp-content\/uploads\/2021\/05\/Pol-161.jpg","articleSection":["Pol\u00edtica"],"inLanguage":"es"},{"@type":"WebPage","@id":"https:\/\/www.eldiario.net\/portal\/2021\/05\/17\/solicitud-de-extradicion-contra-murillo-confirma-persecucion\/","url":"https:\/\/www.eldiario.net\/portal\/2021\/05\/17\/solicitud-de-extradicion-contra-murillo-confirma-persecucion\/","name":"Solicitud de extradici\u00f3n contra Murillo confirma persecuci\u00f3n - El Diario - Bolivia","isPartOf":{"@id":"https:\/\/www.eldiario.net\/portal\/#website"},"primaryImageOfPage":{"@id":"https:\/\/www.eldiario.net\/portal\/2021\/05\/17\/solicitud-de-extradicion-contra-murillo-confirma-persecucion\/#primaryimage"},"image":{"@id":"https:\/\/www.eldiario.net\/portal\/2021\/05\/17\/solicitud-de-extradicion-contra-murillo-confirma-persecucion\/#primaryimage"},"thumbnailUrl":"https:\/\/www.eldiario.net\/portal\/wp-content\/uploads\/2021\/05\/Pol-161.jpg","datePublished":"2021-05-17T10:50:25+00:00","breadcrumb":{"@id":"https:\/\/www.eldiario.net\/portal\/2021\/05\/17\/solicitud-de-extradicion-contra-murillo-confirma-persecucion\/#breadcrumb"},"inLanguage":"es","potentialAction":[{"@type":"ReadAction","target":["https:\/\/www.eldiario.net\/portal\/2021\/05\/17\/solicitud-de-extradicion-contra-murillo-confirma-persecucion\/"]}]},{"@type":"ImageObject","inLanguage":"es","@id":"https:\/\/www.eldiario.net\/portal\/2021\/05\/17\/solicitud-de-extradicion-contra-murillo-confirma-persecucion\/#primaryimage","url":"https:\/\/www.eldiario.net\/portal\/wp-content\/uploads\/2021\/05\/Pol-161.jpg","contentUrl":"https:\/\/www.eldiario.net\/portal\/wp-content\/uploads\/2021\/05\/Pol-161.jpg","width":720,"height":540},{"@type":"BreadcrumbList","@id":"https:\/\/www.eldiario.net\/portal\/2021\/05\/17\/solicitud-de-extradicion-contra-murillo-confirma-persecucion\/#breadcrumb","itemListElement":[{"@type":"ListItem","position":1,"name":"Portada","item":"https:\/\/www.eldiario.net\/portal\/"},{"@type":"ListItem","position":2,"name":"Solicitud de extradici\u00f3n contra Murillo confirma persecuci\u00f3n"}]},{"@type":"WebSite","@id":"https:\/\/www.eldiario.net\/portal\/#website","url":"https:\/\/www.eldiario.net\/portal\/","name":"El Diario - Decano de la prensa nacional","description":"El Diario - Decano de la prensa nacional","publisher":{"@id":"https:\/\/www.eldiario.net\/portal\/#organization"},"potentialAction":[{"@type":"SearchAction","target":{"@type":"EntryPoint","urlTemplate":"https:\/\/www.eldiario.net\/portal\/?s={search_term_string}"},"query-input":{"@type":"PropertyValueSpecification","valueRequired":true,"valueName":"search_term_string"}}],"inLanguage":"es"},{"@type":"Organization","@id":"https:\/\/www.eldiario.net\/portal\/#organization","name":"El Diario - Decano de la prensa nacional","url":"https:\/\/www.eldiario.net\/portal\/","logo":{"@type":"ImageObject","inLanguage":"es","@id":"https:\/\/www.eldiario.net\/portal\/#\/schema\/logo\/image\/","url":"https:\/\/www.eldiario.net\/portal\/wp-content\/uploads\/2023\/07\/logo_ED.jpg","contentUrl":"https:\/\/www.eldiario.net\/portal\/wp-content\/uploads\/2023\/07\/logo_ED.jpg","width":272,"height":52,"caption":"El Diario - Decano de la prensa nacional"},"image":{"@id":"https:\/\/www.eldiario.net\/portal\/#\/schema\/logo\/image\/"},"sameAs":["https:\/\/www.facebook.com\/eldiario.bolivia\/","https:\/\/x.com\/eldiario_net"]},{"@type":"Person","@id":"https:\/\/www.eldiario.net\/portal\/#\/schema\/person\/f46445640444750d7d753ccd04ae01b7","name":"Jeanette","image":{"@type":"ImageObject","inLanguage":"es","@id":"https:\/\/secure.gravatar.com\/avatar\/3ea2118a5f7dad2b7138b1187a6b7ee55f160b9968b66013c3a3ef39dd7e5798?s=96&d=mm&r=g","url":"https:\/\/secure.gravatar.com\/avatar\/3ea2118a5f7dad2b7138b1187a6b7ee55f160b9968b66013c3a3ef39dd7e5798?s=96&d=mm&r=g","contentUrl":"https:\/\/secure.gravatar.com\/avatar\/3ea2118a5f7dad2b7138b1187a6b7ee55f160b9968b66013c3a3ef39dd7e5798?s=96&d=mm&r=g","caption":"Jeanette"},"sameAs":["https:\/\/www.eldiario.net\/portal"],"url":"https:\/\/www.eldiario.net\/portal\/author\/jeanette\/"}]}},"_links":{"self":[{"href":"https:\/\/www.eldiario.net\/portal\/wp-json\/wp\/v2\/posts\/4540","targetHints":{"allow":["GET"]}}],"collection":[{"href":"https:\/\/www.eldiario.net\/portal\/wp-json\/wp\/v2\/posts"}],"about":[{"href":"https:\/\/www.eldiario.net\/portal\/wp-json\/wp\/v2\/types\/post"}],"author":[{"embeddable":true,"href":"https:\/\/www.eldiario.net\/portal\/wp-json\/wp\/v2\/users\/1"}],"replies":[{"embeddable":true,"href":"https:\/\/www.eldiario.net\/portal\/wp-json\/wp\/v2\/comments?post=4540"}],"version-history":[{"count":0,"href":"https:\/\/www.eldiario.net\/portal\/wp-json\/wp\/v2\/posts\/4540\/revisions"}],"wp:featuredmedia":[{"embeddable":true,"href":"https:\/\/www.eldiario.net\/portal\/wp-json\/wp\/v2\/media\/4541"}],"wp:attachment":[{"href":"https:\/\/www.eldiario.net\/portal\/wp-json\/wp\/v2\/media?parent=4540"}],"wp:term":[{"taxonomy":"category","embeddable":true,"href":"https:\/\/www.eldiario.net\/portal\/wp-json\/wp\/v2\/categories?post=4540"},{"taxonomy":"post_tag","embeddable":true,"href":"https:\/\/www.eldiario.net\/portal\/wp-json\/wp\/v2\/tags?post=4540"}],"curies":[{"name":"wp","href":"https:\/\/api.w.org\/{rel}","templated":true}]}}