{"id":4537,"date":"2021-05-17T06:49:22","date_gmt":"2021-05-17T10:49:22","guid":{"rendered":"https:\/\/www.eldiario.net\/portal\/?p=4537"},"modified":"2021-05-17T06:49:22","modified_gmt":"2021-05-17T10:49:22","slug":"testimonio-de-padre-jose-fuentes-descarta-golpe-de-estado-en-2019","status":"publish","type":"post","link":"https:\/\/www.eldiario.net\/portal\/2021\/05\/17\/testimonio-de-padre-jose-fuentes-descarta-golpe-de-estado-en-2019\/","title":{"rendered":"Testimonio de padre Jos\u00e9 Fuentes  descarta golpe de Estado en 2019"},"content":{"rendered":"<p>Ante las acusaciones del Gobierno sobre un supuesto golpe de Estado que se gest\u00f3 en la Universidad Cat\u00f3lica, el representante de la Iglesia manifest\u00f3 que lo \u00fanico que esta instituci\u00f3n hizo fue brindar sus instalaciones para que se realicen reuniones que pacifiquen el pa\u00eds en un momento delicado.<br \/>\nEl padre Jos\u00e9 Fuentes revel\u00f3 que tras las reuniones de pacificaci\u00f3n en noviembre de 2019, la exsenadora Adriana Salvatierra invit\u00f3 a obispos de la Iglesia Cat\u00f3lica a la posesi\u00f3n de la entonces senadora Jeanine A\u00f1ez en instalaciones de la Asamblea Legislativa por lo que queda descartada la teor\u00eda de que se gest\u00f3 un golpe de Estado desde las instalaciones de la Universidad Cat\u00f3lica como sostienen autoridades de Gobierno.<br \/>\nFuentes reiter\u00f3 que en las reuniones entre actores pol\u00edticos, c\u00edvicos y sociales, hubo un acuerdo para que la entonces senadora, Jeanine A\u00f1ez, asuma la presidencia en noviembre de 2019, estando las senadoras Andriana Salvatierra y Susana Rivero, presentes al momento de comunicar esta determinaci\u00f3n a la exmandataria.<br \/>\nEl actual rector de la Universidad Cat\u00f3lica Boliviana, padre Jos\u00e9 Fuentes, quien en 2019 desempe\u00f1aba funciones como Secretario General Adjunto de la Conferencia Episcopal de Bolivia y estuvo presente en las reuniones para la pacificaci\u00f3n del pa\u00eds, se\u00f1al\u00f3 que Salvatierra y Rivero presenciaron y consintieron el acuerdo para entregar la presidencia a A\u00f1ez como la mejor salida constitucional al conflicto.<br \/>\n\u201cAqu\u00ed hubo un acuerdo, incluido el MAS, como ya ha dicho la Conferencia Episcopal; ellas estaban aqu\u00ed presentes, aqu\u00ed hubo un acuerdo, incluso hubo una invitaci\u00f3n de Adriana Salvatierra para que los miembros de la Iglesia particip\u00e1semos en la toma de posesi\u00f3n aquella misma tarde del 12 de noviembre. Ella se acerc\u00f3 a los obispos, yo estaba presente ah\u00ed, y ha invitado a todos a participar en la Asamblea Plurinacional, en la sesi\u00f3n de investidura de aquella tarde\u201d, manifest\u00f3 Fuentes a P\u00e1gina Siete.<br \/>\nAnte las acusaciones del Gobierno sobre el supuesto golpe de Estado que se gest\u00f3 en la Universidad Cat\u00f3lica, el representante de la Iglesia manifest\u00f3 que lo \u00fanico que esta instituci\u00f3n hizo fue brindar sus instalaciones para que se realicen reuniones que pacifiquen el pa\u00eds en un momento delicado.<br \/>\n\u201cLa Universidad Cat\u00f3lica, lo \u00fanico que hizo, con una extraordinaria predisposici\u00f3n, fue prestarnos un sal\u00f3n; la Universidad Cat\u00f3lica no tuvo nada que ver en aquellos di\u00e1logos de octubre, noviembre de 2019\u201d, dijo.<br \/>\nFuentes reiter\u00f3 que la Iglesia Cat\u00f3lica ha sido muy clara, mediante dos comunicados emitidos con anterioridad, en que no hubo ning\u00fan golpe de Estado y que esta posibilidad es una fantas\u00eda.<br \/>\nLament\u00f3 que todo el trabajo para la pacificaci\u00f3n del pa\u00eds y el momento hist\u00f3rico vivido en aquella ocasi\u00f3n, se haya malinterpretado y sacado de contexto por el Gobierno para inventar una nueva historia, con otros fines.<\/p>\n","protected":false},"excerpt":{"rendered":"<p>Ante las acusaciones del Gobierno sobre un supuesto golpe de Estado que se gest\u00f3 en la Universidad Cat\u00f3lica, el representante de la Iglesia manifest\u00f3 que lo \u00fanico que esta instituci\u00f3n hizo fue brindar sus instalaciones para que se realicen reuniones que pacifiquen el pa\u00eds en un momento delicado. El padre Jos\u00e9 Fuentes revel\u00f3 que tras [&hellip;]<\/p>\n","protected":false},"author":1,"featured_media":4538,"comment_status":"closed","ping_status":"closed","sticky":false,"template":"","format":"standard","meta":{"_acf_changed":false,"footnotes":""},"categories":[14],"tags":[],"class_list":["post-4537","post","type-post","status-publish","format-standard","has-post-thumbnail","category-politica"],"acf":{"antetitulo":""},"yoast_head":"<!-- This site is optimized with the Yoast SEO plugin v28.3 - https:\/\/yoast.com\/product\/yoast-seo-wordpress\/ -->\n<title>Testimonio de padre Jos\u00e9 Fuentes descarta golpe de Estado en 2019 - El Diario - Bolivia<\/title>\n<meta name=\"robots\" content=\"index, follow, max-snippet:-1, max-image-preview:large, max-video-preview:-1\" \/>\n<link rel=\"canonical\" href=\"https:\/\/www.eldiario.net\/portal\/2021\/05\/17\/testimonio-de-padre-jose-fuentes-descarta-golpe-de-estado-en-2019\/\" \/>\n<meta property=\"og:locale\" content=\"es_ES\" \/>\n<meta property=\"og:type\" content=\"article\" \/>\n<meta property=\"og:title\" content=\"Testimonio de padre Jos\u00e9 Fuentes descarta golpe de Estado en 2019 - El Diario - Bolivia\" \/>\n<meta property=\"og:description\" content=\"Ante las acusaciones del Gobierno sobre un supuesto golpe de Estado que se gest\u00f3 en la Universidad Cat\u00f3lica, el representante de la Iglesia manifest\u00f3 que lo \u00fanico que esta instituci\u00f3n hizo fue brindar sus instalaciones para que se realicen reuniones que pacifiquen el pa\u00eds en un momento delicado. El padre Jos\u00e9 Fuentes revel\u00f3 que tras [&hellip;]\" \/>\n<meta property=\"og:url\" content=\"https:\/\/www.eldiario.net\/portal\/2021\/05\/17\/testimonio-de-padre-jose-fuentes-descarta-golpe-de-estado-en-2019\/\" \/>\n<meta property=\"og:site_name\" content=\"El Diario - Bolivia\" \/>\n<meta property=\"article:publisher\" content=\"https:\/\/www.facebook.com\/eldiario.bolivia\/\" \/>\n<meta property=\"article:published_time\" content=\"2021-05-17T10:49:22+00:00\" \/>\n<meta name=\"author\" content=\"Jeanette\" \/>\n<meta name=\"twitter:card\" content=\"summary_large_image\" \/>\n<meta name=\"twitter:creator\" content=\"@eldiario_net\" \/>\n<meta name=\"twitter:site\" content=\"@eldiario_net\" \/>\n<meta name=\"twitter:label1\" content=\"Escrito por\" \/>\n\t<meta name=\"twitter:data1\" content=\"Jeanette\" \/>\n\t<meta name=\"twitter:label2\" content=\"Tiempo de lectura\" \/>\n\t<meta name=\"twitter:data2\" content=\"2 minutos\" \/>\n<script type=\"application\/ld+json\" class=\"yoast-schema-graph\">{\"@context\":\"https:\\\/\\\/schema.org\",\"@graph\":[{\"@type\":\"Article\",\"@id\":\"https:\\\/\\\/www.eldiario.net\\\/portal\\\/2021\\\/05\\\/17\\\/testimonio-de-padre-jose-fuentes-descarta-golpe-de-estado-en-2019\\\/#article\",\"isPartOf\":{\"@id\":\"https:\\\/\\\/www.eldiario.net\\\/portal\\\/2021\\\/05\\\/17\\\/testimonio-de-padre-jose-fuentes-descarta-golpe-de-estado-en-2019\\\/\"},\"author\":{\"name\":\"Jeanette\",\"@id\":\"https:\\\/\\\/www.eldiario.net\\\/portal\\\/#\\\/schema\\\/person\\\/f46445640444750d7d753ccd04ae01b7\"},\"headline\":\"Testimonio de padre Jos\u00e9 Fuentes descarta golpe de Estado en 2019\",\"datePublished\":\"2021-05-17T10:49:22+00:00\",\"mainEntityOfPage\":{\"@id\":\"https:\\\/\\\/www.eldiario.net\\\/portal\\\/2021\\\/05\\\/17\\\/testimonio-de-padre-jose-fuentes-descarta-golpe-de-estado-en-2019\\\/\"},\"wordCount\":497,\"publisher\":{\"@id\":\"https:\\\/\\\/www.eldiario.net\\\/portal\\\/#organization\"},\"image\":{\"@id\":\"https:\\\/\\\/www.eldiario.net\\\/portal\\\/2021\\\/05\\\/17\\\/testimonio-de-padre-jose-fuentes-descarta-golpe-de-estado-en-2019\\\/#primaryimage\"},\"thumbnailUrl\":\"\",\"articleSection\":[\"Pol\u00edtica\"],\"inLanguage\":\"es\"},{\"@type\":\"WebPage\",\"@id\":\"https:\\\/\\\/www.eldiario.net\\\/portal\\\/2021\\\/05\\\/17\\\/testimonio-de-padre-jose-fuentes-descarta-golpe-de-estado-en-2019\\\/\",\"url\":\"https:\\\/\\\/www.eldiario.net\\\/portal\\\/2021\\\/05\\\/17\\\/testimonio-de-padre-jose-fuentes-descarta-golpe-de-estado-en-2019\\\/\",\"name\":\"Testimonio de padre Jos\u00e9 Fuentes descarta golpe de Estado en 2019 - El Diario - Bolivia\",\"isPartOf\":{\"@id\":\"https:\\\/\\\/www.eldiario.net\\\/portal\\\/#website\"},\"primaryImageOfPage\":{\"@id\":\"https:\\\/\\\/www.eldiario.net\\\/portal\\\/2021\\\/05\\\/17\\\/testimonio-de-padre-jose-fuentes-descarta-golpe-de-estado-en-2019\\\/#primaryimage\"},\"image\":{\"@id\":\"https:\\\/\\\/www.eldiario.net\\\/portal\\\/2021\\\/05\\\/17\\\/testimonio-de-padre-jose-fuentes-descarta-golpe-de-estado-en-2019\\\/#primaryimage\"},\"thumbnailUrl\":\"\",\"datePublished\":\"2021-05-17T10:49:22+00:00\",\"breadcrumb\":{\"@id\":\"https:\\\/\\\/www.eldiario.net\\\/portal\\\/2021\\\/05\\\/17\\\/testimonio-de-padre-jose-fuentes-descarta-golpe-de-estado-en-2019\\\/#breadcrumb\"},\"inLanguage\":\"es\",\"potentialAction\":[{\"@type\":\"ReadAction\",\"target\":[\"https:\\\/\\\/www.eldiario.net\\\/portal\\\/2021\\\/05\\\/17\\\/testimonio-de-padre-jose-fuentes-descarta-golpe-de-estado-en-2019\\\/\"]}]},{\"@type\":\"ImageObject\",\"inLanguage\":\"es\",\"@id\":\"https:\\\/\\\/www.eldiario.net\\\/portal\\\/2021\\\/05\\\/17\\\/testimonio-de-padre-jose-fuentes-descarta-golpe-de-estado-en-2019\\\/#primaryimage\",\"url\":\"\",\"contentUrl\":\"\"},{\"@type\":\"BreadcrumbList\",\"@id\":\"https:\\\/\\\/www.eldiario.net\\\/portal\\\/2021\\\/05\\\/17\\\/testimonio-de-padre-jose-fuentes-descarta-golpe-de-estado-en-2019\\\/#breadcrumb\",\"itemListElement\":[{\"@type\":\"ListItem\",\"position\":1,\"name\":\"Portada\",\"item\":\"https:\\\/\\\/www.eldiario.net\\\/portal\\\/\"},{\"@type\":\"ListItem\",\"position\":2,\"name\":\"Testimonio de padre Jos\u00e9 Fuentes descarta golpe de Estado en 2019\"}]},{\"@type\":\"WebSite\",\"@id\":\"https:\\\/\\\/www.eldiario.net\\\/portal\\\/#website\",\"url\":\"https:\\\/\\\/www.eldiario.net\\\/portal\\\/\",\"name\":\"El Diario - Decano de la prensa nacional\",\"description\":\"El Diario - Decano de la prensa nacional\",\"publisher\":{\"@id\":\"https:\\\/\\\/www.eldiario.net\\\/portal\\\/#organization\"},\"potentialAction\":[{\"@type\":\"SearchAction\",\"target\":{\"@type\":\"EntryPoint\",\"urlTemplate\":\"https:\\\/\\\/www.eldiario.net\\\/portal\\\/?s={search_term_string}\"},\"query-input\":{\"@type\":\"PropertyValueSpecification\",\"valueRequired\":true,\"valueName\":\"search_term_string\"}}],\"inLanguage\":\"es\"},{\"@type\":\"Organization\",\"@id\":\"https:\\\/\\\/www.eldiario.net\\\/portal\\\/#organization\",\"name\":\"El Diario - Decano de la prensa nacional\",\"url\":\"https:\\\/\\\/www.eldiario.net\\\/portal\\\/\",\"logo\":{\"@type\":\"ImageObject\",\"inLanguage\":\"es\",\"@id\":\"https:\\\/\\\/www.eldiario.net\\\/portal\\\/#\\\/schema\\\/logo\\\/image\\\/\",\"url\":\"https:\\\/\\\/www.eldiario.net\\\/portal\\\/wp-content\\\/uploads\\\/2023\\\/07\\\/logo_ED.jpg\",\"contentUrl\":\"https:\\\/\\\/www.eldiario.net\\\/portal\\\/wp-content\\\/uploads\\\/2023\\\/07\\\/logo_ED.jpg\",\"width\":272,\"height\":52,\"caption\":\"El Diario - Decano de la prensa nacional\"},\"image\":{\"@id\":\"https:\\\/\\\/www.eldiario.net\\\/portal\\\/#\\\/schema\\\/logo\\\/image\\\/\"},\"sameAs\":[\"https:\\\/\\\/www.facebook.com\\\/eldiario.bolivia\\\/\",\"https:\\\/\\\/x.com\\\/eldiario_net\"]},{\"@type\":\"Person\",\"@id\":\"https:\\\/\\\/www.eldiario.net\\\/portal\\\/#\\\/schema\\\/person\\\/f46445640444750d7d753ccd04ae01b7\",\"name\":\"Jeanette\",\"image\":{\"@type\":\"ImageObject\",\"inLanguage\":\"es\",\"@id\":\"https:\\\/\\\/secure.gravatar.com\\\/avatar\\\/3ea2118a5f7dad2b7138b1187a6b7ee55f160b9968b66013c3a3ef39dd7e5798?s=96&d=mm&r=g\",\"url\":\"https:\\\/\\\/secure.gravatar.com\\\/avatar\\\/3ea2118a5f7dad2b7138b1187a6b7ee55f160b9968b66013c3a3ef39dd7e5798?s=96&d=mm&r=g\",\"contentUrl\":\"https:\\\/\\\/secure.gravatar.com\\\/avatar\\\/3ea2118a5f7dad2b7138b1187a6b7ee55f160b9968b66013c3a3ef39dd7e5798?s=96&d=mm&r=g\",\"caption\":\"Jeanette\"},\"sameAs\":[\"https:\\\/\\\/www.eldiario.net\\\/portal\"],\"url\":\"https:\\\/\\\/www.eldiario.net\\\/portal\\\/author\\\/jeanette\\\/\"}]}<\/script>\n<!-- \/ Yoast SEO plugin. -->","yoast_head_json":{"title":"Testimonio de padre Jos\u00e9 Fuentes descarta golpe de Estado en 2019 - El Diario - Bolivia","robots":{"index":"index","follow":"follow","max-snippet":"max-snippet:-1","max-image-preview":"max-image-preview:large","max-video-preview":"max-video-preview:-1"},"canonical":"https:\/\/www.eldiario.net\/portal\/2021\/05\/17\/testimonio-de-padre-jose-fuentes-descarta-golpe-de-estado-en-2019\/","og_locale":"es_ES","og_type":"article","og_title":"Testimonio de padre Jos\u00e9 Fuentes descarta golpe de Estado en 2019 - El Diario - Bolivia","og_description":"Ante las acusaciones del Gobierno sobre un supuesto golpe de Estado que se gest\u00f3 en la Universidad Cat\u00f3lica, el representante de la Iglesia manifest\u00f3 que lo \u00fanico que esta instituci\u00f3n hizo fue brindar sus instalaciones para que se realicen reuniones que pacifiquen el pa\u00eds en un momento delicado. El padre Jos\u00e9 Fuentes revel\u00f3 que tras [&hellip;]","og_url":"https:\/\/www.eldiario.net\/portal\/2021\/05\/17\/testimonio-de-padre-jose-fuentes-descarta-golpe-de-estado-en-2019\/","og_site_name":"El Diario - Bolivia","article_publisher":"https:\/\/www.facebook.com\/eldiario.bolivia\/","article_published_time":"2021-05-17T10:49:22+00:00","author":"Jeanette","twitter_card":"summary_large_image","twitter_creator":"@eldiario_net","twitter_site":"@eldiario_net","twitter_misc":{"Escrito por":"Jeanette","Tiempo de lectura":"2 minutos"},"schema":{"@context":"https:\/\/schema.org","@graph":[{"@type":"Article","@id":"https:\/\/www.eldiario.net\/portal\/2021\/05\/17\/testimonio-de-padre-jose-fuentes-descarta-golpe-de-estado-en-2019\/#article","isPartOf":{"@id":"https:\/\/www.eldiario.net\/portal\/2021\/05\/17\/testimonio-de-padre-jose-fuentes-descarta-golpe-de-estado-en-2019\/"},"author":{"name":"Jeanette","@id":"https:\/\/www.eldiario.net\/portal\/#\/schema\/person\/f46445640444750d7d753ccd04ae01b7"},"headline":"Testimonio de padre Jos\u00e9 Fuentes descarta golpe de Estado en 2019","datePublished":"2021-05-17T10:49:22+00:00","mainEntityOfPage":{"@id":"https:\/\/www.eldiario.net\/portal\/2021\/05\/17\/testimonio-de-padre-jose-fuentes-descarta-golpe-de-estado-en-2019\/"},"wordCount":497,"publisher":{"@id":"https:\/\/www.eldiario.net\/portal\/#organization"},"image":{"@id":"https:\/\/www.eldiario.net\/portal\/2021\/05\/17\/testimonio-de-padre-jose-fuentes-descarta-golpe-de-estado-en-2019\/#primaryimage"},"thumbnailUrl":"","articleSection":["Pol\u00edtica"],"inLanguage":"es"},{"@type":"WebPage","@id":"https:\/\/www.eldiario.net\/portal\/2021\/05\/17\/testimonio-de-padre-jose-fuentes-descarta-golpe-de-estado-en-2019\/","url":"https:\/\/www.eldiario.net\/portal\/2021\/05\/17\/testimonio-de-padre-jose-fuentes-descarta-golpe-de-estado-en-2019\/","name":"Testimonio de padre Jos\u00e9 Fuentes descarta golpe de Estado en 2019 - El Diario - Bolivia","isPartOf":{"@id":"https:\/\/www.eldiario.net\/portal\/#website"},"primaryImageOfPage":{"@id":"https:\/\/www.eldiario.net\/portal\/2021\/05\/17\/testimonio-de-padre-jose-fuentes-descarta-golpe-de-estado-en-2019\/#primaryimage"},"image":{"@id":"https:\/\/www.eldiario.net\/portal\/2021\/05\/17\/testimonio-de-padre-jose-fuentes-descarta-golpe-de-estado-en-2019\/#primaryimage"},"thumbnailUrl":"","datePublished":"2021-05-17T10:49:22+00:00","breadcrumb":{"@id":"https:\/\/www.eldiario.net\/portal\/2021\/05\/17\/testimonio-de-padre-jose-fuentes-descarta-golpe-de-estado-en-2019\/#breadcrumb"},"inLanguage":"es","potentialAction":[{"@type":"ReadAction","target":["https:\/\/www.eldiario.net\/portal\/2021\/05\/17\/testimonio-de-padre-jose-fuentes-descarta-golpe-de-estado-en-2019\/"]}]},{"@type":"ImageObject","inLanguage":"es","@id":"https:\/\/www.eldiario.net\/portal\/2021\/05\/17\/testimonio-de-padre-jose-fuentes-descarta-golpe-de-estado-en-2019\/#primaryimage","url":"","contentUrl":""},{"@type":"BreadcrumbList","@id":"https:\/\/www.eldiario.net\/portal\/2021\/05\/17\/testimonio-de-padre-jose-fuentes-descarta-golpe-de-estado-en-2019\/#breadcrumb","itemListElement":[{"@type":"ListItem","position":1,"name":"Portada","item":"https:\/\/www.eldiario.net\/portal\/"},{"@type":"ListItem","position":2,"name":"Testimonio de padre Jos\u00e9 Fuentes descarta golpe de Estado en 2019"}]},{"@type":"WebSite","@id":"https:\/\/www.eldiario.net\/portal\/#website","url":"https:\/\/www.eldiario.net\/portal\/","name":"El Diario - Decano de la prensa nacional","description":"El Diario - Decano de la prensa nacional","publisher":{"@id":"https:\/\/www.eldiario.net\/portal\/#organization"},"potentialAction":[{"@type":"SearchAction","target":{"@type":"EntryPoint","urlTemplate":"https:\/\/www.eldiario.net\/portal\/?s={search_term_string}"},"query-input":{"@type":"PropertyValueSpecification","valueRequired":true,"valueName":"search_term_string"}}],"inLanguage":"es"},{"@type":"Organization","@id":"https:\/\/www.eldiario.net\/portal\/#organization","name":"El Diario - Decano de la prensa nacional","url":"https:\/\/www.eldiario.net\/portal\/","logo":{"@type":"ImageObject","inLanguage":"es","@id":"https:\/\/www.eldiario.net\/portal\/#\/schema\/logo\/image\/","url":"https:\/\/www.eldiario.net\/portal\/wp-content\/uploads\/2023\/07\/logo_ED.jpg","contentUrl":"https:\/\/www.eldiario.net\/portal\/wp-content\/uploads\/2023\/07\/logo_ED.jpg","width":272,"height":52,"caption":"El Diario - Decano de la prensa nacional"},"image":{"@id":"https:\/\/www.eldiario.net\/portal\/#\/schema\/logo\/image\/"},"sameAs":["https:\/\/www.facebook.com\/eldiario.bolivia\/","https:\/\/x.com\/eldiario_net"]},{"@type":"Person","@id":"https:\/\/www.eldiario.net\/portal\/#\/schema\/person\/f46445640444750d7d753ccd04ae01b7","name":"Jeanette","image":{"@type":"ImageObject","inLanguage":"es","@id":"https:\/\/secure.gravatar.com\/avatar\/3ea2118a5f7dad2b7138b1187a6b7ee55f160b9968b66013c3a3ef39dd7e5798?s=96&d=mm&r=g","url":"https:\/\/secure.gravatar.com\/avatar\/3ea2118a5f7dad2b7138b1187a6b7ee55f160b9968b66013c3a3ef39dd7e5798?s=96&d=mm&r=g","contentUrl":"https:\/\/secure.gravatar.com\/avatar\/3ea2118a5f7dad2b7138b1187a6b7ee55f160b9968b66013c3a3ef39dd7e5798?s=96&d=mm&r=g","caption":"Jeanette"},"sameAs":["https:\/\/www.eldiario.net\/portal"],"url":"https:\/\/www.eldiario.net\/portal\/author\/jeanette\/"}]}},"_links":{"self":[{"href":"https:\/\/www.eldiario.net\/portal\/wp-json\/wp\/v2\/posts\/4537","targetHints":{"allow":["GET"]}}],"collection":[{"href":"https:\/\/www.eldiario.net\/portal\/wp-json\/wp\/v2\/posts"}],"about":[{"href":"https:\/\/www.eldiario.net\/portal\/wp-json\/wp\/v2\/types\/post"}],"author":[{"embeddable":true,"href":"https:\/\/www.eldiario.net\/portal\/wp-json\/wp\/v2\/users\/1"}],"replies":[{"embeddable":true,"href":"https:\/\/www.eldiario.net\/portal\/wp-json\/wp\/v2\/comments?post=4537"}],"version-history":[{"count":0,"href":"https:\/\/www.eldiario.net\/portal\/wp-json\/wp\/v2\/posts\/4537\/revisions"}],"wp:attachment":[{"href":"https:\/\/www.eldiario.net\/portal\/wp-json\/wp\/v2\/media?parent=4537"}],"wp:term":[{"taxonomy":"category","embeddable":true,"href":"https:\/\/www.eldiario.net\/portal\/wp-json\/wp\/v2\/categories?post=4537"},{"taxonomy":"post_tag","embeddable":true,"href":"https:\/\/www.eldiario.net\/portal\/wp-json\/wp\/v2\/tags?post=4537"}],"curies":[{"name":"wp","href":"https:\/\/api.w.org\/{rel}","templated":true}]}}