{"id":4527,"date":"2021-05-17T06:46:59","date_gmt":"2021-05-17T10:46:59","guid":{"rendered":"https:\/\/www.eldiario.net\/portal\/?p=4527"},"modified":"2021-05-17T06:46:59","modified_gmt":"2021-05-17T10:46:59","slug":"epsas-en-riesgo-de-perder-15-millones-de-bolivianos","status":"publish","type":"post","link":"https:\/\/www.eldiario.net\/portal\/2021\/05\/17\/epsas-en-riesgo-de-perder-15-millones-de-bolivianos\/","title":{"rendered":"Epsas en riesgo de perder 15 millones de bolivianos"},"content":{"rendered":"<p>Sueldos devengados a trabajadores que ganaron procesos penales por despidos injustificados y otros que est\u00e1n por concluir, adem\u00e1s de un proceso coactivo iniciado por la Caja Petrolera de Salud (CPS) debido a una deuda por servicios del seguro m\u00e9dico a m\u00e1s de 800 trabajadores de la firma generan una p\u00e9rdida de al menos 15 millones de bolivianos a la Empresa P\u00fablica Social de Agua y Saneamiento (Epsas S. A.), seg\u00fan denuncias que llegaron a EL DIARIO.<br \/>\nDe acuerdo con la versi\u00f3n de un trabajador de la firma, quien pidi\u00f3 mantener su nombre en reserva, la crisis en Epsas S. A. desnuda una serie de sucesos que muestran su dif\u00edcil situaci\u00f3n y temen que las cosas empeoren.<br \/>\n\u201cHace algunos meses incrementaron las denuncias de corrupci\u00f3n, nombramientos improvisados de interventores, despidos injustificados, falta de mantenimiento de las redes de distribuci\u00f3n de agua, manejo discrecional de los recursos econ\u00f3micos, denuncias de persecuci\u00f3n policial a trabajadores, paralelismo sindical, donaciones a organizaciones sociales a cambio de avales pol\u00edticos para acceder al cargo de interventor, p\u00e9rdida de juicios y procesos laborales, entre otros hechos, que ponen en riesgo la sostenibilidad de la empresa y eso nos pone alertas porque no queremos terminar como en Cotel\u201d, dijo el trabajador.<br \/>\nEn d\u00edas pasados, en una inspecci\u00f3n que realiz\u00f3 el alcalde Iv\u00e1n Arias a las zonas San Mart\u00edn y Tiwi\u00f1a Tres Mar\u00edas del macrodistrito de Cotahuma, los vecinos le expresaron su molestia por la falta de atenci\u00f3n de Epsas. Demandaron que la empresa intervenga la zona para reparar los ductos.<br \/>\n\u201cCada vez llam\u00e1bamos a Epsas, ven\u00edan y arreglaban como quer\u00edan y luego volv\u00eda a reventar. Durante dos a\u00f1os llam\u00e1bamos para reclamar, pero ellos dec\u00edan la Alcald\u00eda sabe y as\u00ed se pasaban\u201d, afirm\u00f3 la vecina Rosario Aliaga.<br \/>\nAsimismo, en los \u00faltimos meses, vecinos de diferentes zonas de la ciudad de La Paz lamentaron que peri\u00f3dicamente se presenten cortes de agua sin previo aviso.<br \/>\nA trav\u00e9s de sus redes sociales se socializ\u00f3 un comunicado oficial de Epsas, publicado despu\u00e9s de iniciado el corte, que m\u00e1s de 41 barrios se quedar\u00edan sin el servicio por m\u00e1s de 18 horas en la zona Sur, debido al mantenimiento de una tuber\u00eda de alta presi\u00f3n que present\u00f3 filtraciones a la altura de la cancha de futbol de la zona de Callapa, lugar afectado por el megadeslizamiento del a\u00f1o 2011.<\/p>\n<p>PROCESO<br \/>\nCOACTIVO<br \/>\nLleg\u00f3 a EL DIARIO, una denuncia documentada sobre un proceso que sostiene la CPS contra Epsas S. A., debido a una deuda por servicios del seguro m\u00e9dico a m\u00e1s de 800 trabajadores de la firma, desde la gesti\u00f3n 2013.<br \/>\nLa nota de cargo presentada por la CPS, contra la Epsas S.A., especifica que la deuda contra\u00edda se debe a una liquidaci\u00f3n de aportes devengados actualizados, intereses sobre aportes devengados, multas por cotizaciones no realizadas, sanci\u00f3n por incumplimiento a la presentaci\u00f3n de documentos, en aplicaci\u00f3n al Decreto Supremo 25714 del 23 de marzo de 2000, circular del Instituto Nacional de Seguros de Salud No. DE-01-04-062\/05 y Resoluci\u00f3n Administrativa No. 159-2005, Ley 2434 no consignados en declaraciones a la CPS, determinados mediante inspecci\u00f3n, fiscalizaci\u00f3n y control de empresas con fichas t\u00e9cnicas, por las gestiones 2013, 2014, 2015, 2016 y 2017.<br \/>\n\u201cLos conceptos se resumen en una deuda que sobrepasa los Bs. 4.552.914,64 (cuatro millones quinientos cincuenta y dos mil novecientos catorce bolivianos), por el siguiente detalle: Aportes devengados actualizados Bs 2.143.443,70; intereses sobre aportes devengados Bs 794.377,39; multas por cotizaciones Bs 79.437,74; sanci\u00f3n por incumplimiento Bs 1.471,32 y gastos judiciales 3 % sobre aportes actualizados Bs 64.303, 45\u201d, se lee en parte de la nota.<br \/>\nDe la revisi\u00f3n de los documentos presentados a EL DIARIO, se puede evidenciar que Epsas S.A. a trav\u00e9s de su departamento legal en fecha 26 de marzo de 2021, remite a la CPS una nota donde le reitera que la empresa est\u00e1 impugnando una comunicaci\u00f3n de adeudos, mediante un recurso de revocatoria que rechaza y cuestiona las inspecciones de fiscalizaci\u00f3n efectuadas por la Caja Petrolera de Salud.<br \/>\nLa nota de Epsas S.A. tambi\u00e9n le recuerda a la CPS que la comunicaci\u00f3n de adeudos no puede ser emitida mientras no sea resuelta en todas sus instancias de impugnaci\u00f3n y exigen previamente se cumpla el proceso administrativo y se resuelva el recurso jer\u00e1rquico interpuesto por la empresa.<br \/>\nPor su parte, en fecha 15 de abril de 2021, la Caja Petrolera de Salud le responde a Epsas con una nota donde le recuerda que es una instituci\u00f3n p\u00fablica descentralizada a nivel nacional, con patrimonio propio y autonom\u00eda administrativa, legal y t\u00e9cnica, encargada de otorgar prestaciones en el r\u00e9gimen de salud a corto plazo de la seguridad social, en ese marco normativo y en cumplimiento al C\u00f3digo de Seguridad Social, sus reglamentos y su programa anual de fiscalizaci\u00f3n de aportes patronales referidos al cumplimiento de obligaciones al r\u00e9gimen de corto plazo de la seguridad social de la empresa Epsas S.A.<br \/>\nLa nota tambi\u00e9n indica que la fiscalizaci\u00f3n a los aportes patronales de los trabajadores de Epsas S.A. concluye con la comunicaci\u00f3n de observaciones preliminares, mismas que fueron de conocimiento formal de la empresa, quienes mediante nota EPSASINTERV.GAF-084\/2019, solicitan ampliaci\u00f3n de plazo para presentar descargos.<br \/>\nLa evaluaci\u00f3n y an\u00e1lisis de los descargos y documentos presentados por Epsas S.A. concluy\u00f3 con la emisi\u00f3n de otra ficha t\u00e9cnica y comunicaci\u00f3n de adeudos, donde se le notifica formalmente a la empresa, otorg\u00e1ndole un plazo de cinco d\u00edas h\u00e1biles a partir de su recepci\u00f3n, para el pago de la deuda a la CPS.<br \/>\nEn la nota la CPS, expresamente le recuerda la aplicaci\u00f3n del procedimiento especial al R\u00e9gimen de Seguridad Social, excluy\u00e9ndose la aplicaci\u00f3n del procedimiento administrativo previsto en la Ley 2341, interpretaciones de la disposici\u00f3n adicional del D.S. 27113, no corresponde la impugnaci\u00f3n por la v\u00eda administrativa, sea por recursos de revocatoria y\/o jer\u00e1rquico, sino la aplicaci\u00f3n del c\u00f3digo de seguridad social.<br \/>\nLa Caja Petrolera de Salud, le indica a Epsas S.A. que en fecha 26 de febrero de 2021, inici\u00f3 el proceso coactivo social y recomend\u00f3 a las autoridades se apersonen al Juzgado Segundo de Partido de Trabajo y Seguridad Social, donde se apertura la causa para recuperar los adeudos por el seguro m\u00e9dico a los trabajadores de la compa\u00f1\u00eda.<br \/>\nEn entrevista con EL DIARIO, Bladimir Iraizos, actual interventor de Epsas S.A., dijo: \u201cApenas tuve conocimiento de estas multas que hacienden a 4,5 millones de bolivianos, la primera acci\u00f3n que hice fue reunirme con el ejecutivo de la CPS, porque no puedo creer todo a mi \u00e1rea jur\u00eddica -que no es de mi gesti\u00f3n- analizamos las consecuencias y definimos trabajar en mesas y reuniones de trabajo con nuestras \u00e1reas jur\u00eddicas al primer mes de mi gesti\u00f3n.La segunda acci\u00f3n fue exigir a la doctora (Frida) Ter\u00e1n encargada del proceso, nos pueda brindar un informe de la situaci\u00f3n y si corresponde pagar estas multas a la CPS. Estamos con la demanda abierta, mientras no tengamos la sentencia no se pagar\u00e1, podemos apelar\u201d.<br \/>\nConsultado sobre la sanci\u00f3n para los funcionarios que dejaron que el proceso llegue a estos t\u00e9rminos, Iraizos dijo que iniciar\u00e1 una auditor\u00eda interna y externa, para verificar el grado de responsabilidad.<br \/>\n\u201cNosotros como intervenci\u00f3n hemos solicitado un informe, este informe se va a remitir a auditor\u00eda interna, una vez tengamos los resultados vamos a realizar una auditor\u00eda externa para que nos refiera qu\u00e9 grados de responsabilidad tienen (los funcionarios), una vez que tengamos los resultados, nosotros vamos a ver las acciones que tomaremos de acuerdo a nuestro reglamento interno, puede ser una llamada de atenci\u00f3n verbal, una llamada de atenci\u00f3n escrita, puede ser una sanci\u00f3n administrativa, penal, todo eso nos arrojar\u00e1 una auditor\u00eda externa\u201d, apunt\u00f3.<br \/>\nNuestro medio intent\u00f3 tomar contacto con los ejecutivos de la Caja Petrolera de Salud, quienes hasta el cierre de la edici\u00f3n no enviaron su contraparte a la nota escrita que solicitaron a EL DIARIO.<\/p>\n<p>PROCESOS<br \/>\nLABORALES<br \/>\nPor otro lado, llegaron a EL DIARIO documentos sobre despidos injustificados y reincorporaciones laborales de trabajadores que volvieron a Epsas S. A., despu\u00e9s de varios a\u00f1os de proceso, a quienes se les debe pagar cientos de bolivianos por sueldos devengados.<br \/>\nEl abogado Marco Ramos, exasesor del directorio de Epsas S.A., refiri\u00f3 a EL DIARIO que desde la intervenci\u00f3n a la empresa, en marzo del a\u00f1o 2013, por malos manejos e incumplimiento de objetivos de la operadora del agua, pasaron varios interventores que motivaron despidos injustificados.<br \/>\nRamos asegura que un claro ejemplo es del se\u00f1or Clemente V. C., que fue retirado injustificadamente y reincorporado, con un proceso que fue ratificado mediante Auto Supremo 367\/2018 del 30 de octubre del a\u00f1o 2018, donde Epsas S. A., debe pagar su salario hasta el momento de su reincorporaci\u00f3n, incluida la actualizaci\u00f3n y multas por los extremos del mal manejo t\u00e9cnico jur\u00eddico de este proceso, mismo que suman m\u00e1s de un mill\u00f3n de bolivianos.<br \/>\n\u201cAl trabajador le iniciaron una acci\u00f3n de Amparo Constitucional, a trav\u00e9s del cual los abogados de Epsas quer\u00edan justificar lo injustificable, a sabiendas que en materia laboral siempre tendr\u00e1 raz\u00f3n el trabajador. Este caso, como muchos otros, estuvo mal administrado por los abogados de Epsas, por eso la justicia determin\u00f3 que se debe pagar los sueldos devengados del se\u00f1or Clemente V. C. por una suma de Bs un mill\u00f3n doscientos mil, a la fecha se supo que el trabajador fue reincorporado y no se le pag\u00f3 a\u00fan los devengados\u201d, apunt\u00f3.<br \/>\nEl jurista aclar\u00f3 que como el caso del trabajador reincorporado hay muchos otros, como el del exdirigente sindical, Lorenzo Quisbert, quien fue desvinculado sin tomar en cuenta su fuero sindical y al ser reincorporado, la firma deber\u00e1 pagarle m\u00e1s de un mill\u00f3n y medio de bolivianos.<br \/>\n\u201cHay varios casos de trabajadores que ya han ganado sus procesos y otros est\u00e1n a poco de hacerlo como el caso de Freddy Y., William R., Rudy R., Roberto R., Pedro C., Edwin C., Robert U., Marina Q., Jos\u00e9 O., Luis Q., entre muchos otros, con una cuant\u00eda que sobrepasa los 10 millones de bolivianos, por mal patrocinio legal, que en esta \u00faltima d\u00e9cada se dedic\u00f3 a la persecuci\u00f3n, da\u00f1o y perjuicio a los trabajadores, no lo digo yo, lo dicen las decenas de procesos laborales que pierden, resultados que se traducen en un serio da\u00f1o econ\u00f3mico a la empresa. De los mencionados algunos ya fueron reincorporados y se les cancel\u00f3 los sueldos devengados, a otros se les debe a\u00fan, y algunos procesos siguen en Sucre\u201d, aclar\u00f3.<br \/>\nFinalmente, Ramos dijo que las autoridades del Ministerio de Medio Ambiente y Agua y la Autoridad de Fiscalizaci\u00f3n y Control Social de Agua Potable y Saneamiento deben asumir inmediatamente su rol de fiscalizaci\u00f3n y control sobre la empresa que intervino el Gobierno.<br \/>\n\u201cEs responsabilidad del Gobierno y deber\u00edan fiscalizar de inmediato para no perjudicar al Estado, amerita con urgencia una auditor\u00eda jur\u00eddica del \u00e1rea legal de Epsas, para valorar si corresponde continuar con otras decenas de casos que al final el resultado ser\u00e1 pagar a los trabajadores despedidos irregularmente, por consiguiente, poner en serio riesgo la estabilidad financiera de la empresa, se debe efectuar la reingenier\u00eda como fue planteada en un principio\u201d, apunt\u00f3.<br \/>\nAl respecto, Iraizos manifest\u00f3 que esta semana se lanzar\u00e1 una convocatoria para realizar una auditor\u00eda, con una duraci\u00f3n de dos meses, para ver las responsabilidades en ese tema.<br \/>\n\u201cEn dos meses nosotros tendremos la claridad de quienes han sido culpables de la contrataci\u00f3n, les estoy hablando exclusivamente de las 58 personas que han sido contratadas por el anterior interventor y que tambi\u00e9n han sido despedidas en los dos d\u00edas que ha estado el ingeniero (Tom\u00e1s) Quistbert como interventor. El anterior interventor ha contratado 58 personas, el ingeniero que era Gerente T\u00e9cnico fue despedido y al d\u00eda siguiente lo colocan como interventor, ha durado dos d\u00edas y en ese tiempo ha despedido a las 58 personas y ha reincorporado a las otras personas que sac\u00f3 el anterior interventor\u201d, lament\u00f3.<\/p>\n<figure id=\"attachment_4529\" aria-describedby=\"caption-attachment-4529\" style=\"width: 300px\" class=\"wp-caption alignleft\"><img loading=\"lazy\" decoding=\"async\" class=\"size-medium wp-image-4529\" src=\"https:\/\/www.eldiario.net\/portal\/wp-content\/uploads\/2021\/05\/EPSAS-2-300x168.jpg\" alt=\"\" width=\"300\" height=\"168\" \/><figcaption id=\"caption-attachment-4529\" class=\"wp-caption-text\">HUELGA DE HAMBRE DE LOS TRABAJADORES DE EPSAS EXIGIENDO ESTABILIDAD LABORAL.<\/figcaption><\/figure>\n<figure id=\"attachment_4530\" aria-describedby=\"caption-attachment-4530\" style=\"width: 300px\" class=\"wp-caption alignleft\"><img loading=\"lazy\" decoding=\"async\" class=\"size-medium wp-image-4530\" src=\"https:\/\/www.eldiario.net\/portal\/wp-content\/uploads\/2021\/05\/EPSAS-3-300x252.jpg\" alt=\"\" width=\"300\" height=\"252\" srcset=\"https:\/\/www.eldiario.net\/portal\/wp-content\/uploads\/2021\/05\/EPSAS-3-300x252.jpg 300w, https:\/\/www.eldiario.net\/portal\/wp-content\/uploads\/2021\/05\/EPSAS-3.jpg 445w\" sizes=\"auto, (max-width: 300px) 100vw, 300px\" \/><figcaption id=\"caption-attachment-4530\" class=\"wp-caption-text\">EL PROCESO COACTIVO INICIADO A EPSAS POR LA CPS.<\/figcaption><\/figure>\n<figure id=\"attachment_4531\" aria-describedby=\"caption-attachment-4531\" style=\"width: 300px\" class=\"wp-caption alignleft\"><img loading=\"lazy\" decoding=\"async\" class=\"size-medium wp-image-4531\" src=\"https:\/\/www.eldiario.net\/portal\/wp-content\/uploads\/2021\/05\/EPSAS-4-300x225.jpg\" alt=\"\" width=\"300\" height=\"225\" srcset=\"https:\/\/www.eldiario.net\/portal\/wp-content\/uploads\/2021\/05\/EPSAS-4-300x225.jpg 300w, https:\/\/www.eldiario.net\/portal\/wp-content\/uploads\/2021\/05\/EPSAS-4-768x576.jpg 768w, https:\/\/www.eldiario.net\/portal\/wp-content\/uploads\/2021\/05\/EPSAS-4-696x522.jpg 696w, https:\/\/www.eldiario.net\/portal\/wp-content\/uploads\/2021\/05\/EPSAS-4.jpg 770w\" sizes=\"auto, (max-width: 300px) 100vw, 300px\" \/><figcaption id=\"caption-attachment-4531\" class=\"wp-caption-text\">LA RESPUESTA DE EPSAS AL ANUNCIO DE LA CPS POR EL INICIO DEL PROCESO COACTIVO.<\/figcaption><\/figure>\n<figure id=\"attachment_4532\" aria-describedby=\"caption-attachment-4532\" style=\"width: 300px\" class=\"wp-caption alignleft\"><img loading=\"lazy\" decoding=\"async\" class=\"size-medium wp-image-4532\" src=\"https:\/\/www.eldiario.net\/portal\/wp-content\/uploads\/2021\/05\/EPSAS-5-300x223.jpg\" alt=\"\" width=\"300\" height=\"223\" srcset=\"https:\/\/www.eldiario.net\/portal\/wp-content\/uploads\/2021\/05\/EPSAS-5-300x223.jpg 300w, https:\/\/www.eldiario.net\/portal\/wp-content\/uploads\/2021\/05\/EPSAS-5-485x360.jpg 485w, https:\/\/www.eldiario.net\/portal\/wp-content\/uploads\/2021\/05\/EPSAS-5.jpg 619w\" sizes=\"auto, (max-width: 300px) 100vw, 300px\" \/><figcaption id=\"caption-attachment-4532\" class=\"wp-caption-text\">LA DENEGACI\u00d3N AL AMPARO CONSTITUCIONAL INICIADO POR EPSAS A UN TRABAJADOR QUE GAN\u00d3 SU PROCESO DE REINCORPORACI\u00d3N.<\/figcaption><\/figure>\n","protected":false},"excerpt":{"rendered":"<p>Sueldos devengados a trabajadores que ganaron procesos penales por despidos injustificados y otros que est\u00e1n por concluir, adem\u00e1s de un proceso coactivo iniciado por la Caja Petrolera de Salud (CPS) debido a una deuda por servicios del seguro m\u00e9dico a m\u00e1s de 800 trabajadores de la firma generan una p\u00e9rdida de al menos 15 millones [&hellip;]<\/p>\n","protected":false},"author":1,"featured_media":4528,"comment_status":"closed","ping_status":"closed","sticky":false,"template":"","format":"standard","meta":{"_acf_changed":false,"footnotes":""},"categories":[39],"tags":[],"class_list":["post-4527","post","type-post","status-publish","format-standard","has-post-thumbnail","category-sociedad"],"acf":{"antetitulo":""},"yoast_head":"<!-- This site is optimized with the Yoast SEO plugin v28.3 - https:\/\/yoast.com\/product\/yoast-seo-wordpress\/ -->\n<title>Epsas en riesgo de perder 15 millones de bolivianos - El Diario - Bolivia<\/title>\n<meta name=\"robots\" content=\"index, follow, max-snippet:-1, max-image-preview:large, max-video-preview:-1\" \/>\n<link rel=\"canonical\" href=\"https:\/\/www.eldiario.net\/portal\/2021\/05\/17\/epsas-en-riesgo-de-perder-15-millones-de-bolivianos\/\" \/>\n<meta property=\"og:locale\" content=\"es_ES\" \/>\n<meta property=\"og:type\" content=\"article\" \/>\n<meta property=\"og:title\" content=\"Epsas en riesgo de perder 15 millones de bolivianos - El Diario - Bolivia\" \/>\n<meta property=\"og:description\" content=\"Sueldos devengados a trabajadores que ganaron procesos penales por despidos injustificados y otros que est\u00e1n por concluir, adem\u00e1s de un proceso coactivo iniciado por la Caja Petrolera de Salud (CPS) debido a una deuda por servicios del seguro m\u00e9dico a m\u00e1s de 800 trabajadores de la firma generan una p\u00e9rdida de al menos 15 millones [&hellip;]\" \/>\n<meta property=\"og:url\" content=\"https:\/\/www.eldiario.net\/portal\/2021\/05\/17\/epsas-en-riesgo-de-perder-15-millones-de-bolivianos\/\" \/>\n<meta property=\"og:site_name\" content=\"El Diario - Bolivia\" \/>\n<meta property=\"article:publisher\" content=\"https:\/\/www.facebook.com\/eldiario.bolivia\/\" \/>\n<meta property=\"article:published_time\" content=\"2021-05-17T10:46:59+00:00\" \/>\n<meta property=\"og:image\" content=\"https:\/\/www.eldiario.net\/portal\/wp-content\/uploads\/2021\/05\/EPSAS-1.jpg\" \/>\n\t<meta property=\"og:image:width\" content=\"624\" \/>\n\t<meta property=\"og:image:height\" content=\"351\" \/>\n\t<meta property=\"og:image:type\" content=\"image\/jpeg\" \/>\n<meta name=\"author\" content=\"Jeanette\" \/>\n<meta name=\"twitter:card\" content=\"summary_large_image\" \/>\n<meta name=\"twitter:creator\" content=\"@eldiario_net\" \/>\n<meta name=\"twitter:site\" content=\"@eldiario_net\" \/>\n<meta name=\"twitter:label1\" content=\"Escrito por\" \/>\n\t<meta name=\"twitter:data1\" content=\"Jeanette\" \/>\n\t<meta name=\"twitter:label2\" content=\"Tiempo de lectura\" \/>\n\t<meta name=\"twitter:data2\" content=\"10 minutos\" \/>\n<script type=\"application\/ld+json\" class=\"yoast-schema-graph\">{\"@context\":\"https:\\\/\\\/schema.org\",\"@graph\":[{\"@type\":\"Article\",\"@id\":\"https:\\\/\\\/www.eldiario.net\\\/portal\\\/2021\\\/05\\\/17\\\/epsas-en-riesgo-de-perder-15-millones-de-bolivianos\\\/#article\",\"isPartOf\":{\"@id\":\"https:\\\/\\\/www.eldiario.net\\\/portal\\\/2021\\\/05\\\/17\\\/epsas-en-riesgo-de-perder-15-millones-de-bolivianos\\\/\"},\"author\":{\"name\":\"Jeanette\",\"@id\":\"https:\\\/\\\/www.eldiario.net\\\/portal\\\/#\\\/schema\\\/person\\\/f46445640444750d7d753ccd04ae01b7\"},\"headline\":\"Epsas en riesgo de perder 15 millones de bolivianos\",\"datePublished\":\"2021-05-17T10:46:59+00:00\",\"mainEntityOfPage\":{\"@id\":\"https:\\\/\\\/www.eldiario.net\\\/portal\\\/2021\\\/05\\\/17\\\/epsas-en-riesgo-de-perder-15-millones-de-bolivianos\\\/\"},\"wordCount\":2176,\"publisher\":{\"@id\":\"https:\\\/\\\/www.eldiario.net\\\/portal\\\/#organization\"},\"image\":{\"@id\":\"https:\\\/\\\/www.eldiario.net\\\/portal\\\/2021\\\/05\\\/17\\\/epsas-en-riesgo-de-perder-15-millones-de-bolivianos\\\/#primaryimage\"},\"thumbnailUrl\":\"https:\\\/\\\/www.eldiario.net\\\/portal\\\/wp-content\\\/uploads\\\/2021\\\/05\\\/EPSAS-1.jpg\",\"articleSection\":[\"Sociedad - Seguridad\"],\"inLanguage\":\"es\"},{\"@type\":\"WebPage\",\"@id\":\"https:\\\/\\\/www.eldiario.net\\\/portal\\\/2021\\\/05\\\/17\\\/epsas-en-riesgo-de-perder-15-millones-de-bolivianos\\\/\",\"url\":\"https:\\\/\\\/www.eldiario.net\\\/portal\\\/2021\\\/05\\\/17\\\/epsas-en-riesgo-de-perder-15-millones-de-bolivianos\\\/\",\"name\":\"Epsas en riesgo de perder 15 millones de bolivianos - El Diario - Bolivia\",\"isPartOf\":{\"@id\":\"https:\\\/\\\/www.eldiario.net\\\/portal\\\/#website\"},\"primaryImageOfPage\":{\"@id\":\"https:\\\/\\\/www.eldiario.net\\\/portal\\\/2021\\\/05\\\/17\\\/epsas-en-riesgo-de-perder-15-millones-de-bolivianos\\\/#primaryimage\"},\"image\":{\"@id\":\"https:\\\/\\\/www.eldiario.net\\\/portal\\\/2021\\\/05\\\/17\\\/epsas-en-riesgo-de-perder-15-millones-de-bolivianos\\\/#primaryimage\"},\"thumbnailUrl\":\"https:\\\/\\\/www.eldiario.net\\\/portal\\\/wp-content\\\/uploads\\\/2021\\\/05\\\/EPSAS-1.jpg\",\"datePublished\":\"2021-05-17T10:46:59+00:00\",\"breadcrumb\":{\"@id\":\"https:\\\/\\\/www.eldiario.net\\\/portal\\\/2021\\\/05\\\/17\\\/epsas-en-riesgo-de-perder-15-millones-de-bolivianos\\\/#breadcrumb\"},\"inLanguage\":\"es\",\"potentialAction\":[{\"@type\":\"ReadAction\",\"target\":[\"https:\\\/\\\/www.eldiario.net\\\/portal\\\/2021\\\/05\\\/17\\\/epsas-en-riesgo-de-perder-15-millones-de-bolivianos\\\/\"]}]},{\"@type\":\"ImageObject\",\"inLanguage\":\"es\",\"@id\":\"https:\\\/\\\/www.eldiario.net\\\/portal\\\/2021\\\/05\\\/17\\\/epsas-en-riesgo-de-perder-15-millones-de-bolivianos\\\/#primaryimage\",\"url\":\"https:\\\/\\\/www.eldiario.net\\\/portal\\\/wp-content\\\/uploads\\\/2021\\\/05\\\/EPSAS-1.jpg\",\"contentUrl\":\"https:\\\/\\\/www.eldiario.net\\\/portal\\\/wp-content\\\/uploads\\\/2021\\\/05\\\/EPSAS-1.jpg\",\"width\":624,\"height\":351},{\"@type\":\"BreadcrumbList\",\"@id\":\"https:\\\/\\\/www.eldiario.net\\\/portal\\\/2021\\\/05\\\/17\\\/epsas-en-riesgo-de-perder-15-millones-de-bolivianos\\\/#breadcrumb\",\"itemListElement\":[{\"@type\":\"ListItem\",\"position\":1,\"name\":\"Portada\",\"item\":\"https:\\\/\\\/www.eldiario.net\\\/portal\\\/\"},{\"@type\":\"ListItem\",\"position\":2,\"name\":\"Epsas en riesgo de perder 15 millones de bolivianos\"}]},{\"@type\":\"WebSite\",\"@id\":\"https:\\\/\\\/www.eldiario.net\\\/portal\\\/#website\",\"url\":\"https:\\\/\\\/www.eldiario.net\\\/portal\\\/\",\"name\":\"El Diario - Decano de la prensa nacional\",\"description\":\"El Diario - Decano de la prensa nacional\",\"publisher\":{\"@id\":\"https:\\\/\\\/www.eldiario.net\\\/portal\\\/#organization\"},\"potentialAction\":[{\"@type\":\"SearchAction\",\"target\":{\"@type\":\"EntryPoint\",\"urlTemplate\":\"https:\\\/\\\/www.eldiario.net\\\/portal\\\/?s={search_term_string}\"},\"query-input\":{\"@type\":\"PropertyValueSpecification\",\"valueRequired\":true,\"valueName\":\"search_term_string\"}}],\"inLanguage\":\"es\"},{\"@type\":\"Organization\",\"@id\":\"https:\\\/\\\/www.eldiario.net\\\/portal\\\/#organization\",\"name\":\"El Diario - Decano de la prensa nacional\",\"url\":\"https:\\\/\\\/www.eldiario.net\\\/portal\\\/\",\"logo\":{\"@type\":\"ImageObject\",\"inLanguage\":\"es\",\"@id\":\"https:\\\/\\\/www.eldiario.net\\\/portal\\\/#\\\/schema\\\/logo\\\/image\\\/\",\"url\":\"https:\\\/\\\/www.eldiario.net\\\/portal\\\/wp-content\\\/uploads\\\/2023\\\/07\\\/logo_ED.jpg\",\"contentUrl\":\"https:\\\/\\\/www.eldiario.net\\\/portal\\\/wp-content\\\/uploads\\\/2023\\\/07\\\/logo_ED.jpg\",\"width\":272,\"height\":52,\"caption\":\"El Diario - Decano de la prensa nacional\"},\"image\":{\"@id\":\"https:\\\/\\\/www.eldiario.net\\\/portal\\\/#\\\/schema\\\/logo\\\/image\\\/\"},\"sameAs\":[\"https:\\\/\\\/www.facebook.com\\\/eldiario.bolivia\\\/\",\"https:\\\/\\\/x.com\\\/eldiario_net\"]},{\"@type\":\"Person\",\"@id\":\"https:\\\/\\\/www.eldiario.net\\\/portal\\\/#\\\/schema\\\/person\\\/f46445640444750d7d753ccd04ae01b7\",\"name\":\"Jeanette\",\"image\":{\"@type\":\"ImageObject\",\"inLanguage\":\"es\",\"@id\":\"https:\\\/\\\/secure.gravatar.com\\\/avatar\\\/3ea2118a5f7dad2b7138b1187a6b7ee55f160b9968b66013c3a3ef39dd7e5798?s=96&d=mm&r=g\",\"url\":\"https:\\\/\\\/secure.gravatar.com\\\/avatar\\\/3ea2118a5f7dad2b7138b1187a6b7ee55f160b9968b66013c3a3ef39dd7e5798?s=96&d=mm&r=g\",\"contentUrl\":\"https:\\\/\\\/secure.gravatar.com\\\/avatar\\\/3ea2118a5f7dad2b7138b1187a6b7ee55f160b9968b66013c3a3ef39dd7e5798?s=96&d=mm&r=g\",\"caption\":\"Jeanette\"},\"sameAs\":[\"https:\\\/\\\/www.eldiario.net\\\/portal\"],\"url\":\"https:\\\/\\\/www.eldiario.net\\\/portal\\\/author\\\/jeanette\\\/\"}]}<\/script>\n<!-- \/ Yoast SEO plugin. -->","yoast_head_json":{"title":"Epsas en riesgo de perder 15 millones de bolivianos - El Diario - Bolivia","robots":{"index":"index","follow":"follow","max-snippet":"max-snippet:-1","max-image-preview":"max-image-preview:large","max-video-preview":"max-video-preview:-1"},"canonical":"https:\/\/www.eldiario.net\/portal\/2021\/05\/17\/epsas-en-riesgo-de-perder-15-millones-de-bolivianos\/","og_locale":"es_ES","og_type":"article","og_title":"Epsas en riesgo de perder 15 millones de bolivianos - El Diario - Bolivia","og_description":"Sueldos devengados a trabajadores que ganaron procesos penales por despidos injustificados y otros que est\u00e1n por concluir, adem\u00e1s de un proceso coactivo iniciado por la Caja Petrolera de Salud (CPS) debido a una deuda por servicios del seguro m\u00e9dico a m\u00e1s de 800 trabajadores de la firma generan una p\u00e9rdida de al menos 15 millones [&hellip;]","og_url":"https:\/\/www.eldiario.net\/portal\/2021\/05\/17\/epsas-en-riesgo-de-perder-15-millones-de-bolivianos\/","og_site_name":"El Diario - Bolivia","article_publisher":"https:\/\/www.facebook.com\/eldiario.bolivia\/","article_published_time":"2021-05-17T10:46:59+00:00","og_image":[{"width":624,"height":351,"url":"https:\/\/www.eldiario.net\/portal\/wp-content\/uploads\/2021\/05\/EPSAS-1.jpg","type":"image\/jpeg"}],"author":"Jeanette","twitter_card":"summary_large_image","twitter_creator":"@eldiario_net","twitter_site":"@eldiario_net","twitter_misc":{"Escrito por":"Jeanette","Tiempo de lectura":"10 minutos"},"schema":{"@context":"https:\/\/schema.org","@graph":[{"@type":"Article","@id":"https:\/\/www.eldiario.net\/portal\/2021\/05\/17\/epsas-en-riesgo-de-perder-15-millones-de-bolivianos\/#article","isPartOf":{"@id":"https:\/\/www.eldiario.net\/portal\/2021\/05\/17\/epsas-en-riesgo-de-perder-15-millones-de-bolivianos\/"},"author":{"name":"Jeanette","@id":"https:\/\/www.eldiario.net\/portal\/#\/schema\/person\/f46445640444750d7d753ccd04ae01b7"},"headline":"Epsas en riesgo de perder 15 millones de bolivianos","datePublished":"2021-05-17T10:46:59+00:00","mainEntityOfPage":{"@id":"https:\/\/www.eldiario.net\/portal\/2021\/05\/17\/epsas-en-riesgo-de-perder-15-millones-de-bolivianos\/"},"wordCount":2176,"publisher":{"@id":"https:\/\/www.eldiario.net\/portal\/#organization"},"image":{"@id":"https:\/\/www.eldiario.net\/portal\/2021\/05\/17\/epsas-en-riesgo-de-perder-15-millones-de-bolivianos\/#primaryimage"},"thumbnailUrl":"https:\/\/www.eldiario.net\/portal\/wp-content\/uploads\/2021\/05\/EPSAS-1.jpg","articleSection":["Sociedad - Seguridad"],"inLanguage":"es"},{"@type":"WebPage","@id":"https:\/\/www.eldiario.net\/portal\/2021\/05\/17\/epsas-en-riesgo-de-perder-15-millones-de-bolivianos\/","url":"https:\/\/www.eldiario.net\/portal\/2021\/05\/17\/epsas-en-riesgo-de-perder-15-millones-de-bolivianos\/","name":"Epsas en riesgo de perder 15 millones de bolivianos - El Diario - Bolivia","isPartOf":{"@id":"https:\/\/www.eldiario.net\/portal\/#website"},"primaryImageOfPage":{"@id":"https:\/\/www.eldiario.net\/portal\/2021\/05\/17\/epsas-en-riesgo-de-perder-15-millones-de-bolivianos\/#primaryimage"},"image":{"@id":"https:\/\/www.eldiario.net\/portal\/2021\/05\/17\/epsas-en-riesgo-de-perder-15-millones-de-bolivianos\/#primaryimage"},"thumbnailUrl":"https:\/\/www.eldiario.net\/portal\/wp-content\/uploads\/2021\/05\/EPSAS-1.jpg","datePublished":"2021-05-17T10:46:59+00:00","breadcrumb":{"@id":"https:\/\/www.eldiario.net\/portal\/2021\/05\/17\/epsas-en-riesgo-de-perder-15-millones-de-bolivianos\/#breadcrumb"},"inLanguage":"es","potentialAction":[{"@type":"ReadAction","target":["https:\/\/www.eldiario.net\/portal\/2021\/05\/17\/epsas-en-riesgo-de-perder-15-millones-de-bolivianos\/"]}]},{"@type":"ImageObject","inLanguage":"es","@id":"https:\/\/www.eldiario.net\/portal\/2021\/05\/17\/epsas-en-riesgo-de-perder-15-millones-de-bolivianos\/#primaryimage","url":"https:\/\/www.eldiario.net\/portal\/wp-content\/uploads\/2021\/05\/EPSAS-1.jpg","contentUrl":"https:\/\/www.eldiario.net\/portal\/wp-content\/uploads\/2021\/05\/EPSAS-1.jpg","width":624,"height":351},{"@type":"BreadcrumbList","@id":"https:\/\/www.eldiario.net\/portal\/2021\/05\/17\/epsas-en-riesgo-de-perder-15-millones-de-bolivianos\/#breadcrumb","itemListElement":[{"@type":"ListItem","position":1,"name":"Portada","item":"https:\/\/www.eldiario.net\/portal\/"},{"@type":"ListItem","position":2,"name":"Epsas en riesgo de perder 15 millones de bolivianos"}]},{"@type":"WebSite","@id":"https:\/\/www.eldiario.net\/portal\/#website","url":"https:\/\/www.eldiario.net\/portal\/","name":"El Diario - Decano de la prensa nacional","description":"El Diario - Decano de la prensa nacional","publisher":{"@id":"https:\/\/www.eldiario.net\/portal\/#organization"},"potentialAction":[{"@type":"SearchAction","target":{"@type":"EntryPoint","urlTemplate":"https:\/\/www.eldiario.net\/portal\/?s={search_term_string}"},"query-input":{"@type":"PropertyValueSpecification","valueRequired":true,"valueName":"search_term_string"}}],"inLanguage":"es"},{"@type":"Organization","@id":"https:\/\/www.eldiario.net\/portal\/#organization","name":"El Diario - Decano de la prensa nacional","url":"https:\/\/www.eldiario.net\/portal\/","logo":{"@type":"ImageObject","inLanguage":"es","@id":"https:\/\/www.eldiario.net\/portal\/#\/schema\/logo\/image\/","url":"https:\/\/www.eldiario.net\/portal\/wp-content\/uploads\/2023\/07\/logo_ED.jpg","contentUrl":"https:\/\/www.eldiario.net\/portal\/wp-content\/uploads\/2023\/07\/logo_ED.jpg","width":272,"height":52,"caption":"El Diario - Decano de la prensa nacional"},"image":{"@id":"https:\/\/www.eldiario.net\/portal\/#\/schema\/logo\/image\/"},"sameAs":["https:\/\/www.facebook.com\/eldiario.bolivia\/","https:\/\/x.com\/eldiario_net"]},{"@type":"Person","@id":"https:\/\/www.eldiario.net\/portal\/#\/schema\/person\/f46445640444750d7d753ccd04ae01b7","name":"Jeanette","image":{"@type":"ImageObject","inLanguage":"es","@id":"https:\/\/secure.gravatar.com\/avatar\/3ea2118a5f7dad2b7138b1187a6b7ee55f160b9968b66013c3a3ef39dd7e5798?s=96&d=mm&r=g","url":"https:\/\/secure.gravatar.com\/avatar\/3ea2118a5f7dad2b7138b1187a6b7ee55f160b9968b66013c3a3ef39dd7e5798?s=96&d=mm&r=g","contentUrl":"https:\/\/secure.gravatar.com\/avatar\/3ea2118a5f7dad2b7138b1187a6b7ee55f160b9968b66013c3a3ef39dd7e5798?s=96&d=mm&r=g","caption":"Jeanette"},"sameAs":["https:\/\/www.eldiario.net\/portal"],"url":"https:\/\/www.eldiario.net\/portal\/author\/jeanette\/"}]}},"_links":{"self":[{"href":"https:\/\/www.eldiario.net\/portal\/wp-json\/wp\/v2\/posts\/4527","targetHints":{"allow":["GET"]}}],"collection":[{"href":"https:\/\/www.eldiario.net\/portal\/wp-json\/wp\/v2\/posts"}],"about":[{"href":"https:\/\/www.eldiario.net\/portal\/wp-json\/wp\/v2\/types\/post"}],"author":[{"embeddable":true,"href":"https:\/\/www.eldiario.net\/portal\/wp-json\/wp\/v2\/users\/1"}],"replies":[{"embeddable":true,"href":"https:\/\/www.eldiario.net\/portal\/wp-json\/wp\/v2\/comments?post=4527"}],"version-history":[{"count":0,"href":"https:\/\/www.eldiario.net\/portal\/wp-json\/wp\/v2\/posts\/4527\/revisions"}],"wp:featuredmedia":[{"embeddable":true,"href":"https:\/\/www.eldiario.net\/portal\/wp-json\/wp\/v2\/media\/4528"}],"wp:attachment":[{"href":"https:\/\/www.eldiario.net\/portal\/wp-json\/wp\/v2\/media?parent=4527"}],"wp:term":[{"taxonomy":"category","embeddable":true,"href":"https:\/\/www.eldiario.net\/portal\/wp-json\/wp\/v2\/categories?post=4527"},{"taxonomy":"post_tag","embeddable":true,"href":"https:\/\/www.eldiario.net\/portal\/wp-json\/wp\/v2\/tags?post=4527"}],"curies":[{"name":"wp","href":"https:\/\/api.w.org\/{rel}","templated":true}]}}