{"id":4522,"date":"2021-05-17T06:43:59","date_gmt":"2021-05-17T10:43:59","guid":{"rendered":"https:\/\/www.eldiario.net\/portal\/?p=4522"},"modified":"2021-05-17T06:43:59","modified_gmt":"2021-05-17T10:43:59","slug":"cuatro-interventores-en-la-gestion-2021","status":"publish","type":"post","link":"https:\/\/www.eldiario.net\/portal\/2021\/05\/17\/cuatro-interventores-en-la-gestion-2021\/","title":{"rendered":"Cuatro interventores  en la gesti\u00f3n 2021"},"content":{"rendered":"<p>Alberto Ch\u00e1vez, interventor que fue posesionado en la gesti\u00f3n de Jeanine A\u00f1ez y permaneci\u00f3 en el cargo hasta el 05 de enero de 2020. Durante este periodo contrat\u00f3 a Miguel \u00c1ngel Gonz\u00e1lez en agosto de 2020 como jefe del Departamento Legal.<br \/>\nMiguel \u00c1ngel Gonzales fue posesionado como interventor el 05 de enero de 2021, inmediatamente despidi\u00f3 a 50 trabajadores argumentado la reestructuraci\u00f3n de la empresa y contrat\u00f3 a 60 personas. Cre\u00f3 algunas asesor\u00edas con salarios elevados y roles que fueron seriamente cuestionados por los trabajadores de la empresa y autoridades del sector. Fue denunciado por efectuar un donativo con recursos de la empresa a la Confederaci\u00f3n Sindical de Trabajadores Campesinos Csutcb, por una suma de 20.000 bolivianos que tendr\u00eda la finalidad de comprar muebles y televisores, a cambio de avales pol\u00edticos para ser designado como interventor en la compa\u00f1\u00eda. Fue destituido porque habr\u00eda alterado informaci\u00f3n sobre su gesti\u00f3n y ser\u00e1 denunciado penalmente por falsedad material.<br \/>\nTom\u00e1s Quisbert fue posesionado el 23 de febrero de 2021, quien inmediatamente destituy\u00f3 a las 60 personas que contrat\u00f3 Miguel \u00c1ngel Gonzales y restituy\u00f3 en sus cargos a 50 trabajadores que despidi\u00f3 su antecesor, dejando expuesto una responsabilidad laboral y da\u00f1o econ\u00f3mico que sobrepasa el mill\u00f3n de bolivianos por despidos injustificados.<br \/>\nTom\u00e1s Quisbert fue destituido al segundo d\u00eda de su posesi\u00f3n, al ser cuestionado por las autoridades del sector debido a que estuvo observado y denunciado por la crisis del agua que sucedi\u00f3 el a\u00f1o 2016. Quisbert asum\u00eda el cargo de jefe del departamento de plantas, directo encargado de controlar los vol\u00famenes de agua de las represas y seguimiento al \u201ccomportamiento de las lluvias\u201d.<br \/>\nBladimir Iraizos fue posesionado el 26 de febrero del presente a\u00f1o, cuestionado seriamente por los trabajadores por su perfil de agr\u00f3nomo, falta de experiencia y gesti\u00f3n en el manejo de la empresa, denunciado por generar divisi\u00f3n entre los trabajadores, motivar huelgas de hambre, persecuci\u00f3n policial a los trabajadores, denunciado en redes sociales por cobros econ\u00f3micos a cambio de puestos laborales en la empresa.<\/p>\n<figure id=\"attachment_4524\" aria-describedby=\"caption-attachment-4524\" style=\"width: 300px\" class=\"wp-caption alignleft\"><img loading=\"lazy\" decoding=\"async\" class=\"wp-image-4524 size-medium\" src=\"https:\/\/www.eldiario.net\/portal\/wp-content\/uploads\/2021\/05\/TOMAS-e1621248218555-300x268.jpg\" alt=\"\" width=\"300\" height=\"268\" srcset=\"https:\/\/www.eldiario.net\/portal\/wp-content\/uploads\/2021\/05\/TOMAS-e1621248218555-300x268.jpg 300w, https:\/\/www.eldiario.net\/portal\/wp-content\/uploads\/2021\/05\/TOMAS-e1621248218555-768x687.jpg 768w, https:\/\/www.eldiario.net\/portal\/wp-content\/uploads\/2021\/05\/TOMAS-e1621248218555-696x623.jpg 696w, https:\/\/www.eldiario.net\/portal\/wp-content\/uploads\/2021\/05\/TOMAS-e1621248218555.jpg 1008w\" sizes=\"auto, (max-width: 300px) 100vw, 300px\" \/><figcaption id=\"caption-attachment-4524\" class=\"wp-caption-text\">TOM\u00c1S QUISBERT, AL MOMENTO DE SU POSESI\u00d3N COMO INTERVENTOR.<\/dd>\n<dd><\/figcaption><\/figure>\n<figure id=\"attachment_4525\" aria-describedby=\"caption-attachment-4525\" style=\"width: 300px\" class=\"wp-caption alignleft\"><img loading=\"lazy\" decoding=\"async\" class=\"size-medium wp-image-4525\" src=\"https:\/\/www.eldiario.net\/portal\/wp-content\/uploads\/2021\/05\/BLADIMIR-300x225.jpg\" alt=\"\" width=\"300\" height=\"225\" \/><figcaption id=\"caption-attachment-4525\" class=\"wp-caption-text\">BLADIMIR IRAIZOS, ACTUAL INTERVENTOR DE EPSAS.<\/figcaption><\/figure>\n","protected":false},"excerpt":{"rendered":"<p>Alberto Ch\u00e1vez, interventor que fue posesionado en la gesti\u00f3n de Jeanine A\u00f1ez y permaneci\u00f3 en el cargo hasta el 05 de enero de 2020. Durante este periodo contrat\u00f3 a Miguel \u00c1ngel Gonz\u00e1lez en agosto de 2020 como jefe del Departamento Legal. Miguel \u00c1ngel Gonzales fue posesionado como interventor el 05 de enero de 2021, inmediatamente [&hellip;]<\/p>\n","protected":false},"author":1,"featured_media":4523,"comment_status":"closed","ping_status":"closed","sticky":false,"template":"","format":"standard","meta":{"_acf_changed":false,"footnotes":""},"categories":[39],"tags":[],"class_list":["post-4522","post","type-post","status-publish","format-standard","has-post-thumbnail","category-sociedad"],"acf":{"antetitulo":""},"yoast_head":"<!-- This site is optimized with the Yoast SEO plugin v28.3 - https:\/\/yoast.com\/product\/yoast-seo-wordpress\/ -->\n<title>Cuatro interventores en la gesti\u00f3n 2021 - El Diario - Bolivia<\/title>\n<meta name=\"robots\" content=\"index, follow, max-snippet:-1, max-image-preview:large, max-video-preview:-1\" \/>\n<link rel=\"canonical\" href=\"https:\/\/www.eldiario.net\/portal\/2021\/05\/17\/cuatro-interventores-en-la-gestion-2021\/\" \/>\n<meta property=\"og:locale\" content=\"es_ES\" \/>\n<meta property=\"og:type\" content=\"article\" \/>\n<meta property=\"og:title\" content=\"Cuatro interventores en la gesti\u00f3n 2021 - El Diario - Bolivia\" \/>\n<meta property=\"og:description\" content=\"Alberto Ch\u00e1vez, interventor que fue posesionado en la gesti\u00f3n de Jeanine A\u00f1ez y permaneci\u00f3 en el cargo hasta el 05 de enero de 2020. Durante este periodo contrat\u00f3 a Miguel \u00c1ngel Gonz\u00e1lez en agosto de 2020 como jefe del Departamento Legal. Miguel \u00c1ngel Gonzales fue posesionado como interventor el 05 de enero de 2021, inmediatamente [&hellip;]\" \/>\n<meta property=\"og:url\" content=\"https:\/\/www.eldiario.net\/portal\/2021\/05\/17\/cuatro-interventores-en-la-gestion-2021\/\" \/>\n<meta property=\"og:site_name\" content=\"El Diario - Bolivia\" \/>\n<meta property=\"article:publisher\" content=\"https:\/\/www.facebook.com\/eldiario.bolivia\/\" \/>\n<meta property=\"article:published_time\" content=\"2021-05-17T10:43:59+00:00\" \/>\n<meta property=\"og:image\" content=\"https:\/\/www.eldiario.net\/portal\/wp-content\/uploads\/2021\/05\/MIGUEL-scaled-1.jpg\" \/>\n\t<meta property=\"og:image:width\" content=\"2560\" \/>\n\t<meta property=\"og:image:height\" content=\"1822\" \/>\n\t<meta property=\"og:image:type\" content=\"image\/jpeg\" \/>\n<meta name=\"author\" content=\"Jeanette\" \/>\n<meta name=\"twitter:card\" content=\"summary_large_image\" \/>\n<meta name=\"twitter:creator\" content=\"@eldiario_net\" \/>\n<meta name=\"twitter:site\" content=\"@eldiario_net\" \/>\n<meta name=\"twitter:label1\" content=\"Escrito por\" \/>\n\t<meta name=\"twitter:data1\" content=\"Jeanette\" \/>\n\t<meta name=\"twitter:label2\" content=\"Tiempo de lectura\" \/>\n\t<meta name=\"twitter:data2\" content=\"2 minutos\" \/>\n<script type=\"application\/ld+json\" class=\"yoast-schema-graph\">{\"@context\":\"https:\\\/\\\/schema.org\",\"@graph\":[{\"@type\":\"Article\",\"@id\":\"https:\\\/\\\/www.eldiario.net\\\/portal\\\/2021\\\/05\\\/17\\\/cuatro-interventores-en-la-gestion-2021\\\/#article\",\"isPartOf\":{\"@id\":\"https:\\\/\\\/www.eldiario.net\\\/portal\\\/2021\\\/05\\\/17\\\/cuatro-interventores-en-la-gestion-2021\\\/\"},\"author\":{\"name\":\"Jeanette\",\"@id\":\"https:\\\/\\\/www.eldiario.net\\\/portal\\\/#\\\/schema\\\/person\\\/f46445640444750d7d753ccd04ae01b7\"},\"headline\":\"Cuatro interventores en la gesti\u00f3n 2021\",\"datePublished\":\"2021-05-17T10:43:59+00:00\",\"mainEntityOfPage\":{\"@id\":\"https:\\\/\\\/www.eldiario.net\\\/portal\\\/2021\\\/05\\\/17\\\/cuatro-interventores-en-la-gestion-2021\\\/\"},\"wordCount\":384,\"publisher\":{\"@id\":\"https:\\\/\\\/www.eldiario.net\\\/portal\\\/#organization\"},\"image\":{\"@id\":\"https:\\\/\\\/www.eldiario.net\\\/portal\\\/2021\\\/05\\\/17\\\/cuatro-interventores-en-la-gestion-2021\\\/#primaryimage\"},\"thumbnailUrl\":\"https:\\\/\\\/www.eldiario.net\\\/portal\\\/wp-content\\\/uploads\\\/2021\\\/05\\\/MIGUEL-scaled-1.jpg\",\"articleSection\":[\"Sociedad - Seguridad\"],\"inLanguage\":\"es\"},{\"@type\":\"WebPage\",\"@id\":\"https:\\\/\\\/www.eldiario.net\\\/portal\\\/2021\\\/05\\\/17\\\/cuatro-interventores-en-la-gestion-2021\\\/\",\"url\":\"https:\\\/\\\/www.eldiario.net\\\/portal\\\/2021\\\/05\\\/17\\\/cuatro-interventores-en-la-gestion-2021\\\/\",\"name\":\"Cuatro interventores en la gesti\u00f3n 2021 - El Diario - Bolivia\",\"isPartOf\":{\"@id\":\"https:\\\/\\\/www.eldiario.net\\\/portal\\\/#website\"},\"primaryImageOfPage\":{\"@id\":\"https:\\\/\\\/www.eldiario.net\\\/portal\\\/2021\\\/05\\\/17\\\/cuatro-interventores-en-la-gestion-2021\\\/#primaryimage\"},\"image\":{\"@id\":\"https:\\\/\\\/www.eldiario.net\\\/portal\\\/2021\\\/05\\\/17\\\/cuatro-interventores-en-la-gestion-2021\\\/#primaryimage\"},\"thumbnailUrl\":\"https:\\\/\\\/www.eldiario.net\\\/portal\\\/wp-content\\\/uploads\\\/2021\\\/05\\\/MIGUEL-scaled-1.jpg\",\"datePublished\":\"2021-05-17T10:43:59+00:00\",\"breadcrumb\":{\"@id\":\"https:\\\/\\\/www.eldiario.net\\\/portal\\\/2021\\\/05\\\/17\\\/cuatro-interventores-en-la-gestion-2021\\\/#breadcrumb\"},\"inLanguage\":\"es\",\"potentialAction\":[{\"@type\":\"ReadAction\",\"target\":[\"https:\\\/\\\/www.eldiario.net\\\/portal\\\/2021\\\/05\\\/17\\\/cuatro-interventores-en-la-gestion-2021\\\/\"]}]},{\"@type\":\"ImageObject\",\"inLanguage\":\"es\",\"@id\":\"https:\\\/\\\/www.eldiario.net\\\/portal\\\/2021\\\/05\\\/17\\\/cuatro-interventores-en-la-gestion-2021\\\/#primaryimage\",\"url\":\"https:\\\/\\\/www.eldiario.net\\\/portal\\\/wp-content\\\/uploads\\\/2021\\\/05\\\/MIGUEL-scaled-1.jpg\",\"contentUrl\":\"https:\\\/\\\/www.eldiario.net\\\/portal\\\/wp-content\\\/uploads\\\/2021\\\/05\\\/MIGUEL-scaled-1.jpg\",\"width\":2560,\"height\":1822},{\"@type\":\"BreadcrumbList\",\"@id\":\"https:\\\/\\\/www.eldiario.net\\\/portal\\\/2021\\\/05\\\/17\\\/cuatro-interventores-en-la-gestion-2021\\\/#breadcrumb\",\"itemListElement\":[{\"@type\":\"ListItem\",\"position\":1,\"name\":\"Portada\",\"item\":\"https:\\\/\\\/www.eldiario.net\\\/portal\\\/\"},{\"@type\":\"ListItem\",\"position\":2,\"name\":\"Cuatro interventores en la gesti\u00f3n 2021\"}]},{\"@type\":\"WebSite\",\"@id\":\"https:\\\/\\\/www.eldiario.net\\\/portal\\\/#website\",\"url\":\"https:\\\/\\\/www.eldiario.net\\\/portal\\\/\",\"name\":\"El Diario - Decano de la prensa nacional\",\"description\":\"El Diario - Decano de la prensa nacional\",\"publisher\":{\"@id\":\"https:\\\/\\\/www.eldiario.net\\\/portal\\\/#organization\"},\"potentialAction\":[{\"@type\":\"SearchAction\",\"target\":{\"@type\":\"EntryPoint\",\"urlTemplate\":\"https:\\\/\\\/www.eldiario.net\\\/portal\\\/?s={search_term_string}\"},\"query-input\":{\"@type\":\"PropertyValueSpecification\",\"valueRequired\":true,\"valueName\":\"search_term_string\"}}],\"inLanguage\":\"es\"},{\"@type\":\"Organization\",\"@id\":\"https:\\\/\\\/www.eldiario.net\\\/portal\\\/#organization\",\"name\":\"El Diario - Decano de la prensa nacional\",\"url\":\"https:\\\/\\\/www.eldiario.net\\\/portal\\\/\",\"logo\":{\"@type\":\"ImageObject\",\"inLanguage\":\"es\",\"@id\":\"https:\\\/\\\/www.eldiario.net\\\/portal\\\/#\\\/schema\\\/logo\\\/image\\\/\",\"url\":\"https:\\\/\\\/www.eldiario.net\\\/portal\\\/wp-content\\\/uploads\\\/2023\\\/07\\\/logo_ED.jpg\",\"contentUrl\":\"https:\\\/\\\/www.eldiario.net\\\/portal\\\/wp-content\\\/uploads\\\/2023\\\/07\\\/logo_ED.jpg\",\"width\":272,\"height\":52,\"caption\":\"El Diario - Decano de la prensa nacional\"},\"image\":{\"@id\":\"https:\\\/\\\/www.eldiario.net\\\/portal\\\/#\\\/schema\\\/logo\\\/image\\\/\"},\"sameAs\":[\"https:\\\/\\\/www.facebook.com\\\/eldiario.bolivia\\\/\",\"https:\\\/\\\/x.com\\\/eldiario_net\"]},{\"@type\":\"Person\",\"@id\":\"https:\\\/\\\/www.eldiario.net\\\/portal\\\/#\\\/schema\\\/person\\\/f46445640444750d7d753ccd04ae01b7\",\"name\":\"Jeanette\",\"image\":{\"@type\":\"ImageObject\",\"inLanguage\":\"es\",\"@id\":\"https:\\\/\\\/secure.gravatar.com\\\/avatar\\\/3ea2118a5f7dad2b7138b1187a6b7ee55f160b9968b66013c3a3ef39dd7e5798?s=96&d=mm&r=g\",\"url\":\"https:\\\/\\\/secure.gravatar.com\\\/avatar\\\/3ea2118a5f7dad2b7138b1187a6b7ee55f160b9968b66013c3a3ef39dd7e5798?s=96&d=mm&r=g\",\"contentUrl\":\"https:\\\/\\\/secure.gravatar.com\\\/avatar\\\/3ea2118a5f7dad2b7138b1187a6b7ee55f160b9968b66013c3a3ef39dd7e5798?s=96&d=mm&r=g\",\"caption\":\"Jeanette\"},\"sameAs\":[\"https:\\\/\\\/www.eldiario.net\\\/portal\"],\"url\":\"https:\\\/\\\/www.eldiario.net\\\/portal\\\/author\\\/jeanette\\\/\"}]}<\/script>\n<!-- \/ Yoast SEO plugin. -->","yoast_head_json":{"title":"Cuatro interventores en la gesti\u00f3n 2021 - El Diario - Bolivia","robots":{"index":"index","follow":"follow","max-snippet":"max-snippet:-1","max-image-preview":"max-image-preview:large","max-video-preview":"max-video-preview:-1"},"canonical":"https:\/\/www.eldiario.net\/portal\/2021\/05\/17\/cuatro-interventores-en-la-gestion-2021\/","og_locale":"es_ES","og_type":"article","og_title":"Cuatro interventores en la gesti\u00f3n 2021 - El Diario - Bolivia","og_description":"Alberto Ch\u00e1vez, interventor que fue posesionado en la gesti\u00f3n de Jeanine A\u00f1ez y permaneci\u00f3 en el cargo hasta el 05 de enero de 2020. Durante este periodo contrat\u00f3 a Miguel \u00c1ngel Gonz\u00e1lez en agosto de 2020 como jefe del Departamento Legal. Miguel \u00c1ngel Gonzales fue posesionado como interventor el 05 de enero de 2021, inmediatamente [&hellip;]","og_url":"https:\/\/www.eldiario.net\/portal\/2021\/05\/17\/cuatro-interventores-en-la-gestion-2021\/","og_site_name":"El Diario - Bolivia","article_publisher":"https:\/\/www.facebook.com\/eldiario.bolivia\/","article_published_time":"2021-05-17T10:43:59+00:00","og_image":[{"width":2560,"height":1822,"url":"https:\/\/www.eldiario.net\/portal\/wp-content\/uploads\/2021\/05\/MIGUEL-scaled-1.jpg","type":"image\/jpeg"}],"author":"Jeanette","twitter_card":"summary_large_image","twitter_creator":"@eldiario_net","twitter_site":"@eldiario_net","twitter_misc":{"Escrito por":"Jeanette","Tiempo de lectura":"2 minutos"},"schema":{"@context":"https:\/\/schema.org","@graph":[{"@type":"Article","@id":"https:\/\/www.eldiario.net\/portal\/2021\/05\/17\/cuatro-interventores-en-la-gestion-2021\/#article","isPartOf":{"@id":"https:\/\/www.eldiario.net\/portal\/2021\/05\/17\/cuatro-interventores-en-la-gestion-2021\/"},"author":{"name":"Jeanette","@id":"https:\/\/www.eldiario.net\/portal\/#\/schema\/person\/f46445640444750d7d753ccd04ae01b7"},"headline":"Cuatro interventores en la gesti\u00f3n 2021","datePublished":"2021-05-17T10:43:59+00:00","mainEntityOfPage":{"@id":"https:\/\/www.eldiario.net\/portal\/2021\/05\/17\/cuatro-interventores-en-la-gestion-2021\/"},"wordCount":384,"publisher":{"@id":"https:\/\/www.eldiario.net\/portal\/#organization"},"image":{"@id":"https:\/\/www.eldiario.net\/portal\/2021\/05\/17\/cuatro-interventores-en-la-gestion-2021\/#primaryimage"},"thumbnailUrl":"https:\/\/www.eldiario.net\/portal\/wp-content\/uploads\/2021\/05\/MIGUEL-scaled-1.jpg","articleSection":["Sociedad - Seguridad"],"inLanguage":"es"},{"@type":"WebPage","@id":"https:\/\/www.eldiario.net\/portal\/2021\/05\/17\/cuatro-interventores-en-la-gestion-2021\/","url":"https:\/\/www.eldiario.net\/portal\/2021\/05\/17\/cuatro-interventores-en-la-gestion-2021\/","name":"Cuatro interventores en la gesti\u00f3n 2021 - El Diario - Bolivia","isPartOf":{"@id":"https:\/\/www.eldiario.net\/portal\/#website"},"primaryImageOfPage":{"@id":"https:\/\/www.eldiario.net\/portal\/2021\/05\/17\/cuatro-interventores-en-la-gestion-2021\/#primaryimage"},"image":{"@id":"https:\/\/www.eldiario.net\/portal\/2021\/05\/17\/cuatro-interventores-en-la-gestion-2021\/#primaryimage"},"thumbnailUrl":"https:\/\/www.eldiario.net\/portal\/wp-content\/uploads\/2021\/05\/MIGUEL-scaled-1.jpg","datePublished":"2021-05-17T10:43:59+00:00","breadcrumb":{"@id":"https:\/\/www.eldiario.net\/portal\/2021\/05\/17\/cuatro-interventores-en-la-gestion-2021\/#breadcrumb"},"inLanguage":"es","potentialAction":[{"@type":"ReadAction","target":["https:\/\/www.eldiario.net\/portal\/2021\/05\/17\/cuatro-interventores-en-la-gestion-2021\/"]}]},{"@type":"ImageObject","inLanguage":"es","@id":"https:\/\/www.eldiario.net\/portal\/2021\/05\/17\/cuatro-interventores-en-la-gestion-2021\/#primaryimage","url":"https:\/\/www.eldiario.net\/portal\/wp-content\/uploads\/2021\/05\/MIGUEL-scaled-1.jpg","contentUrl":"https:\/\/www.eldiario.net\/portal\/wp-content\/uploads\/2021\/05\/MIGUEL-scaled-1.jpg","width":2560,"height":1822},{"@type":"BreadcrumbList","@id":"https:\/\/www.eldiario.net\/portal\/2021\/05\/17\/cuatro-interventores-en-la-gestion-2021\/#breadcrumb","itemListElement":[{"@type":"ListItem","position":1,"name":"Portada","item":"https:\/\/www.eldiario.net\/portal\/"},{"@type":"ListItem","position":2,"name":"Cuatro interventores en la gesti\u00f3n 2021"}]},{"@type":"WebSite","@id":"https:\/\/www.eldiario.net\/portal\/#website","url":"https:\/\/www.eldiario.net\/portal\/","name":"El Diario - Decano de la prensa nacional","description":"El Diario - Decano de la prensa nacional","publisher":{"@id":"https:\/\/www.eldiario.net\/portal\/#organization"},"potentialAction":[{"@type":"SearchAction","target":{"@type":"EntryPoint","urlTemplate":"https:\/\/www.eldiario.net\/portal\/?s={search_term_string}"},"query-input":{"@type":"PropertyValueSpecification","valueRequired":true,"valueName":"search_term_string"}}],"inLanguage":"es"},{"@type":"Organization","@id":"https:\/\/www.eldiario.net\/portal\/#organization","name":"El Diario - Decano de la prensa nacional","url":"https:\/\/www.eldiario.net\/portal\/","logo":{"@type":"ImageObject","inLanguage":"es","@id":"https:\/\/www.eldiario.net\/portal\/#\/schema\/logo\/image\/","url":"https:\/\/www.eldiario.net\/portal\/wp-content\/uploads\/2023\/07\/logo_ED.jpg","contentUrl":"https:\/\/www.eldiario.net\/portal\/wp-content\/uploads\/2023\/07\/logo_ED.jpg","width":272,"height":52,"caption":"El Diario - Decano de la prensa nacional"},"image":{"@id":"https:\/\/www.eldiario.net\/portal\/#\/schema\/logo\/image\/"},"sameAs":["https:\/\/www.facebook.com\/eldiario.bolivia\/","https:\/\/x.com\/eldiario_net"]},{"@type":"Person","@id":"https:\/\/www.eldiario.net\/portal\/#\/schema\/person\/f46445640444750d7d753ccd04ae01b7","name":"Jeanette","image":{"@type":"ImageObject","inLanguage":"es","@id":"https:\/\/secure.gravatar.com\/avatar\/3ea2118a5f7dad2b7138b1187a6b7ee55f160b9968b66013c3a3ef39dd7e5798?s=96&d=mm&r=g","url":"https:\/\/secure.gravatar.com\/avatar\/3ea2118a5f7dad2b7138b1187a6b7ee55f160b9968b66013c3a3ef39dd7e5798?s=96&d=mm&r=g","contentUrl":"https:\/\/secure.gravatar.com\/avatar\/3ea2118a5f7dad2b7138b1187a6b7ee55f160b9968b66013c3a3ef39dd7e5798?s=96&d=mm&r=g","caption":"Jeanette"},"sameAs":["https:\/\/www.eldiario.net\/portal"],"url":"https:\/\/www.eldiario.net\/portal\/author\/jeanette\/"}]}},"_links":{"self":[{"href":"https:\/\/www.eldiario.net\/portal\/wp-json\/wp\/v2\/posts\/4522","targetHints":{"allow":["GET"]}}],"collection":[{"href":"https:\/\/www.eldiario.net\/portal\/wp-json\/wp\/v2\/posts"}],"about":[{"href":"https:\/\/www.eldiario.net\/portal\/wp-json\/wp\/v2\/types\/post"}],"author":[{"embeddable":true,"href":"https:\/\/www.eldiario.net\/portal\/wp-json\/wp\/v2\/users\/1"}],"replies":[{"embeddable":true,"href":"https:\/\/www.eldiario.net\/portal\/wp-json\/wp\/v2\/comments?post=4522"}],"version-history":[{"count":0,"href":"https:\/\/www.eldiario.net\/portal\/wp-json\/wp\/v2\/posts\/4522\/revisions"}],"wp:featuredmedia":[{"embeddable":true,"href":"https:\/\/www.eldiario.net\/portal\/wp-json\/wp\/v2\/media\/4523"}],"wp:attachment":[{"href":"https:\/\/www.eldiario.net\/portal\/wp-json\/wp\/v2\/media?parent=4522"}],"wp:term":[{"taxonomy":"category","embeddable":true,"href":"https:\/\/www.eldiario.net\/portal\/wp-json\/wp\/v2\/categories?post=4522"},{"taxonomy":"post_tag","embeddable":true,"href":"https:\/\/www.eldiario.net\/portal\/wp-json\/wp\/v2\/tags?post=4522"}],"curies":[{"name":"wp","href":"https:\/\/api.w.org\/{rel}","templated":true}]}}