{"id":4519,"date":"2021-05-17T06:39:40","date_gmt":"2021-05-17T10:39:40","guid":{"rendered":"https:\/\/www.eldiario.net\/portal\/?p=4519"},"modified":"2021-05-17T06:39:40","modified_gmt":"2021-05-17T10:39:40","slug":"equipo-pesado-del-d-3-se-encuentra-deteriorado","status":"publish","type":"post","link":"https:\/\/www.eldiario.net\/portal\/2021\/05\/17\/equipo-pesado-del-d-3-se-encuentra-deteriorado\/","title":{"rendered":"Equipo pesado del D-3 se encuentra deteriorado"},"content":{"rendered":"<p>El subalcalde del Distrito 3 de la ciudad de El Alto, Mariano Condori, inform\u00f3 que la maquinaria pesada asignada a ese sector se encuentra deteriorada, debido al abandono del anterior Gobierno Municipal, reparaci\u00f3n que tendr\u00e1 un costo aproximado de Bs 500.000.<br \/>\nLa preocupaci\u00f3n de la autoridad es el abandono y la destrucci\u00f3n en que ha quedado gran parte de la maquinaria pesada de dicha Subalcald\u00eda, donde motoniveladoras, palas mec\u00e1nicas, tractores, entre otros, como volquetas, se encuentran en malas condiciones, por el descuido del personal del anterior Gobierno Municipal.<br \/>\n\u201cEs lamentable ver en las condiciones en la que nos han dejado, toda esta maquinaria pesada, donde en algunos casos faltan llantas de tractores, las motoniveladoras est\u00e1n en mal estado mec\u00e1nico y muchos otros como las volquetas, donde parece que durante los cinco a\u00f1os que se ha hecho cargo la anterior gesti\u00f3n, nunca hubiesen hecho un mantenimiento y el cambio de llantas a los tractores\u201d, se\u00f1al\u00f3 el subalcalde Condori.<br \/>\nLa autoridad record\u00f3 que para el mantenimiento de todas estas maquinarias pesadas existe un presupuesto destinado por parte de la Alcald\u00eda central, por lo que su extra\u00f1eza de que nunca se hubiese utilizado la misma para realizar por lo menos un m\u00ednimo de mantenimiento a todo este equipo pesado con que cuenta la Subalcald\u00eda del Distrito 3.<br \/>\nDe esta forma, la autoridad dijo que se acudir\u00e1 a la alcaldesa Eva Copa, para poder contar con un presupuesto, por lo menos no al cien por cien del monto aproximado para la refacci\u00f3n en algunos casos y en otros de la compra de repuestos y accesorio, que aproximadamente llega a los 500.000 bolivianos.<br \/>\nProducto de la falta de esta maquinaria pesada, en el momento se est\u00e1 recurriendo a otras subalcald\u00edas, instancias municipales que ha decidido colaborar con el pr\u00e9stamo de estos equipos pesados, para realizar en el Distrito 3 los diferentes trabajos de mejoramiento o bacheos que se ha decidido efectuar.<br \/>\n\u201cLo \u00fanico que en este momento podemos hacer es recurrir a las dem\u00e1s subalcald\u00edas para que puedan colaborar con el pr\u00e9stamo de estas maquinarias, debido a que necesitamos de urgencia trabajar en el mejoramiento de algunas calles y avenidas de nuestro distrito como es la avenida Litoral entre otros\u201d, manifest\u00f3 Condori.<br \/>\nProducto de estos problemas y similares casos en las dem\u00e1s subalcald\u00edas, se ha dispuesto efectuar un an\u00e1lisis y evaluaci\u00f3n de toda la maquinaria pesada en los 14 distritos, para lo cual las autoridades de cada sector deber\u00e1n presentar sus requerimientos ante la Alcald\u00eda central, y de esta manera paliar estos problemas en el menor tiempo posible.<br \/>\nEl subalcalde del Distrito 3, Mariano Condori, se\u00f1al\u00f3 que existe el compromiso de la Alcaldesa de El Alto, para solucionar todos estos problemas, teniendo en cuenta que toda esta maquinaria pesada que est\u00e1 en buenas condiciones en cada distrito, se tiene que utilizar en el mejoramiento de calles y avenidas, trabajos que por su importancia no pueden esperar.<\/p>\n","protected":false},"excerpt":{"rendered":"<p>El subalcalde del Distrito 3 de la ciudad de El Alto, Mariano Condori, inform\u00f3 que la maquinaria pesada asignada a ese sector se encuentra deteriorada, debido al abandono del anterior Gobierno Municipal, reparaci\u00f3n que tendr\u00e1 un costo aproximado de Bs 500.000. La preocupaci\u00f3n de la autoridad es el abandono y la destrucci\u00f3n en que ha [&hellip;]<\/p>\n","protected":false},"author":1,"featured_media":4520,"comment_status":"closed","ping_status":"closed","sticky":false,"template":"","format":"standard","meta":{"_acf_changed":false,"footnotes":""},"categories":[12],"tags":[],"class_list":["post-4519","post","type-post","status-publish","format-standard","has-post-thumbnail","category-nacional"],"acf":{"antetitulo":""},"yoast_head":"<!-- This site is optimized with the Yoast SEO plugin v28.3 - https:\/\/yoast.com\/product\/yoast-seo-wordpress\/ -->\n<title>Equipo pesado del D-3 se encuentra deteriorado - El Diario - Bolivia<\/title>\n<meta name=\"robots\" content=\"index, follow, max-snippet:-1, max-image-preview:large, max-video-preview:-1\" \/>\n<link rel=\"canonical\" href=\"https:\/\/www.eldiario.net\/portal\/2021\/05\/17\/equipo-pesado-del-d-3-se-encuentra-deteriorado\/\" \/>\n<meta property=\"og:locale\" content=\"es_ES\" \/>\n<meta property=\"og:type\" content=\"article\" \/>\n<meta property=\"og:title\" content=\"Equipo pesado del D-3 se encuentra deteriorado - El Diario - Bolivia\" \/>\n<meta property=\"og:description\" content=\"El subalcalde del Distrito 3 de la ciudad de El Alto, Mariano Condori, inform\u00f3 que la maquinaria pesada asignada a ese sector se encuentra deteriorada, debido al abandono del anterior Gobierno Municipal, reparaci\u00f3n que tendr\u00e1 un costo aproximado de Bs 500.000. La preocupaci\u00f3n de la autoridad es el abandono y la destrucci\u00f3n en que ha [&hellip;]\" \/>\n<meta property=\"og:url\" content=\"https:\/\/www.eldiario.net\/portal\/2021\/05\/17\/equipo-pesado-del-d-3-se-encuentra-deteriorado\/\" \/>\n<meta property=\"og:site_name\" content=\"El Diario - Bolivia\" \/>\n<meta property=\"article:publisher\" content=\"https:\/\/www.facebook.com\/eldiario.bolivia\/\" \/>\n<meta property=\"article:published_time\" content=\"2021-05-17T10:39:40+00:00\" \/>\n<meta name=\"author\" content=\"Jeanette\" \/>\n<meta name=\"twitter:card\" content=\"summary_large_image\" \/>\n<meta name=\"twitter:creator\" content=\"@eldiario_net\" \/>\n<meta name=\"twitter:site\" content=\"@eldiario_net\" \/>\n<meta name=\"twitter:label1\" content=\"Escrito por\" \/>\n\t<meta name=\"twitter:data1\" content=\"Jeanette\" \/>\n\t<meta name=\"twitter:label2\" content=\"Tiempo de lectura\" \/>\n\t<meta name=\"twitter:data2\" content=\"3 minutos\" \/>\n<script type=\"application\/ld+json\" class=\"yoast-schema-graph\">{\"@context\":\"https:\\\/\\\/schema.org\",\"@graph\":[{\"@type\":\"Article\",\"@id\":\"https:\\\/\\\/www.eldiario.net\\\/portal\\\/2021\\\/05\\\/17\\\/equipo-pesado-del-d-3-se-encuentra-deteriorado\\\/#article\",\"isPartOf\":{\"@id\":\"https:\\\/\\\/www.eldiario.net\\\/portal\\\/2021\\\/05\\\/17\\\/equipo-pesado-del-d-3-se-encuentra-deteriorado\\\/\"},\"author\":{\"name\":\"Jeanette\",\"@id\":\"https:\\\/\\\/www.eldiario.net\\\/portal\\\/#\\\/schema\\\/person\\\/f46445640444750d7d753ccd04ae01b7\"},\"headline\":\"Equipo pesado del D-3 se encuentra deteriorado\",\"datePublished\":\"2021-05-17T10:39:40+00:00\",\"mainEntityOfPage\":{\"@id\":\"https:\\\/\\\/www.eldiario.net\\\/portal\\\/2021\\\/05\\\/17\\\/equipo-pesado-del-d-3-se-encuentra-deteriorado\\\/\"},\"wordCount\":508,\"publisher\":{\"@id\":\"https:\\\/\\\/www.eldiario.net\\\/portal\\\/#organization\"},\"image\":{\"@id\":\"https:\\\/\\\/www.eldiario.net\\\/portal\\\/2021\\\/05\\\/17\\\/equipo-pesado-del-d-3-se-encuentra-deteriorado\\\/#primaryimage\"},\"thumbnailUrl\":\"\",\"articleSection\":[\"Nacional\"],\"inLanguage\":\"es\"},{\"@type\":\"WebPage\",\"@id\":\"https:\\\/\\\/www.eldiario.net\\\/portal\\\/2021\\\/05\\\/17\\\/equipo-pesado-del-d-3-se-encuentra-deteriorado\\\/\",\"url\":\"https:\\\/\\\/www.eldiario.net\\\/portal\\\/2021\\\/05\\\/17\\\/equipo-pesado-del-d-3-se-encuentra-deteriorado\\\/\",\"name\":\"Equipo pesado del D-3 se encuentra deteriorado - El Diario - Bolivia\",\"isPartOf\":{\"@id\":\"https:\\\/\\\/www.eldiario.net\\\/portal\\\/#website\"},\"primaryImageOfPage\":{\"@id\":\"https:\\\/\\\/www.eldiario.net\\\/portal\\\/2021\\\/05\\\/17\\\/equipo-pesado-del-d-3-se-encuentra-deteriorado\\\/#primaryimage\"},\"image\":{\"@id\":\"https:\\\/\\\/www.eldiario.net\\\/portal\\\/2021\\\/05\\\/17\\\/equipo-pesado-del-d-3-se-encuentra-deteriorado\\\/#primaryimage\"},\"thumbnailUrl\":\"\",\"datePublished\":\"2021-05-17T10:39:40+00:00\",\"breadcrumb\":{\"@id\":\"https:\\\/\\\/www.eldiario.net\\\/portal\\\/2021\\\/05\\\/17\\\/equipo-pesado-del-d-3-se-encuentra-deteriorado\\\/#breadcrumb\"},\"inLanguage\":\"es\",\"potentialAction\":[{\"@type\":\"ReadAction\",\"target\":[\"https:\\\/\\\/www.eldiario.net\\\/portal\\\/2021\\\/05\\\/17\\\/equipo-pesado-del-d-3-se-encuentra-deteriorado\\\/\"]}]},{\"@type\":\"ImageObject\",\"inLanguage\":\"es\",\"@id\":\"https:\\\/\\\/www.eldiario.net\\\/portal\\\/2021\\\/05\\\/17\\\/equipo-pesado-del-d-3-se-encuentra-deteriorado\\\/#primaryimage\",\"url\":\"\",\"contentUrl\":\"\"},{\"@type\":\"BreadcrumbList\",\"@id\":\"https:\\\/\\\/www.eldiario.net\\\/portal\\\/2021\\\/05\\\/17\\\/equipo-pesado-del-d-3-se-encuentra-deteriorado\\\/#breadcrumb\",\"itemListElement\":[{\"@type\":\"ListItem\",\"position\":1,\"name\":\"Portada\",\"item\":\"https:\\\/\\\/www.eldiario.net\\\/portal\\\/\"},{\"@type\":\"ListItem\",\"position\":2,\"name\":\"Equipo pesado del D-3 se encuentra deteriorado\"}]},{\"@type\":\"WebSite\",\"@id\":\"https:\\\/\\\/www.eldiario.net\\\/portal\\\/#website\",\"url\":\"https:\\\/\\\/www.eldiario.net\\\/portal\\\/\",\"name\":\"El Diario - Decano de la prensa nacional\",\"description\":\"El Diario - Decano de la prensa nacional\",\"publisher\":{\"@id\":\"https:\\\/\\\/www.eldiario.net\\\/portal\\\/#organization\"},\"potentialAction\":[{\"@type\":\"SearchAction\",\"target\":{\"@type\":\"EntryPoint\",\"urlTemplate\":\"https:\\\/\\\/www.eldiario.net\\\/portal\\\/?s={search_term_string}\"},\"query-input\":{\"@type\":\"PropertyValueSpecification\",\"valueRequired\":true,\"valueName\":\"search_term_string\"}}],\"inLanguage\":\"es\"},{\"@type\":\"Organization\",\"@id\":\"https:\\\/\\\/www.eldiario.net\\\/portal\\\/#organization\",\"name\":\"El Diario - Decano de la prensa nacional\",\"url\":\"https:\\\/\\\/www.eldiario.net\\\/portal\\\/\",\"logo\":{\"@type\":\"ImageObject\",\"inLanguage\":\"es\",\"@id\":\"https:\\\/\\\/www.eldiario.net\\\/portal\\\/#\\\/schema\\\/logo\\\/image\\\/\",\"url\":\"https:\\\/\\\/www.eldiario.net\\\/portal\\\/wp-content\\\/uploads\\\/2023\\\/07\\\/logo_ED.jpg\",\"contentUrl\":\"https:\\\/\\\/www.eldiario.net\\\/portal\\\/wp-content\\\/uploads\\\/2023\\\/07\\\/logo_ED.jpg\",\"width\":272,\"height\":52,\"caption\":\"El Diario - Decano de la prensa nacional\"},\"image\":{\"@id\":\"https:\\\/\\\/www.eldiario.net\\\/portal\\\/#\\\/schema\\\/logo\\\/image\\\/\"},\"sameAs\":[\"https:\\\/\\\/www.facebook.com\\\/eldiario.bolivia\\\/\",\"https:\\\/\\\/x.com\\\/eldiario_net\"]},{\"@type\":\"Person\",\"@id\":\"https:\\\/\\\/www.eldiario.net\\\/portal\\\/#\\\/schema\\\/person\\\/f46445640444750d7d753ccd04ae01b7\",\"name\":\"Jeanette\",\"image\":{\"@type\":\"ImageObject\",\"inLanguage\":\"es\",\"@id\":\"https:\\\/\\\/secure.gravatar.com\\\/avatar\\\/3ea2118a5f7dad2b7138b1187a6b7ee55f160b9968b66013c3a3ef39dd7e5798?s=96&d=mm&r=g\",\"url\":\"https:\\\/\\\/secure.gravatar.com\\\/avatar\\\/3ea2118a5f7dad2b7138b1187a6b7ee55f160b9968b66013c3a3ef39dd7e5798?s=96&d=mm&r=g\",\"contentUrl\":\"https:\\\/\\\/secure.gravatar.com\\\/avatar\\\/3ea2118a5f7dad2b7138b1187a6b7ee55f160b9968b66013c3a3ef39dd7e5798?s=96&d=mm&r=g\",\"caption\":\"Jeanette\"},\"sameAs\":[\"https:\\\/\\\/www.eldiario.net\\\/portal\"],\"url\":\"https:\\\/\\\/www.eldiario.net\\\/portal\\\/author\\\/jeanette\\\/\"}]}<\/script>\n<!-- \/ Yoast SEO plugin. -->","yoast_head_json":{"title":"Equipo pesado del D-3 se encuentra deteriorado - El Diario - Bolivia","robots":{"index":"index","follow":"follow","max-snippet":"max-snippet:-1","max-image-preview":"max-image-preview:large","max-video-preview":"max-video-preview:-1"},"canonical":"https:\/\/www.eldiario.net\/portal\/2021\/05\/17\/equipo-pesado-del-d-3-se-encuentra-deteriorado\/","og_locale":"es_ES","og_type":"article","og_title":"Equipo pesado del D-3 se encuentra deteriorado - El Diario - Bolivia","og_description":"El subalcalde del Distrito 3 de la ciudad de El Alto, Mariano Condori, inform\u00f3 que la maquinaria pesada asignada a ese sector se encuentra deteriorada, debido al abandono del anterior Gobierno Municipal, reparaci\u00f3n que tendr\u00e1 un costo aproximado de Bs 500.000. La preocupaci\u00f3n de la autoridad es el abandono y la destrucci\u00f3n en que ha [&hellip;]","og_url":"https:\/\/www.eldiario.net\/portal\/2021\/05\/17\/equipo-pesado-del-d-3-se-encuentra-deteriorado\/","og_site_name":"El Diario - Bolivia","article_publisher":"https:\/\/www.facebook.com\/eldiario.bolivia\/","article_published_time":"2021-05-17T10:39:40+00:00","author":"Jeanette","twitter_card":"summary_large_image","twitter_creator":"@eldiario_net","twitter_site":"@eldiario_net","twitter_misc":{"Escrito por":"Jeanette","Tiempo de lectura":"3 minutos"},"schema":{"@context":"https:\/\/schema.org","@graph":[{"@type":"Article","@id":"https:\/\/www.eldiario.net\/portal\/2021\/05\/17\/equipo-pesado-del-d-3-se-encuentra-deteriorado\/#article","isPartOf":{"@id":"https:\/\/www.eldiario.net\/portal\/2021\/05\/17\/equipo-pesado-del-d-3-se-encuentra-deteriorado\/"},"author":{"name":"Jeanette","@id":"https:\/\/www.eldiario.net\/portal\/#\/schema\/person\/f46445640444750d7d753ccd04ae01b7"},"headline":"Equipo pesado del D-3 se encuentra deteriorado","datePublished":"2021-05-17T10:39:40+00:00","mainEntityOfPage":{"@id":"https:\/\/www.eldiario.net\/portal\/2021\/05\/17\/equipo-pesado-del-d-3-se-encuentra-deteriorado\/"},"wordCount":508,"publisher":{"@id":"https:\/\/www.eldiario.net\/portal\/#organization"},"image":{"@id":"https:\/\/www.eldiario.net\/portal\/2021\/05\/17\/equipo-pesado-del-d-3-se-encuentra-deteriorado\/#primaryimage"},"thumbnailUrl":"","articleSection":["Nacional"],"inLanguage":"es"},{"@type":"WebPage","@id":"https:\/\/www.eldiario.net\/portal\/2021\/05\/17\/equipo-pesado-del-d-3-se-encuentra-deteriorado\/","url":"https:\/\/www.eldiario.net\/portal\/2021\/05\/17\/equipo-pesado-del-d-3-se-encuentra-deteriorado\/","name":"Equipo pesado del D-3 se encuentra deteriorado - El Diario - Bolivia","isPartOf":{"@id":"https:\/\/www.eldiario.net\/portal\/#website"},"primaryImageOfPage":{"@id":"https:\/\/www.eldiario.net\/portal\/2021\/05\/17\/equipo-pesado-del-d-3-se-encuentra-deteriorado\/#primaryimage"},"image":{"@id":"https:\/\/www.eldiario.net\/portal\/2021\/05\/17\/equipo-pesado-del-d-3-se-encuentra-deteriorado\/#primaryimage"},"thumbnailUrl":"","datePublished":"2021-05-17T10:39:40+00:00","breadcrumb":{"@id":"https:\/\/www.eldiario.net\/portal\/2021\/05\/17\/equipo-pesado-del-d-3-se-encuentra-deteriorado\/#breadcrumb"},"inLanguage":"es","potentialAction":[{"@type":"ReadAction","target":["https:\/\/www.eldiario.net\/portal\/2021\/05\/17\/equipo-pesado-del-d-3-se-encuentra-deteriorado\/"]}]},{"@type":"ImageObject","inLanguage":"es","@id":"https:\/\/www.eldiario.net\/portal\/2021\/05\/17\/equipo-pesado-del-d-3-se-encuentra-deteriorado\/#primaryimage","url":"","contentUrl":""},{"@type":"BreadcrumbList","@id":"https:\/\/www.eldiario.net\/portal\/2021\/05\/17\/equipo-pesado-del-d-3-se-encuentra-deteriorado\/#breadcrumb","itemListElement":[{"@type":"ListItem","position":1,"name":"Portada","item":"https:\/\/www.eldiario.net\/portal\/"},{"@type":"ListItem","position":2,"name":"Equipo pesado del D-3 se encuentra deteriorado"}]},{"@type":"WebSite","@id":"https:\/\/www.eldiario.net\/portal\/#website","url":"https:\/\/www.eldiario.net\/portal\/","name":"El Diario - Decano de la prensa nacional","description":"El Diario - Decano de la prensa nacional","publisher":{"@id":"https:\/\/www.eldiario.net\/portal\/#organization"},"potentialAction":[{"@type":"SearchAction","target":{"@type":"EntryPoint","urlTemplate":"https:\/\/www.eldiario.net\/portal\/?s={search_term_string}"},"query-input":{"@type":"PropertyValueSpecification","valueRequired":true,"valueName":"search_term_string"}}],"inLanguage":"es"},{"@type":"Organization","@id":"https:\/\/www.eldiario.net\/portal\/#organization","name":"El Diario - Decano de la prensa nacional","url":"https:\/\/www.eldiario.net\/portal\/","logo":{"@type":"ImageObject","inLanguage":"es","@id":"https:\/\/www.eldiario.net\/portal\/#\/schema\/logo\/image\/","url":"https:\/\/www.eldiario.net\/portal\/wp-content\/uploads\/2023\/07\/logo_ED.jpg","contentUrl":"https:\/\/www.eldiario.net\/portal\/wp-content\/uploads\/2023\/07\/logo_ED.jpg","width":272,"height":52,"caption":"El Diario - Decano de la prensa nacional"},"image":{"@id":"https:\/\/www.eldiario.net\/portal\/#\/schema\/logo\/image\/"},"sameAs":["https:\/\/www.facebook.com\/eldiario.bolivia\/","https:\/\/x.com\/eldiario_net"]},{"@type":"Person","@id":"https:\/\/www.eldiario.net\/portal\/#\/schema\/person\/f46445640444750d7d753ccd04ae01b7","name":"Jeanette","image":{"@type":"ImageObject","inLanguage":"es","@id":"https:\/\/secure.gravatar.com\/avatar\/3ea2118a5f7dad2b7138b1187a6b7ee55f160b9968b66013c3a3ef39dd7e5798?s=96&d=mm&r=g","url":"https:\/\/secure.gravatar.com\/avatar\/3ea2118a5f7dad2b7138b1187a6b7ee55f160b9968b66013c3a3ef39dd7e5798?s=96&d=mm&r=g","contentUrl":"https:\/\/secure.gravatar.com\/avatar\/3ea2118a5f7dad2b7138b1187a6b7ee55f160b9968b66013c3a3ef39dd7e5798?s=96&d=mm&r=g","caption":"Jeanette"},"sameAs":["https:\/\/www.eldiario.net\/portal"],"url":"https:\/\/www.eldiario.net\/portal\/author\/jeanette\/"}]}},"_links":{"self":[{"href":"https:\/\/www.eldiario.net\/portal\/wp-json\/wp\/v2\/posts\/4519","targetHints":{"allow":["GET"]}}],"collection":[{"href":"https:\/\/www.eldiario.net\/portal\/wp-json\/wp\/v2\/posts"}],"about":[{"href":"https:\/\/www.eldiario.net\/portal\/wp-json\/wp\/v2\/types\/post"}],"author":[{"embeddable":true,"href":"https:\/\/www.eldiario.net\/portal\/wp-json\/wp\/v2\/users\/1"}],"replies":[{"embeddable":true,"href":"https:\/\/www.eldiario.net\/portal\/wp-json\/wp\/v2\/comments?post=4519"}],"version-history":[{"count":0,"href":"https:\/\/www.eldiario.net\/portal\/wp-json\/wp\/v2\/posts\/4519\/revisions"}],"wp:attachment":[{"href":"https:\/\/www.eldiario.net\/portal\/wp-json\/wp\/v2\/media?parent=4519"}],"wp:term":[{"taxonomy":"category","embeddable":true,"href":"https:\/\/www.eldiario.net\/portal\/wp-json\/wp\/v2\/categories?post=4519"},{"taxonomy":"post_tag","embeddable":true,"href":"https:\/\/www.eldiario.net\/portal\/wp-json\/wp\/v2\/tags?post=4519"}],"curies":[{"name":"wp","href":"https:\/\/api.w.org\/{rel}","templated":true}]}}