{"id":4516,"date":"2021-05-17T06:38:40","date_gmt":"2021-05-17T10:38:40","guid":{"rendered":"https:\/\/www.eldiario.net\/portal\/?p=4516"},"modified":"2021-05-17T06:38:40","modified_gmt":"2021-05-17T10:38:40","slug":"instalan-puntos-de-pruebas-de-antigeno-nasal-para-covid-19","status":"publish","type":"post","link":"https:\/\/www.eldiario.net\/portal\/2021\/05\/17\/instalan-puntos-de-pruebas-de-antigeno-nasal-para-covid-19\/","title":{"rendered":"Instalan puntos de pruebas de ant\u00edgeno nasal para covid-19"},"content":{"rendered":"<p>Tres puntos fueron habilitados ayer en diferentes zonas, para que la poblaci\u00f3n acuda con la finalidad de hacerse la prueba de ant\u00edgeno nasal que permita la detecci\u00f3n oportuna del covid-19 y luego realizar su tratamiento.<br \/>\nMediante un trabajo coordinado entre el Servicio Departamental de Salud (Sedes) de La Paz y el municipio de la ciudad de El Alto, se logr\u00f3 que la poblaci\u00f3n alte\u00f1a pueda asistir a estos tres sitios de pruebas y de esta manera prevenir la propagaci\u00f3n de esta pandemia del coronavirus.<br \/>\nPor su parte, el Sedes previno la entrega de 30.000 pruebas antigenonasales, con caracter\u00edsticas de un tiempo de 20 minutos para dar el resultado de estos an\u00e1lisis, momento desde el cual se tiene la posibilidad de prevenir la propagaci\u00f3n de este virus.<br \/>\nSobre el tema, la encargada de este trabajo por parte del Sedes La Paz, la doctora Maritza Guarachi se\u00f1al\u00f3 que es un trabajo coordinado junto a las autoridades del sector en la ciudad de El Alto, con la finalidad de disminuir los contagios del covid-19.<br \/>\n\u201cNosotros hemos tomado la decisi\u00f3n de que este tipo de actividades ser\u00e1n de forma continua, porque es una de las formas m\u00e1s efectivas para evitar la propagaci\u00f3n del coronavirus, teniendo en cuenta que estamos en un riesgo a entrar a una tercera ola, pero tambi\u00e9n debemos acudir a la concientizaci\u00f3n de la poblaci\u00f3n para cumplir con todas las normas de bioseguridad\u201d, se\u00f1al\u00f3 la autoridad de salud de la sede de Gobierno.<br \/>\nParas el efecto, Sedes La Paz ha destinado todo el personal con que cuenta de manera que este trabajo pueda tener un resultado positivo en la ciudad de El Alto y de esta manera lograr el objetivo trazado de un control de propagaci\u00f3n del covid-19.<br \/>\nLos puntos que en d\u00eda domingo funcionaron desde las 8.30 de la ma\u00f1ana hasta las 16.00 horas estuvieron en el Multifuncional Heriberto Guti\u00e9rrez de la Ceja, la Cruz Papal y la Fuerza A\u00e9rea Boliviana de la avenida Juan Pablo II, donde la poblaci\u00f3n acudi\u00f3 de forma masiva, sin embargo, los resultado del n\u00famero de personas que asistieron a realizar esta prueba se har\u00e1 conocer en las pr\u00f3ximas horas, de manera oficial.<br \/>\nPor su parte, el trabajo de la Secretaria de Salud del municipio destin\u00f3 un personal de 40 profesionales entre m\u00e9dicos y enfermeras, de acuerdo con la informaci\u00f3n del encargado del sector el doctor Henry Flores.<br \/>\n\u201cNuestro objetivo es proteger a la poblaci\u00f3n alte\u00f1a, es por eso que hemos tomado la decisi\u00f3n de realizar estas pruebas que dar\u00e1n la posibilidad de prevenir la propagaci\u00f3n de esta pandemia como es el coronavirus\u201d, dijo la autoridad de salud de El Alto.<\/p>\n","protected":false},"excerpt":{"rendered":"<p>Tres puntos fueron habilitados ayer en diferentes zonas, para que la poblaci\u00f3n acuda con la finalidad de hacerse la prueba de ant\u00edgeno nasal que permita la detecci\u00f3n oportuna del covid-19 y luego realizar su tratamiento. Mediante un trabajo coordinado entre el Servicio Departamental de Salud (Sedes) de La Paz y el municipio de la ciudad [&hellip;]<\/p>\n","protected":false},"author":1,"featured_media":4517,"comment_status":"closed","ping_status":"closed","sticky":false,"template":"","format":"standard","meta":{"_acf_changed":false,"footnotes":""},"categories":[12],"tags":[],"class_list":["post-4516","post","type-post","status-publish","format-standard","has-post-thumbnail","category-nacional"],"acf":{"antetitulo":""},"yoast_head":"<!-- This site is optimized with the Yoast SEO plugin v28.3 - https:\/\/yoast.com\/product\/yoast-seo-wordpress\/ -->\n<title>Instalan puntos de pruebas de ant\u00edgeno nasal para covid-19 - El Diario - Bolivia<\/title>\n<meta name=\"robots\" content=\"index, follow, max-snippet:-1, max-image-preview:large, max-video-preview:-1\" \/>\n<link rel=\"canonical\" href=\"https:\/\/www.eldiario.net\/portal\/2021\/05\/17\/instalan-puntos-de-pruebas-de-antigeno-nasal-para-covid-19\/\" \/>\n<meta property=\"og:locale\" content=\"es_ES\" \/>\n<meta property=\"og:type\" content=\"article\" \/>\n<meta property=\"og:title\" content=\"Instalan puntos de pruebas de ant\u00edgeno nasal para covid-19 - El Diario - Bolivia\" \/>\n<meta property=\"og:description\" content=\"Tres puntos fueron habilitados ayer en diferentes zonas, para que la poblaci\u00f3n acuda con la finalidad de hacerse la prueba de ant\u00edgeno nasal que permita la detecci\u00f3n oportuna del covid-19 y luego realizar su tratamiento. Mediante un trabajo coordinado entre el Servicio Departamental de Salud (Sedes) de La Paz y el municipio de la ciudad [&hellip;]\" \/>\n<meta property=\"og:url\" content=\"https:\/\/www.eldiario.net\/portal\/2021\/05\/17\/instalan-puntos-de-pruebas-de-antigeno-nasal-para-covid-19\/\" \/>\n<meta property=\"og:site_name\" content=\"El Diario - Bolivia\" \/>\n<meta property=\"article:publisher\" content=\"https:\/\/www.facebook.com\/eldiario.bolivia\/\" \/>\n<meta property=\"article:published_time\" content=\"2021-05-17T10:38:40+00:00\" \/>\n<meta name=\"author\" content=\"Jeanette\" \/>\n<meta name=\"twitter:card\" content=\"summary_large_image\" \/>\n<meta name=\"twitter:creator\" content=\"@eldiario_net\" \/>\n<meta name=\"twitter:site\" content=\"@eldiario_net\" \/>\n<meta name=\"twitter:label1\" content=\"Escrito por\" \/>\n\t<meta name=\"twitter:data1\" content=\"Jeanette\" \/>\n\t<meta name=\"twitter:label2\" content=\"Tiempo de lectura\" \/>\n\t<meta name=\"twitter:data2\" content=\"2 minutos\" \/>\n<script type=\"application\/ld+json\" class=\"yoast-schema-graph\">{\"@context\":\"https:\\\/\\\/schema.org\",\"@graph\":[{\"@type\":\"Article\",\"@id\":\"https:\\\/\\\/www.eldiario.net\\\/portal\\\/2021\\\/05\\\/17\\\/instalan-puntos-de-pruebas-de-antigeno-nasal-para-covid-19\\\/#article\",\"isPartOf\":{\"@id\":\"https:\\\/\\\/www.eldiario.net\\\/portal\\\/2021\\\/05\\\/17\\\/instalan-puntos-de-pruebas-de-antigeno-nasal-para-covid-19\\\/\"},\"author\":{\"name\":\"Jeanette\",\"@id\":\"https:\\\/\\\/www.eldiario.net\\\/portal\\\/#\\\/schema\\\/person\\\/f46445640444750d7d753ccd04ae01b7\"},\"headline\":\"Instalan puntos de pruebas de ant\u00edgeno nasal para covid-19\",\"datePublished\":\"2021-05-17T10:38:40+00:00\",\"mainEntityOfPage\":{\"@id\":\"https:\\\/\\\/www.eldiario.net\\\/portal\\\/2021\\\/05\\\/17\\\/instalan-puntos-de-pruebas-de-antigeno-nasal-para-covid-19\\\/\"},\"wordCount\":474,\"publisher\":{\"@id\":\"https:\\\/\\\/www.eldiario.net\\\/portal\\\/#organization\"},\"image\":{\"@id\":\"https:\\\/\\\/www.eldiario.net\\\/portal\\\/2021\\\/05\\\/17\\\/instalan-puntos-de-pruebas-de-antigeno-nasal-para-covid-19\\\/#primaryimage\"},\"thumbnailUrl\":\"\",\"articleSection\":[\"Nacional\"],\"inLanguage\":\"es\"},{\"@type\":\"WebPage\",\"@id\":\"https:\\\/\\\/www.eldiario.net\\\/portal\\\/2021\\\/05\\\/17\\\/instalan-puntos-de-pruebas-de-antigeno-nasal-para-covid-19\\\/\",\"url\":\"https:\\\/\\\/www.eldiario.net\\\/portal\\\/2021\\\/05\\\/17\\\/instalan-puntos-de-pruebas-de-antigeno-nasal-para-covid-19\\\/\",\"name\":\"Instalan puntos de pruebas de ant\u00edgeno nasal para covid-19 - El Diario - Bolivia\",\"isPartOf\":{\"@id\":\"https:\\\/\\\/www.eldiario.net\\\/portal\\\/#website\"},\"primaryImageOfPage\":{\"@id\":\"https:\\\/\\\/www.eldiario.net\\\/portal\\\/2021\\\/05\\\/17\\\/instalan-puntos-de-pruebas-de-antigeno-nasal-para-covid-19\\\/#primaryimage\"},\"image\":{\"@id\":\"https:\\\/\\\/www.eldiario.net\\\/portal\\\/2021\\\/05\\\/17\\\/instalan-puntos-de-pruebas-de-antigeno-nasal-para-covid-19\\\/#primaryimage\"},\"thumbnailUrl\":\"\",\"datePublished\":\"2021-05-17T10:38:40+00:00\",\"breadcrumb\":{\"@id\":\"https:\\\/\\\/www.eldiario.net\\\/portal\\\/2021\\\/05\\\/17\\\/instalan-puntos-de-pruebas-de-antigeno-nasal-para-covid-19\\\/#breadcrumb\"},\"inLanguage\":\"es\",\"potentialAction\":[{\"@type\":\"ReadAction\",\"target\":[\"https:\\\/\\\/www.eldiario.net\\\/portal\\\/2021\\\/05\\\/17\\\/instalan-puntos-de-pruebas-de-antigeno-nasal-para-covid-19\\\/\"]}]},{\"@type\":\"ImageObject\",\"inLanguage\":\"es\",\"@id\":\"https:\\\/\\\/www.eldiario.net\\\/portal\\\/2021\\\/05\\\/17\\\/instalan-puntos-de-pruebas-de-antigeno-nasal-para-covid-19\\\/#primaryimage\",\"url\":\"\",\"contentUrl\":\"\"},{\"@type\":\"BreadcrumbList\",\"@id\":\"https:\\\/\\\/www.eldiario.net\\\/portal\\\/2021\\\/05\\\/17\\\/instalan-puntos-de-pruebas-de-antigeno-nasal-para-covid-19\\\/#breadcrumb\",\"itemListElement\":[{\"@type\":\"ListItem\",\"position\":1,\"name\":\"Portada\",\"item\":\"https:\\\/\\\/www.eldiario.net\\\/portal\\\/\"},{\"@type\":\"ListItem\",\"position\":2,\"name\":\"Instalan puntos de pruebas de ant\u00edgeno nasal para covid-19\"}]},{\"@type\":\"WebSite\",\"@id\":\"https:\\\/\\\/www.eldiario.net\\\/portal\\\/#website\",\"url\":\"https:\\\/\\\/www.eldiario.net\\\/portal\\\/\",\"name\":\"El Diario - Decano de la prensa nacional\",\"description\":\"El Diario - Decano de la prensa nacional\",\"publisher\":{\"@id\":\"https:\\\/\\\/www.eldiario.net\\\/portal\\\/#organization\"},\"potentialAction\":[{\"@type\":\"SearchAction\",\"target\":{\"@type\":\"EntryPoint\",\"urlTemplate\":\"https:\\\/\\\/www.eldiario.net\\\/portal\\\/?s={search_term_string}\"},\"query-input\":{\"@type\":\"PropertyValueSpecification\",\"valueRequired\":true,\"valueName\":\"search_term_string\"}}],\"inLanguage\":\"es\"},{\"@type\":\"Organization\",\"@id\":\"https:\\\/\\\/www.eldiario.net\\\/portal\\\/#organization\",\"name\":\"El Diario - Decano de la prensa nacional\",\"url\":\"https:\\\/\\\/www.eldiario.net\\\/portal\\\/\",\"logo\":{\"@type\":\"ImageObject\",\"inLanguage\":\"es\",\"@id\":\"https:\\\/\\\/www.eldiario.net\\\/portal\\\/#\\\/schema\\\/logo\\\/image\\\/\",\"url\":\"https:\\\/\\\/www.eldiario.net\\\/portal\\\/wp-content\\\/uploads\\\/2023\\\/07\\\/logo_ED.jpg\",\"contentUrl\":\"https:\\\/\\\/www.eldiario.net\\\/portal\\\/wp-content\\\/uploads\\\/2023\\\/07\\\/logo_ED.jpg\",\"width\":272,\"height\":52,\"caption\":\"El Diario - Decano de la prensa nacional\"},\"image\":{\"@id\":\"https:\\\/\\\/www.eldiario.net\\\/portal\\\/#\\\/schema\\\/logo\\\/image\\\/\"},\"sameAs\":[\"https:\\\/\\\/www.facebook.com\\\/eldiario.bolivia\\\/\",\"https:\\\/\\\/x.com\\\/eldiario_net\"]},{\"@type\":\"Person\",\"@id\":\"https:\\\/\\\/www.eldiario.net\\\/portal\\\/#\\\/schema\\\/person\\\/f46445640444750d7d753ccd04ae01b7\",\"name\":\"Jeanette\",\"image\":{\"@type\":\"ImageObject\",\"inLanguage\":\"es\",\"@id\":\"https:\\\/\\\/secure.gravatar.com\\\/avatar\\\/3ea2118a5f7dad2b7138b1187a6b7ee55f160b9968b66013c3a3ef39dd7e5798?s=96&d=mm&r=g\",\"url\":\"https:\\\/\\\/secure.gravatar.com\\\/avatar\\\/3ea2118a5f7dad2b7138b1187a6b7ee55f160b9968b66013c3a3ef39dd7e5798?s=96&d=mm&r=g\",\"contentUrl\":\"https:\\\/\\\/secure.gravatar.com\\\/avatar\\\/3ea2118a5f7dad2b7138b1187a6b7ee55f160b9968b66013c3a3ef39dd7e5798?s=96&d=mm&r=g\",\"caption\":\"Jeanette\"},\"sameAs\":[\"https:\\\/\\\/www.eldiario.net\\\/portal\"],\"url\":\"https:\\\/\\\/www.eldiario.net\\\/portal\\\/author\\\/jeanette\\\/\"}]}<\/script>\n<!-- \/ Yoast SEO plugin. -->","yoast_head_json":{"title":"Instalan puntos de pruebas de ant\u00edgeno nasal para covid-19 - El Diario - Bolivia","robots":{"index":"index","follow":"follow","max-snippet":"max-snippet:-1","max-image-preview":"max-image-preview:large","max-video-preview":"max-video-preview:-1"},"canonical":"https:\/\/www.eldiario.net\/portal\/2021\/05\/17\/instalan-puntos-de-pruebas-de-antigeno-nasal-para-covid-19\/","og_locale":"es_ES","og_type":"article","og_title":"Instalan puntos de pruebas de ant\u00edgeno nasal para covid-19 - El Diario - Bolivia","og_description":"Tres puntos fueron habilitados ayer en diferentes zonas, para que la poblaci\u00f3n acuda con la finalidad de hacerse la prueba de ant\u00edgeno nasal que permita la detecci\u00f3n oportuna del covid-19 y luego realizar su tratamiento. Mediante un trabajo coordinado entre el Servicio Departamental de Salud (Sedes) de La Paz y el municipio de la ciudad [&hellip;]","og_url":"https:\/\/www.eldiario.net\/portal\/2021\/05\/17\/instalan-puntos-de-pruebas-de-antigeno-nasal-para-covid-19\/","og_site_name":"El Diario - Bolivia","article_publisher":"https:\/\/www.facebook.com\/eldiario.bolivia\/","article_published_time":"2021-05-17T10:38:40+00:00","author":"Jeanette","twitter_card":"summary_large_image","twitter_creator":"@eldiario_net","twitter_site":"@eldiario_net","twitter_misc":{"Escrito por":"Jeanette","Tiempo de lectura":"2 minutos"},"schema":{"@context":"https:\/\/schema.org","@graph":[{"@type":"Article","@id":"https:\/\/www.eldiario.net\/portal\/2021\/05\/17\/instalan-puntos-de-pruebas-de-antigeno-nasal-para-covid-19\/#article","isPartOf":{"@id":"https:\/\/www.eldiario.net\/portal\/2021\/05\/17\/instalan-puntos-de-pruebas-de-antigeno-nasal-para-covid-19\/"},"author":{"name":"Jeanette","@id":"https:\/\/www.eldiario.net\/portal\/#\/schema\/person\/f46445640444750d7d753ccd04ae01b7"},"headline":"Instalan puntos de pruebas de ant\u00edgeno nasal para covid-19","datePublished":"2021-05-17T10:38:40+00:00","mainEntityOfPage":{"@id":"https:\/\/www.eldiario.net\/portal\/2021\/05\/17\/instalan-puntos-de-pruebas-de-antigeno-nasal-para-covid-19\/"},"wordCount":474,"publisher":{"@id":"https:\/\/www.eldiario.net\/portal\/#organization"},"image":{"@id":"https:\/\/www.eldiario.net\/portal\/2021\/05\/17\/instalan-puntos-de-pruebas-de-antigeno-nasal-para-covid-19\/#primaryimage"},"thumbnailUrl":"","articleSection":["Nacional"],"inLanguage":"es"},{"@type":"WebPage","@id":"https:\/\/www.eldiario.net\/portal\/2021\/05\/17\/instalan-puntos-de-pruebas-de-antigeno-nasal-para-covid-19\/","url":"https:\/\/www.eldiario.net\/portal\/2021\/05\/17\/instalan-puntos-de-pruebas-de-antigeno-nasal-para-covid-19\/","name":"Instalan puntos de pruebas de ant\u00edgeno nasal para covid-19 - El Diario - Bolivia","isPartOf":{"@id":"https:\/\/www.eldiario.net\/portal\/#website"},"primaryImageOfPage":{"@id":"https:\/\/www.eldiario.net\/portal\/2021\/05\/17\/instalan-puntos-de-pruebas-de-antigeno-nasal-para-covid-19\/#primaryimage"},"image":{"@id":"https:\/\/www.eldiario.net\/portal\/2021\/05\/17\/instalan-puntos-de-pruebas-de-antigeno-nasal-para-covid-19\/#primaryimage"},"thumbnailUrl":"","datePublished":"2021-05-17T10:38:40+00:00","breadcrumb":{"@id":"https:\/\/www.eldiario.net\/portal\/2021\/05\/17\/instalan-puntos-de-pruebas-de-antigeno-nasal-para-covid-19\/#breadcrumb"},"inLanguage":"es","potentialAction":[{"@type":"ReadAction","target":["https:\/\/www.eldiario.net\/portal\/2021\/05\/17\/instalan-puntos-de-pruebas-de-antigeno-nasal-para-covid-19\/"]}]},{"@type":"ImageObject","inLanguage":"es","@id":"https:\/\/www.eldiario.net\/portal\/2021\/05\/17\/instalan-puntos-de-pruebas-de-antigeno-nasal-para-covid-19\/#primaryimage","url":"","contentUrl":""},{"@type":"BreadcrumbList","@id":"https:\/\/www.eldiario.net\/portal\/2021\/05\/17\/instalan-puntos-de-pruebas-de-antigeno-nasal-para-covid-19\/#breadcrumb","itemListElement":[{"@type":"ListItem","position":1,"name":"Portada","item":"https:\/\/www.eldiario.net\/portal\/"},{"@type":"ListItem","position":2,"name":"Instalan puntos de pruebas de ant\u00edgeno nasal para covid-19"}]},{"@type":"WebSite","@id":"https:\/\/www.eldiario.net\/portal\/#website","url":"https:\/\/www.eldiario.net\/portal\/","name":"El Diario - Decano de la prensa nacional","description":"El Diario - Decano de la prensa nacional","publisher":{"@id":"https:\/\/www.eldiario.net\/portal\/#organization"},"potentialAction":[{"@type":"SearchAction","target":{"@type":"EntryPoint","urlTemplate":"https:\/\/www.eldiario.net\/portal\/?s={search_term_string}"},"query-input":{"@type":"PropertyValueSpecification","valueRequired":true,"valueName":"search_term_string"}}],"inLanguage":"es"},{"@type":"Organization","@id":"https:\/\/www.eldiario.net\/portal\/#organization","name":"El Diario - Decano de la prensa nacional","url":"https:\/\/www.eldiario.net\/portal\/","logo":{"@type":"ImageObject","inLanguage":"es","@id":"https:\/\/www.eldiario.net\/portal\/#\/schema\/logo\/image\/","url":"https:\/\/www.eldiario.net\/portal\/wp-content\/uploads\/2023\/07\/logo_ED.jpg","contentUrl":"https:\/\/www.eldiario.net\/portal\/wp-content\/uploads\/2023\/07\/logo_ED.jpg","width":272,"height":52,"caption":"El Diario - Decano de la prensa nacional"},"image":{"@id":"https:\/\/www.eldiario.net\/portal\/#\/schema\/logo\/image\/"},"sameAs":["https:\/\/www.facebook.com\/eldiario.bolivia\/","https:\/\/x.com\/eldiario_net"]},{"@type":"Person","@id":"https:\/\/www.eldiario.net\/portal\/#\/schema\/person\/f46445640444750d7d753ccd04ae01b7","name":"Jeanette","image":{"@type":"ImageObject","inLanguage":"es","@id":"https:\/\/secure.gravatar.com\/avatar\/3ea2118a5f7dad2b7138b1187a6b7ee55f160b9968b66013c3a3ef39dd7e5798?s=96&d=mm&r=g","url":"https:\/\/secure.gravatar.com\/avatar\/3ea2118a5f7dad2b7138b1187a6b7ee55f160b9968b66013c3a3ef39dd7e5798?s=96&d=mm&r=g","contentUrl":"https:\/\/secure.gravatar.com\/avatar\/3ea2118a5f7dad2b7138b1187a6b7ee55f160b9968b66013c3a3ef39dd7e5798?s=96&d=mm&r=g","caption":"Jeanette"},"sameAs":["https:\/\/www.eldiario.net\/portal"],"url":"https:\/\/www.eldiario.net\/portal\/author\/jeanette\/"}]}},"_links":{"self":[{"href":"https:\/\/www.eldiario.net\/portal\/wp-json\/wp\/v2\/posts\/4516","targetHints":{"allow":["GET"]}}],"collection":[{"href":"https:\/\/www.eldiario.net\/portal\/wp-json\/wp\/v2\/posts"}],"about":[{"href":"https:\/\/www.eldiario.net\/portal\/wp-json\/wp\/v2\/types\/post"}],"author":[{"embeddable":true,"href":"https:\/\/www.eldiario.net\/portal\/wp-json\/wp\/v2\/users\/1"}],"replies":[{"embeddable":true,"href":"https:\/\/www.eldiario.net\/portal\/wp-json\/wp\/v2\/comments?post=4516"}],"version-history":[{"count":0,"href":"https:\/\/www.eldiario.net\/portal\/wp-json\/wp\/v2\/posts\/4516\/revisions"}],"wp:attachment":[{"href":"https:\/\/www.eldiario.net\/portal\/wp-json\/wp\/v2\/media?parent=4516"}],"wp:term":[{"taxonomy":"category","embeddable":true,"href":"https:\/\/www.eldiario.net\/portal\/wp-json\/wp\/v2\/categories?post=4516"},{"taxonomy":"post_tag","embeddable":true,"href":"https:\/\/www.eldiario.net\/portal\/wp-json\/wp\/v2\/tags?post=4516"}],"curies":[{"name":"wp","href":"https:\/\/api.w.org\/{rel}","templated":true}]}}