{"id":4513,"date":"2021-05-17T06:37:13","date_gmt":"2021-05-17T10:37:13","guid":{"rendered":"https:\/\/www.eldiario.net\/portal\/?p=4513"},"modified":"2021-05-17T06:37:13","modified_gmt":"2021-05-17T10:37:13","slug":"mitad-de-contagios-es-por-no-utilizar-barbijos","status":"publish","type":"post","link":"https:\/\/www.eldiario.net\/portal\/2021\/05\/17\/mitad-de-contagios-es-por-no-utilizar-barbijos\/","title":{"rendered":"Mitad de contagios es por no utilizar barbijos"},"content":{"rendered":"<p>El 50 % de los contagios de covid-19 en la ciudad de El Alto, se debe a la falta del uso del barbijo y otros por el incumplimiento de las normas de bioseguridad, en su mayor\u00eda en ferias, mercados y otros centros de masiva concurrencia, como el transporte.<br \/>\nDebido a que en los \u00faltimos d\u00edas los casos de covid-19 se han incrementado en la ciudad de El Alto, lo que impuls\u00f3 a las autoridades a realizar un an\u00e1lisis de los motivos que estar\u00edan dando lugar a que los contagios puedan tener una subida mayor en algunos sectores.<br \/>\nDe esta forma, se logr\u00f3 verificar que los primeros problemas que surgen a ra\u00edz de la falta del uso del barbijo, que a partir de la desescalada que tuvo lugar en la ciudad de El Alto, en los \u00faltimos meses hasta el segundo mes de la presente gesti\u00f3n, la poblaci\u00f3n ha descuidado este aspecto, lo que hace semanas atr\u00e1s dio lugar a que nuevamente se pueda dar la presencia de nuevos casos de covid-19.<br \/>\nDe acuerdo con el an\u00e1lisis que se ha efectuado por parte de las autoridades de salud del municipio, estos problemas en su mayor\u00eda se han presentado en sectores de comercio, de esta urbe teniendo en cuenta que la ciudad de El Alto, en un 70 % de sus habitantes se dedica a este tipo de actividades, las mismas que tienen presencia en las diferentes zonas donde el comercio ha proliferado.<br \/>\nAsimismo, se ha podido establecer que la falta de uso del barbijo que es imprescindible, no solo se ha dado en la parte de las comerciantes sino de las personas que asisten a estos lugares de masiva concurrencia, quienes han descuidado este aspecto a falta de informaci\u00f3n y concientizaci\u00f3n, de que la pandemia del coronavirus, todav\u00eda est\u00e1 latente en nuestro medio y que no se debe bajar la guardia en el cumplimiento de las normas de bioseguridad.<br \/>\nOtro de los sectores que fue dif\u00edcil de hacer cumplir de manera absoluta el uso del barbijo, es el sector del transporte p\u00fablico de minibuses, donde muchos de los conductores no solo han descuidado el uso del barbijo, sino dejaron de implementar todo el equipo de bioseguridad en sus motorizados, como el uso del alcohol en gel, la mampara de separaci\u00f3n entre el pasajero y el conductor y el aforo, as\u00ed como mantener limpio el interior de sus veh\u00edculos.<br \/>\nA pesar de los compromisos que han sido recordados por los mismos dirigentes del sector, de mantener vigentes estos aspectos, la falta de control y la conciencia de cada uno de los due\u00f1os de estos veh\u00edculos, han hecho que todos estos temas hayan sido descuidados.<br \/>\nEn el momento muchos minibuses ya no cuentan con los separadores y los mismos conductores han dejado de utilizar los barbijos, sobre lo que se ha podido ver que no existe un control en este tema por las autoridades municipales ni del Organismo Operativo de Tr\u00e1nsito (OOT).<\/p>\n","protected":false},"excerpt":{"rendered":"<p>El 50 % de los contagios de covid-19 en la ciudad de El Alto, se debe a la falta del uso del barbijo y otros por el incumplimiento de las normas de bioseguridad, en su mayor\u00eda en ferias, mercados y otros centros de masiva concurrencia, como el transporte. Debido a que en los \u00faltimos d\u00edas [&hellip;]<\/p>\n","protected":false},"author":1,"featured_media":4514,"comment_status":"closed","ping_status":"closed","sticky":false,"template":"","format":"standard","meta":{"_acf_changed":false,"footnotes":""},"categories":[12],"tags":[],"class_list":["post-4513","post","type-post","status-publish","format-standard","has-post-thumbnail","category-nacional"],"acf":{"antetitulo":""},"yoast_head":"<!-- This site is optimized with the Yoast SEO plugin v28.3 - https:\/\/yoast.com\/product\/yoast-seo-wordpress\/ -->\n<title>Mitad de contagios es por no utilizar barbijos - El Diario - Bolivia<\/title>\n<meta name=\"robots\" content=\"index, follow, max-snippet:-1, max-image-preview:large, max-video-preview:-1\" \/>\n<link rel=\"canonical\" href=\"https:\/\/www.eldiario.net\/portal\/2021\/05\/17\/mitad-de-contagios-es-por-no-utilizar-barbijos\/\" \/>\n<meta property=\"og:locale\" content=\"es_ES\" \/>\n<meta property=\"og:type\" content=\"article\" \/>\n<meta property=\"og:title\" content=\"Mitad de contagios es por no utilizar barbijos - El Diario - Bolivia\" \/>\n<meta property=\"og:description\" content=\"El 50 % de los contagios de covid-19 en la ciudad de El Alto, se debe a la falta del uso del barbijo y otros por el incumplimiento de las normas de bioseguridad, en su mayor\u00eda en ferias, mercados y otros centros de masiva concurrencia, como el transporte. Debido a que en los \u00faltimos d\u00edas [&hellip;]\" \/>\n<meta property=\"og:url\" content=\"https:\/\/www.eldiario.net\/portal\/2021\/05\/17\/mitad-de-contagios-es-por-no-utilizar-barbijos\/\" \/>\n<meta property=\"og:site_name\" content=\"El Diario - Bolivia\" \/>\n<meta property=\"article:publisher\" content=\"https:\/\/www.facebook.com\/eldiario.bolivia\/\" \/>\n<meta property=\"article:published_time\" content=\"2021-05-17T10:37:13+00:00\" \/>\n<meta name=\"author\" content=\"Jeanette\" \/>\n<meta name=\"twitter:card\" content=\"summary_large_image\" \/>\n<meta name=\"twitter:creator\" content=\"@eldiario_net\" \/>\n<meta name=\"twitter:site\" content=\"@eldiario_net\" \/>\n<meta name=\"twitter:label1\" content=\"Escrito por\" \/>\n\t<meta name=\"twitter:data1\" content=\"Jeanette\" \/>\n\t<meta name=\"twitter:label2\" content=\"Tiempo de lectura\" \/>\n\t<meta name=\"twitter:data2\" content=\"3 minutos\" \/>\n<script type=\"application\/ld+json\" class=\"yoast-schema-graph\">{\"@context\":\"https:\\\/\\\/schema.org\",\"@graph\":[{\"@type\":\"Article\",\"@id\":\"https:\\\/\\\/www.eldiario.net\\\/portal\\\/2021\\\/05\\\/17\\\/mitad-de-contagios-es-por-no-utilizar-barbijos\\\/#article\",\"isPartOf\":{\"@id\":\"https:\\\/\\\/www.eldiario.net\\\/portal\\\/2021\\\/05\\\/17\\\/mitad-de-contagios-es-por-no-utilizar-barbijos\\\/\"},\"author\":{\"name\":\"Jeanette\",\"@id\":\"https:\\\/\\\/www.eldiario.net\\\/portal\\\/#\\\/schema\\\/person\\\/f46445640444750d7d753ccd04ae01b7\"},\"headline\":\"Mitad de contagios es por no utilizar barbijos\",\"datePublished\":\"2021-05-17T10:37:13+00:00\",\"mainEntityOfPage\":{\"@id\":\"https:\\\/\\\/www.eldiario.net\\\/portal\\\/2021\\\/05\\\/17\\\/mitad-de-contagios-es-por-no-utilizar-barbijos\\\/\"},\"wordCount\":513,\"publisher\":{\"@id\":\"https:\\\/\\\/www.eldiario.net\\\/portal\\\/#organization\"},\"image\":{\"@id\":\"https:\\\/\\\/www.eldiario.net\\\/portal\\\/2021\\\/05\\\/17\\\/mitad-de-contagios-es-por-no-utilizar-barbijos\\\/#primaryimage\"},\"thumbnailUrl\":\"\",\"articleSection\":[\"Nacional\"],\"inLanguage\":\"es\"},{\"@type\":\"WebPage\",\"@id\":\"https:\\\/\\\/www.eldiario.net\\\/portal\\\/2021\\\/05\\\/17\\\/mitad-de-contagios-es-por-no-utilizar-barbijos\\\/\",\"url\":\"https:\\\/\\\/www.eldiario.net\\\/portal\\\/2021\\\/05\\\/17\\\/mitad-de-contagios-es-por-no-utilizar-barbijos\\\/\",\"name\":\"Mitad de contagios es por no utilizar barbijos - El Diario - Bolivia\",\"isPartOf\":{\"@id\":\"https:\\\/\\\/www.eldiario.net\\\/portal\\\/#website\"},\"primaryImageOfPage\":{\"@id\":\"https:\\\/\\\/www.eldiario.net\\\/portal\\\/2021\\\/05\\\/17\\\/mitad-de-contagios-es-por-no-utilizar-barbijos\\\/#primaryimage\"},\"image\":{\"@id\":\"https:\\\/\\\/www.eldiario.net\\\/portal\\\/2021\\\/05\\\/17\\\/mitad-de-contagios-es-por-no-utilizar-barbijos\\\/#primaryimage\"},\"thumbnailUrl\":\"\",\"datePublished\":\"2021-05-17T10:37:13+00:00\",\"breadcrumb\":{\"@id\":\"https:\\\/\\\/www.eldiario.net\\\/portal\\\/2021\\\/05\\\/17\\\/mitad-de-contagios-es-por-no-utilizar-barbijos\\\/#breadcrumb\"},\"inLanguage\":\"es\",\"potentialAction\":[{\"@type\":\"ReadAction\",\"target\":[\"https:\\\/\\\/www.eldiario.net\\\/portal\\\/2021\\\/05\\\/17\\\/mitad-de-contagios-es-por-no-utilizar-barbijos\\\/\"]}]},{\"@type\":\"ImageObject\",\"inLanguage\":\"es\",\"@id\":\"https:\\\/\\\/www.eldiario.net\\\/portal\\\/2021\\\/05\\\/17\\\/mitad-de-contagios-es-por-no-utilizar-barbijos\\\/#primaryimage\",\"url\":\"\",\"contentUrl\":\"\"},{\"@type\":\"BreadcrumbList\",\"@id\":\"https:\\\/\\\/www.eldiario.net\\\/portal\\\/2021\\\/05\\\/17\\\/mitad-de-contagios-es-por-no-utilizar-barbijos\\\/#breadcrumb\",\"itemListElement\":[{\"@type\":\"ListItem\",\"position\":1,\"name\":\"Portada\",\"item\":\"https:\\\/\\\/www.eldiario.net\\\/portal\\\/\"},{\"@type\":\"ListItem\",\"position\":2,\"name\":\"Mitad de contagios es por no utilizar barbijos\"}]},{\"@type\":\"WebSite\",\"@id\":\"https:\\\/\\\/www.eldiario.net\\\/portal\\\/#website\",\"url\":\"https:\\\/\\\/www.eldiario.net\\\/portal\\\/\",\"name\":\"El Diario - Decano de la prensa nacional\",\"description\":\"El Diario - Decano de la prensa nacional\",\"publisher\":{\"@id\":\"https:\\\/\\\/www.eldiario.net\\\/portal\\\/#organization\"},\"potentialAction\":[{\"@type\":\"SearchAction\",\"target\":{\"@type\":\"EntryPoint\",\"urlTemplate\":\"https:\\\/\\\/www.eldiario.net\\\/portal\\\/?s={search_term_string}\"},\"query-input\":{\"@type\":\"PropertyValueSpecification\",\"valueRequired\":true,\"valueName\":\"search_term_string\"}}],\"inLanguage\":\"es\"},{\"@type\":\"Organization\",\"@id\":\"https:\\\/\\\/www.eldiario.net\\\/portal\\\/#organization\",\"name\":\"El Diario - Decano de la prensa nacional\",\"url\":\"https:\\\/\\\/www.eldiario.net\\\/portal\\\/\",\"logo\":{\"@type\":\"ImageObject\",\"inLanguage\":\"es\",\"@id\":\"https:\\\/\\\/www.eldiario.net\\\/portal\\\/#\\\/schema\\\/logo\\\/image\\\/\",\"url\":\"https:\\\/\\\/www.eldiario.net\\\/portal\\\/wp-content\\\/uploads\\\/2023\\\/07\\\/logo_ED.jpg\",\"contentUrl\":\"https:\\\/\\\/www.eldiario.net\\\/portal\\\/wp-content\\\/uploads\\\/2023\\\/07\\\/logo_ED.jpg\",\"width\":272,\"height\":52,\"caption\":\"El Diario - Decano de la prensa nacional\"},\"image\":{\"@id\":\"https:\\\/\\\/www.eldiario.net\\\/portal\\\/#\\\/schema\\\/logo\\\/image\\\/\"},\"sameAs\":[\"https:\\\/\\\/www.facebook.com\\\/eldiario.bolivia\\\/\",\"https:\\\/\\\/x.com\\\/eldiario_net\"]},{\"@type\":\"Person\",\"@id\":\"https:\\\/\\\/www.eldiario.net\\\/portal\\\/#\\\/schema\\\/person\\\/f46445640444750d7d753ccd04ae01b7\",\"name\":\"Jeanette\",\"image\":{\"@type\":\"ImageObject\",\"inLanguage\":\"es\",\"@id\":\"https:\\\/\\\/secure.gravatar.com\\\/avatar\\\/3ea2118a5f7dad2b7138b1187a6b7ee55f160b9968b66013c3a3ef39dd7e5798?s=96&d=mm&r=g\",\"url\":\"https:\\\/\\\/secure.gravatar.com\\\/avatar\\\/3ea2118a5f7dad2b7138b1187a6b7ee55f160b9968b66013c3a3ef39dd7e5798?s=96&d=mm&r=g\",\"contentUrl\":\"https:\\\/\\\/secure.gravatar.com\\\/avatar\\\/3ea2118a5f7dad2b7138b1187a6b7ee55f160b9968b66013c3a3ef39dd7e5798?s=96&d=mm&r=g\",\"caption\":\"Jeanette\"},\"sameAs\":[\"https:\\\/\\\/www.eldiario.net\\\/portal\"],\"url\":\"https:\\\/\\\/www.eldiario.net\\\/portal\\\/author\\\/jeanette\\\/\"}]}<\/script>\n<!-- \/ Yoast SEO plugin. -->","yoast_head_json":{"title":"Mitad de contagios es por no utilizar barbijos - El Diario - Bolivia","robots":{"index":"index","follow":"follow","max-snippet":"max-snippet:-1","max-image-preview":"max-image-preview:large","max-video-preview":"max-video-preview:-1"},"canonical":"https:\/\/www.eldiario.net\/portal\/2021\/05\/17\/mitad-de-contagios-es-por-no-utilizar-barbijos\/","og_locale":"es_ES","og_type":"article","og_title":"Mitad de contagios es por no utilizar barbijos - El Diario - Bolivia","og_description":"El 50 % de los contagios de covid-19 en la ciudad de El Alto, se debe a la falta del uso del barbijo y otros por el incumplimiento de las normas de bioseguridad, en su mayor\u00eda en ferias, mercados y otros centros de masiva concurrencia, como el transporte. Debido a que en los \u00faltimos d\u00edas [&hellip;]","og_url":"https:\/\/www.eldiario.net\/portal\/2021\/05\/17\/mitad-de-contagios-es-por-no-utilizar-barbijos\/","og_site_name":"El Diario - Bolivia","article_publisher":"https:\/\/www.facebook.com\/eldiario.bolivia\/","article_published_time":"2021-05-17T10:37:13+00:00","author":"Jeanette","twitter_card":"summary_large_image","twitter_creator":"@eldiario_net","twitter_site":"@eldiario_net","twitter_misc":{"Escrito por":"Jeanette","Tiempo de lectura":"3 minutos"},"schema":{"@context":"https:\/\/schema.org","@graph":[{"@type":"Article","@id":"https:\/\/www.eldiario.net\/portal\/2021\/05\/17\/mitad-de-contagios-es-por-no-utilizar-barbijos\/#article","isPartOf":{"@id":"https:\/\/www.eldiario.net\/portal\/2021\/05\/17\/mitad-de-contagios-es-por-no-utilizar-barbijos\/"},"author":{"name":"Jeanette","@id":"https:\/\/www.eldiario.net\/portal\/#\/schema\/person\/f46445640444750d7d753ccd04ae01b7"},"headline":"Mitad de contagios es por no utilizar barbijos","datePublished":"2021-05-17T10:37:13+00:00","mainEntityOfPage":{"@id":"https:\/\/www.eldiario.net\/portal\/2021\/05\/17\/mitad-de-contagios-es-por-no-utilizar-barbijos\/"},"wordCount":513,"publisher":{"@id":"https:\/\/www.eldiario.net\/portal\/#organization"},"image":{"@id":"https:\/\/www.eldiario.net\/portal\/2021\/05\/17\/mitad-de-contagios-es-por-no-utilizar-barbijos\/#primaryimage"},"thumbnailUrl":"","articleSection":["Nacional"],"inLanguage":"es"},{"@type":"WebPage","@id":"https:\/\/www.eldiario.net\/portal\/2021\/05\/17\/mitad-de-contagios-es-por-no-utilizar-barbijos\/","url":"https:\/\/www.eldiario.net\/portal\/2021\/05\/17\/mitad-de-contagios-es-por-no-utilizar-barbijos\/","name":"Mitad de contagios es por no utilizar barbijos - El Diario - Bolivia","isPartOf":{"@id":"https:\/\/www.eldiario.net\/portal\/#website"},"primaryImageOfPage":{"@id":"https:\/\/www.eldiario.net\/portal\/2021\/05\/17\/mitad-de-contagios-es-por-no-utilizar-barbijos\/#primaryimage"},"image":{"@id":"https:\/\/www.eldiario.net\/portal\/2021\/05\/17\/mitad-de-contagios-es-por-no-utilizar-barbijos\/#primaryimage"},"thumbnailUrl":"","datePublished":"2021-05-17T10:37:13+00:00","breadcrumb":{"@id":"https:\/\/www.eldiario.net\/portal\/2021\/05\/17\/mitad-de-contagios-es-por-no-utilizar-barbijos\/#breadcrumb"},"inLanguage":"es","potentialAction":[{"@type":"ReadAction","target":["https:\/\/www.eldiario.net\/portal\/2021\/05\/17\/mitad-de-contagios-es-por-no-utilizar-barbijos\/"]}]},{"@type":"ImageObject","inLanguage":"es","@id":"https:\/\/www.eldiario.net\/portal\/2021\/05\/17\/mitad-de-contagios-es-por-no-utilizar-barbijos\/#primaryimage","url":"","contentUrl":""},{"@type":"BreadcrumbList","@id":"https:\/\/www.eldiario.net\/portal\/2021\/05\/17\/mitad-de-contagios-es-por-no-utilizar-barbijos\/#breadcrumb","itemListElement":[{"@type":"ListItem","position":1,"name":"Portada","item":"https:\/\/www.eldiario.net\/portal\/"},{"@type":"ListItem","position":2,"name":"Mitad de contagios es por no utilizar barbijos"}]},{"@type":"WebSite","@id":"https:\/\/www.eldiario.net\/portal\/#website","url":"https:\/\/www.eldiario.net\/portal\/","name":"El Diario - Decano de la prensa nacional","description":"El Diario - Decano de la prensa nacional","publisher":{"@id":"https:\/\/www.eldiario.net\/portal\/#organization"},"potentialAction":[{"@type":"SearchAction","target":{"@type":"EntryPoint","urlTemplate":"https:\/\/www.eldiario.net\/portal\/?s={search_term_string}"},"query-input":{"@type":"PropertyValueSpecification","valueRequired":true,"valueName":"search_term_string"}}],"inLanguage":"es"},{"@type":"Organization","@id":"https:\/\/www.eldiario.net\/portal\/#organization","name":"El Diario - Decano de la prensa nacional","url":"https:\/\/www.eldiario.net\/portal\/","logo":{"@type":"ImageObject","inLanguage":"es","@id":"https:\/\/www.eldiario.net\/portal\/#\/schema\/logo\/image\/","url":"https:\/\/www.eldiario.net\/portal\/wp-content\/uploads\/2023\/07\/logo_ED.jpg","contentUrl":"https:\/\/www.eldiario.net\/portal\/wp-content\/uploads\/2023\/07\/logo_ED.jpg","width":272,"height":52,"caption":"El Diario - Decano de la prensa nacional"},"image":{"@id":"https:\/\/www.eldiario.net\/portal\/#\/schema\/logo\/image\/"},"sameAs":["https:\/\/www.facebook.com\/eldiario.bolivia\/","https:\/\/x.com\/eldiario_net"]},{"@type":"Person","@id":"https:\/\/www.eldiario.net\/portal\/#\/schema\/person\/f46445640444750d7d753ccd04ae01b7","name":"Jeanette","image":{"@type":"ImageObject","inLanguage":"es","@id":"https:\/\/secure.gravatar.com\/avatar\/3ea2118a5f7dad2b7138b1187a6b7ee55f160b9968b66013c3a3ef39dd7e5798?s=96&d=mm&r=g","url":"https:\/\/secure.gravatar.com\/avatar\/3ea2118a5f7dad2b7138b1187a6b7ee55f160b9968b66013c3a3ef39dd7e5798?s=96&d=mm&r=g","contentUrl":"https:\/\/secure.gravatar.com\/avatar\/3ea2118a5f7dad2b7138b1187a6b7ee55f160b9968b66013c3a3ef39dd7e5798?s=96&d=mm&r=g","caption":"Jeanette"},"sameAs":["https:\/\/www.eldiario.net\/portal"],"url":"https:\/\/www.eldiario.net\/portal\/author\/jeanette\/"}]}},"_links":{"self":[{"href":"https:\/\/www.eldiario.net\/portal\/wp-json\/wp\/v2\/posts\/4513","targetHints":{"allow":["GET"]}}],"collection":[{"href":"https:\/\/www.eldiario.net\/portal\/wp-json\/wp\/v2\/posts"}],"about":[{"href":"https:\/\/www.eldiario.net\/portal\/wp-json\/wp\/v2\/types\/post"}],"author":[{"embeddable":true,"href":"https:\/\/www.eldiario.net\/portal\/wp-json\/wp\/v2\/users\/1"}],"replies":[{"embeddable":true,"href":"https:\/\/www.eldiario.net\/portal\/wp-json\/wp\/v2\/comments?post=4513"}],"version-history":[{"count":0,"href":"https:\/\/www.eldiario.net\/portal\/wp-json\/wp\/v2\/posts\/4513\/revisions"}],"wp:attachment":[{"href":"https:\/\/www.eldiario.net\/portal\/wp-json\/wp\/v2\/media?parent=4513"}],"wp:term":[{"taxonomy":"category","embeddable":true,"href":"https:\/\/www.eldiario.net\/portal\/wp-json\/wp\/v2\/categories?post=4513"},{"taxonomy":"post_tag","embeddable":true,"href":"https:\/\/www.eldiario.net\/portal\/wp-json\/wp\/v2\/tags?post=4513"}],"curies":[{"name":"wp","href":"https:\/\/api.w.org\/{rel}","templated":true}]}}